{"id":20743,"date":"2021-03-03T16:17:27","date_gmt":"2021-03-03T16:17:27","guid":{"rendered":"https:\/\/www.mes-allocs.fr\/guides\/?p=20743"},"modified":"2026-03-06T16:19:46","modified_gmt":"2026-03-06T15:19:46","slug":"formation-aide-soignante","status":"publish","type":"post","link":"https:\/\/www.mes-allocs.fr\/guides\/reconversion-professionnelle\/formation-metiers\/formation-aide-soignante\/","title":{"rendered":"La formation aide soignant(e) : \u00e9tudes, salaire, \u00e9volution"},"content":{"rendered":"<p><a href=\"https:\/\/www.mes-allocs.fr\/guides\/wp-content\/uploads\/2021\/03\/doctor-1149149_1280.jpg\"><img loading=\"lazy\" decoding=\"async\" class=\"aligncenter wp-image-20751 size-full\" title=\"formation aide soignante\" src=\"https:\/\/www.mes-allocs.fr\/guides\/wp-content\/uploads\/2021\/03\/doctor-1149149_1280-e1614613869728.jpg\" alt=\"formation aide soignante\" width=\"1280\" height=\"473\" \/><\/a><\/p>\n<p style=\"text-align: justify;\">[Mis \u00e0 jour le 06\/03\/2026] Un(e) aide soignant(e) assiste un infirmier dans l&rsquo;activit\u00e9 des soins quotidiens des malades. Sous sa responsabilit\u00e9, l&rsquo;aide soignant(e) assure des soins d&rsquo;hygi\u00e8ne et de confort. Mes Allocs vous explique en d\u00e9tail quelles sont les <strong>formations d&rsquo;aide soignant(e)<\/strong> possibles pour votre <a href=\"https:\/\/www.mes-allocs.fr\/guides\/reconversion-professionnelle\/\">reconversion professionnelle<\/a>.<\/p>\n<div class='cta-block'><div class='text'>Coaching \u00e0 distance pay\u00e9 par vos aides formation.<\/div><a href='https:\/\/www.formademia.fr\/formulaire\/coaching' class='app-button fit'>V\u00e9rifier votre \u00e9ligibilit\u00e9<\/a><\/div>\n<h1>\u00c9tudes et formations d&rsquo;aide soignant<\/h1>\n<p>Pour exercer en tant qu&rsquo;aide soignant(e), vous devez obligatoirement \u00eatre titulaire du dipl\u00f4me d&rsquo;\u00c9tat d\u2019aide-soignant (DEAS). La dur\u00e9e de formation est de 1 an, vous devrez \u00e9galement r\u00e9ussir le concours d&rsquo;entr\u00e9e compos\u00e9 d&rsquo; \u00e9preuves \u00e9crites. L&rsquo;acc\u00e8s est sur dossier et entretien.<\/p>\n<p>Des semaines de stages peuvent \u00eatre r\u00e9alis\u00e9es en d\u00e9but ou en fin de formation afin de d&rsquo;apprendre les activit\u00e9s de la vie quotidienne du m\u00e9tier d&rsquo;aide soignant(e) mais \u00e9galement les responsabilit\u00e9s de l&rsquo;infirmier.<\/p>\n<p>Des dispenses de modules de formation sont accord\u00e9es aux titulaires des dipl\u00f4mes suivants : DE d&rsquo; auxiliaire de pu\u00e9riculture, dipl\u00f4me d&rsquo;ambulancier, certificat de capacit\u00e9 d&rsquo;ambulancier, DE d&rsquo;auxiliaire de vie sociale, MC aide \u00e0 domicile, dipl\u00f4me d&rsquo;aide m\u00e9dico-psychologique, titre professionnel d&rsquo;assistant de vie aux familles.<\/p>\n<h2>Enseignement th\u00e9orique de la formation<\/h2>\n<p>L&rsquo;ensemble de la partie th\u00e9orique se fait sur 17 semaines et correspond \u00e0 595 heures d&rsquo;enseignement<\/p>\n<ul>\n<li>Module 1 : Accompagnement d&rsquo;une personne dans les activit\u00e9s de la vie quotidienne (4 semaines)<\/li>\n<li>Module 2 : L&rsquo;\u00e9tat clinique d&rsquo;une personne (2 semaines)<\/li>\n<li>Module 3 : Les soins (5 semaines)<\/li>\n<li>Module 4 : Ergonomie (4 semaines)<\/li>\n<li>Module 5 : Relation \u2013 Communication (2 semaines)<\/li>\n<li>Module 6 : Hygi\u00e8ne des locaux hospitaliers (1 semaine)<\/li>\n<li>Module 7 : Transmission des informations (1 semaine)<\/li>\n<li>Module 8 : Organisation du travail (1 semaine)<\/li>\n<\/ul>\n<p><strong>Notez que chaque unit\u00e9 de comp\u00e9tences est valid\u00e9e de mani\u00e8re sp\u00e9cifique.\u00a0<\/strong><\/p>\n<h2>Stages \u00e0 r\u00e9aliser<\/h2>\n<p>Ils sont au nombre de 6 (24 semaines soit 840 heures).\u00a0Les stages sont r\u00e9alis\u00e9s en milieu professionnel, que ce soit dans le secteur sanitaire, social ou m\u00e9dico-social, en \u00e9tablissement ou \u00e0 domicile<\/p>\n<p><iframe loading=\"lazy\" title=\"La reconversion professionnelle\" width=\"500\" height=\"281\" src=\"https:\/\/www.youtube.com\/embed\/EiVUthswxl0?feature=oembed\" frameborder=\"0\" allow=\"accelerometer; autoplay; clipboard-write; encrypted-media; gyroscope; picture-in-picture; web-share\" referrerpolicy=\"strict-origin-when-cross-origin\" allowfullscreen><\/iframe><\/p>\n<h1>Qu&rsquo;est-ce qu&rsquo;un(e) aide soignant(e) ?<\/h1>\n<p>Un(e) aide soignant(e) assure des soins de pr\u00e9vention, mais \u00e9galement d&rsquo;\u00e9ducation \u00e0 la sant\u00e9.<\/p>\n<p>Parmi les missions, vous devrez surveiller vos patients, les aider \u00e0 s&rsquo;habiller, se laver, et marcher. La propret\u00e9 de l&rsquo;environnement du malade est \u00e9galement de votre responsabilit\u00e9.<\/p>\n<p>Vous devrez avoir une bonne condition physique, car vous serez amen\u00e9 \u00e0 effectuer des gardes la nuit, \u00e0 travailler le week-end et parfois les jours f\u00e9ri\u00e9s.<\/p>\n<h1>Salaire d&rsquo;un(e) aide soignant(e)<\/h1>\n<p>Le salaire d&rsquo;un(e) aide soignant(e) varie selon les ann\u00e9es d&rsquo;exp\u00e9rience et le lieu d&rsquo;activit\u00e9, secteur priv\u00e9 ou public. Mais en moyenne le salaire avoisine le SMIC.<\/p>\n<p>Apr\u00e8s 3 ou 5 ans d&rsquo;exercice, vous pourrez passer le concours pour devenir infirmi\u00e8re ou aspirer \u00e0 une autre \u00e9volution de poste dans de meilleures conditions de travail. Vous pouvez \u00e9galement faire le choix de passer des concours de la fonction publique comme pour exercer dans des h\u00f4pitaux des arm\u00e9es ou exercer dans des \u00e9tablissements priv\u00e9s.<\/p>\n<h1>\u00c9volution de carri\u00e8re<\/h1>\n<p>Si vous \u00eates aide soignant(e), vous pouvez suivre une formation continue m\u00e9dico-social pour devenir assistant(e) m\u00e9dical(e). Plusieurs sp\u00e9cialis\u00e9es vous sont propos\u00e9es, Agent de chambre mortuaire, agent de st\u00e9rilisation, h\u00e9modyalise, aspiration endo-trach\u00e9ale, assistant g\u00e9rontologique.<\/p>\n<p>Vous pouvez \u00e9galement vous reconvertir pour devenir assistant(e) dentaire, \u00a0aide m\u00e9dico-psychologique, moniteur-\u00e9ducateur, laborantin d\u2019analyses m\u00e9dicales..<\/p>\n<p>\u00c0 noter : si vous exercez depuis au moins 3 ans en tant qu&rsquo;aide soignant(e) vous pouvez vous inscrire \u00e0 un IFSI (institut de formation en soins infirmiers) et commencer la pr\u00e9paration au concours.<\/p>\n<p>D\u00e9couvrez les <a href=\"https:\/\/www.mes-allocs.fr\/guides\/reconversion-professionnelle\/formation-metiers\/formation-infirmiere\/\">formations pour devenir infirmier<\/a> !<\/p>\n<h1>Validation des acquis de l&rsquo;exp\u00e9rience (VAE)<\/h1>\n<p>Pour acc\u00e9der au dipl\u00f4me professionnel d&rsquo;aide-soignant par la validation des acquis de l&rsquo;exp\u00e9rience, vous devez justifier des comp\u00e9tences professionnelles acquises dans l&rsquo;exercice d&rsquo;une activit\u00e9 salari\u00e9e, non salari\u00e9e ou b\u00e9n\u00e9vole, en rapport direct avec le contenu de ce dipl\u00f4me c&rsquo;est \u00e0 dire, avoir r\u00e9alis\u00e9 des soins d&rsquo;hygi\u00e8ne et de confort, en \u00e9tablissement, en maison de retraite ou au domicile d&rsquo;une personne.<\/p>\n<h1>Financez votre formation d&rsquo;aide-soignant(e)<\/h1>\n<p>Un certain nombre d&rsquo;aides sont disponibles pour vous aider dans votre projet de reconversion professionnelle, que vous soyez demandeur d&rsquo; emploi ou bien salari\u00e9, on vous explique.<\/p>\n<h2>IFAS \u00e9ducation nationale<\/h2>\n<p>Les \u00e9tudiants qui effectuent leur formation dans un IFAS d\u00e9pendent de l&rsquo;\u00c9ducation Nationale. Autrement dit ils peuvent b\u00e9n\u00e9ficier d&rsquo;une bourse \u00e9tudiant selon les revenus de leurs parents.<\/p>\n<h2>Bourses du secteur sanitaire et social du Conseil R\u00e9gional<\/h2>\n<p>Vous pouvez b\u00e9n\u00e9ficier d&rsquo;une aide du Conseil R\u00e9gional de votre r\u00e9gion. Ce dernier fixe lui m\u00eame le montant des bourses et les conditions pour en b\u00e9n\u00e9ficier. Tous les \u00e9l\u00e8ves ne peuvent avoir syst\u00e9matiquement une bourse du conseil R\u00e9gional.<\/p>\n<h2><strong>Le Compte Personnel de Formation (CPF)<\/strong><\/h2>\n<p>Tout comme les salari\u00e9s, vous pouvez b\u00e9n\u00e9ficier du compte personnel de formation CPF. Cela pour vous aider dans votre reconversion, mais \u00e9galement pour votre entr\u00e9e sur le march\u00e9 du travail.<\/p>\n<p>S\u00e9lectionnez un centre agr\u00e9\u00e9 pour faire votre bilan dans une zone g\u00e9ographique proche de votre domicile et de votre lieu de travail actuel.<\/p>\n<h2>Le Projet de transition professionnelle (PTP)<\/h2>\n<p data-start=\"0\" data-end=\"173\">Le projet de transition professionnelle (PTP) permet \u00e0 un salari\u00e9 de quitter temporairement son poste pour suivre une formation afin de changer de m\u00e9tier ou de profession.<\/p>\n<p data-start=\"175\" data-end=\"327\">Il est accessible sous certaines conditions et n\u00e9cessite une demande aupr\u00e8s de l\u2019employeur. Pendant la formation, le salari\u00e9 continue d\u2019\u00eatre r\u00e9mun\u00e9r\u00e9.<\/p>\n<h2><strong>L\u2019Aide Individuelle \u00e0 la Formation (AIF)<\/strong><\/h2>\n<p>Vous pouvez b\u00e9n\u00e9ficier de l&rsquo;aide individuelle \u00e0 la formation (AIF), si vous \u00eates demandeur d&#8217;emploi. Notez que les formations \u00e0 suivre doivent \u00eatre valid\u00e9es par France Travail. Si vous ne touchez pas de l\u2019allocation de retour \u00e0 l\u2019emploi (ARE).<\/p>\n<p>Vous pouvez pr\u00e9tendre \u00e0 une r\u00e9mun\u00e9ration de formation de France Travail (RFFT). Celle-ci peut atteindre <strong>769,49<\/strong> \u20ac par mois. Si vous b\u00e9n\u00e9ficiez de cette prise en charge, vous conservez cette indemnit\u00e9 pendant toute la dur\u00e9e de la formation.<\/p>\n<p>Vous pouvez \u00e9galement b\u00e9n\u00e9ficier d&rsquo;une aide \u00e0 l&#8217;emploi de l&rsquo;AFPA pour une reconversion r\u00e9ussite !<\/p>\n<div class='cta-block'><div class='text'>Coaching \u00e0 distance pay\u00e9 par vos aides formation.<\/div><a href='https:\/\/www.formademia.fr\/formulaire\/coaching' class='app-button fit'>V\u00e9rifier votre \u00e9ligibilit\u00e9<\/a><\/div>\n","protected":false},"excerpt":{"rendered":"<p>[Mis \u00e0 jour le 06\/03\/2026] Un(e) aide soignant(e) assiste un infirmier dans l&rsquo;activit\u00e9 des soins quotidiens des malades. Sous sa responsabilit\u00e9, l&rsquo;aide soignant(e) assure des soins d&rsquo;hygi\u00e8ne et de confort. Mes Allocs vous explique en d\u00e9tail quelles sont les formations d&rsquo;aide soignant(e) possibles pour votre reconversion professionnelle. \u00c9tudes et formations d&rsquo;aide soignant Pour exercer en [&hellip;]<\/p>\n","protected":false},"author":9,"featured_media":20751,"comment_status":"open","ping_status":"open","sticky":false,"template":"","format":"standard","meta":{"amp_status":"","footnotes":""},"categories":[5979,5081],"tags":[],"class_list":["post-20743","post","type-post","status-publish","format-standard","has-post-thumbnail","hentry","category-formation-metiers","category-reconversion-professionnelle"],"yoast_head":"<!-- This site is optimized with the Yoast SEO plugin v14.9 - https:\/\/yoast.com\/wordpress\/plugins\/seo\/ -->\n<title>La formation aide soignant(e) : \u00e9tudes, salaire, \u00e9volution | Mes-Allocs.fr<\/title>\n<meta name=\"description\" content=\"Une aide soignante aide et assiste un infirmer dans des actes m\u00e9dicaux. Mes Allocs vous explique quelle formation suivre !\" \/>\n<meta name=\"robots\" content=\"index, follow, max-snippet:-1, max-image-preview:large, max-video-preview:-1\" \/>\n<link rel=\"canonical\" href=\"https:\/\/www.mes-allocs.fr\/guides\/reconversion-professionnelle\/formation-metiers\/formation-aide-soignante\/\" \/>\n<meta property=\"og:locale\" content=\"fr_FR\" \/>\n<meta property=\"og:type\" content=\"article\" \/>\n<meta property=\"og:title\" content=\"La formation aide soignant(e) : \u00e9tudes, salaire, \u00e9volution | Mes-Allocs.fr\" \/>\n<meta property=\"og:description\" content=\"Une aide soignante aide et assiste un infirmer dans des actes m\u00e9dicaux. Mes Allocs vous explique quelle formation suivre !\" \/>\n<meta property=\"og:url\" content=\"https:\/\/www.mes-allocs.fr\/guides\/reconversion-professionnelle\/formation-metiers\/formation-aide-soignante\/\" \/>\n<meta property=\"og:site_name\" content=\"Mes-Allocs.fr\" \/>\n<meta property=\"article:published_time\" content=\"2021-03-03T16:17:27+00:00\" \/>\n<meta property=\"article:modified_time\" content=\"2026-03-06T15:19:46+00:00\" \/>\n<meta property=\"og:image\" content=\"https:\/\/www.mes-allocs.fr\/guides\/wp-content\/uploads\/2021\/03\/doctor-1149149_1280.jpg?wsr\" \/>\n\t<meta property=\"og:image:width\" content=\"1280\" \/>\n\t<meta property=\"og:image:height\" content=\"853\" \/>\n<meta name=\"twitter:card\" content=\"summary_large_image\" \/>\n<script type=\"application\/ld+json\" class=\"yoast-schema-graph\">{\"@context\":\"https:\/\/schema.org\",\"@graph\":[{\"@type\":\"WebSite\",\"@id\":\"https:\/\/www.mes-allocs.fr\/guides\/#website\",\"url\":\"https:\/\/www.mes-allocs.fr\/guides\/\",\"name\":\"Mes-Allocs.fr\",\"description\":\"\",\"potentialAction\":[{\"@type\":\"SearchAction\",\"target\":\"https:\/\/www.mes-allocs.fr\/guides\/?s={search_term_string}\",\"query-input\":\"required name=search_term_string\"}],\"inLanguage\":\"fr-FR\"},{\"@type\":\"ImageObject\",\"@id\":\"https:\/\/www.mes-allocs.fr\/guides\/reconversion-professionnelle\/formation-metiers\/formation-aide-soignante\/#primaryimage\",\"inLanguage\":\"fr-FR\",\"url\":\"https:\/\/www.mes-allocs.fr\/guides\/wp-content\/uploads\/2021\/03\/doctor-1149149_1280.jpg?wsr\",\"width\":1280,\"height\":853,\"caption\":\"formation aide soignante\"},{\"@type\":\"WebPage\",\"@id\":\"https:\/\/www.mes-allocs.fr\/guides\/reconversion-professionnelle\/formation-metiers\/formation-aide-soignante\/#webpage\",\"url\":\"https:\/\/www.mes-allocs.fr\/guides\/reconversion-professionnelle\/formation-metiers\/formation-aide-soignante\/\",\"name\":\"La formation aide soignant(e) : \\u00e9tudes, salaire, \\u00e9volution | Mes-Allocs.fr\",\"isPartOf\":{\"@id\":\"https:\/\/www.mes-allocs.fr\/guides\/#website\"},\"primaryImageOfPage\":{\"@id\":\"https:\/\/www.mes-allocs.fr\/guides\/reconversion-professionnelle\/formation-metiers\/formation-aide-soignante\/#primaryimage\"},\"datePublished\":\"2021-03-03T16:17:27+00:00\",\"dateModified\":\"2026-03-06T15:19:46+00:00\",\"author\":{\"@id\":\"https:\/\/www.mes-allocs.fr\/guides\/#\/schema\/person\/e4e762c89158b34a332446d26f02fd56\"},\"description\":\"Une aide soignante aide et assiste un infirmer dans des actes m\\u00e9dicaux. Mes Allocs vous explique quelle formation suivre !\",\"inLanguage\":\"fr-FR\"},{\"@type\":\"Person\",\"@id\":\"https:\/\/www.mes-allocs.fr\/guides\/#\/schema\/person\/e4e762c89158b34a332446d26f02fd56\",\"name\":\"Marylou\",\"image\":{\"@type\":\"ImageObject\",\"@id\":\"https:\/\/www.mes-allocs.fr\/guides\/#personlogo\",\"inLanguage\":\"fr-FR\",\"url\":\"https:\/\/www.mes-allocs.fr\/guides\/wp-content\/uploads\/2021\/06\/marylou-150x150.png\",\"caption\":\"Marylou\"},\"description\":\"Marylou est r\\u00e9dactrice au sein de l'\\u00e9quipe Mes Allocs, sp\\u00e9cialiste des sujets de soci\\u00e9t\\u00e9 en g\\u00e9n\\u00e9ral. Dipl\\u00f4m\\u00e9e de l'Institut Sup\\u00e9rieur de Formation au Journalisme, elle rejoint Mes Allocs apr\\u00e8s cr\\u00e9\\u00e9 son premier blog personnel.\",\"sameAs\":[\"https:\/\/www.linkedin.com\/in\/marylou-pr\\u00e9vost\"]}]}<\/script>\n<!-- \/ Yoast SEO plugin. -->","amp_validity":null,"acf":{"faq":{"1":{"question":"Quel est le niveau d'\u00e9tude n\u00e9cessaire pour \u00eatre aide soignante ? ","answer":"Pour devenir aide-soignant, il est imp\u00e9ratif d'\u00eatre titulaire du dipl\u00f4me d'\u00c9tat d'aide-soignant (DEAS) de niveau V. "},"2":{"question":"Qu'est-ce que le CPF ? ","answer":"Le compte personnel de formation est un dispositif de financement public de formation continue"},"3":{"question":"Qu'est-ce que le CNAM ? ","answer":"Le Cnam est aujourd'hui l'un des premiers op\u00e9rateurs de formation professionnel d'adultes en France et en Europe. Il est le plus grand centre d'enseignement sup\u00e9rieur en France"},"4":{"question":"\u00c0 quel moment faire un bilan de comp\u00e9tences ? ","answer":"Le bilan de comp\u00e9tences se fait \u00e0 votre initiative lorsque vous ressentez le besoin de faire un point dans votre carri\u00e8re."},"5":{"question":"Comment sont cumul\u00e9es les heures CPF ? ","answer":"Le compte personnel de formation est aliment\u00e9 en heures \u00e0 la fin de chaque ann\u00e9e. "},"6":{"question":"Comment France Travail compl\u00e8te le salaire ?","answer":"Chaque mois, France Travail calcule les allocations \u00e0 verser en fonction du revenu procur\u00e9 par votre nouvelle activit\u00e9. ... 70 % de votre revenu mensuel brut est d\u00e9duit du montant de votre allocation mensuelle (pour un mois complet sans activit\u00e9)."},"7":{"question":"","answer":""},"8":{"question":"","answer":""},"9":{"question":"","answer":""},"10":{"question":"","answer":""},"11":{"question":"","answer":""},"12":{"question":"","answer":""},"13":{"question":"","answer":""},"14":{"question":"","answer":""},"15":{"question":"","answer":""},"16":{"question":"","answer":""}}},"_links":{"self":[{"href":"https:\/\/www.mes-allocs.fr\/guides\/wp-json\/wp\/v2\/posts\/20743","targetHints":{"allow":["GET"]}}],"collection":[{"href":"https:\/\/www.mes-allocs.fr\/guides\/wp-json\/wp\/v2\/posts"}],"about":[{"href":"https:\/\/www.mes-allocs.fr\/guides\/wp-json\/wp\/v2\/types\/post"}],"author":[{"embeddable":true,"href":"https:\/\/www.mes-allocs.fr\/guides\/wp-json\/wp\/v2\/users\/9"}],"replies":[{"embeddable":true,"href":"https:\/\/www.mes-allocs.fr\/guides\/wp-json\/wp\/v2\/comments?post=20743"}],"version-history":[{"count":17,"href":"https:\/\/www.mes-allocs.fr\/guides\/wp-json\/wp\/v2\/posts\/20743\/revisions"}],"predecessor-version":[{"id":110277,"href":"https:\/\/www.mes-allocs.fr\/guides\/wp-json\/wp\/v2\/posts\/20743\/revisions\/110277"}],"wp:featuredmedia":[{"embeddable":true,"href":"https:\/\/www.mes-allocs.fr\/guides\/wp-json\/wp\/v2\/media\/20751"}],"wp:attachment":[{"href":"https:\/\/www.mes-allocs.fr\/guides\/wp-json\/wp\/v2\/media?parent=20743"}],"wp:term":[{"taxonomy":"category","embeddable":true,"href":"https:\/\/www.mes-allocs.fr\/guides\/wp-json\/wp\/v2\/categories?post=20743"},{"taxonomy":"post_tag","embeddable":true,"href":"https:\/\/www.mes-allocs.fr\/guides\/wp-json\/wp\/v2\/tags?post=20743"}],"curies":[{"name":"wp","href":"https:\/\/api.w.org\/{rel}","templated":true}]}}