{"id":20622,"date":"2021-03-08T10:14:12","date_gmt":"2021-03-08T10:14:12","guid":{"rendered":"https:\/\/www.mes-allocs.fr\/guides\/?p=20622"},"modified":"2026-03-04T15:47:17","modified_gmt":"2026-03-04T14:47:17","slug":"conseiller-en-reconversion-professionnelle","status":"publish","type":"post","link":"https:\/\/www.mes-allocs.fr\/guides\/reconversion-professionnelle\/reussir-sa-reconversion-professionnelle\/conseiller-en-reconversion-professionnelle\/","title":{"rendered":"Pourquoi faire appel \u00e0 un conseiller en reconversion professionnelle ?"},"content":{"rendered":"<p><a href=\"https:\/\/www.mes-allocs.fr\/guides\/wp-content\/uploads\/2021\/02\/pexels-alex-green-5699475-1.jpg\"><img loading=\"lazy\" decoding=\"async\" class=\"alignnone wp-image-20625 size-full\" title=\"conseiller en reconversion professionnelle\" src=\"https:\/\/www.mes-allocs.fr\/guides\/wp-content\/uploads\/2021\/02\/pexels-alex-green-5699475-1-e1614372222762.jpg\" alt=\"conseiller en reconversion professionnelle\" width=\"1280\" height=\"339\" srcset=\"https:\/\/www.mes-allocs.fr\/guides\/wp-content\/uploads\/2021\/02\/pexels-alex-green-5699475-1-e1614372222762.jpg 1280w, https:\/\/www.mes-allocs.fr\/guides\/wp-content\/uploads\/2021\/02\/pexels-alex-green-5699475-1-e1614372222762-300x79.jpg 300w, https:\/\/www.mes-allocs.fr\/guides\/wp-content\/uploads\/2021\/02\/pexels-alex-green-5699475-1-e1614372222762-1024x271.jpg 1024w, https:\/\/www.mes-allocs.fr\/guides\/wp-content\/uploads\/2021\/02\/pexels-alex-green-5699475-1-e1614372222762-768x203.jpg 768w, https:\/\/www.mes-allocs.fr\/guides\/wp-content\/uploads\/2021\/02\/pexels-alex-green-5699475-1-e1614372222762-600x159.jpg 600w\" sizes=\"auto, (max-width: 1280px) 100vw, 1280px\" \/><\/a><\/p>\n<p style=\"text-align: justify;\">[Mis \u00e0 jour le 04\/03\/2026] Vous d\u00e9sirez vous lancer dans une <a href=\"https:\/\/www.mes-allocs.fr\/guides\/reconversion-professionnelle\/\">reconversion professionnelle<\/a> ? Vous d\u00e9sirez reprendre des \u00e9tudes ou encore \u00eatre auto-entrepreneur ? D\u00e9couvrez ce que peut vous apporter un <strong>conseiller en reconversion professionnelle<\/strong> !<\/p>\n<div class='cta-block'><div class='text'>Besoin d\u2019aide dans votre reconversion ?<\/div><a href='https:\/\/www.formademia.fr\/formulaire\/coaching' class='app-button fit'>Simuler mon \u00e9ligibilit\u00e9 au coaching<\/a><\/div>\n<h1><span id=\"Demissionner_et_avoir_droit_au_chomage\">Comment faire une reconversion professionnelle ?<\/span><\/h1>\n<h2>La reconversion pendant votre temps de travail<\/h2>\n<p style=\"text-align: justify;\">Avant de vous r\u00e9orienter professionnellement, il convient de faire le <strong>bilan de vos comp\u00e9tences<\/strong>\u00a0et de d\u00e9finir avec soin votre projet de reconversion professionnelle. Dans de domaine, l\u2019accompagnement personnalis\u00e9 propos\u00e9 par\u00a0l\u2019AFPA\u00a0peut \u00eatre d\u2019une grande utilit\u00e9.<\/p>\n<p style=\"text-align: justify;\">Vous avez \u00e9galement acc\u00e8s au conseil en \u00e9volution professionnelle, qui, gr\u00e2ce \u00e0 un suivi personnalis\u00e9, vous aide \u00e0 faire le point sur votre carri\u00e8re et \u00e0 \u00e9tudier le march\u00e9 du travail.<\/p>\n<h2>La reconversion si vous \u00eates au ch\u00f4mage<\/h2>\n<p style=\"text-align: justify;\">Un salari\u00e9 d\u00e9missionnaire peut percevoir une indemnisation au titre de l\u2019ARE en cas de <a href=\"https:\/\/www.mes-allocs.fr\/guides\/reconversion-professionnelle\/reussir-sa-reconversion-professionnelle\/demission-reconversion-professionnelle\/\">d\u00e9mission<\/a> consid\u00e9r\u00e9e comme l\u00e9gitime par l&rsquo;assurance ch\u00f4mage.<\/p>\n<p>Un demandeur d&rsquo; emploi peut donc faire une reconversion professionnelle.<\/p>\n<p><iframe loading=\"lazy\" title=\"La reconversion professionnelle\" width=\"500\" height=\"281\" src=\"https:\/\/www.youtube.com\/embed\/EiVUthswxl0?feature=oembed\" frameborder=\"0\" allow=\"accelerometer; autoplay; clipboard-write; encrypted-media; gyroscope; picture-in-picture; web-share\" referrerpolicy=\"strict-origin-when-cross-origin\" allowfullscreen><\/iframe><\/p>\n<h1><span id=\"Quelles_demarches_faut-il_faire\">Quelles d\u00e9marches faut-il faire aupr\u00e8s de la CPIR ?<\/span><\/h1>\n<p style=\"text-align: justify;\">Apr\u00e8s la mise en \u0153uvre de votre projet, il vous faut consulter la Commission paritaire interprofessionnelle r\u00e9gionale (CPIR). Elle jugera du caract\u00e8re \u201cr\u00e9el et s\u00e9rieux\u201d de votre projet. Puis, vous aurez 6 mois, \u00e0 compter de la notification de la d\u00e9cision de la CPIR pour vous inscrire \u00e0 France Travail et faire une demande pour l\u2019ARE si votre projet est accept\u00e9.<\/p>\n<h1 data-test=\"titre-page\">Le Conseil en \u00e9volution professionnelle (CEP)<\/h1>\n<h2>Qu&rsquo;est-ce que le Conseil en \u00e9volution professionnelle (CEP) ?<\/h2>\n<p style=\"text-align: justify;\">Le conseil en \u00e9volution professionnelle (CEP) est un dispositif d&rsquo;accompagnement gratuit et personnalis\u00e9 propos\u00e9 \u00e0 toute personne souhaitant faire le point sur sa situation professionnelle. Il permet de mettre au point un projet d&rsquo;\u00e9volution professionnelle et peut consister en une reconversion, reprise ou cr\u00e9ation d&rsquo;activit\u00e9\u2026 Il est effectu\u00e9 par un conseiller en reconversion professionnelle.<\/p>\n<p style=\"text-align: justify;\">Le CEP offre les prestations suivantes :<\/p>\n<ul>\n<li style=\"text-align: justify;\">Un entretien individuel pour analyser sa situation professionnelle ;<\/li>\n<li>Conseil visant \u00e0 d\u00e9finir son projet professionnel ;<\/li>\n<li>Un accompagnement dans la pise au point de ce projet.<\/li>\n<\/ul>\n<p>\u00c0 la fin de l&rsquo;entretien, un document de synth\u00e8se est donn\u00e9 au b\u00e9n\u00e9ficiaire. Celui-ci r\u00e9capitule son projet d&rsquo;\u00e9volution professionnelle. Ce document pr\u00e9sente la strat\u00e9gie envisag\u00e9e pour sa mise en \u0153uvre (par exemple, une formation \u00e9ligible au compte personnel de formation &#8211; CPF).<\/p>\n<div class='cta-block'><div class='text'> Besoin d&rsquo;aide dans votre reconversion ? <\/div><a href='https:\/\/www.formademia.fr\/coaching' class='app-button fit'>En savoir plus sur notre programme<\/a><\/div>\n<h2>Qui peut b\u00e9n\u00e9ficier d&rsquo;un conseiller en reconversion professionnelle ?<\/h2>\n<p>Le CEP est accessible \u00e0 tout actif :<\/p>\n<ul>\n<li>Salari\u00e9 du secteur priv\u00e9 ;<\/li>\n<li>Agent du secteur public ;<\/li>\n<li>Travailleur ind\u00e9pendant ;<\/li>\n<li>Personne en recherche d&rsquo; emploi ;<\/li>\n<li>Artisan ;<\/li>\n<li>Profession lib\u00e9rale ;<\/li>\n<li>Auto-entrepreneur ;<\/li>\n<li>Jeune sorti du syst\u00e8me scolaire sans qualification ou dipl\u00f4me.<\/li>\n<\/ul>\n<h2>Comment en b\u00e9n\u00e9ficier ?<\/h2>\n<p>Vous pouvez vous adresser aux organismes CEP suivants :<\/p>\n<ul>\n<li>France Travail ;<\/li>\n<li>Association pour l&#8217;emploi des cadres (Apec) ;<\/li>\n<li>Mission locale ;<\/li>\n<li>CAP emploi (pour les personnes en situation de handicap) ;<\/li>\n<li>Op\u00e9rateur r\u00e9gional choisi par France comp\u00e9tences.<\/li>\n<\/ul>\n<p>Un salari\u00e9 peut, de sa propre initiative et sans autorisation de son employeur, b\u00e9n\u00e9ficier d&rsquo;un CEP en prenant rendez-vous avec un conseiller de l&rsquo;Apec s&rsquo;il est cadre. Pour les salari\u00e9s hors agents publics, il faut prendre rendez-vous avec un des op\u00e9rateurs r\u00e9gionaux choisis par France comp\u00e9tences.<\/p>\n<p>Un employeur doit informer ses salari\u00e9s de la possibilit\u00e9 de se faire aider gr\u00e2ce au CEP lors de son entretien professionnel.<\/p>\n<h1>Les \u00e9tapes de votre reconversion professionnel avec un conseiller<\/h1>\n<h2>D\u00e9finissez vos objectifs<\/h2>\n<p>Il est n\u00e9cessaire de faire un bilan personnel : un bilan de vos comp\u00e9tences et de vos centres d&rsquo;int\u00e9r\u00eat.<\/p>\n<p>Pour \u00e9valuer vos besoins en terme de formation, France Travail vous propose :<\/p>\n<ul>\n<li>Une \u00e9valuation des comp\u00e9tences et capacit\u00e9s professionnelles (ECCP) qui permet de mesurer les \u00e9carts entre vos comp\u00e9tences et les besoins des entreprises.<\/li>\n<li>Un atelier \u00ab Pr\u00e9parer son projet de formation \u00bb qui vous accompagne au d\u00e9but de votre r\u00e9flexion sur votre projet de formation.<\/li>\n<\/ul>\n<section class=\"block-article-link color-transverse\">Avant tout, d\u00e9finissez votre objectif,\u00a0 <strong>posez les bonnes questions :<\/strong> quelles sont les contraintes de ma reconversion ? Suis-je pr\u00eat(e) \u00e0 changer de lieu pour suivre ma formation ? Suis-je pr\u00eat(e) \u00e0 faire une formation longue ou courte ? Quels sont les m\u00e9tiers qui recrutent ?<\/section>\n<section class=\"block-article-link color-transverse\"><strong>\u00c9crivez votre CV et votre <a href=\"https:\/\/www.mes-allocs.fr\/guides\/reconversion-professionnelle\/lettre-de-motivation-reconversion-professionnelle\/\">lettre de motivation <\/a><\/strong>de fa\u00e7on \u00e0 montrer votre cheminement personnel et vos comp\u00e9tences. Faire un bilan de comp\u00e9tences peut-\u00eatre un bon moyen d\u2019\u00e9tudier vos comp\u00e9tences professionnelles et personnelles, vos motivations. Pour bien <a href=\"https:\/\/www.mes-allocs.fr\/guides\/reconversion-professionnelle\/reussir-sa-reconversion-professionnelle\/\">r\u00e9ussir votre reconversion professionnelle<\/a>, vous devez vous rapprocher du <b>CPF (Compte personnel de formation) de transition.<\/b> Cette \u00e9tape obligatoire et pr\u00e9alable \u00e0 la d\u00e9mission vous permet de :<\/p>\n<ul>\n<li>b\u00e9n\u00e9ficier d\u2019un appui personnalis\u00e9 pour pr\u00e9parer votre projet ;<\/li>\n<li>\u00e9tudier les dispositifs alternatifs \u00e0 la d\u00e9mission que vous pouvez faire valoir pour mettre en \u0153uvre votre projet ;<\/li>\n<li>\u00e9tablir votre projet.<\/li>\n<\/ul>\n<p>Les conseils en \u00e9volution professionnelle (CEP) sont dispens\u00e9s jusqu\u2019au 31 d\u00e9cembre 2019 par :<\/p>\n<ul>\n<li>l\u2019APEC pour les salari\u00e9s cadres ;<\/li>\n<li>les CAP Emploi pour les personnes en situation de handicap ;<\/li>\n<li>les FONGECIFS pour les salari\u00e9s actifs (ils seront remplac\u00e9s \u00e0 compter de 2020, par les op\u00e9rateurs d\u00e9sign\u00e9s dans chaque r\u00e9gion par France Comp\u00e9tences).<\/li>\n<\/ul>\n<\/section>\n<section><\/section>\n<section><\/section>\n<section class=\"block-article-link color-transverse\">\n<h2>Anticipez<\/h2>\n<p>Votre d\u00e9marche de reconversion vous para\u00eet \u00e9vidente, mais ce n&rsquo;est pas forc\u00e9ment le cas de vos futurs interlocuteurs (recruteurs, banquiers, investisseurs, accompagnateurs et r\u00e9seaux professionnels).<\/p>\n<p>Vous serez amen\u00e9 \u00e0 faire la publicit\u00e9 de cotre projet aupr\u00e8s de recruteurs, banquiers, investisseurs, accompagnateurs et r\u00e9seaux professionnels. Vous devrez vous exprimer \u00e0 votre sujet ainsi que sur votre parcours et votre projet actuel. Pensez \u00e0 pr\u00e9parer des discours qui pourront les convaincre.<\/p>\n<p><strong>\u00c9crivez votre <a href=\"https:\/\/www.mes-allocs.fr\/guides\/reconversion-professionnelle\/reussir-sa-reconversion-professionnelle\/cv-reconversion-professionnelle\/\">CV <\/a><\/strong>de fa\u00e7on \u00e0 montrer votre cheminement personnel et vos comp\u00e9tences.<\/p>\n<p>Vous devez pr\u00e9parer votre entretien oral. N&rsquo;h\u00e9sitez pas \u00e0 parler de ce qui vous a conduit \u00e0 cette d\u00e9marche de reconversion, de vos comp\u00e9tences et de celles requises par le nouveau m\u00e9tier. Vous devez montrer que votre d\u00e9cision est coh\u00e9rente et r\u00e9alisable.<\/p>\n<p>Vous devez prouver que vous \u00eates capable de rentrer dan ce nouvel univers. Ce choix de reconversion doit venir de la passion, de l&rsquo;envie.<\/p>\n<h2>Le financement<\/h2>\n<p>Des solutions existent pour le <a href=\"https:\/\/www.mes-allocs.fr\/guides\/reconversion-professionnelle\/reussir-sa-reconversion-professionnelle\/financement-reconversion-professionnelle\/\">financement de votre reconversion<\/a> et de votre formation. Par exemple, lorsque l&rsquo;on est <strong>salari\u00e9<\/strong>, il est tout \u00e0 fait possible d&rsquo;utiliser son\u00a0compte personnel de formation (CPF).<\/p>\n<p>En ce qui concerne la\u00a0<strong>cr\u00e9ation d&rsquo;entreprise<\/strong>, certaines r\u00e9gions multiplient les aides \u00e0 destination des porteurs de projet. Ce sont des aides financi\u00e8res \u00e0 l&rsquo;implantation et \u00e0 l&#8217;embauche, aide mat\u00e9rielle via des locaux, accompagnement par des professionnels.<\/p>\n<p>Il existe un dispositif global qui mutualise les ressources du Conseil r\u00e9gional, des CCI, des p\u00e9pini\u00e8res d&rsquo;entreprises et qui offre un accompagnement personnalis\u00e9.<\/p>\n<p>Dans tous les cas, expliquez votre situation \u00e0 un\u00a0<strong>conseiller France Travail <\/strong>qui fera le n\u00e9cessaire pour vous orienter vers les bons interlocuteurs.<\/p>\n<\/section>\n<div class='cta-block'><div class='text'> Besoin d&rsquo;aide dans votre reconversion ? <\/div><a href='https:\/\/www.formademia.fr\/coaching' class='app-button fit'>En savoir plus sur notre programme<\/a><\/div>\n","protected":false},"excerpt":{"rendered":"<p>[Mis \u00e0 jour le 04\/03\/2026] Vous d\u00e9sirez vous lancer dans une reconversion professionnelle ? Vous d\u00e9sirez reprendre des \u00e9tudes ou encore \u00eatre auto-entrepreneur ? D\u00e9couvrez ce que peut vous apporter un conseiller en reconversion professionnelle ! Comment faire une reconversion professionnelle ? La reconversion pendant votre temps de travail Avant de vous r\u00e9orienter professionnellement, il [&hellip;]<\/p>\n","protected":false},"author":7,"featured_media":20625,"comment_status":"open","ping_status":"open","sticky":false,"template":"","format":"standard","meta":{"amp_status":"","footnotes":""},"categories":[5081,5380],"tags":[],"class_list":["post-20622","post","type-post","status-publish","format-standard","has-post-thumbnail","hentry","category-reconversion-professionnelle","category-reussir-sa-reconversion-professionnelle"],"yoast_head":"<!-- This site is optimized with the Yoast SEO plugin v14.9 - https:\/\/yoast.com\/wordpress\/plugins\/seo\/ -->\n<title>Pourquoi faire appel \u00e0 un conseiller en reconversion professionnelle ? |<\/title>\n<meta name=\"description\" content=\"On vous dit tout sur la reconversion professionnelle avec l&#039;accompagnement du Conseiller en \u00c9volution Professionnelle (CEP) !\u00a0\" \/>\n<meta name=\"robots\" content=\"index, follow, max-snippet:-1, max-image-preview:large, max-video-preview:-1\" \/>\n<link rel=\"canonical\" href=\"https:\/\/www.mes-allocs.fr\/guides\/reconversion-professionnelle\/reussir-sa-reconversion-professionnelle\/conseiller-en-reconversion-professionnelle\/\" \/>\n<meta property=\"og:locale\" content=\"fr_FR\" \/>\n<meta property=\"og:type\" content=\"article\" \/>\n<meta property=\"og:title\" content=\"Pourquoi faire appel \u00e0 un conseiller en reconversion professionnelle ? |\" \/>\n<meta property=\"og:description\" content=\"On vous dit tout sur la reconversion professionnelle avec l&#039;accompagnement du Conseiller en \u00c9volution Professionnelle (CEP) !\u00a0\" \/>\n<meta property=\"og:url\" content=\"https:\/\/www.mes-allocs.fr\/guides\/reconversion-professionnelle\/reussir-sa-reconversion-professionnelle\/conseiller-en-reconversion-professionnelle\/\" \/>\n<meta property=\"og:site_name\" content=\"Mes-Allocs.fr\" \/>\n<meta property=\"article:published_time\" content=\"2021-03-08T10:14:12+00:00\" \/>\n<meta property=\"article:modified_time\" content=\"2026-03-04T14:47:17+00:00\" \/>\n<meta property=\"og:image\" content=\"https:\/\/www.mes-allocs.fr\/guides\/wp-content\/uploads\/2021\/02\/pexels-alex-green-5699475-1-e1614372222762.jpg?wsr\" \/>\n\t<meta property=\"og:image:width\" content=\"1280\" \/>\n\t<meta property=\"og:image:height\" content=\"339\" \/>\n<meta name=\"twitter:card\" content=\"summary_large_image\" \/>\n<script type=\"application\/ld+json\" class=\"yoast-schema-graph\">{\"@context\":\"https:\/\/schema.org\",\"@graph\":[{\"@type\":\"WebSite\",\"@id\":\"https:\/\/www.mes-allocs.fr\/guides\/#website\",\"url\":\"https:\/\/www.mes-allocs.fr\/guides\/\",\"name\":\"Mes-Allocs.fr\",\"description\":\"\",\"potentialAction\":[{\"@type\":\"SearchAction\",\"target\":\"https:\/\/www.mes-allocs.fr\/guides\/?s={search_term_string}\",\"query-input\":\"required name=search_term_string\"}],\"inLanguage\":\"fr-FR\"},{\"@type\":\"ImageObject\",\"@id\":\"https:\/\/www.mes-allocs.fr\/guides\/reconversion-professionnelle\/reussir-sa-reconversion-professionnelle\/conseiller-en-reconversion-professionnelle\/#primaryimage\",\"inLanguage\":\"fr-FR\",\"url\":\"https:\/\/www.mes-allocs.fr\/guides\/wp-content\/uploads\/2021\/02\/pexels-alex-green-5699475-1-e1614372222762.jpg?wsr\",\"width\":1280,\"height\":339,\"caption\":\"conseiller en reconversion professionnelle\"},{\"@type\":\"WebPage\",\"@id\":\"https:\/\/www.mes-allocs.fr\/guides\/reconversion-professionnelle\/reussir-sa-reconversion-professionnelle\/conseiller-en-reconversion-professionnelle\/#webpage\",\"url\":\"https:\/\/www.mes-allocs.fr\/guides\/reconversion-professionnelle\/reussir-sa-reconversion-professionnelle\/conseiller-en-reconversion-professionnelle\/\",\"name\":\"Pourquoi faire appel \\u00e0 un conseiller en reconversion professionnelle ? |\",\"isPartOf\":{\"@id\":\"https:\/\/www.mes-allocs.fr\/guides\/#website\"},\"primaryImageOfPage\":{\"@id\":\"https:\/\/www.mes-allocs.fr\/guides\/reconversion-professionnelle\/reussir-sa-reconversion-professionnelle\/conseiller-en-reconversion-professionnelle\/#primaryimage\"},\"datePublished\":\"2021-03-08T10:14:12+00:00\",\"dateModified\":\"2026-03-04T14:47:17+00:00\",\"author\":{\"@id\":\"https:\/\/www.mes-allocs.fr\/guides\/#\/schema\/person\/1c4837d5703727cb02ce84583b5a44aa\"},\"description\":\"On vous dit tout sur la reconversion professionnelle avec l'accompagnement du Conseiller en \\u00c9volution Professionnelle (CEP) !\\u00a0\",\"inLanguage\":\"fr-FR\"},{\"@type\":\"Person\",\"@id\":\"https:\/\/www.mes-allocs.fr\/guides\/#\/schema\/person\/1c4837d5703727cb02ce84583b5a44aa\",\"name\":\"Fabiola\",\"image\":{\"@type\":\"ImageObject\",\"@id\":\"https:\/\/www.mes-allocs.fr\/guides\/#personlogo\",\"inLanguage\":\"fr-FR\",\"url\":\"https:\/\/www.mes-allocs.fr\/guides\/wp-content\/uploads\/2021\/06\/fabiola-150x150.png\",\"caption\":\"Fabiola\"},\"description\":\"Fabiola est r\\u00e9dactrice au sein de l'\\u00e9quipe Mes Allocs, sp\\u00e9cialis\\u00e9e en sciences politiques et affaires publiques. Dipl\\u00f4m\\u00e9e de l'HEIP, elle rejoint Mes Allocs apr\\u00e8s une premi\\u00e8re exp\\u00e9rience \\u00e0 l'Assembl\\u00e9e Nationale.\",\"sameAs\":[\"https:\/\/www.linkedin.com\/in\/cecilia-philippe-b-8a8085195\"]}]}<\/script>\n<!-- \/ Yoast SEO plugin. -->","amp_validity":null,"acf":{"faq":{"1":{"question":"Qu'est-ce que le Conseil en \u00c9volution Professionnelle (CEP) ?","answer":"Le conseil en \u00e9volution professionnelle (CEP) est un dispositif d'accompagnement gratuit et personnalis\u00e9 propos\u00e9 \u00e0 toute personne souhaitant faire le point sur sa situation professionnelle. Il permet de mettre au point un projet d'\u00e9volution professionnelle. Il peut consister en une reconversion, reprise ou cr\u00e9ation d'activit\u00e9\u2026 Il est effectu\u00e9 par des conseillers d'organismes habilit\u00e9s.\r\n\r\n<br> <a href=\"https:\/\/www.mes-allocs.fr\/guides\/reconversion-professionnelle\/reussi-sa-reconversion-professionnelle\/reconversion-professionnelle-conseil-evolution-professionnelle\/\">Lire la suite<\/a>\r\n"},"2":{"question":"Qui peut b\u00e9n\u00e9ficier du CEP ?","answer":"Le CEP est accessible \u00e0 tout actif\u00a0:\r\n\r\nSalari\u00e9 du secteur priv\u00e9 ;\r\nAgent du secteur public ;\r\nTravailleur ind\u00e9pendant ;\r\nPersonne en recherche d' emploi ;\r\nArtisan ;\r\nProfession lib\u00e9rale ;\r\nAuto-entrepreneur ;\r\nJeune sorti du syst\u00e8me scolaire sans qualification ou dipl\u00f4me."},"3":{"question":"Comment b\u00e9n\u00e9ficier du CEP ?","answer":"Vous pouvez vous adresser aux organismes CEP suivants :\r\n\r\nFrance Travail ;\r\nAssociation pour l'emploi des cadres (Apec) ;\r\nMission locale ;\r\nCAP emploi (pour les personnes en situation de handicap) ;\r\nOp\u00e9rateur r\u00e9gional choisi par France comp\u00e9tences.\r\n\r\n<br> <a href=\"https:\/\/www.mes-allocs.fr\/guides\/reconversion-professionnelle\/reussi-sa-reconversion-professionnelle\/reconversion-professionnelle-conseil-evolution-professionnelle\/\">Lire la suite<\/a>\r\n"},"4":{"question":" La d\u00e9mission pour reconversion professionnelle est-elle l\u00e9gitime ? ","answer":"Une d\u00e9mission est l\u00e9gitime si vous avez un projet de\u00a0reconversion professionnelle\u00a0: n\u00e9cessitant le suivi d\u2019une formation ou un projet cr\u00e9ation ou reprise d\u2019 une entreprise.\r\n"},"5":{"question":"Combien de temps de travail pour b\u00e9n\u00e9ficier de l\u2019ARE apr\u00e8s une d\u00e9mission ?","answer":"Les d\u00e9missionnaires qui souhaitent b\u00e9n\u00e9ficier de l\u2019ARE doivent\u00a0avoir travaill\u00e9 de fa\u00e7on continue au minimum fix\u00e9 de 1300 jours travaill\u00e9s\u00a0au cours des\u00a05 ans (60 mois) qui pr\u00e9c\u00e8dent la d\u00e9mission.\r\n<br> <a href=\"https:\/\/www.mes-allocs.fr\/guides\/reconversion-professionnelle\/reussi-sa-reconversion-professionnelle\/reconversion-professionnelle-conseil-evolution-professionnelle\/\">Lire la suite<\/a>\r\n"},"6":{"question":" Quel financement pour une reconversion professionnelle ?","answer":"Des solutions existent pour le financement de votre formation. Par exemple, lorsque l'on est salari\u00e9, il est tout \u00e0 fait possible d'utiliser son\u00a0compte personnel de formation (CPF).\r\n"},"7":{"question":"","answer":""},"8":{"question":"","answer":""},"9":{"question":"","answer":""},"10":{"question":"","answer":""},"11":{"question":"","answer":""},"12":{"question":"","answer":""},"13":{"question":"","answer":""},"14":{"question":"","answer":""},"15":{"question":"","answer":""},"16":{"question":"","answer":""}}},"_links":{"self":[{"href":"https:\/\/www.mes-allocs.fr\/guides\/wp-json\/wp\/v2\/posts\/20622","targetHints":{"allow":["GET"]}}],"collection":[{"href":"https:\/\/www.mes-allocs.fr\/guides\/wp-json\/wp\/v2\/posts"}],"about":[{"href":"https:\/\/www.mes-allocs.fr\/guides\/wp-json\/wp\/v2\/types\/post"}],"author":[{"embeddable":true,"href":"https:\/\/www.mes-allocs.fr\/guides\/wp-json\/wp\/v2\/users\/7"}],"replies":[{"embeddable":true,"href":"https:\/\/www.mes-allocs.fr\/guides\/wp-json\/wp\/v2\/comments?post=20622"}],"version-history":[{"count":26,"href":"https:\/\/www.mes-allocs.fr\/guides\/wp-json\/wp\/v2\/posts\/20622\/revisions"}],"predecessor-version":[{"id":110085,"href":"https:\/\/www.mes-allocs.fr\/guides\/wp-json\/wp\/v2\/posts\/20622\/revisions\/110085"}],"wp:featuredmedia":[{"embeddable":true,"href":"https:\/\/www.mes-allocs.fr\/guides\/wp-json\/wp\/v2\/media\/20625"}],"wp:attachment":[{"href":"https:\/\/www.mes-allocs.fr\/guides\/wp-json\/wp\/v2\/media?parent=20622"}],"wp:term":[{"taxonomy":"category","embeddable":true,"href":"https:\/\/www.mes-allocs.fr\/guides\/wp-json\/wp\/v2\/categories?post=20622"},{"taxonomy":"post_tag","embeddable":true,"href":"https:\/\/www.mes-allocs.fr\/guides\/wp-json\/wp\/v2\/tags?post=20622"}],"curies":[{"name":"wp","href":"https:\/\/api.w.org\/{rel}","templated":true}]}}