{"id":20609,"date":"2021-03-08T10:16:18","date_gmt":"2021-03-08T10:16:18","guid":{"rendered":"https:\/\/www.mes-allocs.fr\/guides\/?p=20609"},"modified":"2026-03-04T16:03:24","modified_gmt":"2026-03-04T15:03:24","slug":"reconversion-professionnelle-cdi","status":"publish","type":"post","link":"https:\/\/www.mes-allocs.fr\/guides\/reconversion-professionnelle\/reconversion-professionnelle-selon-statut\/reconversion-professionnelle-cdi\/","title":{"rendered":"Comment faire une reconversion professionnelle quand on est en CDI ?"},"content":{"rendered":"<p><a href=\"https:\/\/www.mes-allocs.fr\/guides\/wp-content\/uploads\/2021\/02\/pexels-fauxels-3183183-2-1.jpg\"><img loading=\"lazy\" decoding=\"async\" class=\"alignnone wp-image-20618 size-full\" title=\"reconversion professionnelle quand on est en cdi\" src=\"https:\/\/www.mes-allocs.fr\/guides\/wp-content\/uploads\/2021\/02\/pexels-fauxels-3183183-2-1-e1614369723525.jpg\" alt=\"reconversion professionnelle quand on est en cdi\" width=\"1280\" height=\"313\" \/><\/a><\/p>\n<p style=\"text-align: justify;\">[Mis \u00e0 jour le 04\/03\/2026] Vous \u00eates salari\u00e9 en CDI et souhaitez r\u00e9ussir votre projet professionnel ? Vous souhaitez changer de m\u00e9tier ou faire une formation \u00e0 distance ? On vous dit tout ce qu&rsquo;il faut savoir pour faire une <a href=\"https:\/\/www.mes-allocs.fr\/guides\/reconversion-professionnelle\/\">reconversion professionnelle<\/a> pendant un CDI (Contrat \u00e0 Dur\u00e9e Ind\u00e9termin\u00e9e).<\/p>\n<div class='cta-block'><div class='text'>Besoin d\u2019aide dans votre reconversion ?<\/div><a href='https:\/\/www.formademia.fr\/formulaire\/coaching' class='app-button fit'>Simuler mon \u00e9ligibilit\u00e9 au coaching<\/a><\/div>\n<h1><span id=\"Demissionner_et_avoir_droit_au_chomage\">Comment faire une reconversion professionnelle si vous \u00eates en CDI ?<\/span><\/h1>\n<p style=\"text-align: justify;\">La <a href=\"https:\/\/www.mes-allocs.fr\/guides\/reconversion-professionnelle\/reconversion-professionnelle-selon-statut\/\">reconversion professionnelle d\u00e9pend de votre statut<\/a>. Si vous \u00eates salari\u00e9 en CDI, avant de franchir le pas, il convient de faire le <strong>bilan de vos comp\u00e9tences<\/strong>\u00a0et de d\u00e9finir avec soin votre projet de reconversion professionnelle. Dans de domaine, l\u2019accompagnement personnalis\u00e9 propos\u00e9 par\u00a0l\u2019AFPA\u00a0peut \u00eatre d\u2019une grande utilit\u00e9.<\/p>\n<p style=\"text-align: justify;\">Vous avez \u00e9galement acc\u00e8s au conseil en \u00e9volution professionnelle, qui, gr\u00e2ce \u00e0 un suivi personnalis\u00e9, vous aide \u00e0 faire le point sur votre carri\u00e8re et \u00e0 \u00e9tudier le march\u00e9 du travail.<\/p>\n<p>Apr\u00e8s la mise en \u0153uvre de votre projet, il vous faut consulter la Commission paritaire interprofessionnelle r\u00e9gionale (CPIR). Elle jugera du caract\u00e8re \u201cr\u00e9el et s\u00e9rieux\u201d de votre projet. Puis, vous aurez 6 mois, \u00e0 compter de la notification de la d\u00e9cision de la CPIR pour vous inscrire \u00e0 France Travail et faire une demande pour l\u2019ARE si votre projet est accept\u00e9.<\/p>\n<p><iframe loading=\"lazy\" title=\"La reconversion professionnelle\" width=\"500\" height=\"281\" src=\"https:\/\/www.youtube.com\/embed\/EiVUthswxl0?feature=oembed\" frameborder=\"0\" allow=\"accelerometer; autoplay; clipboard-write; encrypted-media; gyroscope; picture-in-picture; web-share\" referrerpolicy=\"strict-origin-when-cross-origin\" allowfullscreen><\/iframe><\/p>\n<h1>Les \u00e9tapes de la reconversion professionnelle<\/h1>\n<h2>D\u00e9finissez vos objectifs<\/h2>\n<p>Si vous faites une <a href=\"https:\/\/www.mes-allocs.fr\/guides\/reconversion-professionnelle\/reconversion-professionnelle-selon-statut\/reconversion-professionnelle-adulte\/\">reconversion \u00e0 l&rsquo;\u00e2ge adulte<\/a>, il est n\u00e9cessaire de faire un bilan personnel : un bilan de vos comp\u00e9tences et de vos centres d&rsquo;int\u00e9r\u00eat.<a href=\"https:\/\/www.mes-allocs.fr\/guides\/wp-content\/uploads\/2021\/02\/pexels-cottonbro-2773536-1-1.jpg\"><img loading=\"lazy\" decoding=\"async\" class=\"alignright wp-image-20481 size-medium\" title=\"D\u00e9finissez vos objectifs\" src=\"https:\/\/www.mes-allocs.fr\/guides\/wp-content\/uploads\/2021\/02\/pexels-cottonbro-2773536-1-1-200x300.jpg\" alt=\"D\u00e9finissez vos objectifs\" width=\"200\" height=\"300\" srcset=\"https:\/\/www.mes-allocs.fr\/guides\/wp-content\/uploads\/2021\/02\/pexels-cottonbro-2773536-1-1-200x300.jpg 200w, https:\/\/www.mes-allocs.fr\/guides\/wp-content\/uploads\/2021\/02\/pexels-cottonbro-2773536-1-1-684x1024.jpg 684w, https:\/\/www.mes-allocs.fr\/guides\/wp-content\/uploads\/2021\/02\/pexels-cottonbro-2773536-1-1-768x1150.jpg 768w, https:\/\/www.mes-allocs.fr\/guides\/wp-content\/uploads\/2021\/02\/pexels-cottonbro-2773536-1-1-1026x1536.jpg 1026w, https:\/\/www.mes-allocs.fr\/guides\/wp-content\/uploads\/2021\/02\/pexels-cottonbro-2773536-1-1-401x600.jpg 401w, https:\/\/www.mes-allocs.fr\/guides\/wp-content\/uploads\/2021\/02\/pexels-cottonbro-2773536-1-1.jpg 1280w\" sizes=\"auto, (max-width: 200px) 100vw, 200px\" \/><\/a><\/p>\n<p>Pour \u00e9valuer vos besoins en terme de formation, <strong>France Travail<\/strong> vous propose :<\/p>\n<ul>\n<li>Une \u00e9valuation des comp\u00e9tences et capacit\u00e9s professionnelles (ECCP) qui permet de mesurer les \u00e9carts entre vos comp\u00e9tences et les besoins des entreprises.<\/li>\n<li>Un atelier \u00ab Pr\u00e9parer son projet de formation \u00bb.<\/li>\n<\/ul>\n<section class=\"block-article-link color-transverse\">Avant tout, d\u00e9finissez votre objectif,\u00a0 <strong>posez les bonnes questions :<\/strong> quelles sont les contraintes de ma reconversion ? O\u00f9 se trouvent les organismes de formation ? Suis-je pr\u00eat(e) \u00e0 faire une formation longue ou courte ? Quels sont les m\u00e9tiers qui recrutent ?<\/section>\n<section><\/section>\n<section><\/section>\n<section class=\"block-article-link color-transverse\"><strong>\u00c9crivez votre CV et votre lettre de motivation <\/strong>de fa\u00e7on \u00e0 montrer votre cheminement personnel et vos comp\u00e9tences. Faire un bilan de comp\u00e9tences peut-\u00eatre un bon moyen d\u2019\u00e9tudier vos comp\u00e9tences professionnelles et personnelles, vos motivations. Pour bien r\u00e9ussir votre reconversion professionnelle, vous devez vous rapprocher du <b>CPF (Compte personnel de formation) de transition.<\/b><\/section>\n<section><\/section>\n<section><\/section>\n<section><\/section>\n<section><\/section>\n<section><\/section>\n<section><\/section>\n<section class=\"block-article-link color-transverse\">\n<h2>Anticipez<\/h2>\n<p style=\"text-align: justify;\">Votre d\u00e9marche de reconversion vous para\u00eet \u00e9vidente, mais ce n&rsquo;est pas forc\u00e9ment le cas de vos futurs interlocuteurs (recruteurs, banquiers, investisseurs, accompagnateurs et r\u00e9seaux professionnels).<\/p>\n<p style=\"text-align: justify;\">Vous serez amen\u00e9 \u00e0 faire la publicit\u00e9 de cotre projet aupr\u00e8s de recruteurs, banquiers, investisseurs, accompagnateurs et r\u00e9seaux professionnels. Vous devrez vous exprimer \u00e0 votre sujet ainsi que sur votre parcours et votre projet actuel. Pensez \u00e0 pr\u00e9parer des discours qui pourront les convaincre.<\/p>\n<p style=\"text-align: justify;\"><strong>\u00c9crivez votre CV <\/strong>de fa\u00e7on \u00e0 montrer votre cheminement personnel et vos comp\u00e9tences.<\/p>\n<p>Un\u00a0<a href=\"https:\/\/www.formademia.fr\/formulaire\/coaching\">conseiller Mes Allocs<\/a>\u00a0peut vous accompagner dans votre projet de reconversion et vous conseiller selon votre situation.<\/p>\n<h2>Le financement<\/h2>\n<p style=\"text-align: justify;\">Des solutions existent pour le financement de votre formation. Par exemple, lorsque l&rsquo;on est <strong>salari\u00e9<\/strong>, il est tout \u00e0 fait possible d&rsquo;utiliser son\u00a0compte personnel de formation (CPF).<\/p>\n<p style=\"text-align: justify;\">En ce qui concerne la\u00a0<strong>cr\u00e9ation d&rsquo;entreprise<\/strong>, certaines r\u00e9gions multiplient les aides \u00e0 destination des porteurs de projet : aides financi\u00e8res \u00e0 l&rsquo;implantation et \u00e0 l&#8217;embauche, aide mat\u00e9rielle via des locaux, accompagnement par des professionnels.<\/p>\n<p style=\"text-align: justify;\">Si dans certaines r\u00e9gions, il existe un dispositif global qui mutualise les ressources du Conseil r\u00e9gional, des CCI, des p\u00e9pini\u00e8res d&rsquo;entreprises et qui offre un accompagnement personnalis\u00e9, dans d&rsquo;autres r\u00e9gions, il vous faudra frapper \u00e0 la porte de chacun de ses organismes.<\/p>\n<p style=\"text-align: justify;\">Dans tous les cas, expliquez votre situation \u00e0 un\u00a0<strong>conseiller France Travail <\/strong>qui fera le n\u00e9cessaire pour vous orienter vers les bons interlocuteurs.<\/p>\n<div class='cta-block'><div class='text'>Besoin d&rsquo;aide dans votre reconversion ?<\/div><a href='https:\/\/www.formademia.fr\/coaching' class='app-button fit'>En savoir plus sur notre programme<\/a><\/div>\n<\/section>\n<h1 id=\"menu-1\">Les aides \u00e0 la reconversion professionnelle d&rsquo;un salari\u00e9<\/h1>\n<h2>Le Compte Personnel de Formation ou CPF<\/h2>\n<p>Le Compte Personnel de Formation (CPF) peut \u00eatre utilis\u00e9 par un salari\u00e9 pendant sa vie active pour suivre une formation qualifiante. Il<a href=\"https:\/\/www.mes-allocs.fr\/guides\/wp-content\/uploads\/2021\/02\/pexels-tima-miroshnichenko-5198252-1.jpg\"><img loading=\"lazy\" decoding=\"async\" class=\"size-medium wp-image-20619 alignright\" src=\"https:\/\/www.mes-allocs.fr\/guides\/wp-content\/uploads\/2021\/02\/pexels-tima-miroshnichenko-5198252-1-300x200.jpg\" alt=\"Le Compte Personnel de Formation ou CPF\" width=\"300\" height=\"200\" srcset=\"https:\/\/www.mes-allocs.fr\/guides\/wp-content\/uploads\/2021\/02\/pexels-tima-miroshnichenko-5198252-1-300x200.jpg 300w, https:\/\/www.mes-allocs.fr\/guides\/wp-content\/uploads\/2021\/02\/pexels-tima-miroshnichenko-5198252-1-1024x682.jpg 1024w, https:\/\/www.mes-allocs.fr\/guides\/wp-content\/uploads\/2021\/02\/pexels-tima-miroshnichenko-5198252-1-768x512.jpg 768w, https:\/\/www.mes-allocs.fr\/guides\/wp-content\/uploads\/2021\/02\/pexels-tima-miroshnichenko-5198252-1-600x400.jpg 600w, https:\/\/www.mes-allocs.fr\/guides\/wp-content\/uploads\/2021\/02\/pexels-tima-miroshnichenko-5198252-1.jpg 1280w\" sizes=\"auto, (max-width: 300px) 100vw, 300px\" \/><\/a> remplace le Droit individuel \u00e0\u00a0la formation (Dif).<\/p>\n<p>Le CPF est accessible sur Mon compte formation.<\/p>\n<p>Le CPF est aliment\u00e9 automatiquement au d\u00e9but de l&rsquo;ann\u00e9e qui suit l&rsquo;ann\u00e9e travaill\u00e9e.<\/p>\n<p>Pour un salari\u00e9 \u00e0 temps plein, ou \u00e0 temps partiel, le compte est aliment\u00e9 de <span class=\"prix\">500\u00a0\u20ac<\/span>\u00a0par ann\u00e9e de travail, dans la limite d&rsquo;un plafond de\u00a0<span class=\"prix\">5 000\u00a0\u20ac<\/span>. Pour un travailleur ind\u00e9pendant, l&rsquo;alimentation du se fait \u00e0 hauteur de <span class=\"prix\">500\u00a0\u20ac<\/span> par ann\u00e9e de travail, dans la limite de\u00a0<span class=\"prix\">5 000\u00a0\u20ac<\/span>. Pour un salari\u00e9 non qualifi\u00e9, l&rsquo;alimentation se fait \u00e0 hauteur de <span class=\"prix\">800\u00a0\u20ac<\/span>\u00a0par ann\u00e9e de travail, dans la limite d&rsquo;un plafond de\u00a0<span class=\"prix\">8 000 \u20ac. <\/span><\/p>\n<p><span class=\"prix\">Enfin, pour un salari\u00e9 b\u00e9n\u00e9ficiaire de l&rsquo;obligation d&#8217;emploi, l<\/span>&lsquo;alimentation du compte est de\u00a0<span class=\"prix\">800\u00a0\u20ac<\/span> par an, dans la limite d&rsquo;un plafond de\u00a0<span class=\"prix\">8000\u00a0\u20ac<\/span>.<\/p>\n<h2>Plan de D\u00e9veloppement des Comp\u00e9tences ou PDC<\/h2>\n<div class=\"main-article__chapo texte--editorial crayon article-chapo-377025 \">\n<p style=\"text-align: justify;\">Le Plan de D\u00e9veloppement des Comp\u00e9tences (PDC) permet aux salari\u00e9s de suivre des formations \u00e0 l\u2019initiative de leur employeur. Il remplace le plan de formation. L\u2019employeur a des obligations concernant la formation professionnelle : l\u2019adaptation au poste de travail et le maintien dans l\u2019emploi des salari\u00e9s ; il peut \u00e9galement proposer des actions qui participent au d\u00e9veloppement des comp\u00e9tences (article L 6321-1 du code du travail).<\/p>\n<\/div>\n<h2>CPF de transition professionnelle (ancien CIF)<\/h2>\n<p style=\"text-align: justify;\">Le CPF remplace le Cong\u00e9 Individuel de Formation (CIF). Il permet aux salari\u00e9s de suivre une formation pour se reconvertir. Cette d\u00e9marche doit \u00eatre demand\u00e9e \u00e0 l&#8217;employeur par le salari\u00e9.<\/p>\n<p style=\"text-align: justify;\">Contrairement au PDC qui doit concerner un domaine en relation avec le secteur d\u2019activit\u00e9 professionnelle, le Compte Personnel de Formation de transition professionnelle n&rsquo;a pas besoin d&rsquo;\u00eatre en rapport avec l&rsquo;activit\u00e9 du salari\u00e9<\/p>\n<h2>Pro &#8211; A (Reconversion ou promotion par l&rsquo;alternance)<\/h2>\n<p style=\"text-align: justify;\">Ce dispositif permet aux salari\u00e9s (en particulier ceux dont la qualification est insuffisante au regard de l\u2019\u00e9volution des technologies ou de l\u2019organisation du travail), de favoriser leur \u00e9volution ou promotion professionnelle et leur maintien dans l\u2019emploi. La reconversion ou la promotion par alternance aide \u00e0 changer de profession, ou une promotion sociale ou professionnelle, <strong>gr\u00e2ce \u00e0 une certification professionnelle acquise apr\u00e8s une formation en alternance.<\/strong><\/p>\n<div class='cta-block'><div class='text'>Besoin d&rsquo;aide dans votre reconversion ?<\/div><a href='https:\/\/www.formademia.fr\/coaching' class='app-button fit'>En savoir plus sur notre programme<\/a><\/div>\n","protected":false},"excerpt":{"rendered":"<p>[Mis \u00e0 jour le 04\/03\/2026] Vous \u00eates salari\u00e9 en CDI et souhaitez r\u00e9ussir votre projet professionnel ? Vous souhaitez changer de m\u00e9tier ou faire une formation \u00e0 distance ? On vous dit tout ce qu&rsquo;il faut savoir pour faire une reconversion professionnelle pendant un CDI (Contrat \u00e0 Dur\u00e9e Ind\u00e9termin\u00e9e). Comment faire une reconversion professionnelle si [&hellip;]<\/p>\n","protected":false},"author":7,"featured_media":20618,"comment_status":"open","ping_status":"open","sticky":false,"template":"","format":"standard","meta":{"amp_status":"","footnotes":""},"categories":[5081,6276],"tags":[],"class_list":["post-20609","post","type-post","status-publish","format-standard","has-post-thumbnail","hentry","category-reconversion-professionnelle","category-reconversion-professionnelle-selon-statut"],"yoast_head":"<!-- This site is optimized with the Yoast SEO plugin v14.9 - https:\/\/yoast.com\/wordpress\/plugins\/seo\/ -->\n<title>Comment faire une reconversion professionnelle quand on est en CDI ? |<\/title>\n<meta name=\"description\" content=\"Vous \u00eates salari\u00e9 en CDI et souhaitez faire une reconversion professionnelle ?\u00a0On vous explique comment faire !\" \/>\n<meta name=\"robots\" content=\"index, follow, max-snippet:-1, max-image-preview:large, max-video-preview:-1\" \/>\n<link rel=\"canonical\" href=\"https:\/\/www.mes-allocs.fr\/guides\/reconversion-professionnelle\/reconversion-professionnelle-selon-statut\/reconversion-professionnelle-cdi\/\" \/>\n<meta property=\"og:locale\" content=\"fr_FR\" \/>\n<meta property=\"og:type\" content=\"article\" \/>\n<meta property=\"og:title\" content=\"Comment faire une reconversion professionnelle quand on est en CDI ? |\" \/>\n<meta property=\"og:description\" content=\"Vous \u00eates salari\u00e9 en CDI et souhaitez faire une reconversion professionnelle ?\u00a0On vous explique comment faire !\" \/>\n<meta property=\"og:url\" content=\"https:\/\/www.mes-allocs.fr\/guides\/reconversion-professionnelle\/reconversion-professionnelle-selon-statut\/reconversion-professionnelle-cdi\/\" \/>\n<meta property=\"og:site_name\" content=\"Mes-Allocs.fr\" \/>\n<meta property=\"article:published_time\" content=\"2021-03-08T10:16:18+00:00\" \/>\n<meta property=\"article:modified_time\" content=\"2026-03-04T15:03:24+00:00\" \/>\n<meta property=\"og:image\" content=\"https:\/\/www.mes-allocs.fr\/guides\/wp-content\/uploads\/2021\/02\/pexels-fauxels-3183183-2-1.jpg?wsr\" \/>\n\t<meta property=\"og:image:width\" content=\"1280\" \/>\n\t<meta property=\"og:image:height\" content=\"854\" \/>\n<meta name=\"twitter:card\" content=\"summary_large_image\" \/>\n<script type=\"application\/ld+json\" class=\"yoast-schema-graph\">{\"@context\":\"https:\/\/schema.org\",\"@graph\":[{\"@type\":\"WebSite\",\"@id\":\"https:\/\/www.mes-allocs.fr\/guides\/#website\",\"url\":\"https:\/\/www.mes-allocs.fr\/guides\/\",\"name\":\"Mes-Allocs.fr\",\"description\":\"\",\"potentialAction\":[{\"@type\":\"SearchAction\",\"target\":\"https:\/\/www.mes-allocs.fr\/guides\/?s={search_term_string}\",\"query-input\":\"required name=search_term_string\"}],\"inLanguage\":\"fr-FR\"},{\"@type\":\"ImageObject\",\"@id\":\"https:\/\/www.mes-allocs.fr\/guides\/reconversion-professionnelle\/reconversion-professionnelle-selon-statut\/reconversion-professionnelle-cdi\/#primaryimage\",\"inLanguage\":\"fr-FR\",\"url\":\"https:\/\/www.mes-allocs.fr\/guides\/wp-content\/uploads\/2021\/02\/pexels-fauxels-3183183-2-1.jpg?wsr\",\"width\":1280,\"height\":854,\"caption\":\"reconversion professionnelle quand on est en cdi\"},{\"@type\":\"WebPage\",\"@id\":\"https:\/\/www.mes-allocs.fr\/guides\/reconversion-professionnelle\/reconversion-professionnelle-selon-statut\/reconversion-professionnelle-cdi\/#webpage\",\"url\":\"https:\/\/www.mes-allocs.fr\/guides\/reconversion-professionnelle\/reconversion-professionnelle-selon-statut\/reconversion-professionnelle-cdi\/\",\"name\":\"Comment faire une reconversion professionnelle quand on est en CDI ? |\",\"isPartOf\":{\"@id\":\"https:\/\/www.mes-allocs.fr\/guides\/#website\"},\"primaryImageOfPage\":{\"@id\":\"https:\/\/www.mes-allocs.fr\/guides\/reconversion-professionnelle\/reconversion-professionnelle-selon-statut\/reconversion-professionnelle-cdi\/#primaryimage\"},\"datePublished\":\"2021-03-08T10:16:18+00:00\",\"dateModified\":\"2026-03-04T15:03:24+00:00\",\"author\":{\"@id\":\"https:\/\/www.mes-allocs.fr\/guides\/#\/schema\/person\/1c4837d5703727cb02ce84583b5a44aa\"},\"description\":\"Vous \\u00eates salari\\u00e9 en CDI et souhaitez faire une reconversion professionnelle ?\\u00a0On vous explique comment faire !\",\"inLanguage\":\"fr-FR\"},{\"@type\":\"Person\",\"@id\":\"https:\/\/www.mes-allocs.fr\/guides\/#\/schema\/person\/1c4837d5703727cb02ce84583b5a44aa\",\"name\":\"Fabiola\",\"image\":{\"@type\":\"ImageObject\",\"@id\":\"https:\/\/www.mes-allocs.fr\/guides\/#personlogo\",\"inLanguage\":\"fr-FR\",\"url\":\"https:\/\/www.mes-allocs.fr\/guides\/wp-content\/uploads\/2021\/06\/fabiola-150x150.png\",\"caption\":\"Fabiola\"},\"description\":\"Fabiola est r\\u00e9dactrice au sein de l'\\u00e9quipe Mes Allocs, sp\\u00e9cialis\\u00e9e en sciences politiques et affaires publiques. Dipl\\u00f4m\\u00e9e de l'HEIP, elle rejoint Mes Allocs apr\\u00e8s une premi\\u00e8re exp\\u00e9rience \\u00e0 l'Assembl\\u00e9e Nationale.\",\"sameAs\":[\"https:\/\/www.linkedin.com\/in\/cecilia-philippe-b-8a8085195\"]}]}<\/script>\n<!-- \/ Yoast SEO plugin. -->","amp_validity":null,"acf":{"faq":{"1":{"question":"\ud83e\udd14 Comment toucher le ch\u00f4mage apr\u00e8s une d\u00e9mission ?","answer":"Vous pouvez toucher le ch\u00f4mage apr\u00e8s une d\u00e9mission si elle est consid\u00e9r\u00e9e comme l\u00e9gitime. Vous pouvez aussi faire r\u00e9examiner votre situation, \u00e0 l\u2019issue d\u2019un d\u00e9lai de 121 jours (4 mois) de ch\u00f4mage non indemnis\u00e9.\r\n"},"2":{"question":"\ud83e\udd37 A quoi sert le CPF ?","answer":"Le CPF (Compte personnel de formation) fait le point sur votre projet et vous aide \u00e0 le pr\u00e9parer.\r\n<br> <a href=\"https:\/\/www.mes-allocs.fr\/guides\/reconversion-professionnelle\/reconversion-professionnelle-selon-statut\/comment-faire-reconversion-professionnelle-cdi\/\">Lire la suite<\/a>\r\n"},"3":{"question":"\ud83e\udd1d Quelles d\u00e9marches faut-il faire aupr\u00e8s de la CPIR ?","answer":"Apr\u00e8s la mise en \u0153uvre de votre projet, il vous faut consulter la Commission paritaire interprofessionnelle r\u00e9gionale (CPIR). Elle jugera du caract\u00e8re \u201cr\u00e9el et s\u00e9rieux\u201d de votre projet. Puis, vous aurez 6 mois, \u00e0 compter de la notification de la d\u00e9cision de la CPIR pour vous inscrire \u00e0 France Travail et faire une demande pour l\u2019ARE si votre projet est accept\u00e9.\r\n"},"4":{"question":"\ud83e\udd14 La d\u00e9mission pour reconversion professionnelle est-elle l\u00e9gitime ? ","answer":"Une d\u00e9mission est l\u00e9gitime si vous avez un projet de\u00a0reconversion professionnelle\u00a0: n\u00e9cessitant le suivi d\u2019une formation ou un projet cr\u00e9ation ou reprise d\u2019 une entreprise.\r\n<br> <a href=\"https:\/\/www.mes-allocs.fr\/guides\/reconversion-professionnelle\/reconversion-professionnelle-selon-statut\/comment-faire-reconversion-professionnelle-cdi\/\">Lire la suite<\/a>\r\n"},"5":{"question":"\ud83e\udd37 Combien de temps de travail pour b\u00e9n\u00e9ficier de l\u2019ARE apr\u00e8s une d\u00e9mission ?","answer":"Les d\u00e9missionnaires qui souhaitent b\u00e9n\u00e9ficier de l\u2019ARE doivent\u00a0avoir travaill\u00e9 de fa\u00e7on continue au minimum fix\u00e9 de 1300 jours travaill\u00e9s\u00a0au cours des\u00a05 ans (60 mois) qui pr\u00e9c\u00e8dent la d\u00e9mission.\r\n"},"6":{"question":"\ud83e\udd1d Quel financement pour une reconversion professionnelle ?","answer":"Des solutions existent pour le financement de votre formation. Par exemple, lorsque l'on est salari\u00e9, il est tout \u00e0 fait possible d'utiliser son\u00a0compte personnel de formation (CPF).\r\n<br> <a href=\"https:\/\/www.mes-allocs.fr\/guides\/reconversion-professionnelle\/reconversion-professionnelle-selon-statut\/comment-faire-reconversion-professionnelle-cdi\/\">Lire la suite<\/a>\r\n"},"7":{"question":"","answer":""},"8":{"question":"","answer":""},"9":{"question":"","answer":""},"10":{"question":"","answer":""},"11":{"question":"","answer":""},"12":{"question":"","answer":""},"13":{"question":"","answer":""},"14":{"question":"","answer":""},"15":{"question":"","answer":""},"16":{"question":"","answer":""}}},"_links":{"self":[{"href":"https:\/\/www.mes-allocs.fr\/guides\/wp-json\/wp\/v2\/posts\/20609","targetHints":{"allow":["GET"]}}],"collection":[{"href":"https:\/\/www.mes-allocs.fr\/guides\/wp-json\/wp\/v2\/posts"}],"about":[{"href":"https:\/\/www.mes-allocs.fr\/guides\/wp-json\/wp\/v2\/types\/post"}],"author":[{"embeddable":true,"href":"https:\/\/www.mes-allocs.fr\/guides\/wp-json\/wp\/v2\/users\/7"}],"replies":[{"embeddable":true,"href":"https:\/\/www.mes-allocs.fr\/guides\/wp-json\/wp\/v2\/comments?post=20609"}],"version-history":[{"count":25,"href":"https:\/\/www.mes-allocs.fr\/guides\/wp-json\/wp\/v2\/posts\/20609\/revisions"}],"predecessor-version":[{"id":110093,"href":"https:\/\/www.mes-allocs.fr\/guides\/wp-json\/wp\/v2\/posts\/20609\/revisions\/110093"}],"wp:featuredmedia":[{"embeddable":true,"href":"https:\/\/www.mes-allocs.fr\/guides\/wp-json\/wp\/v2\/media\/20618"}],"wp:attachment":[{"href":"https:\/\/www.mes-allocs.fr\/guides\/wp-json\/wp\/v2\/media?parent=20609"}],"wp:term":[{"taxonomy":"category","embeddable":true,"href":"https:\/\/www.mes-allocs.fr\/guides\/wp-json\/wp\/v2\/categories?post=20609"},{"taxonomy":"post_tag","embeddable":true,"href":"https:\/\/www.mes-allocs.fr\/guides\/wp-json\/wp\/v2\/tags?post=20609"}],"curies":[{"name":"wp","href":"https:\/\/api.w.org\/{rel}","templated":true}]}}