{"id":20529,"date":"2021-03-08T10:13:00","date_gmt":"2021-03-08T10:13:00","guid":{"rendered":"https:\/\/www.mes-allocs.fr\/guides\/?p=20529"},"modified":"2026-03-04T15:29:10","modified_gmt":"2026-03-04T14:29:10","slug":"financement-reconversion-professionnelle","status":"publish","type":"post","link":"https:\/\/www.mes-allocs.fr\/guides\/reconversion-professionnelle\/reussir-sa-reconversion-professionnelle\/financement-reconversion-professionnelle\/","title":{"rendered":"Comment se passe le financement de ma reconversion professionnelle ?"},"content":{"rendered":"<p><a href=\"https:\/\/www.mes-allocs.fr\/guides\/wp-content\/uploads\/2021\/02\/pexels-pixabay-128867-1.jpg\"><img loading=\"lazy\" decoding=\"async\" class=\"alignnone wp-image-20563 size-full\" title=\"financement reconversion professionnelle\" src=\"https:\/\/www.mes-allocs.fr\/guides\/wp-content\/uploads\/2021\/02\/pexels-pixabay-128867-1-e1614294727356.jpg\" alt=\"financement reconversion professionnelle\" width=\"1280\" height=\"278\" \/><\/a><\/p>\n<p style=\"text-align: justify;\">[Mis \u00e0 jour le 04\/03\/2026] Vous avez envie de changer de m\u00e9tier, ou vous avez\u00a0 un projet de formation ou de cr\u00e9ation d&rsquo;entreprise mais le financement de votre projet de <a href=\"https:\/\/www.mes-allocs.fr\/guides\/reconversion-professionnelle\/\">reconversion professionnelle<\/a> vous pr\u00e9occupe ? On vous aide \u00e0 trouver la solution de <strong>financement de votre reconversion professionnelle<\/strong>.<\/p>\n<div class='cta-block'><div class='text'>Besoin d\u2019aide dans votre reconversion ?<\/div><a href='https:\/\/www.formademia.fr\/formulaire\/coaching' class='app-button fit'>Simuler mon \u00e9ligibilit\u00e9 au coaching<\/a><\/div>\n<h1 id=\"menu-1\">Reconversion professionnelle d&rsquo;un salari\u00e9<\/h1>\n<h2>Le Compte Personnel de Formation (CPF)<\/h2>\n<p>Le Compte Personnel de Formation (CPF) peut \u00eatre utilis\u00e9 par un salari\u00e9 pendant sa vie active pour suivre une formation qualifiante. Il remplace le Droit individuel \u00e0 la formation (Dif), et vous permet ainsi de <a href=\"https:\/\/www.mes-allocs.fr\/guides\/reconversion-professionnelle\/reussir-sa-reconversion-professionnelle\/\">r\u00e9ussir votre projet de reconversion professionnelle<\/a>.<\/p>\n<p>Le CPF est accessible sur Mon compte formation.\u00a0 Il s&rsquo;agit de formations visant notamment les objectifs suivants :<\/p>\n<ul>\n<li>Acquisition d&rsquo;une qualification (dipl\u00f4me, titre professionnel, etc.) ;<\/li>\n<li>Assimilation du socle de connaissances et de comp\u00e9tences ;<\/li>\n<li>Un accompagnement pour la validation des acquis de l&rsquo;exp\u00e9rience (VAE) ;<\/li>\n<li>Cr\u00e9ation du bilan de comp\u00e9tences ;<\/li>\n<li>Cr\u00e9ation ou reprise d&rsquo;une entreprise ;<\/li>\n<li>Acquisition de comp\u00e9tences n\u00e9cessaires \u00e0 l&rsquo;exercice des missions de b\u00e9n\u00e9voles ou volontaires en service civique.<\/li>\n<\/ul>\n<p>Le CPF est aliment\u00e9 automatiquement au d\u00e9but de l&rsquo;ann\u00e9e qui suit l&rsquo;ann\u00e9e travaill\u00e9e. De cette fa\u00e7on, les droits acquis en 2026 seront disponibles au 1<sup>er<\/sup> trimestre 2027.<\/p>\n<p style=\"text-align: justify;\">Pour un salari\u00e9 \u00e0 temps plein, ou \u00e0 temps partiel, le compte est aliment\u00e9 de <span class=\"prix\">500\u00a0\u20ac<\/span>\u00a0par ann\u00e9e de travail, dans la limite d&rsquo;un plafond de\u00a0<span class=\"prix\">5 000\u00a0\u20ac<\/span>. Pour un travailleur ind\u00e9pendant, l&rsquo;alimentation du se fait \u00e0 hauteur de <span class=\"prix\">500\u00a0\u20ac<\/span> par ann\u00e9e de travail, dans la limite de\u00a0<span class=\"prix\">5 000\u00a0\u20ac<\/span>. Pour un salari\u00e9 non qualifi\u00e9, l&rsquo;alimentation se fait \u00e0 hauteur de <span class=\"prix\">800\u00a0\u20ac<\/span>\u00a0par ann\u00e9e de travail, dans la limite d&rsquo;un plafond de\u00a0<span class=\"prix\">8 000 \u20ac. <\/span><\/p>\n<p><span class=\"prix\">Enfin, pour un salari\u00e9 b\u00e9n\u00e9ficiaire de l&rsquo;obligation d&#8217;emploi, l<\/span>&lsquo;alimentation du compte est de\u00a0<span class=\"prix\">800\u00a0\u20ac<\/span> par an, dans la limite d&rsquo;un plafond de\u00a0<span class=\"prix\">8000\u00a0\u20ac<\/span>.<\/p>\n<h2>Plan de D\u00e9veloppement des Comp\u00e9tences (PDC)<\/h2>\n<div class=\"main-article__chapo texte--editorial crayon article-chapo-377025 \">\n<p style=\"text-align: justify;\">Le Plan de D\u00e9veloppement des Comp\u00e9tences (PDC) permet aux salari\u00e9s de suivre des formations \u00e0 l\u2019initiative de leur employeur. Il remplace le plan de formation. L\u2019employeur a des obligations concernant la formation professionnelle : l\u2019adaptation au poste de travail et le maintien dans l\u2019emploi des salari\u00e9s ; il peut \u00e9galement proposer des actions qui participent au d\u00e9veloppement des comp\u00e9tences (article L 6321-1 du code du travail).<\/p>\n<\/div>\n<div class=\"main-article__texte texte--editorial crayon article-texte-377025 \">Un plan de d\u00e9veloppement des comp\u00e9tences peut \u00eatre mis en place uniquement par l\u2019employeur, apr\u00e8s consultation des repr\u00e9sentants du personnel.<\/div>\n<h2>Projet de Transition Professionnelle (PTP)<\/h2>\n<p>Le projet de transition professionnelle (PTP) permet \u00e0 un salari\u00e9 de quitter temporairement son poste pour suivre une formation afin de changer de m\u00e9tier ou de profession.<\/p>\n<p>Il est accessible sous certaines conditions et n\u00e9cessite une demande aupr\u00e8s de l\u2019employeur. Pendant la formation, le salari\u00e9 continue d\u2019\u00eatre r\u00e9mun\u00e9r\u00e9.<\/p>\n<p>Les r\u00e8gles varient selon que vous \u00eates en CDI ou en CDD.<\/p>\n<h2>P\u00e9riode de reconversion<\/h2>\n<p>La p\u00e9riode de reconversion est un dispositif qui aide un salari\u00e9 \u00e0 changer de poste, que ce soit \u00e0 l\u2019int\u00e9rieur ou \u00e0 l\u2019ext\u00e9rieur de son entreprise. Elle permet d\u2019acqu\u00e9rir :<\/p>\n<ul>\n<li>Une certification inscrite au R\u00e9pertoire national des certifications professionnelles (RNCP) ;<\/li>\n<li>Un Certificat de Qualification Professionnelle (CQP) de branche ou interbranche ;<\/li>\n<li>Un ou plusieurs blocs de comp\u00e9tences.<\/li>\n<\/ul>\n<p>Elle peut aussi permettre d\u2019obtenir le socle de connaissances et de comp\u00e9tences Cl\u00e9A.<\/p>\n<p><iframe loading=\"lazy\" title=\"La reconversion professionnelle\" width=\"500\" height=\"281\" src=\"https:\/\/www.youtube.com\/embed\/EiVUthswxl0?feature=oembed\" frameborder=\"0\" allow=\"accelerometer; autoplay; clipboard-write; encrypted-media; gyroscope; picture-in-picture; web-share\" referrerpolicy=\"strict-origin-when-cross-origin\" allowfullscreen><\/iframe><\/p>\n<h1 id=\"menu-2\">Aides pour la reconversion professionnelle d&rsquo;un demandeur d\u2019emploi<\/h1>\n<h2>Aide de Retour \u00e0 l\u2019Emploi Formation (AREF)<\/h2>\n<p>Une\u00a0<strong>allocation d\u2019aide au retour \u00e0 l\u2019emploi \u00ab\u00a0formation\u00a0\u00bb<\/strong>\u00a0(AREF) peut \u00eatre accord\u00e9e aux demandeurs d\u2019emploi indemnis\u00e9s qui suivent une formation valid\u00e9e par\u00a0P\u00f4le emploi.<\/p>\n<p>Vous pouvez percevoir l&rsquo;aide au retour \u00e0 l&#8217;emploi formation (Aref) si vous :<\/p>\n<ul>\n<li>Percevez l&rsquo;ARE ;<\/li>\n<li>Suivez une formation P\u00f4le emploi dans le cadre de votre projet personnalis\u00e9 d&rsquo;acc\u00e8s \u00e0 l&#8217;emploi (PPAE)\u00a0ou de votre\u00a0compte personnel de formation (CPF) ;<\/li>\n<li>Suivez une formation d&rsquo;une dur\u00e9e d&rsquo;au moins <strong>40 heures.<\/strong><\/li>\n<\/ul>\n<h2>Le Compte Personnel de Formation (CPF)<\/h2>\n<p>Tout comme le salari\u00e9, le demandeur d\u2019emploi peut utiliser le montant disponible sur son CPF pour financer ses actions de formation.<\/p>\n<h2>R\u00e9mun\u00e9ration des Formations de France Travail (RFFE)<\/h2>\n<p>La R\u00e9mun\u00e9ration des Formations de France Travail (RFFE) est une indemnit\u00e9 vers\u00e9e aux demandeurs d\u2019emplois par France Travail. Elle est donn\u00e9e \u00e0 ceux qui suivent une formation agr\u00e9\u00e9e par France Travail dans le cadre de leur projet personnalis\u00e9 d\u2019acc\u00e8s \u00e0 l\u2019emploi. Elle est accessible aux demandeurs d\u2019emploi qui n&rsquo;ont plus acc\u00e8s \u00e0 leurs droits, qu\u2019il s\u2019agisse de l\u2019ARE ou de l\u2019ASP.<\/p>\n<h2>L&rsquo;Action de Formation Pr\u00e9alable au Recrutement (AFPR)<\/h2>\n<p style=\"text-align: justify;\">L&rsquo;Action de Formation Pr\u00e9alable au Recrutement (AFPR) est destin\u00e9e \u00e0 combler l&rsquo;\u00e9cart entre les comp\u00e9tences que vous d\u00e9tenez et celles que requiert l&#8217;emploi vis\u00e9 ou propos\u00e9 par France Travail. Elle s\u2019applique aux offres d\u2019emploi qui affiche la mention \u00ab\u00a0Action de Formation Pr\u00e9alable au Recrutement\u00a0\u00bb.<\/p>\n<h2>Pr\u00e9paration Op\u00e9rationnelle \u00e0 l\u2019Emploi Individuelle (POEI)<\/h2>\n<p>La Pr\u00e9paration Op\u00e9rationnelle \u00e0 l&rsquo;Emploi s\u2019adresse \u00e0 tous les demandeurs d&#8217;emploi souhaitant suivre une formation pour acqu\u00e9rir les comp\u00e9tences n\u00e9cessaires \u00e0 une offre d\u00e9pos\u00e9e par une entreprise aupr\u00e8s de France Travail. A l\u2019issue de cette formation et si vous atteignez le niveau requis, l\u2019employeur est tenu de vous embaucher.<\/p>\n<h2>Actions de Formation Conventionn\u00e9es ou AFC<\/h2>\n<p>L&rsquo;action de formation conventionn\u00e9e repr\u00e9sente l&rsquo;opportunit\u00e9 d&rsquo;amener les comp\u00e9tences des demandeurs d&#8217;emploi au niveau demand\u00e9 par le march\u00e9 du travail. \u00a0Dans ce cadre, France Travail ach\u00e8te r\u00e9guli\u00e8rement des places de formations aupr\u00e8s de diff\u00e9rents organismes de formation.<\/p>\n<h2>Aide Individuelle \u00e0 la Formation ou AIF<\/h2>\n<p>Une Aide individuelle \u00e0 la formation (AIF) contribue au financement des frais p\u00e9dagogiques de votre formation. Ce sont les demandeurs d&#8217;emploi et les personnes en accompagnement CRP\/CTP ou CSP qui peuvent en b\u00e9n\u00e9ficier.<\/p>\n<h2>Pr\u00e9paration Op\u00e9rationnelle \u00e0 l&rsquo;Emploi Collective (POEC)<\/h2>\n<div class=\"main-article__chapo texte--editorial crayon article-chapo-374211 \">\n<p>La pr\u00e9paration op\u00e9rationnelle \u00e0 l\u2019emploi collective (POEC) est une action de formation permettant d\u2019acqu\u00e9rir les comp\u00e9tences requises pour occuper des emplois correspondant \u00e0 des besoins identifi\u00e9s par une branche professionnelle ou, par le conseil d\u2019administration d\u2019un op\u00e9rateur de comp\u00e9tences (OPCO). Elle concerne tous les demandeurs d&#8217;emploi.<\/p>\n<\/div>\n<h2>R\u00e9mun\u00e9ration de Fin de Formation ou RFF<\/h2>\n<p>Destin\u00e9e aux demandeurs d&#8217;emploi en fin de droits ayant entam\u00e9 une formation et ne l\u2019ayant pas encore termin\u00e9e, la RFF permet d&rsquo;\u00eatre indemnis\u00e9 jusqu&rsquo;\u00e0 la fin de la formation par France Travail.<\/p>\n<div class='cta-block'><div class='text'>Besoin d&rsquo;aide dans votre reconversion ?<\/div><a href='https:\/\/www.formademia.fr\/coaching' class='app-button fit'>En savoir plus sur notre programme<\/a><\/div>\n<h1 id=\"menu-3\">Aides pour la reconversion professionnelle pour la fonction publique<\/h1>\n<h2>Compte Personnel de Formation ou CPF<\/h2>\n<p>Tout comme les salari\u00e9s du priv\u00e9, les agents de la fonction publique disposent d\u2019un CPF.<\/p>\n<h2>Cong\u00e9 de Formation Professionnelle (CFP)<\/h2>\n<p>Le cong\u00e9 de formation professionnelle (CFP), permet aux agents de parfaire leur formation personnelle par le biais de stages de formation \u00e0 caract\u00e8re professionnel ou personnel.<\/p>\n<p>La premi\u00e8re ann\u00e9e du cong\u00e9 de formation professionnelle ouvre droit au b\u00e9n\u00e9fice d&rsquo;une indemnit\u00e9 mensuelle forfaitaire.<\/p>\n<h2>P\u00e9riode de professionnalisation (FPH)<\/h2>\n<p>D\u00e9di\u00e9e aux agents de la fonction publique hospitali\u00e8re, la p\u00e9riode de professionnalisation leur offre la possibilit\u00e9 de se former pour acqu\u00e9rir de nouvelles fonctions. La professionnalisation concilie formation th\u00e9orique et pratique pour un apprentissage en alternance.<\/p>\n<h2>Cong\u00e9 de formation-mobilit\u00e9 des fonctionnaires de l\u2019\u00c9tat<\/h2>\n<p>Ce cong\u00e9 permet aux agents de la fonction publique de se former pendant une dur\u00e9e maximale de 3 ans.<\/p>\n<h1 id=\"menu-4\">Aides pour la reconversion professionnelle pour les non-salari\u00e9s<\/h1>\n<h2>Association de Gestion et du Financement de la Formation des Chefs d\u2019Entreprise ou AGEFICE<\/h2>\n<p>L&rsquo;AGEFICE finance les formations destin\u00e9es aux dirigeants non salari\u00e9s.\u00a0La prise en charge de l&rsquo;AGEFICE concerne les co\u00fbts p\u00e9dagogique et inclus un \u00ab\u00a0forfait d\u00e9placement\u00a0\u00bb.<\/p>\n<h2>Fonds d&rsquo;Assurance Formation des Chefs d&rsquo;Entreprise Artisanale et Fonds d&rsquo;Assurance Formation Professions m\u00e9dicales<\/h2>\n<p>Le FAFCEA finance les formations destin\u00e9es aux chefs d&rsquo;entreprises et autoentrepreneurs exer\u00e7ant une activit\u00e9 artisanale.<\/p>\n<p>Le FAFPM finance les formations destin\u00e9es aux m\u00e9decins exer\u00e7ant \u00e0 titre lib\u00e9ral. Ce financement peut concerner les congr\u00e8s, s\u00e9minaires, cours et autres colloques en France ou \u00e0 l&rsquo;\u00e9tranger.<\/p>\n<h2>Fonds Interprofessionnels de Formation des Professions Lib\u00e9rales<\/h2>\n<p>Le FIF-PL finance les formations destin\u00e9es aux membres des professions lib\u00e9rales. La prise en charge est \u00e9galement possible pour le conjoint collaborateur.<\/p>\n<h2>Fonds pour la formation des entrepreneurs du vivant<\/h2>\n<p>Le VIVEA finance les formations destin\u00e9es aux chefs d&rsquo;entreprise agricole, du paysage ou de travaux forestiers. La prise en charge est \u00e9galement possible pour le conjoint collaborateur.<\/p>\n<div class='cta-block'><div class='text'>Besoin d&rsquo;aide dans votre reconversion ?<\/div><a href='https:\/\/www.formademia.fr\/coaching' class='app-button fit'>En savoir plus sur notre programme<\/a><\/div>\n","protected":false},"excerpt":{"rendered":"<p>[Mis \u00e0 jour le 04\/03\/2026] Vous avez envie de changer de m\u00e9tier, ou vous avez\u00a0 un projet de formation ou de cr\u00e9ation d&rsquo;entreprise mais le financement de votre projet de reconversion professionnelle vous pr\u00e9occupe ? On vous aide \u00e0 trouver la solution de financement de votre reconversion professionnelle. Reconversion professionnelle d&rsquo;un salari\u00e9 Le Compte Personnel [&hellip;]<\/p>\n","protected":false},"author":7,"featured_media":20563,"comment_status":"open","ping_status":"open","sticky":false,"template":"","format":"standard","meta":{"amp_status":"","footnotes":""},"categories":[5081,5380],"tags":[],"class_list":["post-20529","post","type-post","status-publish","format-standard","has-post-thumbnail","hentry","category-reconversion-professionnelle","category-reussir-sa-reconversion-professionnelle"],"yoast_head":"<!-- This site is optimized with the Yoast SEO plugin v14.9 - https:\/\/yoast.com\/wordpress\/plugins\/seo\/ -->\n<title>Comment se passe le financement de ma reconversion professionnelle ?<\/title>\n<meta name=\"description\" content=\"Vous souhaitez faire une reconversion professionnelle mais ne pouvez pas vous auto-financer ? Voici les aides et financements possibles.\" \/>\n<meta name=\"robots\" content=\"index, follow, max-snippet:-1, max-image-preview:large, max-video-preview:-1\" \/>\n<link rel=\"canonical\" href=\"https:\/\/www.mes-allocs.fr\/guides\/reconversion-professionnelle\/reussir-sa-reconversion-professionnelle\/financement-reconversion-professionnelle\/\" \/>\n<meta property=\"og:locale\" content=\"fr_FR\" \/>\n<meta property=\"og:type\" content=\"article\" \/>\n<meta property=\"og:title\" content=\"Comment se passe le financement de ma reconversion professionnelle ?\" \/>\n<meta property=\"og:description\" content=\"Vous souhaitez faire une reconversion professionnelle mais ne pouvez pas vous auto-financer ? Voici les aides et financements possibles.\" \/>\n<meta property=\"og:url\" content=\"https:\/\/www.mes-allocs.fr\/guides\/reconversion-professionnelle\/reussir-sa-reconversion-professionnelle\/financement-reconversion-professionnelle\/\" \/>\n<meta property=\"og:site_name\" content=\"Mes-Allocs.fr\" \/>\n<meta property=\"article:published_time\" content=\"2021-03-08T10:13:00+00:00\" \/>\n<meta property=\"article:modified_time\" content=\"2026-03-04T14:29:10+00:00\" \/>\n<meta property=\"og:image\" content=\"https:\/\/www.mes-allocs.fr\/guides\/wp-content\/uploads\/2021\/02\/pexels-pixabay-128867-1.jpg?wsr\" \/>\n\t<meta property=\"og:image:width\" content=\"1280\" \/>\n\t<meta property=\"og:image:height\" content=\"853\" \/>\n<meta name=\"twitter:card\" content=\"summary_large_image\" \/>\n<script type=\"application\/ld+json\" class=\"yoast-schema-graph\">{\"@context\":\"https:\/\/schema.org\",\"@graph\":[{\"@type\":\"WebSite\",\"@id\":\"https:\/\/www.mes-allocs.fr\/guides\/#website\",\"url\":\"https:\/\/www.mes-allocs.fr\/guides\/\",\"name\":\"Mes-Allocs.fr\",\"description\":\"\",\"potentialAction\":[{\"@type\":\"SearchAction\",\"target\":\"https:\/\/www.mes-allocs.fr\/guides\/?s={search_term_string}\",\"query-input\":\"required name=search_term_string\"}],\"inLanguage\":\"fr-FR\"},{\"@type\":\"ImageObject\",\"@id\":\"https:\/\/www.mes-allocs.fr\/guides\/reconversion-professionnelle\/reussir-sa-reconversion-professionnelle\/financement-reconversion-professionnelle\/#primaryimage\",\"inLanguage\":\"fr-FR\",\"url\":\"https:\/\/www.mes-allocs.fr\/guides\/wp-content\/uploads\/2021\/02\/pexels-pixabay-128867-1.jpg?wsr\",\"width\":1280,\"height\":853,\"caption\":\"financement reconversion professionnelle\"},{\"@type\":\"WebPage\",\"@id\":\"https:\/\/www.mes-allocs.fr\/guides\/reconversion-professionnelle\/reussir-sa-reconversion-professionnelle\/financement-reconversion-professionnelle\/#webpage\",\"url\":\"https:\/\/www.mes-allocs.fr\/guides\/reconversion-professionnelle\/reussir-sa-reconversion-professionnelle\/financement-reconversion-professionnelle\/\",\"name\":\"Comment se passe le financement de ma reconversion professionnelle ?\",\"isPartOf\":{\"@id\":\"https:\/\/www.mes-allocs.fr\/guides\/#website\"},\"primaryImageOfPage\":{\"@id\":\"https:\/\/www.mes-allocs.fr\/guides\/reconversion-professionnelle\/reussir-sa-reconversion-professionnelle\/financement-reconversion-professionnelle\/#primaryimage\"},\"datePublished\":\"2021-03-08T10:13:00+00:00\",\"dateModified\":\"2026-03-04T14:29:10+00:00\",\"author\":{\"@id\":\"https:\/\/www.mes-allocs.fr\/guides\/#\/schema\/person\/1c4837d5703727cb02ce84583b5a44aa\"},\"description\":\"Vous souhaitez faire une reconversion professionnelle mais ne pouvez pas vous auto-financer ? Voici les aides et financements possibles.\",\"inLanguage\":\"fr-FR\"},{\"@type\":\"Person\",\"@id\":\"https:\/\/www.mes-allocs.fr\/guides\/#\/schema\/person\/1c4837d5703727cb02ce84583b5a44aa\",\"name\":\"Fabiola\",\"image\":{\"@type\":\"ImageObject\",\"@id\":\"https:\/\/www.mes-allocs.fr\/guides\/#personlogo\",\"inLanguage\":\"fr-FR\",\"url\":\"https:\/\/www.mes-allocs.fr\/guides\/wp-content\/uploads\/2021\/06\/fabiola-150x150.png\",\"caption\":\"Fabiola\"},\"description\":\"Fabiola est r\\u00e9dactrice au sein de l'\\u00e9quipe Mes Allocs, sp\\u00e9cialis\\u00e9e en sciences politiques et affaires publiques. Dipl\\u00f4m\\u00e9e de l'HEIP, elle rejoint Mes Allocs apr\\u00e8s une premi\\u00e8re exp\\u00e9rience \\u00e0 l'Assembl\\u00e9e Nationale.\",\"sameAs\":[\"https:\/\/www.linkedin.com\/in\/cecilia-philippe-b-8a8085195\"]}]}<\/script>\n<!-- \/ Yoast SEO plugin. -->","amp_validity":null,"acf":{"faq":{"1":{"question":"Comment toucher le ch\u00f4mage apr\u00e8s une d\u00e9mission ?","answer":"Vous pouvez toucher le ch\u00f4mage apr\u00e8s une d\u00e9mission si elle est consid\u00e9r\u00e9e comme l\u00e9gitime. Vous pouvez aussi faire r\u00e9examiner votre situation, \u00e0 l\u2019issue d\u2019un d\u00e9lai de 121 jours (4 mois) de ch\u00f4mage non indemnis\u00e9.\r\n<br> <a href=\" https:\/\/www.mes-allocs.fr\/guides\/aide-logement\/comment-financer-reconversion-professionnelle\/\">Lire la suite<\/a>\r\n"},"2":{"question":"Quelles d\u00e9marches faut-il faire aupr\u00e8s de la CPIR ?","answer":"Apr\u00e8s la mise en \u0153uvre de votre projet, il vous faut consulter la Commission paritaire interprofessionnelle r\u00e9gionale (CPIR). Elle jugera du caract\u00e8re \u201cr\u00e9el et s\u00e9rieux\u201d de votre projet. Puis, vous aurez 6 mois, \u00e0 compter de la notification de la d\u00e9cision de la CPIR pour vous inscrire \u00e0 P\u00f4le emploi et faire une demande pour l\u2019ARE si votre projet est accept\u00e9."},"3":{"question":"Quels sont les cas de d\u00e9mission l\u00e9gitime ?","answer":"Les cas de d\u00e9mission l\u00e9gitime si vous : fa\u00eetes un d\u00e9m\u00e9nagement, d\u00e9missionnez d\u2019un nouvel emploi apr\u00e8s avoir \u00e9t\u00e9 licenci\u00e9, partez pour faire une formation qualifiante, n\u2019avez pas re\u00e7u votre salaire, subissez des actes d\u00e9lictueux dans le cadre de votre travail, avez un projet de reconversion, souhaitez exercer un nouvel emploi, souhaitez faire un contrat de service civique ou de volontariat.\r\n<br> <a href=\" https:\/\/www.mes-allocs.fr\/guides\/aide-logement\/comment-financer-reconversion-professionnelle\/\">Lire la suite<\/a>\r\n\r\n"},"4":{"question":"Comment d\u00e9missionner pour reconversion professionnelle ?","answer":"Si vous souhaitez d\u00e9missionner pour faire une reconversion professionnelle, il faut que vous ayez travaill\u00e9 de fa\u00e7on continue au minimum fix\u00e9 de 1300 jours travaill\u00e9s\u00a0au cours des\u00a05 ans (60 mois) qui pr\u00e9c\u00e8dent la d\u00e9mission. Il faut aussi s'\u00eatre fait aid\u00e9 par un Conseil en \u00e9volution professionnel.\r\n"},"5":{"question":"Quelles sont les aides pour la reconversion professionnelle pour la fonction publique ?","answer":"Il existe : le Compte Personnel de Formation ou CPF, le Projet de Transition Professionnelle (PTP), la P\u00e9riode de professionnalisation (FPH) et le Cong\u00e9 de formation-mobilit\u00e9 des fonctionnaires de l\u2019\u00c9tat.\r\n<br> <a href=\" https:\/\/www.mes-allocs.fr\/guides\/aide-logement\/comment-financer-reconversion-professionnelle\/\">Lire la suite<\/a>\r\n"},"6":{"question":"Comment financer ma reconversion professionnelle si je suis salari\u00e9 ?","answer":"Vous pouvez utiliser Le Compte Personnel de Formation ou CPF.\r\n<br> <a href=\" https:\/\/www.mes-allocs.fr\/guides\/aide-logement\/comment-financer-reconversion-professionnelle\/\">Lire la suite<\/a>\r\n"},"7":{"question":"","answer":""},"8":{"question":"","answer":""},"9":{"question":"","answer":""},"10":{"question":"","answer":""},"11":{"question":"","answer":""},"12":{"question":"","answer":""},"13":{"question":"","answer":""},"14":{"question":"","answer":""},"15":{"question":"","answer":""},"16":{"question":"","answer":""}}},"_links":{"self":[{"href":"https:\/\/www.mes-allocs.fr\/guides\/wp-json\/wp\/v2\/posts\/20529","targetHints":{"allow":["GET"]}}],"collection":[{"href":"https:\/\/www.mes-allocs.fr\/guides\/wp-json\/wp\/v2\/posts"}],"about":[{"href":"https:\/\/www.mes-allocs.fr\/guides\/wp-json\/wp\/v2\/types\/post"}],"author":[{"embeddable":true,"href":"https:\/\/www.mes-allocs.fr\/guides\/wp-json\/wp\/v2\/users\/7"}],"replies":[{"embeddable":true,"href":"https:\/\/www.mes-allocs.fr\/guides\/wp-json\/wp\/v2\/comments?post=20529"}],"version-history":[{"count":22,"href":"https:\/\/www.mes-allocs.fr\/guides\/wp-json\/wp\/v2\/posts\/20529\/revisions"}],"predecessor-version":[{"id":110073,"href":"https:\/\/www.mes-allocs.fr\/guides\/wp-json\/wp\/v2\/posts\/20529\/revisions\/110073"}],"wp:featuredmedia":[{"embeddable":true,"href":"https:\/\/www.mes-allocs.fr\/guides\/wp-json\/wp\/v2\/media\/20563"}],"wp:attachment":[{"href":"https:\/\/www.mes-allocs.fr\/guides\/wp-json\/wp\/v2\/media?parent=20529"}],"wp:term":[{"taxonomy":"category","embeddable":true,"href":"https:\/\/www.mes-allocs.fr\/guides\/wp-json\/wp\/v2\/categories?post=20529"},{"taxonomy":"post_tag","embeddable":true,"href":"https:\/\/www.mes-allocs.fr\/guides\/wp-json\/wp\/v2\/tags?post=20529"}],"curies":[{"name":"wp","href":"https:\/\/api.w.org\/{rel}","templated":true}]}}