{"id":20518,"date":"2021-03-03T15:53:54","date_gmt":"2021-03-03T15:53:54","guid":{"rendered":"https:\/\/www.mes-allocs.fr\/guides\/?p=20518"},"modified":"2026-03-04T16:06:05","modified_gmt":"2026-03-04T15:06:05","slug":"reconversion-professionnelle-chomage","status":"publish","type":"post","link":"https:\/\/www.mes-allocs.fr\/guides\/reconversion-professionnelle\/reconversion-professionnelle-selon-statut\/reconversion-professionnelle-chomage\/","title":{"rendered":"La reconversion professionnelle quand vous \u00eates au ch\u00f4mage"},"content":{"rendered":"<p><a href=\"https:\/\/www.mes-allocs.fr\/guides\/wp-content\/uploads\/2021\/02\/pexels-andrew-neel-4134790-1.jpg\"><img loading=\"lazy\" decoding=\"async\" class=\"alignnone wp-image-20522 size-full\" title=\"reconversion professionnelle chomage\" src=\"https:\/\/www.mes-allocs.fr\/guides\/wp-content\/uploads\/2021\/02\/pexels-andrew-neel-4134790-1-e1614277604993.jpg\" alt=\"reconversion professionnelle chomage\" width=\"1280\" height=\"377\" \/><\/a><\/p>\n<p style=\"text-align: justify;\">[Mis \u00e0 jour le 04\/03\/2026] Vous voulez devenir auto-entrepreneur, avoir un nouvel emploi ou reprendre une formation ? On vous dit tout ce qu&rsquo;il y a \u00e0 savoir sur la <strong><a href=\"https:\/\/www.mes-allocs.fr\/guides\/reconversion-professionnelle\/\">reconversion professionnelle<\/a> quand vous \u00eates au ch\u00f4mage<\/strong> !<\/p>\n<div class='cta-block'><div class='text'>Besoin d\u2019aide dans votre reconversion ?<\/div><a href='https:\/\/www.formademia.fr\/formulaire\/coaching' class='app-button fit'>Simuler mon \u00e9ligibilit\u00e9 au coaching<\/a><\/div>\n<h1><span id=\"Demissionner_et_avoir_droit_au_chomage\">D\u00e9mission et droit au ch\u00f4mage<\/span><\/h1>\n<p>La <span data-sheets-root=\"1\" data-sheets-value=\"{&quot;1&quot;:2,&quot;2&quot;:&quot;reconversion professionnelle selon statut&quot;}\" data-sheets-userformat=\"{&quot;2&quot;:12418,&quot;4&quot;:{&quot;1&quot;:2,&quot;2&quot;:8252052},&quot;10&quot;:2,&quot;15&quot;:&quot;Arial&quot;,&quot;16&quot;:9}\"><a href=\"https:\/\/www.mes-allocs.fr\/guides\/reconversion-professionnelle\/reconversion-professionnelle-selon-statut\/\">reconversion professionnelle d\u00e9pend de votre statut<\/a>, mais rassurez-vous des conditions existent pour entamer une reconversion si vous \u00eates demandeur d&#8217;emploi.<\/span><\/p>\n<h2>Avant la d\u00e9mission<\/h2>\n<p style=\"text-align: justify;\">Pour bien r\u00e9ussir votre reconversion professionnelle, vous devez vous rapprocher du <b>CPF (Compte personnel de formation) .<\/b> Cette \u00e9tape obligatoire et pr\u00e9alable \u00e0 la d\u00e9mission vous permet de :<\/p>\n<ul>\n<li style=\"text-align: justify;\">b\u00e9n\u00e9ficier d\u2019un appui personnalis\u00e9 pour pr\u00e9parer votre projet ;<\/li>\n<li style=\"text-align: justify;\">\u00e9tudier les dispositifs alternatifs \u00e0 la d\u00e9mission que vous pouvez faire valoir pour mettre en \u0153uvre votre projet ;<\/li>\n<li style=\"text-align: justify;\">\u00e9tablir votre projet.<\/li>\n<\/ul>\n<p>Les conseils en \u00e9volution professionnelle (CEP) sont dispens\u00e9s par :<\/p>\n<ul>\n<li>l\u2019APEC pour les salari\u00e9s cadres ;<\/li>\n<li>les CAP Emploi pour les personnes en situation de handicap ;<\/li>\n<li>les les op\u00e9rateurs d\u00e9sign\u00e9s dans chaque r\u00e9gion par France Comp\u00e9tences pour les salari\u00e9s actifs.<\/li>\n<\/ul>\n<p><iframe loading=\"lazy\" title=\"La reconversion professionnelle\" width=\"500\" height=\"281\" src=\"https:\/\/www.youtube.com\/embed\/EiVUthswxl0?feature=oembed\" frameborder=\"0\" allow=\"accelerometer; autoplay; clipboard-write; encrypted-media; gyroscope; picture-in-picture; web-share\" referrerpolicy=\"strict-origin-when-cross-origin\" allowfullscreen><\/iframe><\/p>\n<h2><span id=\"Quel_type_de_demission_donne_le_droit_aux_allocations_chomage\">Qu&rsquo;est-ce qu&rsquo;une d\u00e9mission l\u00e9gitime ?<\/span><\/h2>\n<p style=\"text-align: justify;\">Un salari\u00e9 d\u00e9missionnaire peut percevoir une indemnisation au titre de l\u2019ARE en cas de d\u00e9mission consid\u00e9r\u00e9e comme l\u00e9gitime par l&rsquo; assurance ch\u00f4mage. Il peut s\u2019agir d\u2019une d\u00e9mission pour mettre fin au CDD ou au CDI.<\/p>\n<p style=\"text-align: justify;\">Pour pouvoir pr\u00e9tendre \u00e0 l\u2019allocation ch\u00f4mage, dans ce cas de d\u00e9mission pour projet de reconversion professionnelle,<strong> il vous faut remplir deux conditions sp\u00e9cifiques en plus des conditions habituelles pour toucher le ch\u00f4mage <\/strong>:<\/p>\n<ul>\n<li style=\"text-align: justify;\"><strong>D\u00e9missionner d\u2019un contrat \u00e0 dur\u00e9e ind\u00e9termin\u00e9e (CDI).<\/strong><\/li>\n<li><strong>Une dur\u00e9e d\u2019activit\u00e9 salari\u00e9e continue de 5 ans<\/strong>, chez un ou plusieurs employeurs, dans les 60 mois qui pr\u00e9c\u00e8dent votre fin de contrat de travail. Ne sont pas prises en compte les cong\u00e9s sans solde, sabbatiques et les p\u00e9riodes de disponibilit\u00e9.<\/li>\n<li><strong>Un projet de reconversion professionnelle \u00ab r\u00e9el et s\u00e9rieux \u00bb<\/strong>\u00a0: n\u00e9cessitant soit le suivi d\u2019une formation, soit un projet de cr\u00e9ation ou de reprise d\u2019entreprise.<\/li>\n<\/ul>\n<h2>Que faire si la d\u00e9mission n&rsquo;est pas consid\u00e9r\u00e9e comme l\u00e9gitime ?<\/h2>\n<p style=\"text-align: justify;\">Si votre d\u00e9mission n&rsquo;est pas consid\u00e9r\u00e9e comme l\u00e9gitime, vous pouvez demander un r\u00e9examen de votre situation 121 jours apr\u00e8s l&rsquo;\u00e9chec de votre premi\u00e8re demande. Pour pouvoir toucher les allocations ch\u00f4mage, il faudra respecter les conditions d&rsquo;ouverture des droits au ch\u00f4mage.<\/p>\n<p style=\"text-align: justify;\">Le premier versement se fera le 122e jour apr\u00e8s la fin du contrat pour lequel les allocations ch\u00f4mage avaient \u00e9t\u00e9 refus\u00e9es.<\/p>\n<h2>Le pr\u00e9avis est-il obligatoire ?<\/h2>\n<p>Vous pouvez \u00eatre dispens\u00e9 de pr\u00e9avis si vous \u00eates dans l&rsquo;un des cas suivants :<\/p>\n<ul>\n<li>D\u00e9mission\u00a0pendant la grossesse ou pour \u00e9lever un enfant.<\/li>\n<li>D\u00e9mission \u00e0 l&rsquo;issue d&rsquo;un\u00a0cong\u00e9 pour cr\u00e9ation d&rsquo;entreprise.<\/li>\n<\/ul>\n<p>Le salari\u00e9 qui n&rsquo;ex\u00e9cute pas son pr\u00e9avis peut se voir verser une indemnit\u00e9 compensatrice de pr\u00e9avis.<\/p>\n<div class='cta-block'><div class='text'>Besoin d\u2019aide dans votre reconversion ?<\/div><a href='https:\/\/www.formademia.fr\/formulaire\/coaching' class='app-button fit'>Simuler mon \u00e9ligibilit\u00e9 au coaching<\/a><\/div>\n<h1><span id=\"Demission_pour_projet_professionnel_et_allocations_chomage\">Reconversion professionnelle et ch\u00f4mage<\/span><\/h1>\n<h2><span id=\"Quelles_sont_les_conditions_pour_toucher_lARE_apres_une_demission_pour_projet_professionnel\">Quelles sont les conditions pour toucher l\u2019ARE apr\u00e8s une d\u00e9mission pour reconversion professionnelle ?<\/span><\/h2>\n<p>Depuis le 1er novembre 2019, un salari\u00e9 souhaitant quitter son emploi afin de faire une r\u00e9orientation professionnelle peut toucher l\u2019ARE. Il existe deux types de projet professionnel\u00a0:<\/p>\n<ul>\n<li><strong>les projets de reconversion qui n\u00e9cessitent une formation ;<\/strong><\/li>\n<li><strong>les projets qui visent \u00e0 cr\u00e9er ou reprendre une entreprise.<\/strong><\/li>\n<\/ul>\n<p>Seuls les projets dont le caract\u00e8re \u00ab r\u00e9el et s\u00e9rieux \u00bb a \u00e9t\u00e9\u00a0<strong>reconnu par la commission paritaire interprofessionnelle r\u00e9gionale\u00a0<\/strong>peuvent avoir droit \u00e0 l\u2019ARE.<\/p>\n<p>Pour les\u00a0<strong>projets de reconversion professionnelle n\u00e9cessitant une formation<\/strong>, la commission prend en compte les informations suivantes :<\/p>\n<ul>\n<li><strong>le projet de reconversion ;<\/strong><\/li>\n<li><strong>les caract\u00e9ristiques du m\u00e9tier souhait\u00e9 ;<\/strong><\/li>\n<li><strong>la formation envisag\u00e9e et les modalit\u00e9s de financement envisag\u00e9es ;<\/strong><\/li>\n<li><strong>les perspectives d\u2019emploi \u00e0 l\u2019issue de la formation.<\/strong><\/li>\n<\/ul>\n<p>Pour les\u00a0\u00a0<strong>projets visant \u00e0 cr\u00e9er ou reprendre une entreprise<\/strong>, la commission prend en compte les informations suivantes :<\/p>\n<ul>\n<li><strong>les caract\u00e9ristiques et les perspectives d\u2019activit\u00e9 du march\u00e9 ;<\/strong><\/li>\n<li><strong>le financement et les ressources financi\u00e8res ;<\/strong><\/li>\n<li><strong>les moyens techniques et humains de l\u2019entreprise cr\u00e9\u00e9e ou reprise.<\/strong><\/li>\n<\/ul>\n<p>Les d\u00e9missionnaires qui souhaitent b\u00e9n\u00e9ficier de l\u2019ARE doivent\u00a0<strong>avoir travaill\u00e9 de fa\u00e7on continue au minimum fix\u00e9 de 1300 jours travaill\u00e9s<\/strong>\u00a0<strong>au cours des\u00a05 ans<\/strong> (60 mois) qui pr\u00e9c\u00e8dent la d\u00e9mission.<\/p>\n<p>Des p\u00e9riodes d\u2019inactivit\u00e9 comme la maladie et les cong\u00e9s sont prises en compte de la m\u00eame fa\u00e7on que pour les demandeurs d\u2019emploi qui ont \u00e9t\u00e9 licenci\u00e9s.<\/p>\n<p>Un salari\u00e9 qui d\u00e9missionne sans avoir travaill\u00e9 1300 jours peut toutefois b\u00e9n\u00e9ficier de l\u2019 allocation ch\u00f4mage, <strong>s\u2019il a d\u00e9j\u00e0 travaill\u00e9 pendant 5 ans avant une d\u00e9mission ant\u00e9rieure<\/strong>. \u00c0 condition d\u2019avoir \u00e9t\u00e9 accompagn\u00e9 par un conseil en \u00e9volution professionnelle.<\/p>\n<h2><span id=\"Quelles_demarches_faut-il_faire\">Quelles d\u00e9marches faut-il faire aupr\u00e8s de la CPIR ?<\/span><\/h2>\n<p>Apr\u00e8s la mise en \u0153uvre de votre projet, il vous faut consulter la Commission paritaire interprofessionnelle r\u00e9gionale (CPIR). Elle jugera du caract\u00e8re \u201cr\u00e9el et s\u00e9rieux\u201d de votre projet. Puis, vous aurez 6 mois, \u00e0 compter de la notification de la d\u00e9cision de la CPIR pour vous inscrire \u00e0 France Travail et faire une demande pour l\u2019ARE si votre projet est accept\u00e9.<\/p>\n<h1><span id=\"Comment_toucher_le_chomage_apres_une_demission\">Comment toucher le ch\u00f4mage apr\u00e8s une d\u00e9mission ?<\/span><\/h1>\n<h2><span id=\"Quand_et_comment_sinscrire_a_Pole_emploi\">Quand et comment s\u2019inscrire \u00e0 France Travail ?<\/span><\/h2>\n<p>Pour s\u2019 inscrire \u00e0 France Travail, il suffit de :<\/p>\n<ul>\n<li>Cr\u00e9er un espace personnel sur le site.<\/li>\n<li>Remplir un formulaire en ligne avec ses donn\u00e9es personnelles ou venir prendre rendez-vous dans une agence France Travail.<\/li>\n<li>Renseigner les fiches de mois de salaires et le RIB.<\/li>\n<li>Cr\u00e9er un CV.<\/li>\n<li>Transmettre les justificatifs de demande d\u2019allocations.<\/li>\n<\/ul>\n<p>Vous pouvez effectuer une inscription \u00e0 France Travail d\u00e8s le lendemain de la suspension du contrat de travail mais aussi si vous \u00eates encore en activit\u00e9 salari\u00e9e. Prenez rendez-vous avec un <a href=\"https:\/\/www.formademia.fr\/formulaire\/coaching\">expert Mes Allocs<\/a> pour gagner du temps dans vos d\u00e9marches et vous faire accompagner !<\/p>\n<h2><span id=\"Comment_toucher_les_allocations_chomages\">Comment toucher les allocations ch\u00f4mage ?<\/span><\/h2>\n<p>Pour se voir verser des indemnit\u00e9s ch\u00f4mage apr\u00e8s une d\u00e9mission, il est n\u00e9cessaire de remplir les conditions suivantes :<\/p>\n<ul>\n<li>Faire les actions d\u00e9cid\u00e9es avec votre conseiller France Travail dans le cadre de votre projet personnalis\u00e9 d\u2019acc\u00e8s \u00e0 l\u2019emploi (PPAE) ;<\/li>\n<li>Vous pr\u00e9senter \u00e0 tous vos rendez-vous avec un conseiller pour faire le point ;<\/li>\n<li>Vous \u00eates demandeur d\u2019emploi et fa\u00eetes des recherches actives pour trouver un emploi ou essayez de cr\u00e9er ou de reprendre une entreprise ;<\/li>\n<li>Ne pas refuser deux fois une offre raisonnable d\u2019emploi ;<\/li>\n<li>Actualiser chaque mois votre situation en d\u00e9clarant vos revenus d\u2019activit\u00e9;<\/li>\n<li>Informer rapidement France Travail, dans un d\u00e9lai de 72 heures, si votre situation change. Si vous avez de nouveaux projets professionnels par exemple);<\/li>\n<li>Ne pas faire de fausses d\u00e9clarations.<\/li>\n<\/ul>\n<div class='cta-block'><div class='text'>Besoin d&rsquo;aide dans votre reconversion ?<\/div><a href='https:\/\/www.formademia.fr\/coaching' class='app-button fit'>En savoir plus sur notre programme<\/a><\/div>\n","protected":false},"excerpt":{"rendered":"<p>[Mis \u00e0 jour le 04\/03\/2026] Vous voulez devenir auto-entrepreneur, avoir un nouvel emploi ou reprendre une formation ? On vous dit tout ce qu&rsquo;il y a \u00e0 savoir sur la reconversion professionnelle quand vous \u00eates au ch\u00f4mage ! D\u00e9mission et droit au ch\u00f4mage La reconversion professionnelle d\u00e9pend de votre statut, mais rassurez-vous des conditions existent [&hellip;]<\/p>\n","protected":false},"author":9,"featured_media":20522,"comment_status":"open","ping_status":"open","sticky":false,"template":"","format":"standard","meta":{"amp_status":"","footnotes":""},"categories":[5081,6276],"tags":[],"class_list":["post-20518","post","type-post","status-publish","format-standard","has-post-thumbnail","hentry","category-reconversion-professionnelle","category-reconversion-professionnelle-selon-statut"],"yoast_head":"<!-- This site is optimized with the Yoast SEO plugin v14.9 - https:\/\/yoast.com\/wordpress\/plugins\/seo\/ -->\n<title>La reconversion professionnelle quand vous \u00eates au ch\u00f4mage |<\/title>\n<meta name=\"description\" content=\"Vous \u00eates au ch\u00f4mage et souhaitez savoir si vous pouvez faire une reconversion professionnelle ? On vous \u00e9claire.\" \/>\n<meta name=\"robots\" content=\"index, follow, max-snippet:-1, max-image-preview:large, max-video-preview:-1\" \/>\n<link rel=\"canonical\" href=\"https:\/\/www.mes-allocs.fr\/guides\/reconversion-professionnelle\/reconversion-professionnelle-selon-statut\/reconversion-professionnelle-chomage\/\" \/>\n<meta property=\"og:locale\" content=\"fr_FR\" \/>\n<meta property=\"og:type\" content=\"article\" \/>\n<meta property=\"og:title\" content=\"La reconversion professionnelle quand vous \u00eates au ch\u00f4mage |\" \/>\n<meta property=\"og:description\" content=\"Vous \u00eates au ch\u00f4mage et souhaitez savoir si vous pouvez faire une reconversion professionnelle ? On vous \u00e9claire.\" \/>\n<meta property=\"og:url\" content=\"https:\/\/www.mes-allocs.fr\/guides\/reconversion-professionnelle\/reconversion-professionnelle-selon-statut\/reconversion-professionnelle-chomage\/\" \/>\n<meta property=\"og:site_name\" content=\"Mes-Allocs.fr\" \/>\n<meta property=\"article:published_time\" content=\"2021-03-03T15:53:54+00:00\" \/>\n<meta property=\"article:modified_time\" content=\"2026-03-04T15:06:05+00:00\" \/>\n<meta property=\"og:image\" content=\"https:\/\/www.mes-allocs.fr\/guides\/wp-content\/uploads\/2021\/02\/pexels-andrew-neel-4134790-1.jpg?wsr\" \/>\n\t<meta property=\"og:image:width\" content=\"1280\" \/>\n\t<meta property=\"og:image:height\" content=\"853\" \/>\n<meta name=\"twitter:card\" content=\"summary_large_image\" \/>\n<script type=\"application\/ld+json\" class=\"yoast-schema-graph\">{\"@context\":\"https:\/\/schema.org\",\"@graph\":[{\"@type\":\"WebSite\",\"@id\":\"https:\/\/www.mes-allocs.fr\/guides\/#website\",\"url\":\"https:\/\/www.mes-allocs.fr\/guides\/\",\"name\":\"Mes-Allocs.fr\",\"description\":\"\",\"potentialAction\":[{\"@type\":\"SearchAction\",\"target\":\"https:\/\/www.mes-allocs.fr\/guides\/?s={search_term_string}\",\"query-input\":\"required name=search_term_string\"}],\"inLanguage\":\"fr-FR\"},{\"@type\":\"ImageObject\",\"@id\":\"https:\/\/www.mes-allocs.fr\/guides\/reconversion-professionnelle\/reconversion-professionnelle-selon-statut\/reconversion-professionnelle-chomage\/#primaryimage\",\"inLanguage\":\"fr-FR\",\"url\":\"https:\/\/www.mes-allocs.fr\/guides\/wp-content\/uploads\/2021\/02\/pexels-andrew-neel-4134790-1.jpg?wsr\",\"width\":1280,\"height\":853,\"caption\":\"reconversion professionnelle chomage\"},{\"@type\":\"WebPage\",\"@id\":\"https:\/\/www.mes-allocs.fr\/guides\/reconversion-professionnelle\/reconversion-professionnelle-selon-statut\/reconversion-professionnelle-chomage\/#webpage\",\"url\":\"https:\/\/www.mes-allocs.fr\/guides\/reconversion-professionnelle\/reconversion-professionnelle-selon-statut\/reconversion-professionnelle-chomage\/\",\"name\":\"La reconversion professionnelle quand vous \\u00eates au ch\\u00f4mage |\",\"isPartOf\":{\"@id\":\"https:\/\/www.mes-allocs.fr\/guides\/#website\"},\"primaryImageOfPage\":{\"@id\":\"https:\/\/www.mes-allocs.fr\/guides\/reconversion-professionnelle\/reconversion-professionnelle-selon-statut\/reconversion-professionnelle-chomage\/#primaryimage\"},\"datePublished\":\"2021-03-03T15:53:54+00:00\",\"dateModified\":\"2026-03-04T15:06:05+00:00\",\"author\":{\"@id\":\"https:\/\/www.mes-allocs.fr\/guides\/#\/schema\/person\/e4e762c89158b34a332446d26f02fd56\"},\"description\":\"Vous \\u00eates au ch\\u00f4mage et souhaitez savoir si vous pouvez faire une reconversion professionnelle ? On vous \\u00e9claire.\",\"inLanguage\":\"fr-FR\"},{\"@type\":\"Person\",\"@id\":\"https:\/\/www.mes-allocs.fr\/guides\/#\/schema\/person\/e4e762c89158b34a332446d26f02fd56\",\"name\":\"Marylou\",\"image\":{\"@type\":\"ImageObject\",\"@id\":\"https:\/\/www.mes-allocs.fr\/guides\/#personlogo\",\"inLanguage\":\"fr-FR\",\"url\":\"https:\/\/www.mes-allocs.fr\/guides\/wp-content\/uploads\/2021\/06\/marylou-150x150.png\",\"caption\":\"Marylou\"},\"description\":\"Marylou est r\\u00e9dactrice au sein de l'\\u00e9quipe Mes Allocs, sp\\u00e9cialiste des sujets de soci\\u00e9t\\u00e9 en g\\u00e9n\\u00e9ral. Dipl\\u00f4m\\u00e9e de l'Institut Sup\\u00e9rieur de Formation au Journalisme, elle rejoint Mes Allocs apr\\u00e8s cr\\u00e9\\u00e9 son premier blog personnel.\",\"sameAs\":[\"https:\/\/www.linkedin.com\/in\/marylou-pr\\u00e9vost\"]}]}<\/script>\n<!-- \/ Yoast SEO plugin. -->","amp_validity":null,"acf":{"faq":{"1":{"question":"Quelles conditions pour toucher le ch\u00f4mage apr\u00e8s une d\u00e9mission pour reconversion professionnelle ?","answer":"Pour pouvoir pr\u00e9tendre \u00e0 l\u2019allocation ch\u00f4mage, dans ce cas de d\u00e9mission pour projet de reconversion professionnelle, il vous faut remplir deux conditions sp\u00e9cifiques en plus des conditions habituelles pour toucher le ch\u00f4mage :\r\nD\u00e9missionner d\u2019un contrat \u00e0 dur\u00e9e ind\u00e9termin\u00e9e (CDI).\r\nUne dur\u00e9e d\u2019activit\u00e9 salari\u00e9e continue de 5 ans, chez un ou plusieurs employeurs, dans les 60 mois qui pr\u00e9c\u00e8dent votre fin de contrat de travail. Ne sont pas prises en compte les cong\u00e9s sans solde, sabbatiques et les p\u00e9riodes de disponibilit\u00e9.\r\nUn projet de reconversion professionnelle \u00ab r\u00e9el et s\u00e9rieux \u00bb\u00a0: n\u00e9cessitant soit le suivi d\u2019une formation, soit un projet de cr\u00e9ation ou de reprise d\u2019entreprise."},"2":{"question":"\u00c0 quoi sert le CPF ?","answer":"Le CPF (Compte personnel de formation) fait le point sur votre projet et vous aide \u00e0 le pr\u00e9parer.\r\n<br> <a href=\"https:\/\/www.mes-allocs.fr\/guides\/reconversion-professionnelle\/reconversion-professionnelle-chomage-apres-demission\/\">Lire la suite<\/a>\r\n"},"3":{"question":"Quelles d\u00e9marches faut-il faire aupr\u00e8s de la CPIR ?","answer":"Apr\u00e8s la mise en \u0153uvre de votre projet, il vous faut consulter la Commission paritaire interprofessionnelle r\u00e9gionale (CPIR). Elle jugera du caract\u00e8re \u201cr\u00e9el et s\u00e9rieux\u201d de votre projet. Puis, vous aurez 6 mois, \u00e0 compter de la notification de la d\u00e9cision de la CPIR pour vous inscrire \u00e0 France Travail et faire une demande pour l\u2019ARE si votre projet est accept\u00e9.\r\n"},"4":{"question":" La d\u00e9mission pour reconversion professionnelle est-elle l\u00e9gitime ? ","answer":"Une d\u00e9mission est l\u00e9gitime si vous avez un projet de\u00a0reconversion professionnelle\u00a0: n\u00e9cessitant le suivi d\u2019une formation ou un projet cr\u00e9ation ou reprise d\u2019 une entreprise.\r\n<br> <a href=\"https:\/\/www.mes-allocs.fr\/guides\/reconversion-professionnelle\/reconversion-professionnelle-chomage-apres-demission\/\">Lire la suite<\/a>\r\n"},"5":{"question":"Combien de temps de travail pour b\u00e9n\u00e9ficier de l\u2019ARE apr\u00e8s une d\u00e9mission ?","answer":"Les d\u00e9missionnaires qui souhaitent b\u00e9n\u00e9ficier de l\u2019ARE doivent\u00a0avoir travaill\u00e9 de fa\u00e7on continue au minimum fix\u00e9 de 1300 jours travaill\u00e9s\u00a0au cours des\u00a05 ans (60 mois) qui pr\u00e9c\u00e8dent la d\u00e9mission.\r\n"},"6":{"question":" Quel financement pour une reconversion professionnelle ?","answer":"Des solutions existent pour le financement de votre formation. Par exemple, lorsque l'on est salari\u00e9, il est tout \u00e0 fait possible d'utiliser son\u00a0compte personnel de formation (CPF).\r\n<br> <a href=\"https:\/\/www.mes-allocs.fr\/guides\/reconversion-professionnelle\/reconversion-professionnelle-chomage-apres-demission\/\">Lire la suite<\/a>\r\n"},"7":{"question":"","answer":""},"8":{"question":"","answer":""},"9":{"question":"","answer":""},"10":{"question":"","answer":""},"11":{"question":"","answer":""},"12":{"question":"","answer":""},"13":{"question":"","answer":""},"14":{"question":"","answer":""},"15":{"question":"","answer":""},"16":{"question":"","answer":""}}},"_links":{"self":[{"href":"https:\/\/www.mes-allocs.fr\/guides\/wp-json\/wp\/v2\/posts\/20518","targetHints":{"allow":["GET"]}}],"collection":[{"href":"https:\/\/www.mes-allocs.fr\/guides\/wp-json\/wp\/v2\/posts"}],"about":[{"href":"https:\/\/www.mes-allocs.fr\/guides\/wp-json\/wp\/v2\/types\/post"}],"author":[{"embeddable":true,"href":"https:\/\/www.mes-allocs.fr\/guides\/wp-json\/wp\/v2\/users\/9"}],"replies":[{"embeddable":true,"href":"https:\/\/www.mes-allocs.fr\/guides\/wp-json\/wp\/v2\/comments?post=20518"}],"version-history":[{"count":22,"href":"https:\/\/www.mes-allocs.fr\/guides\/wp-json\/wp\/v2\/posts\/20518\/revisions"}],"predecessor-version":[{"id":110095,"href":"https:\/\/www.mes-allocs.fr\/guides\/wp-json\/wp\/v2\/posts\/20518\/revisions\/110095"}],"wp:featuredmedia":[{"embeddable":true,"href":"https:\/\/www.mes-allocs.fr\/guides\/wp-json\/wp\/v2\/media\/20522"}],"wp:attachment":[{"href":"https:\/\/www.mes-allocs.fr\/guides\/wp-json\/wp\/v2\/media?parent=20518"}],"wp:term":[{"taxonomy":"category","embeddable":true,"href":"https:\/\/www.mes-allocs.fr\/guides\/wp-json\/wp\/v2\/categories?post=20518"},{"taxonomy":"post_tag","embeddable":true,"href":"https:\/\/www.mes-allocs.fr\/guides\/wp-json\/wp\/v2\/tags?post=20518"}],"curies":[{"name":"wp","href":"https:\/\/api.w.org\/{rel}","templated":true}]}}