{"id":20475,"date":"2021-03-08T10:36:18","date_gmt":"2021-03-08T10:36:18","guid":{"rendered":"https:\/\/www.mes-allocs.fr\/guides\/?p=20475"},"modified":"2026-03-04T15:52:09","modified_gmt":"2026-03-04T14:52:09","slug":"formation-reconversion-professionnelle","status":"publish","type":"post","link":"https:\/\/www.mes-allocs.fr\/guides\/reconversion-professionnelle\/reussir-sa-reconversion-professionnelle\/formation-reconversion-professionnelle\/","title":{"rendered":"Reconversion professionnelle : projet de formation"},"content":{"rendered":"<section class=\"block-article-link color-candidat\"><img loading=\"lazy\" decoding=\"async\" class=\"alignnone wp-image-20479 size-full\" title=\"formation reconversion professionnelle\" src=\"https:\/\/www.mes-allocs.fr\/guides\/wp-content\/uploads\/2021\/02\/pexels-startup-stock-photos-7075-1-e1614206027598.jpg\" alt=\"formation reconversion professionnelle\" width=\"1920\" height=\"542\" srcset=\"https:\/\/www.mes-allocs.fr\/guides\/wp-content\/uploads\/2021\/02\/pexels-startup-stock-photos-7075-1-e1614206027598.jpg 1920w, https:\/\/www.mes-allocs.fr\/guides\/wp-content\/uploads\/2021\/02\/pexels-startup-stock-photos-7075-1-e1614206027598-300x85.jpg 300w, https:\/\/www.mes-allocs.fr\/guides\/wp-content\/uploads\/2021\/02\/pexels-startup-stock-photos-7075-1-e1614206027598-1024x289.jpg 1024w, https:\/\/www.mes-allocs.fr\/guides\/wp-content\/uploads\/2021\/02\/pexels-startup-stock-photos-7075-1-e1614206027598-768x217.jpg 768w, https:\/\/www.mes-allocs.fr\/guides\/wp-content\/uploads\/2021\/02\/pexels-startup-stock-photos-7075-1-e1614206027598-1536x434.jpg 1536w, https:\/\/www.mes-allocs.fr\/guides\/wp-content\/uploads\/2021\/02\/pexels-startup-stock-photos-7075-1-e1614206027598-600x169.jpg 600w\" sizes=\"auto, (max-width: 1920px) 100vw, 1920px\" \/>[Mis \u00e0 jour le 04\/03\/2026] Vous souhaitez avoir une nouvelle vie professionnelle ? Dans ce cas, vous pouvez faire une <a href=\"https:\/\/www.mes-allocs.fr\/guides\/reconversion-professionnelle\/\">reconversion professionnelle<\/a> apr\u00e8s une d\u00e9mission. On vous dit tout ce qu&rsquo;il y a \u00e0 savoir sur la <strong>reconversion professionnelle pour une formation<\/strong> !<\/p>\n<h1 style=\"text-align: justify;\"><span id=\"Demissionner_et_avoir_droit_au_chomage\" style=\"font-size: 24pt;\">D\u00e9mission et droit au ch\u00f4mage<\/span><\/h1>\n<h2>Quels types de d\u00e9missions donne droit \u00e0 l&rsquo;ARE ?<\/h2>\n<\/section>\n<section class=\"block-article-link color-candidat\">Un salari\u00e9 d\u00e9missionnaire peut percevoir une indemnisation au titre de l\u2019ARE en cas de d\u00e9mission consid\u00e9r\u00e9e comme l\u00e9gitime l&rsquo; assurance ch\u00f4mage. Il peut s\u2019agir d\u2019une d\u00e9mission pour mettre fin au CDI. Il faut savoir qu&rsquo;une d\u00e9mission est consid\u00e9r\u00e9e comme l\u00e9gitime si vous :<\/section>\n<section class=\"block-article-link color-candidat\">\n<ul>\n<li>Fa\u00eetes un\u00a0<strong>D\u00e9m\u00e9nagement<\/strong>.<\/li>\n<li><strong>D\u00e9missionnez d\u2019un nouvel emploi apr\u00e8s avoir \u00e9t\u00e9 licenci\u00e9.<\/strong><\/li>\n<li><strong>Partez pour faire une formation qualifiante.<\/strong><\/li>\n<li><strong>N\u2019avez pas re\u00e7u votre salaire\u00a0<\/strong>partiellement ou enti\u00e8rement.<\/li>\n<li><a href=\"https:\/\/www.mes-allocs.fr\/guides\/pole-emploi\/droit-au-chomage\/droit-au-chomage-apres-une-demission\/droit-chomage-demission-harcelement\/\"><strong>Subissez des actes d\u00e9lictueux<\/strong><\/a>\u00a0dans le cadre de votre travail.<\/li>\n<li>Avez un projet de\u00a0<strong>reconversion professionnelle<\/strong>\u00a0: n\u00e9cessitant le suivi d\u2019une formation ou un projet cr\u00e9ation ou reprise d\u2019 une entreprise.<\/li>\n<li>Souhaitez\u00a0<strong>exercer un nouvel emploi.<\/strong><\/li>\n<li>Souhaitez faire un contrat de\u00a0<strong>service civique ou de volontariat.<\/strong><\/li>\n<\/ul>\n<\/section>\n<section class=\"block-article-link color-transverse\">Pour pouvoir pr\u00e9tendre \u00e0 l\u2019allocation ch\u00f4mage, dans ce cas de d\u00e9mission pour projet de reconversion professionnelle,<strong> il vous faut remplir deux conditions sp\u00e9cifiques en plus des conditions habituelles pour toucher le ch\u00f4mage <\/strong>:<\/p>\n<ul>\n<li><strong>D\u00e9missionner d\u2019un contrat \u00e0 dur\u00e9e ind\u00e9termin\u00e9e (CDI).<\/strong><\/li>\n<li><strong>Une dur\u00e9e d\u2019activit\u00e9 salari\u00e9e continue de 5 ans<\/strong>, chez un ou plusieurs employeurs, dans les 60 mois qui pr\u00e9c\u00e8dent votre fin de contrat de travail. Ne sont pas prises en compte les cong\u00e9s sans solde, sabbatiques et les p\u00e9riodes de disponibilit\u00e9.<\/li>\n<li><strong>Un projet de reconversion professionnelle \u00ab r\u00e9el et s\u00e9rieux \u00bb<\/strong>\u00a0: n\u00e9cessitant soit le suivi d\u2019une formation, soit un projet de cr\u00e9ation ou de reprise d\u2019entreprise.<\/li>\n<\/ul>\n<\/section>\n<div class='cta-block'><div class='text'>Besoin d\u2019aide dans votre reconversion ?<\/div><a href='https:\/\/www.formademia.fr\/formulaire\/coaching' class='app-button fit'>Simuler mon \u00e9ligibilit\u00e9 au coaching<\/a><\/div>\n<section class=\"block-article-link color-transverse\">\n<h2><span id=\"Quelles_sont_les_conditions_pour_toucher_lARE_apres_une_demission_pour_projet_professionnel\">Quelles sont les conditions pour toucher l\u2019ARE apr\u00e8s une d\u00e9mission pour reconversion professionnelle ?<\/span><\/h2>\n<p>Depuis le 1er novembre 2019, un salari\u00e9 souhaitant quitter son emploi afin de faire une r\u00e9orientation professionnelle peut toucher l\u2019ARE. Il existe deux types de projet professionnel\u00a0:<\/p>\n<ul>\n<li><strong>les projets de reconversion qui n\u00e9cessitent une formation,<\/strong><\/li>\n<li><strong>les projets qui visent \u00e0 cr\u00e9er ou reprendre une entreprise.<\/strong><\/li>\n<\/ul>\n<p>Seuls les projets dont le caract\u00e8re \u00ab r\u00e9el et s\u00e9rieux \u00bb a \u00e9t\u00e9\u00a0<strong>reconnu par la commission paritaire interprofessionnelle r\u00e9gionale\u00a0<\/strong>peuvent avoir droit \u00e0 l\u2019ARE.<\/p>\n<p>Pour les\u00a0<strong>projets de reconversion n\u00e9cessitant une formation<\/strong>, la commission prend en compte les informations suivantes :<\/p>\n<ul>\n<li><strong>le projet de reconversion ;<\/strong><\/li>\n<li><strong>les caract\u00e9ristiques du m\u00e9tier souhait\u00e9 ;<\/strong><\/li>\n<li><strong>la formation professionnelle envisag\u00e9e et les modalit\u00e9s de financement envisag\u00e9es ;<\/strong><\/li>\n<li><strong>les perspectives d\u2019emploi \u00e0 l\u2019issue de la formation.<\/strong><\/li>\n<\/ul>\n<p>Pour les <strong>projets visant \u00e0 cr\u00e9er ou reprendre une entreprise<\/strong>, la commission prend en compte les informations suivantes :<\/p>\n<ul>\n<li><strong>les caract\u00e9ristiques et les perspectives d\u2019activit\u00e9 du march\u00e9 ;<\/strong><\/li>\n<li><strong>le financement et les ressources financi\u00e8res ;<\/strong><\/li>\n<li><strong>les moyens techniques et humains de l\u2019entreprise cr\u00e9\u00e9e ou reprise.<\/strong><\/li>\n<\/ul>\n<p>Les d\u00e9missionnaires qui souhaitent b\u00e9n\u00e9ficier de l\u2019ARE dans le cadre d\u2019un projet de reconversion professionnelle l\u00e9gitime doivent justifier d\u2019au moins 1 300 jours travaill\u00e9s ou assimil\u00e9s au cours des 5 derni\u00e8res ann\u00e9es (60 mois) pr\u00e9c\u00e9dant la fin du contrat de travail.<\/p>\n<p>Toutes p\u00e9riodes d\u2019inactivit\u00e9 comme la maladie et les cong\u00e9s sont prises en compte de la m\u00eame fa\u00e7on que pour les demandeurs d\u2019emploi qui ont \u00e9t\u00e9 licenci\u00e9s.<\/p>\n<p>Un salari\u00e9 qui d\u00e9missionne sans avoir travaill\u00e9 1 300 jours peut toutefois b\u00e9n\u00e9ficier de l\u2019ARE, <strong>s\u2019il a d\u00e9j\u00e0 travaill\u00e9 pendant 5 ans avant une d\u00e9mission ant\u00e9rieure<\/strong>. \u00c0 condition d\u2019avoir \u00e9t\u00e9 accompagn\u00e9 par un conseil en \u00e9volution professionnelle.<\/p>\n<div class='cta-block'><div class='text'>Besoin d&rsquo;aide dans votre reconversion ?<\/div><a href='https:\/\/www.formademia.fr\/coaching' class='app-button fit'>En savoir plus sur notre programme<\/a><\/div>\n<p><iframe loading=\"lazy\" title=\"La reconversion professionnelle\" width=\"500\" height=\"281\" src=\"https:\/\/www.youtube.com\/embed\/EiVUthswxl0?feature=oembed\" frameborder=\"0\" allow=\"accelerometer; autoplay; clipboard-write; encrypted-media; gyroscope; picture-in-picture; web-share\" referrerpolicy=\"strict-origin-when-cross-origin\" allowfullscreen><\/iframe><\/p>\n<h1><span style=\"font-size: 24pt;\">Quelles d\u00e9marches faire avant et apr\u00e8s une d\u00e9mission ?<\/span><\/h1>\n<h2>Demander un conseil en \u00e9volution professionnelle avec la d\u00e9mission<\/h2>\n<p>Pour bien <a href=\"https:\/\/www.mes-allocs.fr\/guides\/reconversion-professionnelle\/reussir-sa-reconversion-professionnelle\/\">r\u00e9ussir votre reconversion professionnelle<\/a>, vous devez vous rapprocher du <b>CPF (Compte personnel de formation) de transition.<\/b> Cette \u00e9tape obligatoire et pr\u00e9alable \u00e0 la d\u00e9mission vous permet de :<\/p>\n<ul>\n<li>b\u00e9n\u00e9ficier d\u2019un appui personnalis\u00e9 pour pr\u00e9parer votre projet ;<\/li>\n<li>\u00e9tudier les dispositifs alternatifs \u00e0 la d\u00e9mission que vous pouvez faire valoir pour mettre en \u0153uvre votre projet ;<\/li>\n<li>\u00e9tablir votre projet.<\/li>\n<\/ul>\n<p>Les conseils en \u00e9volution professionnelle (CEP) sont dispens\u00e9s jusqu\u2019au 31 d\u00e9cembre 2019 par :<\/p>\n<ul>\n<li>l\u2019APEC pour les salari\u00e9s cadres ;<\/li>\n<li>les CAP Emploi pour les personnes en situation de handicap ;<\/li>\n<li>les FONGECIFS pour les salari\u00e9s actifs (ils seront remplac\u00e9s \u00e0 compter de 2020, par les op\u00e9rateurs d\u00e9sign\u00e9s dans chaque r\u00e9gion par France Comp\u00e9tences).<\/li>\n<\/ul>\n<p>Le CPF vous aidera \u00e0 faire le bon choix. Il vous aidera \u00e0 faire le point sur votre projet.<\/p>\n<h2><span id=\"Quelles_demarches_faut-il_faire\">Quelles d\u00e9marches faut-il faire aupr\u00e8s de la CPIR ?<\/span><\/h2>\n<p>Apr\u00e8s la mise en \u0153uvre de votre projet, il vous faut consulter la Commission paritaire interprofessionnelle r\u00e9gionale (CPIR). Elle jugera du caract\u00e8re \u201cr\u00e9el et s\u00e9rieux\u201d de votre projet. Puis, vous aurez 6 mois, \u00e0 compter de la notification de la d\u00e9cision de la CPIR pour vous inscrire \u00e0 France Travail et faire une demande pour l\u2019ARE si votre projet est accept\u00e9.<\/p>\n<div class='cta-block'><div class='text'>Besoin d&rsquo;aide dans votre reconversion ?<\/div><a href='https:\/\/www.formademia.fr\/coaching' class='app-button fit'>En savoir plus sur notre programme<\/a><\/div>\n<h1><span style=\"font-size: 24pt;\">Les \u00e9tapes de la reconversion<\/span><\/h1>\n<h2>D\u00e9finissez vos objectifs<\/h2>\n<p>Il est n\u00e9cessaire de faire un bilan personnel : un bilan de vos comp\u00e9tences et de vos centres d&rsquo;int\u00e9r\u00eat.<\/p>\n<p>Pour \u00e9valuer vos besoins en terme de formation, France Travail vous propose :<\/p>\n<ul>\n<li>Une \u00e9valuation des comp\u00e9tences et capacit\u00e9s professionnelles (ECCP) qui permet de mesurer les \u00e9carts entre vos comp\u00e9tences et les besoins des entreprises.<\/li>\n<li>Un atelier \u00ab Pr\u00e9parer son projet de formation \u00bb qui vous accompagne au d\u00e9but de votre r\u00e9flexion sur votre projet de formation.<\/li>\n<\/ul>\n<p>Lorsque vous souhaitez changer de m\u00e9tier, informez-vous sur l\u2019environnement du secteur dans lequel vous envisagez de trouver un travail. Consultez les offres de formation attentivement. Vous suivrez une formation pour au moins les 2 prochaines ann\u00e9es.<\/p>\n<section class=\"block-article-link color-transverse\">Lorsque votre <strong>objectif\u00a0 est d\u00e9fini<\/strong>,\u00a0 <strong>posez les bonnes questions :<\/strong>\u00a0 Quel est mon avenir professionnel ? Concernant le temps de formation, suis-je pr\u00eat(e) \u00e0 faire une formation courte ou longue ? Ma situation professionnelle et personnelle me permettent-elles de faire cette reconversion ?<\/section>\n<section><\/section>\n<\/section>\n<section><\/section>\n<section>Prenez en compte les contraintes de votre formation. Et choisissez une formation en fonction de votre profil. Formation initiale pour les \u00e9tudiants, formation continue pour les personnes qui sont sur le march\u00e9 du travail.<\/section>\n<section><\/section>\n<section class=\"block-article-link color-transverse\">\n<section class=\"block-article-link color-transverse\">Parmi la multitude de dipl\u00f4mes et certifications existants, vous pouvez avoir des difficult\u00e9s \u00e0 trouver ce qui vous convient. Le <strong>RNCP (R\u00e9pertoire National des Certifications Professionnelles)<\/strong> est un registre public ayant pour objectif de tenir \u00e0 disposition du public des informations \u00e0 jour sur les dipl\u00f4mes, les titres et les certificats de qualification. Sont enregistr\u00e9s ceux qui b\u00e9n\u00e9ficient d\u2019une reconnaissance officielle de l\u2019Etat sur tout le territoire.\u00a0<\/section>\n<section class=\"block-article-link color-transverse\">L\u2019alternance peut s&rsquo;int\u00e9grer dans un projet de reconversion professionnelle pour leur permettre d\u2019acqu\u00e9rir les qualifications requises. En effet le contrat de professionnalisation vous permettra de vous adapter plus rapidement \u00e0 votre nouveau domaine.<\/section>\n<section>Un stage pratique en entreprise pourra aussi vous \u00eatre utile pour savoir si vous souhaitez vraiment vous r\u00e9orienter.<\/section>\n<section class=\"block-article-link color-transverse\">\n<h2>Anticipez<\/h2>\n<p>Votre d\u00e9marche de reconversion vous para\u00eet \u00e9vidente, mais ce n&rsquo;est pas forc\u00e9ment le cas de vos futurs interlocuteurs (recruteurs, banquiers, investisseurs, accompagnateurs et r\u00e9seaux professionnels). Fa\u00eetes un plan d&rsquo; action en construisant un r\u00e9tro planning.<\/p>\n<p>Vous serez amen\u00e9 \u00e0 faire la publicit\u00e9 de cotre projet aupr\u00e8s de recruteurs, banquiers, investisseurs, accompagnateurs et r\u00e9seaux professionnels. Vous devrez vous exprimer \u00e0 votre sujet ainsi que sur vos exp\u00e9riences professionnelles et votre projet actuel. Pensez \u00e0 pr\u00e9parer des discours qui pourront les convaincre.<\/p>\n<p><strong>\u00c9crivez votre CV <\/strong>de fa\u00e7on \u00e0 montrer votre cheminement personnel et vos comp\u00e9tences.<\/p>\n<p>Vous devez pr\u00e9parer votre entretien oral. N&rsquo;h\u00e9sitez pas \u00e0 parler de ce qui vous a conduit \u00e0 cette d\u00e9marche de reconversion, de vos comp\u00e9tences et de celles requises par le nouveau m\u00e9tier. Vous devez montrer que votre d\u00e9cision est coh\u00e9rente et r\u00e9alisable.<\/p>\n<p>Vous devez prouver que vous \u00eates capable de rentrer dan ce nouvel univers. Ce choix de reconversion doit venir de la passion, de l&rsquo;envie.<\/p>\n<h2>Le financement<\/h2>\n<p>Des solutions existent pour le financement de votre formation. Par exemple, lorsque l&rsquo;on est <strong>salari\u00e9<\/strong>, il est tout \u00e0 fait possible d&rsquo;utiliser son\u00a0compte personnel de formation (CPF).<\/p>\n<p>En ce qui concerne la\u00a0<strong>cr\u00e9ation d&rsquo;entreprise<\/strong>, certaines r\u00e9gions multiplient les aides \u00e0 destination des porteurs de projet : aides financi\u00e8res \u00e0 l&rsquo;implantation et \u00e0 l&#8217;embauche, aide mat\u00e9rielle via des locaux, accompagnement par des professionnels.<\/p>\n<p>Si dans certaines r\u00e9gions, il existe un dispositif global qui mutualise les ressources du Conseil r\u00e9gional, des CCI, des p\u00e9pini\u00e8res d&rsquo;entreprises et qui offre un accompagnement personnalis\u00e9, dans d&rsquo;autres r\u00e9gions, il vous faudra frapper \u00e0 la porte de chacun de ses organismes.<\/p>\n<p>Dans tous les cas, expliquez votre situation \u00e0 un\u00a0<strong>conseiller France Travail <\/strong>qui fera le n\u00e9cessaire pour vous orienter vers les bons interlocuteurs.<\/p>\n<div class='cta-block'><div class='text'>Besoin d&rsquo;aide dans votre reconversion ?<\/div><a href='https:\/\/www.formademia.fr\/coaching' class='app-button fit'>En savoir plus sur notre programme<\/a><\/div>\n<\/section>\n<\/section>\n","protected":false},"excerpt":{"rendered":"<p>[Mis \u00e0 jour le 04\/03\/2026] Vous souhaitez avoir une nouvelle vie professionnelle ? Dans ce cas, vous pouvez faire une reconversion professionnelle apr\u00e8s une d\u00e9mission. On vous dit tout ce qu&rsquo;il y a \u00e0 savoir sur la reconversion professionnelle pour une formation ! D\u00e9mission et droit au ch\u00f4mage Quels types de d\u00e9missions donne droit \u00e0 [&hellip;]<\/p>\n","protected":false},"author":6,"featured_media":20479,"comment_status":"open","ping_status":"open","sticky":false,"template":"","format":"standard","meta":{"amp_status":"","footnotes":""},"categories":[5081,5380],"tags":[],"class_list":["post-20475","post","type-post","status-publish","format-standard","has-post-thumbnail","hentry","category-reconversion-professionnelle","category-reussir-sa-reconversion-professionnelle"],"yoast_head":"<!-- This site is optimized with the Yoast SEO plugin v14.9 - https:\/\/yoast.com\/wordpress\/plugins\/seo\/ -->\n<title>Reconversion professionnelle : projet de formation | Mes-Allocs.fr<\/title>\n<meta name=\"description\" content=\"Vous voulez changer de vie ? On vous dit tout ce qu&#039;il y a \u00e0 savoir sur la reconversion professionnelle pour un projet de formation !\" \/>\n<meta name=\"robots\" content=\"index, follow, max-snippet:-1, max-image-preview:large, max-video-preview:-1\" \/>\n<link rel=\"canonical\" href=\"https:\/\/www.mes-allocs.fr\/guides\/reconversion-professionnelle\/reussir-sa-reconversion-professionnelle\/formation-reconversion-professionnelle\/\" \/>\n<meta property=\"og:locale\" content=\"fr_FR\" \/>\n<meta property=\"og:type\" content=\"article\" \/>\n<meta property=\"og:title\" content=\"Reconversion professionnelle : projet de formation | Mes-Allocs.fr\" \/>\n<meta property=\"og:description\" content=\"Vous voulez changer de vie ? On vous dit tout ce qu&#039;il y a \u00e0 savoir sur la reconversion professionnelle pour un projet de formation !\" \/>\n<meta property=\"og:url\" content=\"https:\/\/www.mes-allocs.fr\/guides\/reconversion-professionnelle\/reussir-sa-reconversion-professionnelle\/formation-reconversion-professionnelle\/\" \/>\n<meta property=\"og:site_name\" content=\"Mes-Allocs.fr\" \/>\n<meta property=\"article:published_time\" content=\"2021-03-08T10:36:18+00:00\" \/>\n<meta property=\"article:modified_time\" content=\"2026-03-04T14:52:09+00:00\" \/>\n<meta property=\"og:image\" content=\"https:\/\/www.mes-allocs.fr\/guides\/wp-content\/uploads\/2021\/02\/pexels-startup-stock-photos-7075-1-e1614206027598.jpg?wsr\" \/>\n\t<meta property=\"og:image:width\" content=\"1920\" \/>\n\t<meta property=\"og:image:height\" content=\"542\" \/>\n<meta name=\"twitter:card\" content=\"summary_large_image\" \/>\n<script type=\"application\/ld+json\" class=\"yoast-schema-graph\">{\"@context\":\"https:\/\/schema.org\",\"@graph\":[{\"@type\":\"WebSite\",\"@id\":\"https:\/\/www.mes-allocs.fr\/guides\/#website\",\"url\":\"https:\/\/www.mes-allocs.fr\/guides\/\",\"name\":\"Mes-Allocs.fr\",\"description\":\"\",\"potentialAction\":[{\"@type\":\"SearchAction\",\"target\":\"https:\/\/www.mes-allocs.fr\/guides\/?s={search_term_string}\",\"query-input\":\"required name=search_term_string\"}],\"inLanguage\":\"fr-FR\"},{\"@type\":\"ImageObject\",\"@id\":\"https:\/\/www.mes-allocs.fr\/guides\/reconversion-professionnelle\/reussir-sa-reconversion-professionnelle\/formation-reconversion-professionnelle\/#primaryimage\",\"inLanguage\":\"fr-FR\",\"url\":\"https:\/\/www.mes-allocs.fr\/guides\/wp-content\/uploads\/2021\/02\/pexels-startup-stock-photos-7075-1-e1614206027598.jpg?wsr\",\"width\":1920,\"height\":542,\"caption\":\"formation reconversion professionnelle\"},{\"@type\":\"WebPage\",\"@id\":\"https:\/\/www.mes-allocs.fr\/guides\/reconversion-professionnelle\/reussir-sa-reconversion-professionnelle\/formation-reconversion-professionnelle\/#webpage\",\"url\":\"https:\/\/www.mes-allocs.fr\/guides\/reconversion-professionnelle\/reussir-sa-reconversion-professionnelle\/formation-reconversion-professionnelle\/\",\"name\":\"Reconversion professionnelle : projet de formation | Mes-Allocs.fr\",\"isPartOf\":{\"@id\":\"https:\/\/www.mes-allocs.fr\/guides\/#website\"},\"primaryImageOfPage\":{\"@id\":\"https:\/\/www.mes-allocs.fr\/guides\/reconversion-professionnelle\/reussir-sa-reconversion-professionnelle\/formation-reconversion-professionnelle\/#primaryimage\"},\"datePublished\":\"2021-03-08T10:36:18+00:00\",\"dateModified\":\"2026-03-04T14:52:09+00:00\",\"author\":{\"@id\":\"https:\/\/www.mes-allocs.fr\/guides\/#\/schema\/person\/0ecd61a8600573914d00d970a588c024\"},\"description\":\"Vous voulez changer de vie ? On vous dit tout ce qu'il y a \\u00e0 savoir sur la reconversion professionnelle pour un projet de formation !\",\"inLanguage\":\"fr-FR\"},{\"@type\":\"Person\",\"@id\":\"https:\/\/www.mes-allocs.fr\/guides\/#\/schema\/person\/0ecd61a8600573914d00d970a588c024\",\"name\":\"Jonathan\",\"image\":{\"@type\":\"ImageObject\",\"@id\":\"https:\/\/www.mes-allocs.fr\/guides\/#personlogo\",\"inLanguage\":\"fr-FR\",\"url\":\"https:\/\/www.mes-allocs.fr\/guides\/wp-content\/uploads\/2021\/06\/jonathan-150x150.png\",\"caption\":\"Jonathan\"},\"description\":\"Jonathan est r\\u00e9dacteur au sein de l'\\u00e9quipe Mes Allocs, sp\\u00e9cialis\\u00e9 sur les sujets li\\u00e9s au handicap. Dipl\\u00f4m\\u00e9e de l'UPEM, il rejoint Mes Allocs apr\\u00e8s avoir travaill\\u00e9 \\u00e0 l'association AEDE qui accompagne les adultes en situation de handicap. Quand il n'\\u00e9crit pas, on peut le retrouver sur un terrain de basket.\",\"sameAs\":[\"https:\/\/www.linkedin.com\/in\/jonathan-bambela-8637861b7\"]}]}<\/script>\n<!-- \/ Yoast SEO plugin. -->","amp_validity":null,"acf":{"faq":{"1":{"question":"Quelles conditions pour toucher le ch\u00f4mage apr\u00e8s une d\u00e9mission pour reconversion professionnelle ?","answer":"Pour pouvoir pr\u00e9tendre \u00e0 l\u2019allocation ch\u00f4mage, dans ce cas de d\u00e9mission pour projet de reconversion professionnelle, il vous faut remplir deux conditions sp\u00e9cifiques en plus des conditions habituelles pour toucher le ch\u00f4mage :\r\nD\u00e9missionner d\u2019un contrat \u00e0 dur\u00e9e ind\u00e9termin\u00e9e (CDI).\r\nUne dur\u00e9e d\u2019activit\u00e9 salari\u00e9e continue de 5 ans, chez un ou plusieurs employeurs, dans les 60 mois qui pr\u00e9c\u00e8dent votre fin de contrat de travail. Ne sont pas prises en compte les cong\u00e9s sans solde, sabbatiques et les p\u00e9riodes de disponibilit\u00e9.\r\nUn projet de reconversion professionnelle \u00ab r\u00e9el et s\u00e9rieux \u00bb\u00a0: n\u00e9cessitant soit le suivi d\u2019une formation, soit un projet de cr\u00e9ation ou de reprise d\u2019entreprise.\r\n\r\n<br> <a href=\"https:\/\/www.mes-allocs.fr\/guides\/reconversion-professionnelle\/reussi-sa-reconversion-professionnelle\/reconversion-professionnelle-projet-formation\/ \">Lire la suite<\/a>\r\n"},"2":{"question":"\u00c0 quoi sert le CPF ?","answer":"Le Compte personnel de formation (CPF) fait le point sur votre projet et vous aide \u00e0 le pr\u00e9parer."},"3":{"question":"Quelles d\u00e9marches faut-il faire aupr\u00e8s de la CPIR ?","answer":"Apr\u00e8s la mise en \u0153uvre de votre projet, il vous faut consulter la Commission paritaire interprofessionnelle r\u00e9gionale (CPIR). Elle jugera du caract\u00e8re \u201cr\u00e9el et s\u00e9rieux\u201d de votre projet. Puis, vous aurez 6 mois, \u00e0 compter de la notification de la d\u00e9cision de la CPIR pour vous inscrire \u00e0 France Travail et faire une demande pour l\u2019ARE si votre projet est accept\u00e9.\r\n<br> <a href=\"https:\/\/www.mes-allocs.fr\/guides\/reconversion-professionnelle\/reussi-sa-reconversion-professionnelle\/reconversion-professionnelle-projet-formation\/ \">Lire la suite<\/a>\r\n"},"4":{"question":"La d\u00e9mission pour reconversion professionnelle est-elle l\u00e9gitime ? ","answer":"Une d\u00e9mission est l\u00e9gitime si vous avez un projet de\u00a0reconversion professionnelle\u00a0: n\u00e9cessitant le suivi d\u2019une formation ou un projet cr\u00e9ation ou reprise d\u2019 une entreprise."},"5":{"question":"Combien de temps de travail pour b\u00e9n\u00e9ficier de l\u2019ARE apr\u00e8s une d\u00e9mission ?","answer":"Les d\u00e9missionnaires qui souhaitent b\u00e9n\u00e9ficier de l\u2019ARE doivent\u00a0avoir travaill\u00e9 de fa\u00e7on continue au minimum fix\u00e9 de 1300 jours travaill\u00e9s\u00a0au cours des\u00a05 ans (60 mois) qui pr\u00e9c\u00e8dent la d\u00e9mission.\r\n<br> <a href=\"https:\/\/www.mes-allocs.fr\/guides\/reconversion-professionnelle\/reussi-sa-reconversion-professionnelle\/reconversion-professionnelle-projet-formation\/ \">Lire la suite<\/a>\r\n"},"6":{"question":" Quel financement pour une reconversion professionnelle ?","answer":"Des solutions existent pour le financement de votre formation. Par exemple, lorsque l'on est salari\u00e9, il est tout \u00e0 fait possible d'utiliser son\u00a0compte personnel de formation (CPF)."},"7":{"question":"","answer":""},"8":{"question":"","answer":""},"9":{"question":"","answer":""},"10":{"question":"","answer":""},"11":{"question":"","answer":""},"12":{"question":"","answer":""},"13":{"question":"","answer":""},"14":{"question":"","answer":""},"15":{"question":"","answer":""},"16":{"question":"","answer":""}}},"_links":{"self":[{"href":"https:\/\/www.mes-allocs.fr\/guides\/wp-json\/wp\/v2\/posts\/20475","targetHints":{"allow":["GET"]}}],"collection":[{"href":"https:\/\/www.mes-allocs.fr\/guides\/wp-json\/wp\/v2\/posts"}],"about":[{"href":"https:\/\/www.mes-allocs.fr\/guides\/wp-json\/wp\/v2\/types\/post"}],"author":[{"embeddable":true,"href":"https:\/\/www.mes-allocs.fr\/guides\/wp-json\/wp\/v2\/users\/6"}],"replies":[{"embeddable":true,"href":"https:\/\/www.mes-allocs.fr\/guides\/wp-json\/wp\/v2\/comments?post=20475"}],"version-history":[{"count":28,"href":"https:\/\/www.mes-allocs.fr\/guides\/wp-json\/wp\/v2\/posts\/20475\/revisions"}],"predecessor-version":[{"id":110087,"href":"https:\/\/www.mes-allocs.fr\/guides\/wp-json\/wp\/v2\/posts\/20475\/revisions\/110087"}],"wp:featuredmedia":[{"embeddable":true,"href":"https:\/\/www.mes-allocs.fr\/guides\/wp-json\/wp\/v2\/media\/20479"}],"wp:attachment":[{"href":"https:\/\/www.mes-allocs.fr\/guides\/wp-json\/wp\/v2\/media?parent=20475"}],"wp:term":[{"taxonomy":"category","embeddable":true,"href":"https:\/\/www.mes-allocs.fr\/guides\/wp-json\/wp\/v2\/categories?post=20475"},{"taxonomy":"post_tag","embeddable":true,"href":"https:\/\/www.mes-allocs.fr\/guides\/wp-json\/wp\/v2\/tags?post=20475"}],"curies":[{"name":"wp","href":"https:\/\/api.w.org\/{rel}","templated":true}]}}