{"id":20448,"date":"2021-03-08T10:12:27","date_gmt":"2021-03-08T10:12:27","guid":{"rendered":"https:\/\/www.mes-allocs.fr\/guides\/?p=20448"},"modified":"2026-03-04T15:13:31","modified_gmt":"2026-03-04T14:13:31","slug":"demission-reconversion-professionnelle","status":"publish","type":"post","link":"https:\/\/www.mes-allocs.fr\/guides\/reconversion-professionnelle\/reussir-sa-reconversion-professionnelle\/demission-reconversion-professionnelle\/","title":{"rendered":"Reconversion professionnelle et d\u00e9mission : comment toucher le ch\u00f4mage ?"},"content":{"rendered":"<section class=\"block-article-head text-center\"><a href=\"https:\/\/www.mes-allocs.fr\/guides\/wp-content\/uploads\/2021\/02\/pexels-christina-morillo-1181605-1-1.jpg\"><img loading=\"lazy\" decoding=\"async\" class=\"alignnone wp-image-20472 size-full\" title=\"d\u00e9mission pour reconversion professionnelle\" src=\"https:\/\/www.mes-allocs.fr\/guides\/wp-content\/uploads\/2021\/02\/pexels-christina-morillo-1181605-1-1-e1614187909371.jpg\" alt=\"d\u00e9mission pour reconversion professionnelle\" width=\"1280\" height=\"416\" \/><\/a><\/p>\n<p class=\"t3 text-center\" style=\"text-align: justify;\">[Mis \u00e0 jour le 04\/03\/2026] Vous souhaitez quitter votre emploi pour r\u00e9aliser une reconversion professionnelle\u00a0 ? On vous explique comment r\u00e9aliser votre <strong>d\u00e9mission pour une\u00a0<a href=\"https:\/\/www.mes-allocs.fr\/guides\/reconversion-professionnelle\/\">reconversion professionnelle<\/a><\/strong>.<\/p>\n<div class='cta-block'><div class='text'>Besoin d\u2019aide dans votre reconversion ?<\/div><a href='https:\/\/www.formademia.fr\/formulaire\/coaching' class='app-button fit'>Simuler mon \u00e9ligibilit\u00e9 au coaching<\/a><\/div>\n<\/section>\n<div class=\"row\">\n<div class=\"col-md-8 col-main-content\" style=\"text-align: justify;\">\n<article class=\"article-content-left\">\n<section class=\"block-article-img-full color-candidat\">\n<section class=\"block-article-link color-candidat\">\n<h1><span id=\"Demissionner_et_avoir_droit_au_chomage\" style=\"font-size: 24pt;\">D\u00e9mission et droit au ch\u00f4mage dans le cadre d&rsquo;une reconversion professionnelle<\/span><\/h1>\n<h2>Quels types de d\u00e9mission donne droit \u00e0 l&rsquo;ARE ?<\/h2>\n<\/section>\n<section class=\"block-article-link color-candidat\">Un salari\u00e9 d\u00e9missionnaire peut percevoir une indemnisation au titre de l\u2019ARE en cas de d\u00e9mission consid\u00e9r\u00e9e comme l\u00e9gitime par l&rsquo;assurance ch\u00f4mage. Il peut s\u2019agir d\u2019une d\u00e9mission pour mettre fin au CDD ou au CDI. Une d\u00e9mission est consid\u00e9r\u00e9e comme l\u00e9gitime si vous :<\/section>\n<section class=\"block-article-link color-candidat\">\n<ul>\n<li>Fa\u00eetes un <strong>d\u00e9m\u00e9nagement<\/strong>.<\/li>\n<li><strong>D\u00e9missionnez d\u2019un nouvel emploi apr\u00e8s avoir \u00e9t\u00e9 licenci\u00e9.<\/strong><\/li>\n<li><strong>Partez pour faire une formation qualifiante<\/strong>, dans les cas o\u00f9 vous quittez un contrat aid\u00e9 ou un CDDI.<\/li>\n<li><strong>N\u2019avez pas re\u00e7u votre salaire\u00a0<\/strong>partiellement ou enti\u00e8rement.<\/li>\n<li><strong>Subissez des actes d\u00e9lictueux<\/strong>\u00a0dans le cadre de votre travail.<\/li>\n<li>Avez un projet de\u00a0<strong>reconversion professionnelle<\/strong>\u00a0: n\u00e9cessitant le suivi d\u2019une formation ou un projet cr\u00e9ation ou reprise d\u2019 une entreprise.<\/li>\n<li>Souhaitez\u00a0<strong>exercer un nouvel emploi.<\/strong><\/li>\n<li>Souhaitez faire un contrat de\u00a0<strong>service civique ou de volontariat.<\/strong><\/li>\n<\/ul>\n<\/section>\n<section class=\"block-article-link color-transverse\">Pour pouvoir pr\u00e9tendre \u00e0 l\u2019allocation ch\u00f4mage, dans ce cas de d\u00e9mission pour projet de reconversion professionnelle,<strong> il vous faut remplir deux conditions sp\u00e9cifiques en plus des conditions habituelles pour toucher le ch\u00f4mage <\/strong>:<\/p>\n<ul>\n<li><strong>D\u00e9missionner d\u2019un contrat \u00e0 dur\u00e9e ind\u00e9termin\u00e9e (CDI).<\/strong><\/li>\n<li><strong>Une dur\u00e9e d\u2019activit\u00e9 salari\u00e9e continue de 5 ans<\/strong>, chez un ou plusieurs employeurs, dans les 60 mois qui pr\u00e9c\u00e8dent votre fin de contrat de travail. Ne sont pas prises en compte les cong\u00e9s sans solde, sabbatiques et les p\u00e9riodes de disponibilit\u00e9.<\/li>\n<li><strong>Un projet de reconversion professionnelle \u00ab r\u00e9el et s\u00e9rieux \u00bb<\/strong>\u00a0: n\u00e9cessitant soit le suivi d\u2019une formation, soit un projet de cr\u00e9ation ou de reprise d\u2019entreprise.<\/li>\n<\/ul>\n<p><strong>Vous pouvez faire une reconversion professionnelle en \u00e9tant salari\u00e9 !<\/strong><\/p>\n<p><iframe loading=\"lazy\" title=\"La reconversion professionnelle\" width=\"500\" height=\"281\" src=\"https:\/\/www.youtube.com\/embed\/EiVUthswxl0?feature=oembed\" frameborder=\"0\" allow=\"accelerometer; autoplay; clipboard-write; encrypted-media; gyroscope; picture-in-picture; web-share\" referrerpolicy=\"strict-origin-when-cross-origin\" allowfullscreen><\/iframe><\/p>\n<h2><span id=\"Quelles_sont_les_conditions_pour_toucher_lARE_apres_une_demission_pour_projet_professionnel\">Quelles sont les conditions pour toucher l\u2019ARE apr\u00e8s une d\u00e9mission pour reconversion professionnelle ?<\/span><\/h2>\n<p>Un salari\u00e9 souhaitant quitter son emploi afin de faire une r\u00e9orientation professionnelle peut toucher l\u2019ARE. Il existe deux types de projet professionnel :<\/p>\n<ul>\n<li><strong>les projets de reconversion qui n\u00e9cessitent une formation ;<\/strong><\/li>\n<li><strong>les projets qui visent \u00e0 cr\u00e9er ou reprendre une entreprise.<\/strong><\/li>\n<\/ul>\n<p>Seuls les projets dont le caract\u00e8re \u00ab r\u00e9el et s\u00e9rieux \u00bb a \u00e9t\u00e9\u00a0<strong>reconnu par la commission paritaire interprofessionnelle r\u00e9gionale\u00a0<\/strong>peuvent avoir droit \u00e0 l\u2019ARE.<\/p>\n<p>Pour les\u00a0<strong>projets de reconversion n\u00e9cessitant une formation<\/strong>, la commission prend en compte les informations suivantes :<\/p>\n<ul>\n<li><strong>le projet de reconversion ;<\/strong><\/li>\n<li><strong>les caract\u00e9ristiques du m\u00e9tier souhait\u00e9 ;<\/strong><\/li>\n<li><strong>la formation professionnelle envisag\u00e9e et les <a href=\"https:\/\/www.mes-allocs.fr\/guides\/reconversion-professionnelle\/reussir-sa-reconversion-professionnelle\/financement-reconversion-professionnelle\/\">modalit\u00e9s de financement<\/a> envisag\u00e9es ;<\/strong><\/li>\n<li><strong>les perspectives d\u2019emploi \u00e0 l\u2019issue de la formation.<\/strong><\/li>\n<\/ul>\n<p>Pour les <strong>projets visant \u00e0 cr\u00e9er ou reprendre une entreprise<\/strong>, la commission prend en compte les informations suivantes :<\/p>\n<ul>\n<li><strong>les caract\u00e9ristiques et les perspectives d\u2019activit\u00e9 du march\u00e9 ;<\/strong><\/li>\n<li><strong>le financement et les ressources financi\u00e8res ;<\/strong><\/li>\n<li><strong>les moyens techniques et humains de l\u2019entreprise cr\u00e9\u00e9e ou reprise.<\/strong><\/li>\n<\/ul>\n<p>Les d\u00e9missionnaires qui souhaitent b\u00e9n\u00e9ficier de l\u2019ARE doivent\u00a0<strong>avoir travaill\u00e9 de fa\u00e7on continue au minimum fix\u00e9 de 1300 jours travaill\u00e9s<\/strong>\u00a0<strong>au cours des\u00a05 ans<\/strong> (60 mois) qui pr\u00e9c\u00e8dent la d\u00e9mission.<\/p>\n<p>Toutes p\u00e9riodes d\u2019inactivit\u00e9 comme la maladie et les cong\u00e9s sont prises en compte de la m\u00eame fa\u00e7on que pour les demandeurs d\u2019emploi qui ont \u00e9t\u00e9 licenci\u00e9s.<\/p>\n<p>Un salari\u00e9 qui d\u00e9missionne sans avoir travaill\u00e9 1300 jours peut toutefois b\u00e9n\u00e9ficier de l\u2019ARE,\u00a0<strong>s\u2019il a d\u00e9j\u00e0 travaill\u00e9 pendant 5 ans avant une d\u00e9mission ant\u00e9rieure<\/strong>. \u00c0 condition d\u2019avoir \u00e9t\u00e9 accompagn\u00e9 par un <a href=\"https:\/\/www.mes-allocs.fr\/guides\/reconversion-professionnelle\/reussir-sa-reconversion-professionnelle\/conseiller-en-reconversion-professionnelle\/\">conseiller en \u00e9volution professionnelle<\/a>.<\/p>\n<div class='cta-block'><div class='text'>Besoin d&rsquo;aide dans votre reconversion ?<\/div><a href='https:\/\/www.formademia.fr\/coaching' class='app-button fit'>En savoir plus sur notre programme<\/a><\/div>\n<h1><span style=\"font-size: 24pt;\">Quelles d\u00e9marches effectuer avant et apr\u00e8s une d\u00e9mission ?<\/span><\/h1>\n<p>Certaines aides peuvent \u00eatre un vrai plus pour <a href=\"https:\/\/www.mes-allocs.fr\/guides\/reconversion-professionnelle\/reussir-sa-reconversion-professionnelle\/\">r\u00e9ussir votre reconversion professionnelle<\/a>.<\/p>\n<h2>Demandez un conseil en \u00e9volution professionnelle avec la d\u00e9mission<\/h2>\n<p>Pour bien r\u00e9ussir votre reconversion professionnelle, vous devez vous rapprocher du <b>CPF (Compte personnel de formation) de transition.<\/b> Cette \u00e9tape obligatoire et pr\u00e9alable \u00e0 la d\u00e9mission vous permet de :<\/p>\n<ul>\n<li>b\u00e9n\u00e9ficier d\u2019un appui personnalis\u00e9 pour pr\u00e9parer votre projet ;<\/li>\n<li>\u00e9tudier les dispositifs alternatifs \u00e0 la d\u00e9mission que vous pouvez faire valoir pour mettre en \u0153uvre votre projet ;<\/li>\n<li>\u00e9tablir votre projet.<\/li>\n<\/ul>\n<p>Les conseils en \u00e9volution professionnelle (CEP) sont dispens\u00e9s par :<\/p>\n<ul>\n<li>l\u2019APEC pour les salari\u00e9s cadres ;<\/li>\n<li>les CAP Emploi pour les personnes en situation de handicap ;<\/li>\n<li>les op\u00e9rateurs d\u00e9sign\u00e9s dans chaque r\u00e9gion par France Comp\u00e9tences pour les salari\u00e9s actifs.<\/li>\n<\/ul>\n<p>Le CPF vous aidera \u00e0 faire le bon choix. Il vous aidera \u00e0 faire le point sur votre projet.<\/p>\n<h2><span id=\"Quelles_demarches_faut-il_faire\">Quelles d\u00e9marches faut-il faire aupr\u00e8s de la CPIR ?<\/span><\/h2>\n<p>Apr\u00e8s la mise en \u0153uvre de votre projet, il vous faut consulter la Commission paritaire interprofessionnelle r\u00e9gionale (CPIR). Elle jugera du caract\u00e8re \u201cr\u00e9el et s\u00e9rieux\u201d de votre projet. Puis, vous aurez 6 mois, \u00e0 compter de la notification de la d\u00e9cision de la CPIR pour vous inscrire \u00e0 France Travail et faire une demande pour l\u2019ARE si votre projet est accept\u00e9.<\/p>\n<h1><span id=\"Comment_toucher_le_chomage_apres_une_demission\" style=\"font-size: 24pt;\">Comment toucher le ch\u00f4mage apr\u00e8s une d\u00e9mission ?<\/span><\/h1>\n<h2><span id=\"Quand_et_comment_sinscrire_a_Pole_emploi\">Quand et comment s\u2019inscrire \u00e0 France Travail ?<\/span><\/h2>\n<p>Pour s\u2019 inscrire \u00e0 France Travail, il suffit de :<\/p>\n<ul>\n<li>Cr\u00e9er un espace personnel sur le site.<\/li>\n<li>Remplir un formulaire en ligne avec ses donn\u00e9es personnelles ou venir prendre rendez-vous dans une agence France Travail.<\/li>\n<li>Renseigner les fiches de mois de salaires et le RIB.<\/li>\n<li>Cr\u00e9er un <a href=\"https:\/\/www.mes-allocs.fr\/guides\/reconversion-professionnelle\/reussir-sa-reconversion-professionnelle\/cv-reconversion-professionnelle\/\">CV<\/a>.<\/li>\n<li>Transmettre les justificatifs de demande d\u2019allocations.<\/li>\n<\/ul>\n<h2><span id=\"Qui_peut_avoir_droit_aux_allocations_chomage\">Qui peut avoir droit aux allocations ch\u00f4mage ?<\/span><\/h2>\n<p>Pour b\u00e9n\u00e9ficier des allocations ch\u00f4mage il faut :<\/p>\n<ul>\n<li>Avoir travaill\u00e9 au moins 4 mois sur les 24 derniers mois.<\/li>\n<li>S\u2019\u00eatre affili\u00e9 \u00e0 France Travail dans les 12 mois suivants la fin du travail.<\/li>\n<li>\u00catre consid\u00e9r\u00e9 comme demandeur d\u2019 emploi ou \u00eatre en formation.<\/li>\n<li>Ne pas avoir les droits \u00e0 une retraite compl\u00e8te.<\/li>\n<li>Etre physiquement apte \u00e0 travailler.<\/li>\n<li>R\u00e9sider en France (m\u00e9tropole ou DOM).<\/li>\n<\/ul>\n<p>Il existe un d\u00e9lai de carence de 7 jours avant de recevoir des allocations ch\u00f4mage. Le nombre de jours peut \u00eatre augment\u00e9 si vous avez une indemnit\u00e9 compensatrice de cong\u00e9s pay\u00e9s ou des indemnit\u00e9s sp\u00e9cifiques.<\/p>\n<h2><span id=\"Comment_calculer_ses_allocations_chomage\">Comment calculer ses allocations ch\u00f4mage ?<\/span><\/h2>\n<p>Le montant de l\u2019allocation varie en fonction de vos salaires mais aussi de votre mode d\u2019activit\u00e9 (temps plein ou temps partiel) et de vos pensions.<\/p>\n<p>Le montant journalier de votre allocation ch\u00f4mage est \u00e9gal au montant le plus \u00e9lev\u00e9 entre :<\/p>\n<ul>\n<li>40,4 % de votre\u00a0<b>Salaire Journalier de R\u00e9f\u00e9rence<\/b> (SJR) + 12,05\u20ac ;<\/li>\n<li>57 % de votre SJR.<\/li>\n<\/ul>\n<div class='cta-block'><div class='text'>Besoin d&rsquo;aide dans votre reconversion ?<\/div><a href='https:\/\/www.formademia.fr\/coaching' class='app-button fit'>En savoir plus sur notre programme<\/a><\/div>\n<\/section>\n<\/section>\n<\/article>\n<\/div>\n<\/div>\n","protected":false},"excerpt":{"rendered":"<p>[Mis \u00e0 jour le 04\/03\/2026] Vous souhaitez quitter votre emploi pour r\u00e9aliser une reconversion professionnelle\u00a0 ? On vous explique comment r\u00e9aliser votre d\u00e9mission pour une\u00a0reconversion professionnelle. D\u00e9mission et droit au ch\u00f4mage dans le cadre d&rsquo;une reconversion professionnelle Quels types de d\u00e9mission donne droit \u00e0 l&rsquo;ARE ? Un salari\u00e9 d\u00e9missionnaire peut percevoir une indemnisation au titre [&hellip;]<\/p>\n","protected":false},"author":7,"featured_media":20472,"comment_status":"open","ping_status":"open","sticky":false,"template":"","format":"standard","meta":{"amp_status":"","footnotes":""},"categories":[5081,5380],"tags":[],"class_list":["post-20448","post","type-post","status-publish","format-standard","has-post-thumbnail","hentry","category-reconversion-professionnelle","category-reussir-sa-reconversion-professionnelle"],"yoast_head":"<!-- This site is optimized with the Yoast SEO plugin v14.9 - https:\/\/yoast.com\/wordpress\/plugins\/seo\/ -->\n<title>D\u00e9mission pour reconversion professionnelle et allocations ch\u00f4mage<\/title>\n<meta name=\"description\" content=\"Vous souhaitez entamer une d\u00e9mission pour r\u00e9aliser une reconversion professionnelle ? On vous explique comment d\u00e9missionner.\" \/>\n<meta name=\"robots\" content=\"index, follow, max-snippet:-1, max-image-preview:large, max-video-preview:-1\" \/>\n<link rel=\"canonical\" href=\"https:\/\/www.mes-allocs.fr\/guides\/reconversion-professionnelle\/reussir-sa-reconversion-professionnelle\/demission-reconversion-professionnelle\/\" \/>\n<meta property=\"og:locale\" content=\"fr_FR\" \/>\n<meta property=\"og:type\" content=\"article\" \/>\n<meta property=\"og:title\" content=\"D\u00e9mission pour reconversion professionnelle et allocations ch\u00f4mage\" \/>\n<meta property=\"og:description\" content=\"Vous souhaitez entamer une d\u00e9mission pour r\u00e9aliser une reconversion professionnelle ? On vous explique comment d\u00e9missionner.\" \/>\n<meta property=\"og:url\" content=\"https:\/\/www.mes-allocs.fr\/guides\/reconversion-professionnelle\/reussir-sa-reconversion-professionnelle\/demission-reconversion-professionnelle\/\" \/>\n<meta property=\"og:site_name\" content=\"Mes-Allocs.fr\" \/>\n<meta property=\"article:published_time\" content=\"2021-03-08T10:12:27+00:00\" \/>\n<meta property=\"article:modified_time\" content=\"2026-03-04T14:13:31+00:00\" \/>\n<meta property=\"og:image\" content=\"https:\/\/www.mes-allocs.fr\/guides\/wp-content\/uploads\/2021\/02\/pexels-christina-morillo-1181605-1-1.jpg?wsr\" \/>\n\t<meta property=\"og:image:width\" content=\"1280\" \/>\n\t<meta property=\"og:image:height\" content=\"854\" \/>\n<meta name=\"twitter:card\" content=\"summary_large_image\" \/>\n<script type=\"application\/ld+json\" class=\"yoast-schema-graph\">{\"@context\":\"https:\/\/schema.org\",\"@graph\":[{\"@type\":\"WebSite\",\"@id\":\"https:\/\/www.mes-allocs.fr\/guides\/#website\",\"url\":\"https:\/\/www.mes-allocs.fr\/guides\/\",\"name\":\"Mes-Allocs.fr\",\"description\":\"\",\"potentialAction\":[{\"@type\":\"SearchAction\",\"target\":\"https:\/\/www.mes-allocs.fr\/guides\/?s={search_term_string}\",\"query-input\":\"required name=search_term_string\"}],\"inLanguage\":\"fr-FR\"},{\"@type\":\"ImageObject\",\"@id\":\"https:\/\/www.mes-allocs.fr\/guides\/reconversion-professionnelle\/reussir-sa-reconversion-professionnelle\/demission-reconversion-professionnelle\/#primaryimage\",\"inLanguage\":\"fr-FR\",\"url\":\"https:\/\/www.mes-allocs.fr\/guides\/wp-content\/uploads\/2021\/02\/pexels-christina-morillo-1181605-1-1.jpg?wsr\",\"width\":1280,\"height\":854,\"caption\":\"d\\u00e9mission pour reconversion professionnelle\"},{\"@type\":\"WebPage\",\"@id\":\"https:\/\/www.mes-allocs.fr\/guides\/reconversion-professionnelle\/reussir-sa-reconversion-professionnelle\/demission-reconversion-professionnelle\/#webpage\",\"url\":\"https:\/\/www.mes-allocs.fr\/guides\/reconversion-professionnelle\/reussir-sa-reconversion-professionnelle\/demission-reconversion-professionnelle\/\",\"name\":\"D\\u00e9mission pour reconversion professionnelle et allocations ch\\u00f4mage\",\"isPartOf\":{\"@id\":\"https:\/\/www.mes-allocs.fr\/guides\/#website\"},\"primaryImageOfPage\":{\"@id\":\"https:\/\/www.mes-allocs.fr\/guides\/reconversion-professionnelle\/reussir-sa-reconversion-professionnelle\/demission-reconversion-professionnelle\/#primaryimage\"},\"datePublished\":\"2021-03-08T10:12:27+00:00\",\"dateModified\":\"2026-03-04T14:13:31+00:00\",\"author\":{\"@id\":\"https:\/\/www.mes-allocs.fr\/guides\/#\/schema\/person\/1c4837d5703727cb02ce84583b5a44aa\"},\"description\":\"Vous souhaitez entamer une d\\u00e9mission pour r\\u00e9aliser une reconversion professionnelle ? On vous explique comment d\\u00e9missionner.\",\"inLanguage\":\"fr-FR\"},{\"@type\":\"Person\",\"@id\":\"https:\/\/www.mes-allocs.fr\/guides\/#\/schema\/person\/1c4837d5703727cb02ce84583b5a44aa\",\"name\":\"Fabiola\",\"image\":{\"@type\":\"ImageObject\",\"@id\":\"https:\/\/www.mes-allocs.fr\/guides\/#personlogo\",\"inLanguage\":\"fr-FR\",\"url\":\"https:\/\/www.mes-allocs.fr\/guides\/wp-content\/uploads\/2021\/06\/fabiola-150x150.png\",\"caption\":\"Fabiola\"},\"description\":\"Fabiola est r\\u00e9dactrice au sein de l'\\u00e9quipe Mes Allocs, sp\\u00e9cialis\\u00e9e en sciences politiques et affaires publiques. Dipl\\u00f4m\\u00e9e de l'HEIP, elle rejoint Mes Allocs apr\\u00e8s une premi\\u00e8re exp\\u00e9rience \\u00e0 l'Assembl\\u00e9e Nationale.\",\"sameAs\":[\"https:\/\/www.linkedin.com\/in\/cecilia-philippe-b-8a8085195\"]}]}<\/script>\n<!-- \/ Yoast SEO plugin. -->","amp_validity":null,"acf":{"faq":{"1":{"question":"Comment toucher le ch\u00f4mage apr\u00e8s une d\u00e9mission ?","answer":"Vous pouvez toucher le ch\u00f4mage apr\u00e8s une d\u00e9mission si elle est consid\u00e9r\u00e9e comme l\u00e9gitime. Vous pouvez aussi faire r\u00e9examiner votre situation, \u00e0 l\u2019issue d\u2019un d\u00e9lai de 121 jours (4 mois) de ch\u00f4mage non indemnis\u00e9.\r\n<br> <a href=\"https:\/\/www.mes-allocs.fr\/guides\/reconversion-professionnelle\/reussi-sa-reconversion-professionnelle\/projet-reconversion-professionnelle\/\u200e\">Lire la suite<\/a>\r\n"},"2":{"question":"Quelles d\u00e9marches faut-il faire aupr\u00e8s de la CPIR ?","answer":"Apr\u00e8s la mise en \u0153uvre de votre projet, il vous faut consulter la Commission paritaire interprofessionnelle r\u00e9gionale (CPIR). Elle jugera du caract\u00e8re \u201cr\u00e9el et s\u00e9rieux\u201d de votre projet. Puis, vous aurez 6 mois, \u00e0 compter de la notification de la d\u00e9cision de la CPIR pour vous inscrire \u00e0 France Travail et faire une demande pour l\u2019ARE si votre projet est accept\u00e9."},"3":{"question":"Quels sont les cas de d\u00e9mission l\u00e9gitime ?","answer":"Les cas de d\u00e9mission l\u00e9gitime si vous : fa\u00eetes un d\u00e9m\u00e9nagement, d\u00e9missionnez d\u2019un nouvel emploi apr\u00e8s avoir \u00e9t\u00e9 licenci\u00e9, partez pour faire une formation qualifiante, n\u2019avez pas re\u00e7u votre salaire, subissez des actes d\u00e9lictueux dans le cadre de votre travail, avez un projet de reconversion, souhaitez exercer un nouvel emploi, souhaitez faire un contrat de service civique ou de volontariat.\r\n<br> <a href=\"https:\/\/www.mes-allocs.fr\/guides\/reconversion-professionnelle\/reussi-sa-reconversion-professionnelle\/projet-reconversion-professionnelle\/\u200e\">Lire la suite<\/a>"},"4":{"question":"Comment d\u00e9missionner pour une reconversion professionnelle ?","answer":"Si vous souhaitez d\u00e9missionner pour faire une reconversion professionnelle, il faut que vous ayez travaill\u00e9 de fa\u00e7on continue au minimum fix\u00e9 de 1300 jours travaill\u00e9s\u00a0au cours des\u00a05 ans (60 mois) qui pr\u00e9c\u00e8dent la d\u00e9mission. Il faut aussi s'\u00eatre fait aid\u00e9 par un Conseil en \u00e9volution professionnel.\r\n"},"5":{"question":" Est-ce que je re\u00e7ois le solde de tout compte en d\u00e9missionnant ?","answer":"Le solde de tout compte r\u00e9capitule les sommes que doit verser l'employeur au salari\u00e9 lors de la d\u00e9mission. L'employeur doit obligatoirement remettre le solde de tout compte \u00e0 son salari\u00e9.\r\n<br> <a href=\"https:\/\/www.mes-allocs.fr\/guides\/reconversion-professionnelle\/reussi-sa-reconversion-professionnelle\/projet-reconversion-professionnelle\/\u200e\">Lire la suite<\/a>"},"6":{"question":" Puis-je quitter mon travail du jour au lendemain ?","answer":"Vous ne pouvez pas quitter votre travail sans effectuer le d\u00e9lai de pr\u00e9avis.\r\n"},"7":{"question":"","answer":""},"8":{"question":"","answer":""},"9":{"question":"","answer":""},"10":{"question":"","answer":""},"11":{"question":"","answer":""},"12":{"question":"","answer":""},"13":{"question":"","answer":""},"14":{"question":"","answer":""},"15":{"question":"","answer":""},"16":{"question":"","answer":""}}},"_links":{"self":[{"href":"https:\/\/www.mes-allocs.fr\/guides\/wp-json\/wp\/v2\/posts\/20448","targetHints":{"allow":["GET"]}}],"collection":[{"href":"https:\/\/www.mes-allocs.fr\/guides\/wp-json\/wp\/v2\/posts"}],"about":[{"href":"https:\/\/www.mes-allocs.fr\/guides\/wp-json\/wp\/v2\/types\/post"}],"author":[{"embeddable":true,"href":"https:\/\/www.mes-allocs.fr\/guides\/wp-json\/wp\/v2\/users\/7"}],"replies":[{"embeddable":true,"href":"https:\/\/www.mes-allocs.fr\/guides\/wp-json\/wp\/v2\/comments?post=20448"}],"version-history":[{"count":26,"href":"https:\/\/www.mes-allocs.fr\/guides\/wp-json\/wp\/v2\/posts\/20448\/revisions"}],"predecessor-version":[{"id":110068,"href":"https:\/\/www.mes-allocs.fr\/guides\/wp-json\/wp\/v2\/posts\/20448\/revisions\/110068"}],"wp:featuredmedia":[{"embeddable":true,"href":"https:\/\/www.mes-allocs.fr\/guides\/wp-json\/wp\/v2\/media\/20472"}],"wp:attachment":[{"href":"https:\/\/www.mes-allocs.fr\/guides\/wp-json\/wp\/v2\/media?parent=20448"}],"wp:term":[{"taxonomy":"category","embeddable":true,"href":"https:\/\/www.mes-allocs.fr\/guides\/wp-json\/wp\/v2\/categories?post=20448"},{"taxonomy":"post_tag","embeddable":true,"href":"https:\/\/www.mes-allocs.fr\/guides\/wp-json\/wp\/v2\/tags?post=20448"}],"curies":[{"name":"wp","href":"https:\/\/api.w.org\/{rel}","templated":true}]}}