{"id":20415,"date":"2021-03-03T16:08:49","date_gmt":"2021-03-03T16:08:49","guid":{"rendered":"https:\/\/www.mes-allocs.fr\/guides\/?p=20415"},"modified":"2026-04-03T13:48:19","modified_gmt":"2026-04-03T12:48:19","slug":"formation-decorateur-interieur","status":"publish","type":"post","link":"https:\/\/www.mes-allocs.fr\/guides\/reconversion-professionnelle\/formation-metiers\/formation-decorateur-interieur\/","title":{"rendered":"La formation d\u00e9corateur d&rsquo;int\u00e9rieur : m\u00e9tier, salaire, \u00e9volution"},"content":{"rendered":"<p><img loading=\"lazy\" decoding=\"async\" class=\"aligncenter wp-image-20420 size-full\" title=\"formation decorateur interieur\" src=\"https:\/\/www.mes-allocs.fr\/guides\/wp-content\/uploads\/2021\/02\/pexels-ivan-samkov-4458194-e1614081696302.jpg\" alt=\"formation decorateur interieur\" width=\"1280\" height=\"492\" \/><\/p>\n<p style=\"text-align: justify;\">[Mis \u00e0 jour le 03\/04\/2026] Un d\u00e9corateur d&rsquo;int\u00e9rieur a avant tout un r\u00f4le de conseil aupr\u00e8s de particuliers ou de professionnels. Cela dans le but d&rsquo;harmoniser les espaces int\u00e9rieurs. Son r\u00f4le \u00e9tant de s&rsquo;int\u00e9resser \u00e0 l&rsquo;aspect esth\u00e9tique sans toucher \u00e0 la structure des bureaux ou d&rsquo;une habitation. Envie de faire une <a href=\"https:\/\/www.mes-allocs.fr\/guides\/reconversion-professionnelle\/\">reconversion professionnelle<\/a>\u00a0? D\u00e9couvrez les <strong>formations possibles de d\u00e9corateur int\u00e9rieur<\/strong> !<\/p>\n<div class='cta-block'><div class='text'>Coaching \u00e0 distance pay\u00e9 par vos aides formation.<\/div><a href='https:\/\/www.formademia.fr\/formulaire\/coaching' class='app-button fit'>V\u00e9rifier votre \u00e9ligibilit\u00e9<\/a><\/div>\n<h1>Quel est le r\u00f4le d&rsquo;un d\u00e9corateur d&rsquo;int\u00e9rieur ?<\/h1>\n<p>Pour exercer ce m\u00e9tier, il est indispensable de suivre une formation (voir au-dessus). Cela afin de connaitre tous les aspects et les techniques du m\u00e9tier de d\u00e9corateur.<\/p>\n<p>En obtenant un certificat d&rsquo;\u00e9tude ou de formation, cela vous permettra de travailler dans un cabinet d&rsquo;architectes d&rsquo;int\u00e9rieur. Dans une boutique d&rsquo;accessoires de d\u00e9coration, dans une grande enseigne ou d&rsquo;exercer comme ind\u00e9pendant.<\/p>\n<p>Le r\u00f4le d\u2019un\u00a0d\u00e9corateur int\u00e9rieur est avant tout de conseiller ses clients pour optimiser et harmoniser les espaces int\u00e9rieurs. Le d\u00e9corateur int\u00e9rieur s\u2019int\u00e9resse \u00e0 l\u2019esth\u00e9tique d\u2019un espace. Sans toucher \u00e0 la structure de l\u2019habitation (murs porteurs, cloisons, fa\u00e7ade, salle de bain, r\u00e9alisation des travaux). Il peut intervenir \u00e0 la fois aupr\u00e8s des particuliers, que des professionnels (bureaux, boutiques, etc.).<\/p>\n<h1>Qualit\u00e9s pour devenir d\u00e9corateur d&rsquo;int\u00e9rieur<\/h1>\n<p>En tant que d\u00e9corateur d&rsquo;int\u00e9rieur vous devez avoir un esprit cr\u00e9atif et un sens artistique. \u00c9tant en lien constant avec votre client\u00e8le, vous devrez avoir un bon sens relationnel, une capacit\u00e9 d&rsquo;\u00e9coute et un esprit de synth\u00e8se.<\/p>\n<p>Notez qu&rsquo;un d\u00e9corateur d&rsquo;int\u00e9rieur doit \u00e9galement avoir une bonne maitrise de toutes les normes de s\u00e9curit\u00e9 en vigueur. Et les prendre en compte lors de ses propositions d\u2019am\u00e9nagement.<\/p>\n<p><strong>\u00c0 noter : N\u00e9anmoins, pour\u00a0devenir un d\u00e9corateur int\u00e9rieur, il est pr\u00e9f\u00e9rable d\u2019envisager des \u00e9tudes sup\u00e9rieures d\u2019arts appliqu\u00e9s. D\u2019un niveau Bac +4 minimum. Ou obtenir un dipl\u00f4me de design d\u2019espace.\u00a0<\/strong><\/p>\n<p><iframe loading=\"lazy\" title=\"La reconversion professionnelle\" width=\"500\" height=\"281\" src=\"https:\/\/www.youtube.com\/embed\/EiVUthswxl0?feature=oembed\" frameborder=\"0\" allow=\"accelerometer; autoplay; clipboard-write; encrypted-media; gyroscope; picture-in-picture; web-share\" referrerpolicy=\"strict-origin-when-cross-origin\" allowfullscreen><\/iframe><\/p>\n<h1>\u00c9tudes et formation pour devenir d\u00e9corateur d&rsquo;int\u00e9rieur<\/h1>\n<p>Beaucoup de centres de formation \u00e0 distance vous permettent d&rsquo;\u00e9tudier \u00e0 distance, et \u00e0 votre rythme. Cela vous offre une formation plus dense et plus courte qu&rsquo;en parcours classique.<\/p>\n<p>Ce qui est \u00e0 privil\u00e9gier dans le cadre d&rsquo;une reconversion professionnelle. Pour donner un exemple, le Centre Europ\u00e9en de formation et le CNFDI proposent une formation de d\u00e9corateur d&rsquo;int\u00e9rieur. Formation qui peut \u00eatre financ\u00e9e gr\u00e2ce \u00e0 votre Compte Personnel de Formation CPF.<\/p>\n<p><strong>\u00c0 noter : G\u00e9n\u00e9ralement, une formation \u00e0 distance peut \u00eatre r\u00e9alis\u00e9e en 6 mois.<\/strong><\/p>\n<p>Suite \u00e0 cette formation, divers m\u00e9tiers sont possibles dont\u00a0<strong>d\u00e9corateur<\/strong>\u00a0ou\u00a0<strong>d\u00e9coratrice d&rsquo;int\u00e9rieur<\/strong>, coach en d\u00e9coration, designer d&rsquo;espace et home stager.<\/p>\n<h2>Mati\u00e8res \u00e9tudi\u00e9es en formation \u00e0 distance<\/h2>\n<ul>\n<li>l&rsquo;architecture int\u00e9rieure\u00a0: arts d\u00e9coratifs, design, appr\u00e9hension de l&rsquo;environnement<\/li>\n<li>l&rsquo;agencement des espaces\u00a0: optimisation de la place disponible, \u00e9tude du potentiel d&rsquo;un lieu, am\u00e9nagement des volumes<\/li>\n<li>le\u00a0design d&rsquo;int\u00e9rieur : am\u00e9lioration et transformation des espaces int\u00e9rieurs, recherche du confort et de la fonctionnalit\u00e9, savoir associer des couleurs<\/li>\n<li>le\u00a0design d&rsquo;espace\u00a0: am\u00e9nagement int\u00e9rieur et ext\u00e9rieur, design urbain<\/li>\n<li>la\u00a0sc\u00e9nographie\u00a0: mise en sc\u00e8ne, mise en place de d\u00e9cors<\/li>\n<li>la\u00a0communication visuelle\u00a0: design graphique, audiovisuel et publicitaire<\/li>\n<li>les\u00a0projets de d\u00e9coration\u00a0et l&rsquo;\u00e9laboration des devis\u00a0: mener une investigation et chiffrer les travaux, l&rsquo;achat du mobilier et des objets de d\u00e9coration<\/li>\n<li>l&rsquo;\u00e9clairage\u00a0: utilisation de la lumi\u00e8re directe et indirecte<\/li>\n<li>le\u00a0stylisme\u00a0: \u00e9tude des diff\u00e9rents styles d\u00e9coratifs et conception de mod\u00e8les.<\/li>\n<\/ul>\n<p><strong>N\u00e9anmoins, vous pouvez \u00ab\u00a0\u00e9galement suivre le parcours classique post-Bac :<\/strong><\/p>\n<p><strong>Bac + 2<\/strong><\/p>\n<ul>\n<li>BTS ERA &#8211; \u00e9tude et r\u00e9alisation d&rsquo;agencement<\/li>\n<\/ul>\n<p><strong>Bac + 3<\/strong><\/p>\n<ul>\n<li>DNA &#8211; Dipl\u00f4me national d&rsquo;arts option design,<\/li>\n<li>D\u00e9corateur-conseil d\u2019int\u00e9rieur (ESAIL),<\/li>\n<li>DN MADE &#8211; dipl\u00f4me national des m\u00e9tiers d&rsquo;art et du design mention espace<\/li>\n<\/ul>\n<p><strong>Bac+5<\/strong><\/p>\n<ul>\n<li>DNSEP &#8211; Dipl\u00f4me national sup\u00e9rieur d&rsquo;expression plastique option design,<\/li>\n<li>DSAA &#8211; Dipl\u00f4me sup\u00e9rieur d&rsquo;arts appliqu\u00e9s option espace,<\/li>\n<li>Dipl\u00f4me de l&rsquo;Ensad-Arts D\u00e9co sp\u00e9cialis\u00e9 en architecture d&rsquo;int\u00e9rieur,<\/li>\n<li>Dipl\u00f4me dipl\u00f4me d&rsquo;\u00e9cole sp\u00e9cialis\u00e9e : \u00e9cole Camondo, acad\u00e9mie Charpentier, \u00c9cole bleue, Esail de Lyon..<\/li>\n<\/ul>\n<h2>Devenir d\u00e9corateur d&rsquo;int\u00e9rieur sans dipl\u00f4me<\/h2>\n<p>Cette profession n&rsquo;est pas r\u00e9glement\u00e9e, autrement dit, vous pouvez exercer ce m\u00e9tier sans avoir le niveau Bac ou tout autre niveau d&rsquo;\u00e9tude. Certains architectes d&rsquo;int\u00e9rieur \u00e9tudient par eux-m\u00eames.<\/p>\n<h1>Le salaire d&rsquo;un d\u00e9corateur d&rsquo;int\u00e9rieur<\/h1>\n<p>De mani\u00e8re g\u00e9n\u00e9rale, un d\u00e9corateur d&rsquo;int\u00e9rieur est r\u00e9mun\u00e9r\u00e9 \u00e0 l&rsquo;heure, de l&rsquo;ordre de 100 euros, ou bien r\u00e9mun\u00e9r\u00e9 \u00e0 la prestation. Le salaire annuel est de l&rsquo;ordre de 24.000 euros brut par an, apr\u00e8s quelques ann\u00e9es d&rsquo;exp\u00e9rience, cela peut atteindre 48.000 euros brut.<\/p>\n<h1>Financez votre formation de d\u00e9corateur d&rsquo;int\u00e9rieur<\/h1>\n<p>Plusieurs dispositifs sont en vigueur pour vous aider \u00e0 financer votre reconversion professionnelle. Accessible selon votre situation au moment de projet professionnel. Notez que pour vous aider \u00e0 faire le point sur votre carri\u00e8re avant d&rsquo;entamer votre reconversion, vous pouvez r\u00e9aliser un bilan de comp\u00e9tences.<\/p>\n<p>Un\u00a0<a href=\"https:\/\/www.formademia.fr\/formulaire\/coaching\">expert Mes Allocs<\/a>\u00a0peut aussi vous accompagner pour trouver le financement fait pour vous !<\/p>\n<h2>Le CPF<\/h2>\n<p>Le Compte Personnel de Formation \u00e9tait autrefois le DIF, gr\u00e2ce \u00e0 la Loi \u00ab\u00a0Pour la libert\u00e9 de choisir son avenir professionnel\u00a0\u00bb, ce sont des euros qui se cumulent sur le CPF afin de pouvoir vous former \u00e0 quand vous le souhaiter. Chaque ann\u00e9e, 500 \u20ac sont ajout\u00e9s sur ce compte (ex : pour un travail \u00e0 temps plein) mais avec un plafond 5000 \u20ac.<\/p>\n<p>Ce montant est de 800 \u20ac pour un salari\u00e9 non qualifi\u00e9 (avec un plafond de 8000 \u20ac). L\u2019avantage est que le salaire est maintenu lors d\u2019une formation faite avec le CPF. Si le CPF est insuffisant (en euros) pour financer votre formation, il existe des possibilit\u00e9s d&rsquo;abonnement.<\/p>\n<p><strong>Selon votre situation professionnelle, votre CPF sera aliment\u00e9 de la mani\u00e8re suivante :<\/strong><\/p>\n<ul>\n<li>Salari\u00e9s : vous acqu\u00e9rez 500 \u20ac par an, sachant que votre compte est plafonn\u00e9 \u00e0 5 000 \u20ac.<\/li>\n<li>Salari\u00e9s de niveau BEP (brevet d\u2019\u00e9tudes professionnelles) ou CAP (certificat d\u2019aptitude professionnelle) : vous acqu\u00e9rez 800 \u20ac par an et votre compte est plafonn\u00e9 \u00e0 8 000 \u20ac. Cela est valable que vous travailliez \u00e0 temps complet ou \u00e0 temps partiel \u00e0 partir de 50 % d\u2019un temps complet.<\/li>\n<li>Salari\u00e9s \u00e0 temps partiel (moins de 50 % d\u2019un temps complet) Exemple : si vous travaillez \u00e0 30 % d\u2019un temps complet (10h30 hebdomadaires), vous acqu\u00e9rez 150 \u20ac par an.<\/li>\n<li>Personnes en situation de handicap (en ESAT, en contrat de soutien et d\u2019aide par le travail) : vous b\u00e9n\u00e9ficiez aussi d\u2019un CPF. Celui-ci est cr\u00e9dit\u00e9 de 800 \u20ac par an, et plafonn\u00e9 \u00e0 8 000 \u20ac.<\/li>\n<\/ul>\n<h2>Le Projet de transition professionnelle (PTP)<\/h2>\n<p data-start=\"0\" data-end=\"173\">Le projet de transition professionnelle (PTP) permet \u00e0 un salari\u00e9 de quitter temporairement son poste pour suivre une formation afin de changer de m\u00e9tier ou de profession.<\/p>\n<p data-start=\"175\" data-end=\"327\">Il est accessible sous certaines conditions et n\u00e9cessite une demande aupr\u00e8s de l\u2019employeur. Pendant la formation, le salari\u00e9 continue d\u2019\u00eatre r\u00e9mun\u00e9r\u00e9.<\/p>\n<div class='cta-block'><div class='text'>Coaching \u00e0 distance pay\u00e9 par vos aides formation.<\/div><a href='https:\/\/www.formademia.fr\/formulaire\/coaching' class='app-button fit'>V\u00e9rifier votre \u00e9ligibilit\u00e9<\/a><\/div>\n","protected":false},"excerpt":{"rendered":"<p>[Mis \u00e0 jour le 03\/04\/2026] Un d\u00e9corateur d&rsquo;int\u00e9rieur a avant tout un r\u00f4le de conseil aupr\u00e8s de particuliers ou de professionnels. Cela dans le but d&rsquo;harmoniser les espaces int\u00e9rieurs. Son r\u00f4le \u00e9tant de s&rsquo;int\u00e9resser \u00e0 l&rsquo;aspect esth\u00e9tique sans toucher \u00e0 la structure des bureaux ou d&rsquo;une habitation. Envie de faire une reconversion professionnelle\u00a0? D\u00e9couvrez les [&hellip;]<\/p>\n","protected":false},"author":9,"featured_media":20420,"comment_status":"open","ping_status":"open","sticky":false,"template":"","format":"standard","meta":{"amp_status":"","footnotes":""},"categories":[5979,5081],"tags":[],"class_list":["post-20415","post","type-post","status-publish","format-standard","has-post-thumbnail","hentry","category-formation-metiers","category-reconversion-professionnelle"],"yoast_head":"<!-- This site is optimized with the Yoast SEO plugin v14.9 - https:\/\/yoast.com\/wordpress\/plugins\/seo\/ -->\n<title>Formation d\u00e9corateur d&#039;int\u00e9rieur : m\u00e9tier, salaire, \u00e9volution<\/title>\n<meta name=\"description\" content=\"Un d\u00e9corateur d&#039;int\u00e9rieur conseille pour optimiser et harmoniser les espaces int\u00e9rieurs. Mes Allocs vous oriente sur les formations.\" \/>\n<meta name=\"robots\" content=\"index, follow, max-snippet:-1, max-image-preview:large, max-video-preview:-1\" \/>\n<link rel=\"canonical\" href=\"https:\/\/www.mes-allocs.fr\/guides\/reconversion-professionnelle\/formation-metiers\/formation-decorateur-interieur\/\" \/>\n<meta property=\"og:locale\" content=\"fr_FR\" \/>\n<meta property=\"og:type\" content=\"article\" \/>\n<meta property=\"og:title\" content=\"Formation d\u00e9corateur d&#039;int\u00e9rieur : m\u00e9tier, salaire, \u00e9volution\" \/>\n<meta property=\"og:description\" content=\"Un d\u00e9corateur d&#039;int\u00e9rieur conseille pour optimiser et harmoniser les espaces int\u00e9rieurs. Mes Allocs vous oriente sur les formations.\" \/>\n<meta property=\"og:url\" content=\"https:\/\/www.mes-allocs.fr\/guides\/reconversion-professionnelle\/formation-metiers\/formation-decorateur-interieur\/\" \/>\n<meta property=\"og:site_name\" content=\"Mes-Allocs.fr\" \/>\n<meta property=\"article:published_time\" content=\"2021-03-03T16:08:49+00:00\" \/>\n<meta property=\"article:modified_time\" content=\"2026-04-03T12:48:19+00:00\" \/>\n<meta property=\"og:image\" content=\"https:\/\/www.mes-allocs.fr\/guides\/wp-content\/uploads\/2021\/02\/pexels-ivan-samkov-4458194.jpg?wsr\" \/>\n\t<meta property=\"og:image:width\" content=\"1280\" \/>\n\t<meta property=\"og:image:height\" content=\"854\" \/>\n<meta name=\"twitter:card\" content=\"summary_large_image\" \/>\n<script type=\"application\/ld+json\" class=\"yoast-schema-graph\">{\"@context\":\"https:\/\/schema.org\",\"@graph\":[{\"@type\":\"WebSite\",\"@id\":\"https:\/\/www.mes-allocs.fr\/guides\/#website\",\"url\":\"https:\/\/www.mes-allocs.fr\/guides\/\",\"name\":\"Mes-Allocs.fr\",\"description\":\"\",\"potentialAction\":[{\"@type\":\"SearchAction\",\"target\":\"https:\/\/www.mes-allocs.fr\/guides\/?s={search_term_string}\",\"query-input\":\"required name=search_term_string\"}],\"inLanguage\":\"fr-FR\"},{\"@type\":\"ImageObject\",\"@id\":\"https:\/\/www.mes-allocs.fr\/guides\/reconversion-professionnelle\/formation-metiers\/formation-decorateur-interieur\/#primaryimage\",\"inLanguage\":\"fr-FR\",\"url\":\"https:\/\/www.mes-allocs.fr\/guides\/wp-content\/uploads\/2021\/02\/pexels-ivan-samkov-4458194.jpg?wsr\",\"width\":1280,\"height\":854,\"caption\":\"formation decorateur interieur\"},{\"@type\":\"WebPage\",\"@id\":\"https:\/\/www.mes-allocs.fr\/guides\/reconversion-professionnelle\/formation-metiers\/formation-decorateur-interieur\/#webpage\",\"url\":\"https:\/\/www.mes-allocs.fr\/guides\/reconversion-professionnelle\/formation-metiers\/formation-decorateur-interieur\/\",\"name\":\"Formation d\\u00e9corateur d'int\\u00e9rieur : m\\u00e9tier, salaire, \\u00e9volution\",\"isPartOf\":{\"@id\":\"https:\/\/www.mes-allocs.fr\/guides\/#website\"},\"primaryImageOfPage\":{\"@id\":\"https:\/\/www.mes-allocs.fr\/guides\/reconversion-professionnelle\/formation-metiers\/formation-decorateur-interieur\/#primaryimage\"},\"datePublished\":\"2021-03-03T16:08:49+00:00\",\"dateModified\":\"2026-04-03T12:48:19+00:00\",\"author\":{\"@id\":\"https:\/\/www.mes-allocs.fr\/guides\/#\/schema\/person\/e4e762c89158b34a332446d26f02fd56\"},\"description\":\"Un d\\u00e9corateur d'int\\u00e9rieur conseille pour optimiser et harmoniser les espaces int\\u00e9rieurs. Mes Allocs vous oriente sur les formations.\",\"inLanguage\":\"fr-FR\"},{\"@type\":\"Person\",\"@id\":\"https:\/\/www.mes-allocs.fr\/guides\/#\/schema\/person\/e4e762c89158b34a332446d26f02fd56\",\"name\":\"Marylou\",\"image\":{\"@type\":\"ImageObject\",\"@id\":\"https:\/\/www.mes-allocs.fr\/guides\/#personlogo\",\"inLanguage\":\"fr-FR\",\"url\":\"https:\/\/www.mes-allocs.fr\/guides\/wp-content\/uploads\/2021\/06\/marylou-150x150.png\",\"caption\":\"Marylou\"},\"description\":\"Marylou est r\\u00e9dactrice au sein de l'\\u00e9quipe Mes Allocs, sp\\u00e9cialiste des sujets de soci\\u00e9t\\u00e9 en g\\u00e9n\\u00e9ral. Dipl\\u00f4m\\u00e9e de l'Institut Sup\\u00e9rieur de Formation au Journalisme, elle rejoint Mes Allocs apr\\u00e8s cr\\u00e9\\u00e9 son premier blog personnel.\",\"sameAs\":[\"https:\/\/www.linkedin.com\/in\/marylou-pr\\u00e9vost\"]}]}<\/script>\n<!-- \/ Yoast SEO plugin. -->","amp_validity":null,"acf":{"faq":{"1":{"question":"Quel bac pour devenir d\u00e9coratrice d'int\u00e9rieur ?","answer":"Il est recommand\u00e9 d'acqu\u00e9rir un niveau Bac+2 en arts appliqu\u00e9s. Il est possible de suivre, apr\u00e8s le Bac, un BTS Design d'espace (derni\u00e8re rentr\u00e9e en 2019) ou un BTS \u00c9tude et r\u00e9alisation d'agencement par exemple."},"2":{"question":"Quel est le salaire d'une d\u00e9coratrice d'int\u00e9rieur par mois ?","answer":"Un architecte d'int\u00e9rieur, d\u00e9corateur gagne environ entre 2 000 et 2 500 \u20ac brut (1 600 \u00e0 2 000 \u20ac net) pour un profil interm\u00e9diaire, avec un d\u00e9butant \u00e0 1 500-1 800 \u20ac brut (1 200-1 400 \u20ac net) et un confirm\u00e9 jusqu'\u00e0 3 000-4 000 \u20ac brut (2 400-3 200 \u20ac net)."},"3":{"question":"Quel est le r\u00f4le d'un d\u00e9corateur d'int\u00e9rieur ?","answer":"Le r\u00f4le d'un d\u00e9corateur int\u00e9rieur est avant tout de conseiller ses clients pour optimiser et harmoniser les espaces int\u00e9rieurs"},"4":{"question":"Qu'est-ce que le m\u00e9tier de d\u00e9corateur d'int\u00e9rieur ?","answer":"Le d\u00e9corateur d'int\u00e9rieur s'int\u00e9resse \u00e0 l'aspect esth\u00e9tique d'un espace qu'il personnalise, il ne touche pas \u00e0 la structure de l'habitation (murs porteurs, cloisons, fa\u00e7ade, etc.). "},"5":{"question":"Comment se cumulent les heures CPF ?","answer":"C'est en travaillant que vous cumulez des heures CPF, converties en euros et utilisables pour financer des formations. \u00c0 l'inverse, au ch\u00f4mage, vous ne cumulez plus d'heures mais pouvez toujours utiliser celles acquises auparavant."},"6":{"question":"Qui finance le projet de transition professionnelle (PTP) ?","answer":"Si vous \u00eates en CDD, le financement de votre projet de transition professionnelle (PTP) peut \u00eatre l'oeuvre de la commission paritaire interprofessionnelle r\u00e9gionale comp\u00e9tente au cours de l'ex\u00e9cution de son contrat de travail."},"7":{"question":"","answer":""},"8":{"question":"","answer":""},"9":{"question":"","answer":""},"10":{"question":"","answer":""},"11":{"question":"","answer":""},"12":{"question":"","answer":""},"13":{"question":"","answer":""},"14":{"question":"","answer":""},"15":{"question":"","answer":""},"16":{"question":"","answer":""}}},"_links":{"self":[{"href":"https:\/\/www.mes-allocs.fr\/guides\/wp-json\/wp\/v2\/posts\/20415","targetHints":{"allow":["GET"]}}],"collection":[{"href":"https:\/\/www.mes-allocs.fr\/guides\/wp-json\/wp\/v2\/posts"}],"about":[{"href":"https:\/\/www.mes-allocs.fr\/guides\/wp-json\/wp\/v2\/types\/post"}],"author":[{"embeddable":true,"href":"https:\/\/www.mes-allocs.fr\/guides\/wp-json\/wp\/v2\/users\/9"}],"replies":[{"embeddable":true,"href":"https:\/\/www.mes-allocs.fr\/guides\/wp-json\/wp\/v2\/comments?post=20415"}],"version-history":[{"count":18,"href":"https:\/\/www.mes-allocs.fr\/guides\/wp-json\/wp\/v2\/posts\/20415\/revisions"}],"predecessor-version":[{"id":111513,"href":"https:\/\/www.mes-allocs.fr\/guides\/wp-json\/wp\/v2\/posts\/20415\/revisions\/111513"}],"wp:featuredmedia":[{"embeddable":true,"href":"https:\/\/www.mes-allocs.fr\/guides\/wp-json\/wp\/v2\/media\/20420"}],"wp:attachment":[{"href":"https:\/\/www.mes-allocs.fr\/guides\/wp-json\/wp\/v2\/media?parent=20415"}],"wp:term":[{"taxonomy":"category","embeddable":true,"href":"https:\/\/www.mes-allocs.fr\/guides\/wp-json\/wp\/v2\/categories?post=20415"},{"taxonomy":"post_tag","embeddable":true,"href":"https:\/\/www.mes-allocs.fr\/guides\/wp-json\/wp\/v2\/tags?post=20415"}],"curies":[{"name":"wp","href":"https:\/\/api.w.org\/{rel}","templated":true}]}}