{"id":20381,"date":"2021-03-03T16:07:42","date_gmt":"2021-03-03T16:07:42","guid":{"rendered":"https:\/\/www.mes-allocs.fr\/guides\/?p=20381"},"modified":"2026-03-06T14:58:25","modified_gmt":"2026-03-06T13:58:25","slug":"formation-comptabilite","status":"publish","type":"post","link":"https:\/\/www.mes-allocs.fr\/guides\/reconversion-professionnelle\/formation-metiers\/formation-comptabilite\/","title":{"rendered":"La formation comptabilit\u00e9 : m\u00e9tier, salaire, \u00e9volution"},"content":{"rendered":"<p><a href=\"https:\/\/www.mes-allocs.fr\/guides\/wp-content\/uploads\/2021\/02\/pexels-nataliya-vaitkevich-6863337.jpg\"><img loading=\"lazy\" decoding=\"async\" class=\"aligncenter wp-image-20384 size-full\" title=\"formation comptabilit\u00e9\" src=\"https:\/\/www.mes-allocs.fr\/guides\/wp-content\/uploads\/2021\/02\/pexels-nataliya-vaitkevich-6863337-e1614027983563.jpg\" alt=\"formation comptabilit\u00e9\" width=\"1280\" height=\"486\" \/><\/a><\/p>\n<p style=\"text-align: justify;\">[Mis \u00e0 jour le 06\/03\/2026] Un comptable est en charge de la tenue des comptes d&rsquo;une ou plusieurs entreprises s&rsquo;il exerce en tant qu&rsquo;ind\u00e9pendant. Il est en charge de coordonner et de v\u00e9rifier les donn\u00e9es comptables. Pour exercer ce m\u00e9tier, plusieurs parcours de formations peuvent \u00eatre choisis selon votre situation et vos envies de <a href=\"https:\/\/www.mes-allocs.fr\/guides\/reconversion-professionnelle\/\">reconversion professionnelle<\/a>. Mes Allocs vous \u00e9claire sur les <strong>formations de comptable<\/strong>.<\/p>\n<div class='cta-block'><div class='text'>Coaching \u00e0 distance pay\u00e9 par vos aides formation.<\/div><a href='https:\/\/www.formademia.fr\/formulaire\/coaching' class='app-button fit'>V\u00e9rifier votre \u00e9ligibilit\u00e9<\/a><\/div>\n<h1>Qu&rsquo;est-ce qu&rsquo;un comptable ?<\/h1>\n<p>Un comptable est une personne indispensable pour une entreprise ou bien pour une activit\u00e9 lib\u00e9rale. <strong>Dans un cabinet d\u2019expertise comptable,<\/strong>\u00a0le comptable est en relation avec les entreprises clientes qui ont confi\u00e9 au cabinet tout ou partie de leur\u00a0<strong>comptabilit\u00e9<\/strong>. Exp\u00e9rience professionnelle.<\/p>\n<p><strong>Missions d&rsquo;un comptable :<\/strong><\/p>\n<ul>\n<li>Assure la bonne tenue des comptes de r\u00e9sultat<\/li>\n<li>Est en charge des d\u00e9clarations fiscales des entreprises et du r\u00e9sultat fiscal<\/li>\n<li>Assure la comptabilit\u00e9 g\u00e9n\u00e9rale d&rsquo;une entreprise<\/li>\n<li>Est en charge de la cl\u00f4ture des comptes<\/li>\n<\/ul>\n<p>Quelle que soit l&rsquo;entreprise et sa taille, vous devrez \u00eatre polyvalent, rigoureux et m\u00e9thodique pour exercer ce m\u00e9tier. Si vous \u00eates amen\u00e9 \u00e0 travailler sur ordinateur vous devrez avoir une bonne maitrise des logiciels comptables.<\/p>\n<p><iframe loading=\"lazy\" title=\"La reconversion professionnelle\" width=\"500\" height=\"281\" src=\"https:\/\/www.youtube.com\/embed\/EiVUthswxl0?feature=oembed\" frameborder=\"0\" allow=\"accelerometer; autoplay; clipboard-write; encrypted-media; gyroscope; picture-in-picture; web-share\" referrerpolicy=\"strict-origin-when-cross-origin\" allowfullscreen><\/iframe><\/p>\n<h1>\u00c9tudes et formations pour devenir comptable<\/h1>\n<p>Pour exercer en tant que comptables et fiscales un niveau Bac+2 est demand\u00e9. Plusieurs parcours sont possibles :<\/p>\n<h3>Niveau bac + 2<\/h3>\n<ul>\n<li>BTS CG &#8211; comptabilit\u00e9 et gestion,<\/li>\n<\/ul>\n<h3>Niveau bac + 3<\/h3>\n<ul>\n<li>BUT (ex. DUT) GEA &#8211; gestion des entreprises et des administrations<\/li>\n<li>Licence pro m\u00e9tiers de la gestion et de la comptabilit\u00e9 : comptabilit\u00e9 du secteur immobilier<\/li>\n<li>Licence pro m\u00e9tiers de la gestion et de la comptabilit\u00e9\u00a0 : comptabilit\u00e9 et gestion des associations<\/li>\n<li>Licence pro m\u00e9tiers de la gestion et de la comptabilit\u00e9\u00a0 : gestion des associations<\/li>\n<li>Licence pro m\u00e9tiers de la gestion et de la comptabilit\u00e9 : comptabilit\u00e9 et paye<\/li>\n<li>Licence pro m\u00e9tiers de la gestion et de la comptabilit\u00e9 : contr\u00f4le de gestion<\/li>\n<li>Licence pro m\u00e9tiers de la gestion et de la comptabilit\u00e9 : fiscalit\u00e9<\/li>\n<li>Licence pro m\u00e9tiers de la gestion et de la comptabilit\u00e9 : gestion comptable et financi\u00e8re<\/li>\n<li>Licence pro m\u00e9tiers de la gestion et de la comptabilit\u00e9 : responsable de portefeuille clients en cabinet d&rsquo;expertise<\/li>\n<li>Licence pro m\u00e9tiers de la gestion et de la comptabilit\u00e9 : r\u00e9vision comptable<\/li>\n<li>Bachelor en comptabilit\u00e9<\/li>\n<li>DCG &#8211;\u00a0dipl\u00f4me de comptabilit\u00e9 et de gestion<\/li>\n<\/ul>\n<p>Notez que des centres de formation dispensent \u00e9galement des formations professionnelles qui apportent des approfondissements et vous aident dans le d\u00e9veloppement des comp\u00e9tences. Parcours \u00e0 privil\u00e9gier dans le cadre d&rsquo;une reconversion professionnelle si cela est en lien avec votre projet professionnel.<\/p>\n<p>Vous pourrez \u00e9galement faire le choix d&rsquo;une formation de comptabilit\u00e9 en ligne. Ce qui vous permet d&rsquo;apprendre et d&rsquo;avancer \u00e0 votre rythme. Il est recommand\u00e9 de trouver une formation certifiante.<\/p>\n<p>D\u00e9couvrez les <a href=\"https:\/\/www.mes-allocs.fr\/guides\/reconversion-professionnelle\/formation-metiers\/formation-gestionnaire-paie\/\">formations gestionnaire de paie<\/a> !<\/p>\n<h1>Le salaire d&rsquo;un comptable<\/h1>\n<p>Il est difficile d&rsquo;\u00e9valuer le salaire d&rsquo;un comptable en d\u00e9but de carri\u00e8re. Cela va d\u00e9pendre du parcours de formation effectu\u00e9e et de la taille de l&rsquo;entreprise ou vous allez exercer votre m\u00e9tier(cabinet d&rsquo;expertise). \u00c0 titre d&rsquo;exemple, un comptable non cadre peut pr\u00e9tendre \u00e0 un salaire de 2.000 \u20ac brut par mois. Un chef de section comptable 3.000 \u20ac brut par mois.<\/p>\n<div class='cta-block'><div class='text'>Coaching \u00e0 distance pay\u00e9 par vos aides formation.<\/div><a href='https:\/\/www.formademia.fr\/formulaire\/coaching' class='app-button fit'>V\u00e9rifier votre \u00e9ligibilit\u00e9<\/a><\/div>\n<h1>\u00c9volution de carri\u00e8re du comptable<\/h1>\n<p>Apr\u00e8s quelques ann\u00e9es professionnelles en comptabilit\u00e9, vous pourrez pr\u00e9tendre \u00e0 un poste de chef comptable. En suivant des formations compl\u00e9mentaires, vous pourrez \u00e9galement vous diriger vers des postes tels que contr\u00f4leur de gestion, de contr\u00f4leur financier ou d&rsquo;expert-comptable, de comptable taxateur dans une \u00e9tude notariale, de directeur comptable et financier.<\/p>\n<h1>Financez votre reconversion professionnelle<\/h1>\n<p>Diff\u00e9rents dispositifs vous permettent de financer votre formation professionnelle. L\u2019\u00e9quipe Mes Allocs vous conseille et vous accompagne dans la recherche d&rsquo;un financement : <a href=\"https:\/\/www.formademia.fr\/formulaire\/coaching\">prenez rendez-vous<\/a>\u00a0!<\/p>\n<h2>Le Compte Personnel de Formation ou CPF<\/h2>\n<p>Le Compte Personnel de Formation \u00e9tait autrefois le DIF, gr\u00e2ce \u00e0 la Loi \u00ab\u00a0Pour la libert\u00e9 de choisir son avenir professionnel\u00a0\u00bb, ce sont des euros qui se cumulent sur le CPF afin de pouvoir vous former \u00e0 quand vous le souhaiter. Chaque ann\u00e9e, 500 \u20ac sont ajout\u00e9s sur ce compte (ex : pour un travail \u00e0 temps plein) mais avec un plafond 5000 \u20ac.<\/p>\n<p>Ce montant est de 800\u20ac pour un salari\u00e9 non qualifi\u00e9 (avec un plafond de 8000 \u20ac). L\u2019avantage est que le salaire est maintenu lors d\u2019une formation faite avec le CPF. Si le CPF est insuffisant (en euros) pour financer votre formation, il existe des possibilit\u00e9s d&rsquo;abonnement.<\/p>\n<p>Notez que si vous \u00eates demandeur d&rsquo; emploi, vous pouvez \u00e9galement b\u00e9n\u00e9ficier de vos euros cumul\u00e9s pour financer votre formation.<\/p>\n<h2 class=\"font-noe-display text-carnation\" dir=\"ltr\"><span id=\"Le_Conge_Individuel_de_Formation_CIF\">Le Projet de transition professionnelle (PTP)<\/span><\/h2>\n<p>Le <strong>projet de transition professionnelle (PTP)<\/strong> permet \u00e0 un salari\u00e9 de quitter temporairement son poste pour suivre une formation afin de changer de m\u00e9tier ou de profession.<\/p>\n<p>Il est accessible sous certaines conditions et n\u00e9cessite une demande aupr\u00e8s de l\u2019employeur. Pendant la formation, le salari\u00e9 continue d\u2019\u00eatre r\u00e9mun\u00e9r\u00e9.<\/p>\n<div class='cta-block'><div class='text'>Coaching \u00e0 distance pay\u00e9 par vos aides formation.<\/div><a href='https:\/\/www.formademia.fr\/formulaire\/coaching' class='app-button fit'>V\u00e9rifier votre \u00e9ligibilit\u00e9<\/a><\/div>\n","protected":false},"excerpt":{"rendered":"<p>[Mis \u00e0 jour le 06\/03\/2026] Un comptable est en charge de la tenue des comptes d&rsquo;une ou plusieurs entreprises s&rsquo;il exerce en tant qu&rsquo;ind\u00e9pendant. Il est en charge de coordonner et de v\u00e9rifier les donn\u00e9es comptables. Pour exercer ce m\u00e9tier, plusieurs parcours de formations peuvent \u00eatre choisis selon votre situation et vos envies de reconversion [&hellip;]<\/p>\n","protected":false},"author":9,"featured_media":20384,"comment_status":"open","ping_status":"open","sticky":false,"template":"","format":"standard","meta":{"amp_status":"","footnotes":""},"categories":[5979,5081],"tags":[],"class_list":["post-20381","post","type-post","status-publish","format-standard","has-post-thumbnail","hentry","category-formation-metiers","category-reconversion-professionnelle"],"yoast_head":"<!-- This site is optimized with the Yoast SEO plugin v14.9 - https:\/\/yoast.com\/wordpress\/plugins\/seo\/ -->\n<title>La formation comptabilit\u00e9 : m\u00e9tier, salaire, \u00e9volution | Mes-Allocs.fr<\/title>\n<meta name=\"description\" content=\"Le r\u00f4le d&#039;un comptable est indispensable pour une entreprise. Mes Allocs vous explique par quelle formation passer !\" \/>\n<meta name=\"robots\" content=\"index, follow, max-snippet:-1, max-image-preview:large, max-video-preview:-1\" \/>\n<link rel=\"canonical\" href=\"https:\/\/www.mes-allocs.fr\/guides\/reconversion-professionnelle\/formation-metiers\/formation-comptabilite\/\" \/>\n<meta property=\"og:locale\" content=\"fr_FR\" \/>\n<meta property=\"og:type\" content=\"article\" \/>\n<meta property=\"og:title\" content=\"La formation comptabilit\u00e9 : m\u00e9tier, salaire, \u00e9volution | Mes-Allocs.fr\" \/>\n<meta property=\"og:description\" content=\"Le r\u00f4le d&#039;un comptable est indispensable pour une entreprise. Mes Allocs vous explique par quelle formation passer !\" \/>\n<meta property=\"og:url\" content=\"https:\/\/www.mes-allocs.fr\/guides\/reconversion-professionnelle\/formation-metiers\/formation-comptabilite\/\" \/>\n<meta property=\"og:site_name\" content=\"Mes-Allocs.fr\" \/>\n<meta property=\"article:published_time\" content=\"2021-03-03T16:07:42+00:00\" \/>\n<meta property=\"article:modified_time\" content=\"2026-03-06T13:58:25+00:00\" \/>\n<meta property=\"og:image\" content=\"https:\/\/www.mes-allocs.fr\/guides\/wp-content\/uploads\/2021\/02\/pexels-nataliya-vaitkevich-6863337.jpg?wsr\" \/>\n\t<meta property=\"og:image:width\" content=\"1280\" \/>\n\t<meta property=\"og:image:height\" content=\"853\" \/>\n<meta name=\"twitter:card\" content=\"summary_large_image\" \/>\n<script type=\"application\/ld+json\" class=\"yoast-schema-graph\">{\"@context\":\"https:\/\/schema.org\",\"@graph\":[{\"@type\":\"WebSite\",\"@id\":\"https:\/\/www.mes-allocs.fr\/guides\/#website\",\"url\":\"https:\/\/www.mes-allocs.fr\/guides\/\",\"name\":\"Mes-Allocs.fr\",\"description\":\"\",\"potentialAction\":[{\"@type\":\"SearchAction\",\"target\":\"https:\/\/www.mes-allocs.fr\/guides\/?s={search_term_string}\",\"query-input\":\"required name=search_term_string\"}],\"inLanguage\":\"fr-FR\"},{\"@type\":\"ImageObject\",\"@id\":\"https:\/\/www.mes-allocs.fr\/guides\/reconversion-professionnelle\/formation-metiers\/formation-comptabilite\/#primaryimage\",\"inLanguage\":\"fr-FR\",\"url\":\"https:\/\/www.mes-allocs.fr\/guides\/wp-content\/uploads\/2021\/02\/pexels-nataliya-vaitkevich-6863337.jpg?wsr\",\"width\":1280,\"height\":853,\"caption\":\"formation comptabilit\\u00e9\"},{\"@type\":\"WebPage\",\"@id\":\"https:\/\/www.mes-allocs.fr\/guides\/reconversion-professionnelle\/formation-metiers\/formation-comptabilite\/#webpage\",\"url\":\"https:\/\/www.mes-allocs.fr\/guides\/reconversion-professionnelle\/formation-metiers\/formation-comptabilite\/\",\"name\":\"La formation comptabilit\\u00e9 : m\\u00e9tier, salaire, \\u00e9volution | Mes-Allocs.fr\",\"isPartOf\":{\"@id\":\"https:\/\/www.mes-allocs.fr\/guides\/#website\"},\"primaryImageOfPage\":{\"@id\":\"https:\/\/www.mes-allocs.fr\/guides\/reconversion-professionnelle\/formation-metiers\/formation-comptabilite\/#primaryimage\"},\"datePublished\":\"2021-03-03T16:07:42+00:00\",\"dateModified\":\"2026-03-06T13:58:25+00:00\",\"author\":{\"@id\":\"https:\/\/www.mes-allocs.fr\/guides\/#\/schema\/person\/e4e762c89158b34a332446d26f02fd56\"},\"description\":\"Le r\\u00f4le d'un comptable est indispensable pour une entreprise. Mes Allocs vous explique par quelle formation passer !\",\"inLanguage\":\"fr-FR\"},{\"@type\":\"Person\",\"@id\":\"https:\/\/www.mes-allocs.fr\/guides\/#\/schema\/person\/e4e762c89158b34a332446d26f02fd56\",\"name\":\"Marylou\",\"image\":{\"@type\":\"ImageObject\",\"@id\":\"https:\/\/www.mes-allocs.fr\/guides\/#personlogo\",\"inLanguage\":\"fr-FR\",\"url\":\"https:\/\/www.mes-allocs.fr\/guides\/wp-content\/uploads\/2021\/06\/marylou-150x150.png\",\"caption\":\"Marylou\"},\"description\":\"Marylou est r\\u00e9dactrice au sein de l'\\u00e9quipe Mes Allocs, sp\\u00e9cialiste des sujets de soci\\u00e9t\\u00e9 en g\\u00e9n\\u00e9ral. Dipl\\u00f4m\\u00e9e de l'Institut Sup\\u00e9rieur de Formation au Journalisme, elle rejoint Mes Allocs apr\\u00e8s cr\\u00e9\\u00e9 son premier blog personnel.\",\"sameAs\":[\"https:\/\/www.linkedin.com\/in\/marylou-pr\\u00e9vost\"]}]}<\/script>\n<!-- \/ Yoast SEO plugin. -->","amp_validity":null,"acf":{"faq":{"1":{"question":"Quelles \u00e9tudes pour devenir comptable ?","answer":"Au niveau Bac +3, le DCG (dipl\u00f4me de comptabilit\u00e9 et gestion) est un tr\u00e8s bon choix pour qui veut devenir comptable. "},"2":{"question":"Quel est le salaire minimum d'un comptable ?","answer":"Le taux minimum horaire dans les cabinets d'expertise comptable est fix\u00e9 au SMIC 2026, soit 12,02 \u20ac par heure."},"3":{"question":"Quel salaire avec un BTS comptabilit\u00e9 ?","answer":"Apr\u00e8s 3 \u00e0 5 ans d'exp\u00e9rience, le salaire avec un BTS comptabilit\u00e9 gestion (anciennement appel\u00e9 BTS CGO) d'un comptable est entre 1 800 \u00e0 2 300 \u20ac brut par an. "},"4":{"question":"Quel est le r\u00f4le d'un comptable dans une entreprise ?","answer":"D'une mani\u00e8re g\u00e9n\u00e9rale, le comptable est charg\u00e9 de tenir les comptes de l'entreprise pour laquelle il travaille."},"5":{"question":"Quelles sont les t\u00e2ches confi\u00e9es \u00e0 un comptable ?","answer":"Suivre le traitement des factures clients et fournisseurs. Dresser un \u00e9tat mensuel de la situation comptable de l'entreprise."},"6":{"question":"Quelles sont les obligations d'un comptable ?","answer":"Il doit tenir un livre journal et un grand livre ; proc\u00e9der \u00e0 l'enregistrement comptable chronologique des mouvements affectant le patrimoine de l'entreprise ; proc\u00e9der \u00e0 un inventaire au moins 1 fois tous les 12 mois ; \u00e9tablir des comptes annuels comprenant : un bilan, un compte de r\u00e9sultats et des annexes."},"7":{"question":"","answer":""},"8":{"question":"","answer":""},"9":{"question":"","answer":""},"10":{"question":"","answer":""},"11":{"question":"","answer":""},"12":{"question":"","answer":""},"13":{"question":"","answer":""},"14":{"question":"","answer":""},"15":{"question":"","answer":""},"16":{"question":"","answer":""}}},"_links":{"self":[{"href":"https:\/\/www.mes-allocs.fr\/guides\/wp-json\/wp\/v2\/posts\/20381","targetHints":{"allow":["GET"]}}],"collection":[{"href":"https:\/\/www.mes-allocs.fr\/guides\/wp-json\/wp\/v2\/posts"}],"about":[{"href":"https:\/\/www.mes-allocs.fr\/guides\/wp-json\/wp\/v2\/types\/post"}],"author":[{"embeddable":true,"href":"https:\/\/www.mes-allocs.fr\/guides\/wp-json\/wp\/v2\/users\/9"}],"replies":[{"embeddable":true,"href":"https:\/\/www.mes-allocs.fr\/guides\/wp-json\/wp\/v2\/comments?post=20381"}],"version-history":[{"count":15,"href":"https:\/\/www.mes-allocs.fr\/guides\/wp-json\/wp\/v2\/posts\/20381\/revisions"}],"predecessor-version":[{"id":110249,"href":"https:\/\/www.mes-allocs.fr\/guides\/wp-json\/wp\/v2\/posts\/20381\/revisions\/110249"}],"wp:featuredmedia":[{"embeddable":true,"href":"https:\/\/www.mes-allocs.fr\/guides\/wp-json\/wp\/v2\/media\/20384"}],"wp:attachment":[{"href":"https:\/\/www.mes-allocs.fr\/guides\/wp-json\/wp\/v2\/media?parent=20381"}],"wp:term":[{"taxonomy":"category","embeddable":true,"href":"https:\/\/www.mes-allocs.fr\/guides\/wp-json\/wp\/v2\/categories?post=20381"},{"taxonomy":"post_tag","embeddable":true,"href":"https:\/\/www.mes-allocs.fr\/guides\/wp-json\/wp\/v2\/tags?post=20381"}],"curies":[{"name":"wp","href":"https:\/\/api.w.org\/{rel}","templated":true}]}}