{"id":20304,"date":"2021-03-03T16:14:37","date_gmt":"2021-03-03T16:14:37","guid":{"rendered":"https:\/\/www.mes-allocs.fr\/guides\/?p=20304"},"modified":"2026-03-06T15:45:26","modified_gmt":"2026-03-06T14:45:26","slug":"formation-ambulancier","status":"publish","type":"post","link":"https:\/\/www.mes-allocs.fr\/guides\/reconversion-professionnelle\/formation-metiers\/formation-ambulancier\/","title":{"rendered":"La formation d&rsquo;ambulancier : m\u00e9tier, salaire, \u00e9volution"},"content":{"rendered":"<p><a href=\"https:\/\/www.mes-allocs.fr\/guides\/wp-content\/uploads\/2021\/02\/pexels-pavel-danilyuk-6754178.jpg\"><img loading=\"lazy\" decoding=\"async\" class=\"aligncenter wp-image-20337 size-full\" title=\"formation ambulancier\" src=\"https:\/\/www.mes-allocs.fr\/guides\/wp-content\/uploads\/2021\/02\/pexels-pavel-danilyuk-6754178-e1613993979139.jpg\" alt=\"formation ambulancier\" width=\"1280\" height=\"406\" \/><\/a><\/p>\n<p style=\"text-align: justify;\">[Mis \u00e0 jour le 06\/03\/2026] Un ambulancier occupe deux postes \u00e0 la fois : auxiliaire sanitaire et transporteur sp\u00e9cialis\u00e9. Il a la responsabilit\u00e9 de veiller au transport et au confort des personnes malades qu&rsquo;il transporte. Pour r\u00e9ussir votre <a href=\"https:\/\/www.mes-allocs.fr\/guides\/reconversion-professionnelle\/\">reconversion professionnelle<\/a>, d\u00e9couvrez la <strong>formation ambulancier<\/strong> \u00e0 suivre.<\/p>\n<div class='cta-block'><div class='text'>Coaching \u00e0 distance pay\u00e9 par vos aides formation.<\/div><a href='https:\/\/www.formademia.fr\/formulaire\/coaching' class='app-button fit'>V\u00e9rifier votre \u00e9ligibilit\u00e9<\/a><\/div>\n<h1>\u00c9tudes et formations pour devenir ambulancier<\/h1>\n<p>Plusieurs voies de formations permettent de devenir ambulancier. Que ce soit dans le cadre d&rsquo;un premier emploi ou d&rsquo;une reconversion professionnelle. Explication !<\/p>\n<h2>DEA : dipl\u00f4me d\u2019\u00c9tat d\u2019ambulancier<\/h2>\n<p>Si vous souhaitez travailler comme ambulancier, vous devez r\u00e9ussir les \u00e9preuves d&rsquo;admissibilit\u00e9 et poss\u00e9der le DEA (dipl\u00f4me d\u2019Etat d\u2019ambulancier). Pour cela vous devrez suivre une formation de 2 \u00e0 4 mois durant lesquels les gestes et soins d&rsquo;urgence vous seront enseign\u00e9s.<\/p>\n<p>Cette formation payante peut \u00eatre suivie dans des centres publics ou priv\u00e9s homologu\u00e9s. Vous aurez \u00e9galement la possibilit\u00e9 de suivre un stage de d\u00e9couverte de 140 heures.<\/p>\n<p>Pour acc\u00e9der \u00e0 cette formation, vous devrez passer des \u00e9preuves \u00e9crites (fran\u00e7ais et arithm\u00e9tique) puis ensuite par un oral d\u2019admission.<\/p>\n<p>\u00c0 noter : il faut poss\u00e9der le permis de conduire B depuis au moins trois ans, un certificat m\u00e9dical de vaccination \u00e0 jour. Ainsi qu&rsquo;une attestation pr\u00e9fectorale d&rsquo;aptitude \u00e0 la conduite d&rsquo;une ambulance.<\/p>\n<h2>La formation continue<\/h2>\n<p>Dans le cadre d&rsquo;une reconversion professionnelle, la formation continue est recommand\u00e9e. Vous devrez pr\u00e9parer le dipl\u00f4me d\u2019\u00c9tat d\u2019ambulancier et passer les \u00e9preuves d&rsquo; admission.<\/p>\n<p>Les professionnels du secteur sanitaire peuvent \u00e9galement suivre cette formation compl\u00e9mentaire pour rejoindre un service mobile d\u2019urgence et de r\u00e9animation (SMUR).<\/p>\n<h2>La formation d&rsquo;auxiliaire ambulancier<\/h2>\n<p>Pour devenir auxiliaire ambulancier, vous devez obligatoirement suivre une formation de 10 jours soit 70 heures. Propos\u00e9e par les IFA (Instituts de Formation Ambulanciers). Pour pouvoir b\u00e9n\u00e9ficier de cette prise en charge vous devez d\u00e9j\u00e0 d\u00e9tenir le permis B depuis au moins 3 ans. Mais vous devez \u00e9galement poss\u00e9der une attestation pr\u00e9fectorale d\u2019aptitude \u00e0 la conduite d\u2019ambulance pour pouvoir suivre la <a href=\"https:\/\/www.mes-allocs.fr\/guides\/reconversion-professionnelle\/formation-metiers\/formation-auxiliaire-ambulancier\/\">formation d&rsquo;auxiliaire ambulancier<\/a>.<\/p>\n<p>Notez que cette formation est payante, mais vous pouvez b\u00e9n\u00e9ficier de diff\u00e9rents dispositifs pour le financement.<\/p>\n<p><iframe loading=\"lazy\" title=\"La reconversion professionnelle\" width=\"500\" height=\"281\" src=\"https:\/\/www.youtube.com\/embed\/EiVUthswxl0?feature=oembed\" frameborder=\"0\" allow=\"accelerometer; autoplay; clipboard-write; encrypted-media; gyroscope; picture-in-picture; web-share\" referrerpolicy=\"strict-origin-when-cross-origin\" allowfullscreen><\/iframe><\/p>\n<h1>Qualit\u00e9s requises pour \u00eatre ambulancier<\/h1>\n<p>Avant tout pour exercer le m\u00e9tier d&rsquo; ambulancier il faut d\u00e9tenir le permis de conduire et \u00eatre un bon conducteur. Votre conduite doit s&rsquo;adapter \u00e0 l&rsquo;\u00e9tat de sant\u00e9 de la personne que vous transportez. Vous devez donc avoir un certain savoir-faire et sang froid en termes de conduite.<\/p>\n<p>Pour pouvoir exercer vous devrez passer une visite m\u00e9dicale et obtenir un certificat d\u00e9livr\u00e9 par un m\u00e9decin agr\u00e9\u00e9.<\/p>\n<p>Notez qu&rsquo;en tant qu&rsquo;ambulancier vous aurez l&rsquo;obligation de une formation d\u00e9livrant l&rsquo; AFGSU niveau 2.<\/p>\n<h1>Le salaire d&rsquo;un ambulancier<\/h1>\n<p>Un ambulancier qui d\u00e9bute peut pr\u00e9tendre \u00e0 un salaire de l&rsquo;ordre de 1 540-1 620 \u20ac net mensuel. En fin de carri\u00e8re il peut pr\u00e9tendre \u00e02 653 \u20ac brut. Notez que le montant peut varier selon les entreprises de transport sanitaire.<\/p>\n<p>Un ambulancier ind\u00e9pendant peut pr\u00e9tendre \u00e0 un salaire plus \u00e9lev\u00e9, n\u00e9anmoins il devra subventionner un v\u00e9hicule conforme aux exigences de la profession.<\/p>\n<h1>\u00c9volutions de carri\u00e8re possibles<\/h1>\n<p>En tant qu&rsquo;ambulancier vous pourrez vous sp\u00e9cialiser dans le secteur de transport sanitaire p\u00e9diatrique ou d&rsquo;urgence. Ou apr\u00e8s quelques ann\u00e9es d&rsquo;exp\u00e9rience vous pourrez devenir\u00a0r\u00e9gulateur. Sa fonction consiste alors \u00e0 recevoir les appels, coordonner les demandes et \u00e9tablir le planning des courses ou des interventions.<\/p>\n<h1>Le Compte Personnel de Formation ou CPF pour financer votre formation<\/h1>\n<p>Le Compte Personnel de Formation \u00e9tait autrefois le DIF, gr\u00e2ce \u00e0 la Loi \u00ab\u00a0Pour la libert\u00e9 de choisir son avenir professionnel\u00a0\u00bb, ce sont des euros qui se cumulent sur le CPF afin de pouvoir vous former \u00e0 quand vous le souhaiter. Chaque ann\u00e9e, 500 \u20ac sont ajout\u00e9s sur ce compte (ex : pour un travail \u00e0 temps plein) mais avec un plafond 5000 \u20ac.<\/p>\n<p>Ce montant est de 800 \u20ac pour un salari\u00e9 non qualifi\u00e9 (avec un plafond de 8000 \u20ac). L\u2019avantage est que le salaire est maintenu lors d\u2019une formation faite avec le CPF. Si le CPF est insuffisant (en \u20ac) pour financer votre formation, il existe des possibilit\u00e9s d&rsquo;abonnement.<\/p>\n<div class='cta-block'><div class='text'>Coaching \u00e0 distance pay\u00e9 par vos aides formation.<\/div><a href='https:\/\/www.formademia.fr\/formulaire\/coaching' class='app-button fit'>V\u00e9rifier votre \u00e9ligibilit\u00e9<\/a><\/div>\n","protected":false},"excerpt":{"rendered":"<p>[Mis \u00e0 jour le 06\/03\/2026] Un ambulancier occupe deux postes \u00e0 la fois : auxiliaire sanitaire et transporteur sp\u00e9cialis\u00e9. Il a la responsabilit\u00e9 de veiller au transport et au confort des personnes malades qu&rsquo;il transporte. Pour r\u00e9ussir votre reconversion professionnelle, d\u00e9couvrez la formation ambulancier \u00e0 suivre. \u00c9tudes et formations pour devenir ambulancier Plusieurs voies de [&hellip;]<\/p>\n","protected":false},"author":9,"featured_media":20337,"comment_status":"open","ping_status":"open","sticky":false,"template":"","format":"standard","meta":{"amp_status":"","footnotes":""},"categories":[5979,5081],"tags":[],"class_list":["post-20304","post","type-post","status-publish","format-standard","has-post-thumbnail","hentry","category-formation-metiers","category-reconversion-professionnelle"],"yoast_head":"<!-- This site is optimized with the Yoast SEO plugin v14.9 - https:\/\/yoast.com\/wordpress\/plugins\/seo\/ -->\n<title>La formation d&#039;ambulancier : m\u00e9tier, salaire, \u00e9volution | Mes-Allocs.fr<\/title>\n<meta name=\"description\" content=\"Vous souhaitez devenir ambulancier ? D\u00e9couvrez la formation \u00e0 suivre pour r\u00e9ussir votre reconversion professionnelle.\" \/>\n<meta name=\"robots\" content=\"index, follow, max-snippet:-1, max-image-preview:large, max-video-preview:-1\" \/>\n<link rel=\"canonical\" href=\"https:\/\/www.mes-allocs.fr\/guides\/reconversion-professionnelle\/formation-metiers\/formation-ambulancier\/\" \/>\n<meta property=\"og:locale\" content=\"fr_FR\" \/>\n<meta property=\"og:type\" content=\"article\" \/>\n<meta property=\"og:title\" content=\"La formation d&#039;ambulancier : m\u00e9tier, salaire, \u00e9volution | Mes-Allocs.fr\" \/>\n<meta property=\"og:description\" content=\"Vous souhaitez devenir ambulancier ? D\u00e9couvrez la formation \u00e0 suivre pour r\u00e9ussir votre reconversion professionnelle.\" \/>\n<meta property=\"og:url\" content=\"https:\/\/www.mes-allocs.fr\/guides\/reconversion-professionnelle\/formation-metiers\/formation-ambulancier\/\" \/>\n<meta property=\"og:site_name\" content=\"Mes-Allocs.fr\" \/>\n<meta property=\"article:published_time\" content=\"2021-03-03T16:14:37+00:00\" \/>\n<meta property=\"article:modified_time\" content=\"2026-03-06T14:45:26+00:00\" \/>\n<meta property=\"og:image\" content=\"https:\/\/www.mes-allocs.fr\/guides\/wp-content\/uploads\/2021\/02\/pexels-pavel-danilyuk-6754178.jpg?wsr\" \/>\n\t<meta property=\"og:image:width\" content=\"1280\" \/>\n\t<meta property=\"og:image:height\" content=\"854\" \/>\n<meta name=\"twitter:card\" content=\"summary_large_image\" \/>\n<script type=\"application\/ld+json\" class=\"yoast-schema-graph\">{\"@context\":\"https:\/\/schema.org\",\"@graph\":[{\"@type\":\"WebSite\",\"@id\":\"https:\/\/www.mes-allocs.fr\/guides\/#website\",\"url\":\"https:\/\/www.mes-allocs.fr\/guides\/\",\"name\":\"Mes-Allocs.fr\",\"description\":\"\",\"potentialAction\":[{\"@type\":\"SearchAction\",\"target\":\"https:\/\/www.mes-allocs.fr\/guides\/?s={search_term_string}\",\"query-input\":\"required name=search_term_string\"}],\"inLanguage\":\"fr-FR\"},{\"@type\":\"ImageObject\",\"@id\":\"https:\/\/www.mes-allocs.fr\/guides\/reconversion-professionnelle\/formation-metiers\/formation-ambulancier\/#primaryimage\",\"inLanguage\":\"fr-FR\",\"url\":\"https:\/\/www.mes-allocs.fr\/guides\/wp-content\/uploads\/2021\/02\/pexels-pavel-danilyuk-6754178.jpg?wsr\",\"width\":1280,\"height\":854,\"caption\":\"formation ambulancier\"},{\"@type\":\"WebPage\",\"@id\":\"https:\/\/www.mes-allocs.fr\/guides\/reconversion-professionnelle\/formation-metiers\/formation-ambulancier\/#webpage\",\"url\":\"https:\/\/www.mes-allocs.fr\/guides\/reconversion-professionnelle\/formation-metiers\/formation-ambulancier\/\",\"name\":\"La formation d'ambulancier : m\\u00e9tier, salaire, \\u00e9volution | Mes-Allocs.fr\",\"isPartOf\":{\"@id\":\"https:\/\/www.mes-allocs.fr\/guides\/#website\"},\"primaryImageOfPage\":{\"@id\":\"https:\/\/www.mes-allocs.fr\/guides\/reconversion-professionnelle\/formation-metiers\/formation-ambulancier\/#primaryimage\"},\"datePublished\":\"2021-03-03T16:14:37+00:00\",\"dateModified\":\"2026-03-06T14:45:26+00:00\",\"author\":{\"@id\":\"https:\/\/www.mes-allocs.fr\/guides\/#\/schema\/person\/e4e762c89158b34a332446d26f02fd56\"},\"description\":\"Vous souhaitez devenir ambulancier ? D\\u00e9couvrez la formation \\u00e0 suivre pour r\\u00e9ussir votre reconversion professionnelle.\",\"inLanguage\":\"fr-FR\"},{\"@type\":\"Person\",\"@id\":\"https:\/\/www.mes-allocs.fr\/guides\/#\/schema\/person\/e4e762c89158b34a332446d26f02fd56\",\"name\":\"Marylou\",\"image\":{\"@type\":\"ImageObject\",\"@id\":\"https:\/\/www.mes-allocs.fr\/guides\/#personlogo\",\"inLanguage\":\"fr-FR\",\"url\":\"https:\/\/www.mes-allocs.fr\/guides\/wp-content\/uploads\/2021\/06\/marylou-150x150.png\",\"caption\":\"Marylou\"},\"description\":\"Marylou est r\\u00e9dactrice au sein de l'\\u00e9quipe Mes Allocs, sp\\u00e9cialiste des sujets de soci\\u00e9t\\u00e9 en g\\u00e9n\\u00e9ral. Dipl\\u00f4m\\u00e9e de l'Institut Sup\\u00e9rieur de Formation au Journalisme, elle rejoint Mes Allocs apr\\u00e8s cr\\u00e9\\u00e9 son premier blog personnel.\",\"sameAs\":[\"https:\/\/www.linkedin.com\/in\/marylou-pr\\u00e9vost\"]}]}<\/script>\n<!-- \/ Yoast SEO plugin. -->","amp_validity":null,"acf":{"faq":{"1":{"question":"Comment faire pour devenir ambulancier ?","answer":"Le dipl\u00f4me d'Etat d'ambulancier (DEA) est obligatoire pour exercer ce m\u00e9tier. Si le niveau de la classe de 3\u00e8me pour se pr\u00e9senter aux \u00e9preuves de s\u00e9lection est un minimum, beaucoup de candidats sont titulaires du bac."},"2":{"question":"Quel est le salaire net d'un ambulancier ?","answer":"Le salaire moyen d'un ambulancier est de 1 550 \u20ac net\/mois soit environ 2 000 \u20ac brut\/mois."},"3":{"question":" Comment devenir ambulancier sans dipl\u00f4me ?","answer":"Pour exercer en tant qu'ambulancier, il faut poss\u00e9der le Dipl\u00f4me d'\u00e9tat d'ambulancier (DEA) accessible sans conditions de dipl\u00f4me. "},"4":{"question":"Quel est le r\u00f4le de l'auxiliaire ambulancier ?","answer":"Un auxiliaire ambulanci\u00e8re assure sur prescription m\u00e9dicale le transport de malades dans un v\u00e9hicule sanitaire l\u00e9ger (VSL)"},"5":{"question":"Comment devenir auxiliaire ambulancier VSL ?","answer":"devenir auxiliaire ambulancier est un premier pas vers le dipl\u00f4me d'Etat d'ambulancier (DEA). Pour exercer ce m\u00e9tier, il faut obtenir une validation d\u00e9livr\u00e9e \u2014 apr\u00e8s \u00e9valuation des comp\u00e9tences \u2014 au terme d'une formation de 70 h."},"6":{"question":"Quel dipl\u00f4me pour \u00eatre brancardier ?","answer":"Le m\u00e9tier de brancardier est accessible sans dipl\u00f4me, mais l'AFGSU2 (attestation de formation aux gestes et soins d'urgence de niveau 2) et la reconnaissance de l'aptitude physique au port des charges sont obligatoires."},"7":{"question":"","answer":""},"8":{"question":"","answer":""},"9":{"question":"","answer":""},"10":{"question":"","answer":""},"11":{"question":"","answer":""},"12":{"question":"","answer":""},"13":{"question":"","answer":""},"14":{"question":"","answer":""},"15":{"question":"","answer":""},"16":{"question":"","answer":""}}},"_links":{"self":[{"href":"https:\/\/www.mes-allocs.fr\/guides\/wp-json\/wp\/v2\/posts\/20304","targetHints":{"allow":["GET"]}}],"collection":[{"href":"https:\/\/www.mes-allocs.fr\/guides\/wp-json\/wp\/v2\/posts"}],"about":[{"href":"https:\/\/www.mes-allocs.fr\/guides\/wp-json\/wp\/v2\/types\/post"}],"author":[{"embeddable":true,"href":"https:\/\/www.mes-allocs.fr\/guides\/wp-json\/wp\/v2\/users\/9"}],"replies":[{"embeddable":true,"href":"https:\/\/www.mes-allocs.fr\/guides\/wp-json\/wp\/v2\/comments?post=20304"}],"version-history":[{"count":17,"href":"https:\/\/www.mes-allocs.fr\/guides\/wp-json\/wp\/v2\/posts\/20304\/revisions"}],"predecessor-version":[{"id":110266,"href":"https:\/\/www.mes-allocs.fr\/guides\/wp-json\/wp\/v2\/posts\/20304\/revisions\/110266"}],"wp:featuredmedia":[{"embeddable":true,"href":"https:\/\/www.mes-allocs.fr\/guides\/wp-json\/wp\/v2\/media\/20337"}],"wp:attachment":[{"href":"https:\/\/www.mes-allocs.fr\/guides\/wp-json\/wp\/v2\/media?parent=20304"}],"wp:term":[{"taxonomy":"category","embeddable":true,"href":"https:\/\/www.mes-allocs.fr\/guides\/wp-json\/wp\/v2\/categories?post=20304"},{"taxonomy":"post_tag","embeddable":true,"href":"https:\/\/www.mes-allocs.fr\/guides\/wp-json\/wp\/v2\/tags?post=20304"}],"curies":[{"name":"wp","href":"https:\/\/api.w.org\/{rel}","templated":true}]}}