{"id":20282,"date":"2021-03-08T10:24:23","date_gmt":"2021-03-08T10:24:23","guid":{"rendered":"https:\/\/www.mes-allocs.fr\/guides\/?p=20282"},"modified":"2026-04-24T09:53:36","modified_gmt":"2026-04-24T08:53:36","slug":"pole-emploi-dates-actualisation","status":"publish","type":"post","link":"https:\/\/www.mes-allocs.fr\/guides\/chomage\/pole-emploi-actualisation\/pole-emploi-dates-actualisation\/","title":{"rendered":"France Travail actualisation avril 2026 : quelle date ?"},"content":{"rendered":"<p><a href=\"https:\/\/www.mes-allocs.fr\/guides\/wp-content\/uploads\/2021\/02\/pexels-olya-kobruseva-5408915-1.jpg\"><img loading=\"lazy\" decoding=\"async\" class=\"alignnone wp-image-20283 size-full\" title=\"P\u00f4le emploi : Les dates d'actualisation\" src=\"https:\/\/www.mes-allocs.fr\/guides\/wp-content\/uploads\/2021\/02\/pexels-olya-kobruseva-5408915-1-e1613782216643.jpg\" alt=\"P\u00f4le emploi : Les dates d'actualisation\" width=\"1279\" height=\"284\" srcset=\"https:\/\/www.mes-allocs.fr\/guides\/wp-content\/uploads\/2021\/02\/pexels-olya-kobruseva-5408915-1-e1613782216643.jpg 1279w, https:\/\/www.mes-allocs.fr\/guides\/wp-content\/uploads\/2021\/02\/pexels-olya-kobruseva-5408915-1-e1613782216643-300x67.jpg 300w, https:\/\/www.mes-allocs.fr\/guides\/wp-content\/uploads\/2021\/02\/pexels-olya-kobruseva-5408915-1-e1613782216643-1024x227.jpg 1024w, https:\/\/www.mes-allocs.fr\/guides\/wp-content\/uploads\/2021\/02\/pexels-olya-kobruseva-5408915-1-e1613782216643-768x171.jpg 768w, https:\/\/www.mes-allocs.fr\/guides\/wp-content\/uploads\/2021\/02\/pexels-olya-kobruseva-5408915-1-e1613782216643-600x133.jpg 600w\" sizes=\"auto, (max-width: 1279px) 100vw, 1279px\" \/><\/a><\/p>\n<p style=\"text-align: justify;\">[Mis \u00e0 jour le 24\/04\/2026] Il est essentiel pour le b\u00e9n\u00e9ficiaire du <a href=\"https:\/\/www.mes-allocs.fr\/guides\/chomage\">ch\u00f4mage<\/a> de faire une d\u00e9claration mensuelle de ses ressources pour continuer \u00e0 percevoir ses allocations. Mais comment faire son actualisation ? Et quelles sont les <strong>dates d&rsquo;actualisation France Travail<\/strong> ? Mes Allocs vous explique tout.<\/p>\n<div class='cta-block'><div class='text'>Simulez vos aides en 2 min.<\/div><a href='https:\/\/www.mes-allocs.fr\/ab-app?origin=guides\/wp-json\/wp\/v2\/posts\/20282' class='app-button fit'>Simulation gratuite<\/a><\/div>\n<hr \/>\n<h1>Qu\u2019est-ce que l\u2019actualisation de France Travail ?<\/h1>\n<p>Toute personne inscrite comme demandeur d\u2019emploi aupr\u00e8s de France Travail (anciennement P\u00f4le Emploi) a l\u2019obligation de proc\u00e9der \u00e0 leur actualisation, qu\u2019elle soit indemnis\u00e9e ou non. Cette proc\u00e9dure consiste \u00e0<b> d\u00e9clarer sa situation<\/b> professionnelle, personnelle et familiale pour le mois qui s\u2019est \u00e9coul\u00e9, pour rester inscrit sur la liste des demandeurs d&#8217;emploi et, le cas \u00e9ch\u00e9ant, pour d\u00e9clencher le paiement des allocations ch\u00f4mage.<\/p>\n<p>Concr\u00e8tement, l&rsquo;actualisation consiste \u00e0 <b>r\u00e9pondre \u00e0 une s\u00e9rie de questions<\/b> sur votre situation professionnelle du mois \u00e9coul\u00e9 : avez-vous travaill\u00e9 ? Si oui, combien d&rsquo;heures et quel salaire avez-vous per\u00e7u ? Avez-vous \u00e9t\u00e9 en formation ? Avez-vous refus\u00e9 des offres d&#8217;emploi ?<\/p>\n<h1>Comment fonctionne le calendrier d\u2019actualisation de France Travail ?<\/h1>\n<h2>Quelles sont les dates d\u2019actualisation de France Travail ?<\/h2>\n<p>France Travail a \u00e9tabli un calendrier d&rsquo;actualisation qui pr\u00e9cise quand les demandeurs d\u2019emploi doivent faire leur d\u00e9claration chaque mois. En r\u00e8gle g\u00e9n\u00e9rale, la p\u00e9riode d\u2019actualisation <b>d\u00e9bute le 28 de chaque mois et se termine le 15 du mois<\/b> suivant \u00e0 minuit.<\/p>\n<ul>\n<li><strong>Pour le mois d&rsquo;avril 2026, vous pouvez vous actualiser \u00e0 partir du 28 avril jusqu&rsquo;au 15 mai 2026.<\/strong><\/li>\n<li><strong>Pour le mois de mai 2026, la p\u00e9riode d&rsquo;actualisation aupr\u00e8s de France Travail commence le 28 mai et se termine le 15 juin 2026.<\/strong><\/li>\n<\/ul>\n<p>Ainsi, le calendrier d\u2019actualisation pour l&rsquo;ann\u00e9e 2026 est le suivant :<\/p>\n\n<div class=\"wpdt-c row wpDataTableContainerSimpleTable wpDataTables wpDataTablesWrapper\n\"\n    >\n    <table id=\"wpdtSimpleTable-18\"\n           class=\"wpdtSimpleTable wpDataTable\"\n           data-column=\"3\"\n           data-rows=\"13\"\n           data-wpID=\"18\"\n           data-responsive=\"0\"\n           data-has-header=\"1\">\n\n                    <thead>        <tr class=\"wpdt-cell-row \" >\n                            <th class=\"wpdt-cell wpdt-bc-F3F9FE wpdt-bold\"\n                                    data-cell-id=\"A1\"\n                data-col-index=\"0\"\n                data-row-index=\"0\"\n                style=\" width:41.217798594848%;                padding:10px;\"\n                >\n                                Mois de r\u00e9f\u00e9rence                <\/th>\n                                            <th class=\"wpdt-cell wpdt-bc-F3F9FE wpdt-bold\"\n                                    data-cell-id=\"B1\"\n                data-col-index=\"1\"\n                data-row-index=\"0\"\n                style=\" width:29.274004683841%;                padding:10px;\"\n                >\n                                D\u00e9but de l\u2019actualisation                <\/th>\n                                            <th class=\"wpdt-cell wpdt-bc-F3F9FE wpdt-bold\"\n                                    data-cell-id=\"C1\"\n                data-col-index=\"2\"\n                data-row-index=\"0\"\n                style=\" width:29.508196721311%;                padding:10px;\"\n                >\n                                Fin de l\u2019actualisation                <\/th>\n                                        <\/tr>\n                    <tbody>        <tr class=\"wpdt-cell-row \" >\n                            <td class=\"wpdt-cell wpdt-bc-F3F9FE wpdt-bold\"\n                                    data-cell-id=\"A2\"\n                data-col-index=\"0\"\n                data-row-index=\"1\"\n                style=\"                padding:10px;\"\n                >\n                                Janvier 2026                <\/td>\n                                            <td class=\"wpdt-cell \"\n                                    data-cell-id=\"B2\"\n                data-col-index=\"1\"\n                data-row-index=\"1\"\n                style=\"                padding:10px;\"\n                >\n                                28\/01\/2026                <\/td>\n                                            <td class=\"wpdt-cell \"\n                                    data-cell-id=\"C2\"\n                data-col-index=\"2\"\n                data-row-index=\"1\"\n                style=\"                padding:10px;\"\n                >\n                                15\/02\/2026                <\/td>\n                                        <\/tr>\n                            <tr class=\"wpdt-cell-row \" >\n                            <td class=\"wpdt-cell wpdt-bc-F3F9FE wpdt-bold\"\n                                    data-cell-id=\"A3\"\n                data-col-index=\"0\"\n                data-row-index=\"2\"\n                style=\"                padding:10px;\"\n                >\n                                F\u00e9vrier 2026                <\/td>\n                                            <td class=\"wpdt-cell \"\n                                    data-cell-id=\"B3\"\n                data-col-index=\"1\"\n                data-row-index=\"2\"\n                style=\"                padding:10px;\"\n                >\n                                26\/02\/2026                <\/td>\n                                            <td class=\"wpdt-cell \"\n                                    data-cell-id=\"C3\"\n                data-col-index=\"2\"\n                data-row-index=\"2\"\n                style=\"                padding:10px;\"\n                >\n                                15\/03\/2026                <\/td>\n                                        <\/tr>\n                            <tr class=\"wpdt-cell-row \" >\n                            <td class=\"wpdt-cell wpdt-bc-F3F9FE wpdt-bold\"\n                                    data-cell-id=\"A4\"\n                data-col-index=\"0\"\n                data-row-index=\"3\"\n                style=\"                padding:10px;\"\n                >\n                                Mars 2026                <\/td>\n                                            <td class=\"wpdt-cell \"\n                                    data-cell-id=\"B4\"\n                data-col-index=\"1\"\n                data-row-index=\"3\"\n                style=\"                padding:10px;\"\n                >\n                                28\/03\/2026                <\/td>\n                                            <td class=\"wpdt-cell \"\n                                    data-cell-id=\"C4\"\n                data-col-index=\"2\"\n                data-row-index=\"3\"\n                style=\"                padding:10px;\"\n                >\n                                15\/04\/2026                <\/td>\n                                        <\/tr>\n                            <tr class=\"wpdt-cell-row \" >\n                            <td class=\"wpdt-cell wpdt-bc-F3F9FE wpdt-bold\"\n                                    data-cell-id=\"A5\"\n                data-col-index=\"0\"\n                data-row-index=\"4\"\n                style=\"                padding:10px;\"\n                >\n                                Avril 2026                <\/td>\n                                            <td class=\"wpdt-cell \"\n                                    data-cell-id=\"B5\"\n                data-col-index=\"1\"\n                data-row-index=\"4\"\n                style=\"                padding:10px;\"\n                >\n                                28\/04\/2026                <\/td>\n                                            <td class=\"wpdt-cell \"\n                                    data-cell-id=\"C5\"\n                data-col-index=\"2\"\n                data-row-index=\"4\"\n                style=\"                padding:10px;\"\n                >\n                                15\/05\/2026                <\/td>\n                                        <\/tr>\n                            <tr class=\"wpdt-cell-row \" >\n                            <td class=\"wpdt-cell wpdt-bc-F3F9FE wpdt-bold\"\n                                    data-cell-id=\"A6\"\n                data-col-index=\"0\"\n                data-row-index=\"5\"\n                style=\"                padding:10px;\"\n                >\n                                Mai 2026                <\/td>\n                                            <td class=\"wpdt-cell \"\n                                    data-cell-id=\"B6\"\n                data-col-index=\"1\"\n                data-row-index=\"5\"\n                style=\"                padding:10px;\"\n                >\n                                28\/05\/2026                <\/td>\n                                            <td class=\"wpdt-cell \"\n                                    data-cell-id=\"C6\"\n                data-col-index=\"2\"\n                data-row-index=\"5\"\n                style=\"                padding:10px;\"\n                >\n                                15\/06\/2026                <\/td>\n                                        <\/tr>\n                            <tr class=\"wpdt-cell-row \" >\n                            <td class=\"wpdt-cell wpdt-bc-F3F9FE wpdt-bold\"\n                                    data-cell-id=\"A7\"\n                data-col-index=\"0\"\n                data-row-index=\"6\"\n                style=\"                padding:10px;\"\n                >\n                                Juin 2026                <\/td>\n                                            <td class=\"wpdt-cell \"\n                                    data-cell-id=\"B7\"\n                data-col-index=\"1\"\n                data-row-index=\"6\"\n                style=\"                padding:10px;\"\n                >\n                                28\/06\/2026                <\/td>\n                                            <td class=\"wpdt-cell \"\n                                    data-cell-id=\"C7\"\n                data-col-index=\"2\"\n                data-row-index=\"6\"\n                style=\"                padding:10px;\"\n                >\n                                15\/07\/2026                <\/td>\n                                        <\/tr>\n                            <tr class=\"wpdt-cell-row \" >\n                            <td class=\"wpdt-cell wpdt-bc-F3F9FE wpdt-bold\"\n                                    data-cell-id=\"A8\"\n                data-col-index=\"0\"\n                data-row-index=\"7\"\n                style=\"                padding:10px;\"\n                >\n                                Juillet 2026                <\/td>\n                                            <td class=\"wpdt-cell \"\n                                    data-cell-id=\"B8\"\n                data-col-index=\"1\"\n                data-row-index=\"7\"\n                style=\"                padding:10px;\"\n                >\n                                28\/07\/2026                <\/td>\n                                            <td class=\"wpdt-cell \"\n                                    data-cell-id=\"C8\"\n                data-col-index=\"2\"\n                data-row-index=\"7\"\n                style=\"                padding:10px;\"\n                >\n                                15\/08\/2026                <\/td>\n                                        <\/tr>\n                            <tr class=\"wpdt-cell-row \" >\n                            <td class=\"wpdt-cell wpdt-bc-F3F9FE wpdt-bold\"\n                                    data-cell-id=\"A9\"\n                data-col-index=\"0\"\n                data-row-index=\"8\"\n                style=\"                padding:10px;\"\n                >\n                                Ao\u00fbt 2026                <\/td>\n                                            <td class=\"wpdt-cell \"\n                                    data-cell-id=\"B9\"\n                data-col-index=\"1\"\n                data-row-index=\"8\"\n                style=\"                padding:10px;\"\n                >\n                                28\/08\/2026                <\/td>\n                                            <td class=\"wpdt-cell \"\n                                    data-cell-id=\"C9\"\n                data-col-index=\"2\"\n                data-row-index=\"8\"\n                style=\"                padding:10px;\"\n                >\n                                15\/09\/2026                <\/td>\n                                        <\/tr>\n                            <tr class=\"wpdt-cell-row \" >\n                            <td class=\"wpdt-cell wpdt-bc-F3F9FE wpdt-bold\"\n                                    data-cell-id=\"A10\"\n                data-col-index=\"0\"\n                data-row-index=\"9\"\n                style=\"                padding:10px;\"\n                >\n                                Septembre 2026                <\/td>\n                                            <td class=\"wpdt-cell \"\n                                    data-cell-id=\"B10\"\n                data-col-index=\"1\"\n                data-row-index=\"9\"\n                style=\"                padding:10px;\"\n                >\n                                28\/09\/2026                <\/td>\n                                            <td class=\"wpdt-cell \"\n                                    data-cell-id=\"C10\"\n                data-col-index=\"2\"\n                data-row-index=\"9\"\n                style=\"                padding:10px;\"\n                >\n                                15\/10\/2026                <\/td>\n                                        <\/tr>\n                            <tr class=\"wpdt-cell-row \" >\n                            <td class=\"wpdt-cell wpdt-bc-F3F9FE wpdt-bold\"\n                                    data-cell-id=\"A11\"\n                data-col-index=\"0\"\n                data-row-index=\"10\"\n                style=\"                padding:10px;\"\n                >\n                                Octobre 2026                <\/td>\n                                            <td class=\"wpdt-cell \"\n                                    data-cell-id=\"B11\"\n                data-col-index=\"1\"\n                data-row-index=\"10\"\n                style=\"                padding:10px;\"\n                >\n                                28\/10\/2026                <\/td>\n                                            <td class=\"wpdt-cell \"\n                                    data-cell-id=\"C11\"\n                data-col-index=\"2\"\n                data-row-index=\"10\"\n                style=\"                padding:10px;\"\n                >\n                                15\/11\/2026                <\/td>\n                                        <\/tr>\n                            <tr class=\"wpdt-cell-row \" >\n                            <td class=\"wpdt-cell wpdt-bc-F3F9FE wpdt-bold\"\n                                    data-cell-id=\"A12\"\n                data-col-index=\"0\"\n                data-row-index=\"11\"\n                style=\"                padding:10px;\"\n                >\n                                Novembre 2026                <\/td>\n                                            <td class=\"wpdt-cell \"\n                                    data-cell-id=\"B12\"\n                data-col-index=\"1\"\n                data-row-index=\"11\"\n                style=\"                padding:10px;\"\n                >\n                                28\/11\/2026                <\/td>\n                                            <td class=\"wpdt-cell \"\n                                    data-cell-id=\"C12\"\n                data-col-index=\"2\"\n                data-row-index=\"11\"\n                style=\"                padding:10px;\"\n                >\n                                15\/12\/2026                <\/td>\n                                        <\/tr>\n                            <tr class=\"wpdt-cell-row \" >\n                            <td class=\"wpdt-cell wpdt-bc-F3F9FE wpdt-bold\"\n                                    data-cell-id=\"A13\"\n                data-col-index=\"0\"\n                data-row-index=\"12\"\n                style=\"                padding:10px;\"\n                >\n                                D\u00e9cembre 2026                <\/td>\n                                            <td class=\"wpdt-cell \"\n                                    data-cell-id=\"B13\"\n                data-col-index=\"1\"\n                data-row-index=\"12\"\n                style=\"                padding:10px;\"\n                >\n                                28\/12\/2026                <\/td>\n                                            <td class=\"wpdt-cell \"\n                                    data-cell-id=\"C13\"\n                data-col-index=\"2\"\n                data-row-index=\"12\"\n                style=\"                padding:10px;\"\n                >\n                                15\/01\/2027                <\/td>\n                                        <\/tr>\n                    <\/table>\n<\/div><style id='wpdt-custom-style-18'>\ntable#wpdtSimpleTable-18{ table-layout: fixed !important; }\n.wpdt-bc-F3F9FE { background-color: #F3F9FE !important;}\n<\/style>\n\n<h2>Quels sont les risques d\u2019oubli des dates d\u2019actualisation de France Travail ?<\/h2>\n<p>L\u2019oubli d\u2019actualisation entra\u00eene des cons\u00e9quences imm\u00e9diates :<\/p>\n<ul>\n<li aria-level=\"1\"><b>La radiation de la liste des demandeurs d\u2019emploi<\/b> : vous n\u2019\u00eates plus inscrit et vous perdez votre statut de demandeur d\u2019emploi.<\/li>\n<li aria-level=\"1\"><b>La suspension du paiement des allocations ch\u00f4mage<\/b> : aucun versement n\u2019est fait tant que la situation n\u2019est pas r\u00e9gularis\u00e9e.<\/li>\n<li aria-level=\"1\"><b>L\u2019obligation de se r\u00e9inscrire<\/b> : pour retrouver vos droits, vous devez faire une nouvelle inscription sur le site de France Travail, ce qui peut entra\u00eener un d\u00e9lai de traitement.<\/li>\n<li aria-level=\"1\"><b>Le risque de remboursement<\/b> : en cas de fausse d\u00e9claration ou d\u2019oubli ayant entra\u00een\u00e9 un trop-per\u00e7u, un remboursement des montants per\u00e7us \u00e0 tort peut \u00eatre demand\u00e9.<\/li>\n<\/ul>\n<h1>Comment effectuer votre actualisation France Travail \u00e0 la bonne date ?<\/h1>\n<h2>Quels outils utiliser pour effectuer votre actualisation France Travail \u00e0 la bonne date ?<\/h2>\n<p>Pour actualiser votre situation aupr\u00e8s de France Travail \u00e0 la bonne date, plusieurs outils sont \u00e0 votre disposition :<\/p>\n<ul>\n<li aria-level=\"1\"><b>L\u2019application mobile \u201cMon espace France Travail\u201d<\/b> : cette application vous permet d\u2019actualiser votre situation \u00e0 tout moment, de recevoir des notifications de rappel, de transmettre des justificatifs en prenant une photo et de suivre l\u2019avancement de vos d\u00e9marches. De plus, l\u2019application propose un acc\u00e8s direct au calendrier d\u2019actualisation, \u00e0 l\u2019historique de vos d\u00e9clarations et \u00e0 la messagerie avec votre conseiller.<\/li>\n<li aria-level=\"1\"><b>Votre espace personnel sur le site de France Travail :<\/b> en vous connectant \u00e0 votre espace personnel sur le site, vous pouvez faire votre actualisation en ligne, b\u00e9n\u00e9ficier de formulaire pr\u00e9remplis et sauvegarder un brouillon.<\/li>\n<li aria-level=\"1\"><b>Le t\u00e9l\u00e9phone<\/b> : un service est accessible 7J\/7 et 24h\/24 pour actualiser votre situation, pour signaler un changement ou pour obtenir des informations sur vos paiements.<\/li>\n<li aria-level=\"1\"><b>Les bornes en agence France Travail<\/b> : certaines agences mettent \u00e0 votre disposition des bornes pour actualiser votre situation sur place, si vous ne pouvez pas le faire en ligne ou par t\u00e9l\u00e9phone.<\/li>\n<\/ul>\n<p>&nbsp;<\/p>\n<p><iframe loading=\"lazy\" title=\"Tout savoir sur le ch\u00f4mage en France !\" width=\"500\" height=\"281\" src=\"https:\/\/www.youtube.com\/embed\/jgv9qS4jh7k?feature=oembed\" frameborder=\"0\" allow=\"accelerometer; autoplay; clipboard-write; encrypted-media; gyroscope; picture-in-picture; web-share\" referrerpolicy=\"strict-origin-when-cross-origin\" allowfullscreen><\/iframe><\/p>\n<article class=\"content\"><div class='cta-block'><div class='text'>Simulez toutes vos aides en 2 min.<\/div><a href='https:\/\/www.mes-allocs.fr\/ab-app?origin=guides\/wp-json\/wp\/v2\/posts\/20282' class='app-button fit'>Simulation gratuite<\/a><\/div><\/p>\n<h2>Quels documents pr\u00e9parer pour votre actualisation France Travail ?<\/h2>\n<p>Pour faire votre actualisation mensuelle aupr\u00e8s de France Travail, il est recommand\u00e9 de pr\u00e9parer certains documents et certaines informations \u00e0 l\u2019avance, ceux-ci en fonction de votre situation du mois \u00e9coul\u00e9 :<\/p>\n<ul>\n<li aria-level=\"1\"><b>Votre num\u00e9ro d\u2019identifiant France Travail<\/b> : il est obligatoire pour toute actualisation, que ce soit en ligne, par t\u00e9l\u00e9phone ou en agence.<\/li>\n<li aria-level=\"1\"><b>Vos bulletins de salaire<\/b> : si vous avez travaill\u00e9, vous devez transmettre une copie de vos bulletins de salaire pour chaque employeur concern\u00e9. Ces documents servent \u00e0 justifier votre activit\u00e9 et \u00e0 calculer vos droits.<\/li>\n<li aria-level=\"1\"><b>Vos attestations employeur<\/b> : en cas de fin de contrat ou de reprise d\u2019activit\u00e9, l\u2019attestation employeur est n\u00e9cessaire pour prouver la nature et la dur\u00e9e de l\u2019emploi que vous avez exerc\u00e9.<\/li>\n<li aria-level=\"1\"><b>Vos justificatifs de formation, de stage ou d\u2019arr\u00eat maladie <\/b>: si vous avez suivi une formation, un stage ou que vous avez \u00e9t\u00e9 en arr\u00eat maladie, pr\u00e9parez les attestations ou certificats qui y correspondent pour les d\u00e9clarer lors de l\u2019actualisation.<\/li>\n<li aria-level=\"1\"><b>Votre Relev\u00e9 d\u2019Identit\u00e9 Bancaire<\/b> (RIB) : vous devez le fournir si vous changez de compte bancaire ou au moment de votre premi\u00e8re actualisation pour \u00eatre s\u00fbr de percevoir le versement de vos prochaines allocations.<\/li>\n<li aria-level=\"1\"><b>Vos justificatifs de changement de situation personnelle<\/b> : pr\u00e9parez tout document qui atteste d\u2019un changement d\u2019adresse, de situation familiale ou de statut (handicap, retraite, etc.) si cela concerne votre actualisation.<\/li>\n<\/ul>\n<h1>Quelles sont les erreurs fr\u00e9quentes \u00e0 \u00e9viter lors de l\u2019actualisation France Travail ?<\/h1>\n<p>Plusieurs erreurs courantes peuvent compromettre vos droits et le versement de vos allocations. L\u2019une des erreurs les plus fr\u00e9quentes est la <b>d\u00e9claration inexacte ou incompl\u00e8te <\/b>de votre situation. Cela peut concerner l\u2019<b>oubli de mentionner une activit\u00e9 <\/b>salari\u00e9e ou non salari\u00e9e, une <b>erreur dans les dates <\/b>de d\u00e9but ou de fin de contrat ou encore la transmission de <b>montants de revenus erron\u00e9s<\/b>.<\/p>\n<p>Un autre pi\u00e8ge courant est la <b>d\u00e9claration tardive ou en dehors de la p\u00e9riode d\u2019actualisation<\/b>. Si vous ne respectez pas le calendrier fix\u00e9, vous risquez la radiation de la liste des demandeurs d\u2019emploi et la suspension de vos paiements. Il est donc important de v\u00e9rifier les dates et de ne pas attendre le dernier moment pour faire votre actualisation aupr\u00e8s de France Travail. De plus, l\u2019<b>oubli de d\u00e9clarer un changement de situation <\/b>personnelle fait aussi partie des erreurs fr\u00e9quemment commises. Cela peut entra\u00eener des cons\u00e9quences administratives, comme l\u2019obligation de rembourser des allocations per\u00e7ues \u00e0 tort ou la perte de certains droits.<\/p>\n<p>Enfin, il est important de<b> relire l\u2019ensemble des informations <\/b>que vous avez saisies avant de valider votre actualisation. Une fois que vous avez valid\u00e9 votre d\u00e9claration, il n\u2019est plus possible de la modifier en ligne. Vous devez donc, en cas d\u2019erreur, le <b>signaler<\/b> rapidement en contactant votre conseiller France Travail.<\/p>\n<\/article>\n<article><div class='cta-block'><div class='text'>Simulez toutes vos aides en 2 min.<\/div><a href='https:\/\/www.mes-allocs.fr\/ab-app?origin=guides\/wp-json\/wp\/v2\/posts\/20282' class='app-button fit'>Simulation gratuite<\/a><\/div><\/article>\n","protected":false},"excerpt":{"rendered":"<p>[Mis \u00e0 jour le 24\/04\/2026] Il est essentiel pour le b\u00e9n\u00e9ficiaire du ch\u00f4mage de faire une d\u00e9claration mensuelle de ses ressources pour continuer \u00e0 percevoir ses allocations. Mais comment faire son actualisation ? Et quelles sont les dates d&rsquo;actualisation France Travail ? Mes Allocs vous explique tout. Qu\u2019est-ce que l\u2019actualisation de France Travail ? Toute [&hellip;]<\/p>\n","protected":false},"author":7,"featured_media":20283,"comment_status":"open","ping_status":"open","sticky":false,"template":"","format":"standard","meta":{"amp_status":"","footnotes":""},"categories":[2989,3007],"tags":[],"class_list":["post-20282","post","type-post","status-publish","format-standard","has-post-thumbnail","hentry","category-chomage","category-pole-emploi-actualisation"],"yoast_head":"<!-- This site is optimized with the Yoast SEO plugin v14.9 - https:\/\/yoast.com\/wordpress\/plugins\/seo\/ -->\n<title>France Travail actualisation avril 2026 : quelle date ?<\/title>\n<meta name=\"description\" content=\"Vous souhaitez effectuer votre actualisation France Travail (ex-P\u00f4le Emploi) ? D\u00e9couvrez la date limite \u00e0 respecter en avril et mai 2026.\" \/>\n<meta name=\"robots\" content=\"index, follow, max-snippet:-1, max-image-preview:large, max-video-preview:-1\" \/>\n<link rel=\"canonical\" href=\"https:\/\/www.mes-allocs.fr\/guides\/chomage\/pole-emploi-actualisation\/pole-emploi-dates-actualisation\/\" \/>\n<meta property=\"og:locale\" content=\"fr_FR\" \/>\n<meta property=\"og:type\" content=\"article\" \/>\n<meta property=\"og:title\" content=\"France Travail actualisation avril 2026 : quelle date ?\" \/>\n<meta property=\"og:description\" content=\"Vous souhaitez effectuer votre actualisation France Travail (ex-P\u00f4le Emploi) ? D\u00e9couvrez la date limite \u00e0 respecter en avril et mai 2026.\" \/>\n<meta property=\"og:url\" content=\"https:\/\/www.mes-allocs.fr\/guides\/chomage\/pole-emploi-actualisation\/pole-emploi-dates-actualisation\/\" \/>\n<meta property=\"og:site_name\" content=\"Mes-Allocs.fr\" \/>\n<meta property=\"article:published_time\" content=\"2021-03-08T10:24:23+00:00\" \/>\n<meta property=\"article:modified_time\" content=\"2026-04-24T08:53:36+00:00\" \/>\n<meta property=\"og:image\" content=\"https:\/\/www.mes-allocs.fr\/guides\/wp-content\/uploads\/2021\/02\/pexels-olya-kobruseva-5408915-1-e1613782216643.jpg?wsr\" \/>\n\t<meta property=\"og:image:width\" content=\"1279\" \/>\n\t<meta property=\"og:image:height\" content=\"284\" \/>\n<meta name=\"twitter:card\" content=\"summary_large_image\" \/>\n<script type=\"application\/ld+json\" class=\"yoast-schema-graph\">{\"@context\":\"https:\/\/schema.org\",\"@graph\":[{\"@type\":\"WebSite\",\"@id\":\"https:\/\/www.mes-allocs.fr\/guides\/#website\",\"url\":\"https:\/\/www.mes-allocs.fr\/guides\/\",\"name\":\"Mes-Allocs.fr\",\"description\":\"\",\"potentialAction\":[{\"@type\":\"SearchAction\",\"target\":\"https:\/\/www.mes-allocs.fr\/guides\/?s={search_term_string}\",\"query-input\":\"required name=search_term_string\"}],\"inLanguage\":\"fr-FR\"},{\"@type\":\"ImageObject\",\"@id\":\"https:\/\/www.mes-allocs.fr\/guides\/chomage\/pole-emploi-actualisation\/pole-emploi-dates-actualisation\/#primaryimage\",\"inLanguage\":\"fr-FR\",\"url\":\"https:\/\/www.mes-allocs.fr\/guides\/wp-content\/uploads\/2021\/02\/pexels-olya-kobruseva-5408915-1-e1613782216643.jpg?wsr\",\"width\":1279,\"height\":284,\"caption\":\"pexels olya kobruseva 5408915 1 e1613782216643\"},{\"@type\":\"WebPage\",\"@id\":\"https:\/\/www.mes-allocs.fr\/guides\/chomage\/pole-emploi-actualisation\/pole-emploi-dates-actualisation\/#webpage\",\"url\":\"https:\/\/www.mes-allocs.fr\/guides\/chomage\/pole-emploi-actualisation\/pole-emploi-dates-actualisation\/\",\"name\":\"France Travail actualisation avril 2026 : quelle date ?\",\"isPartOf\":{\"@id\":\"https:\/\/www.mes-allocs.fr\/guides\/#website\"},\"primaryImageOfPage\":{\"@id\":\"https:\/\/www.mes-allocs.fr\/guides\/chomage\/pole-emploi-actualisation\/pole-emploi-dates-actualisation\/#primaryimage\"},\"datePublished\":\"2021-03-08T10:24:23+00:00\",\"dateModified\":\"2026-04-24T08:53:36+00:00\",\"author\":{\"@id\":\"https:\/\/www.mes-allocs.fr\/guides\/#\/schema\/person\/1c4837d5703727cb02ce84583b5a44aa\"},\"description\":\"Vous souhaitez effectuer votre actualisation France Travail (ex-P\\u00f4le Emploi) ? D\\u00e9couvrez la date limite \\u00e0 respecter en avril et mai 2026.\",\"inLanguage\":\"fr-FR\"},{\"@type\":\"Person\",\"@id\":\"https:\/\/www.mes-allocs.fr\/guides\/#\/schema\/person\/1c4837d5703727cb02ce84583b5a44aa\",\"name\":\"Fabiola\",\"image\":{\"@type\":\"ImageObject\",\"@id\":\"https:\/\/www.mes-allocs.fr\/guides\/#personlogo\",\"inLanguage\":\"fr-FR\",\"url\":\"https:\/\/www.mes-allocs.fr\/guides\/wp-content\/uploads\/2021\/06\/fabiola-150x150.png\",\"caption\":\"Fabiola\"},\"description\":\"Fabiola est r\\u00e9dactrice au sein de l'\\u00e9quipe Mes Allocs, sp\\u00e9cialis\\u00e9e en sciences politiques et affaires publiques. Dipl\\u00f4m\\u00e9e de l'HEIP, elle rejoint Mes Allocs apr\\u00e8s une premi\\u00e8re exp\\u00e9rience \\u00e0 l'Assembl\\u00e9e Nationale.\",\"sameAs\":[\"https:\/\/www.linkedin.com\/in\/cecilia-philippe-b-8a8085195\"]}]}<\/script>\n<!-- \/ Yoast SEO plugin. -->","amp_validity":null,"acf":{"faq":{"1":{"question":"Que se passe-t-il si je commence un emploi en cours de mois ? Dois-je quand m\u00eame m'actualiser ?","answer":"Oui, m\u00eame si vous avez travaill\u00e9 quelques jours dans le mois, il est imp\u00e9ratif de vous actualiser et de d\u00e9clarer le nombre d'heures travaill\u00e9es et le salaire brut per\u00e7u. Cela permet \u00e0 France Travail d'ajuster vos \u00e9ventuelles allocations pour le mois concern\u00e9."},"2":{"question":"Si je suis en formation r\u00e9mun\u00e9r\u00e9e, dois-je m'actualiser ?","answer":"Oui, l'actualisation est obligatoire m\u00eame si vous \u00eates en formation r\u00e9mun\u00e9r\u00e9e. Vous devrez d\u00e9clarer le type de formation suivie et l'\u00e9ventuelle r\u00e9mun\u00e9ration per\u00e7ue."},"3":{"question":"Doit-on d\u00e9clarer un refus d'offre d'emploi lors de l'actualisation ?","answer":"Oui, tout refus d'offre d'emploi doit \u00eatre d\u00e9clar\u00e9 lors de l'actualisation. France Travail \u00e9valuera le motif du refus, qui pourrait potentiellement entra\u00eener des sanctions comme la suspension ou la suppression de vos allocations."},"4":{"question":"Comment puis-je retrouver mon num\u00e9ro d'identifiant France Travail si je l'ai oubli\u00e9 ?","answer":"Votre num\u00e9ro d'identifiant figure sur tous les courriers et emails que vous envoie France Travail. Vous pouvez \u00e9galement le retrouver en vous connectant \u00e0 votre espace personnel sur le site de France Travail ou en contactant votre conseiller par t\u00e9l\u00e9phone ou via la messagerie de votre espace personnel."},"5":{"question":"J'ai chang\u00e9 d'adresse e-mail ou de num\u00e9ro de t\u00e9l\u00e9phone. Dois-je le signaler lors de mon actualisation ?","answer":"Non, les changements de coordonn\u00e9es personnelles (adresse e-mail, t\u00e9l\u00e9phone, adresse postale) ne se font pas directement lors de l'actualisation. Vous devez les modifier dans la rubrique \"Mon profil\" de votre espace personnel sur le site de France Travail ou en informant votre conseiller."},"6":{"question":"Si j'ai per\u00e7u des revenus d'une activit\u00e9 non salari\u00e9e (auto-entrepreneur, etc.), comment dois-je les d\u00e9clarer lors de mon actualisation ?","answer":"Vous devrez d\u00e9clarer le montant brut des revenus per\u00e7us au titre de votre activit\u00e9 non salari\u00e9e pour le mois \u00e9coul\u00e9. Des justificatifs pourront vous \u00eatre demand\u00e9s ult\u00e9rieurement.\r\n\r\n"},"7":{"question":"","answer":""},"8":{"question":"","answer":""},"9":{"question":"","answer":""},"10":{"question":"","answer":""},"11":{"question":"","answer":""},"12":{"question":"","answer":""},"13":{"question":"","answer":""},"14":{"question":"","answer":""},"15":{"question":"","answer":""},"16":{"question":"","answer":""}}},"_links":{"self":[{"href":"https:\/\/www.mes-allocs.fr\/guides\/wp-json\/wp\/v2\/posts\/20282","targetHints":{"allow":["GET"]}}],"collection":[{"href":"https:\/\/www.mes-allocs.fr\/guides\/wp-json\/wp\/v2\/posts"}],"about":[{"href":"https:\/\/www.mes-allocs.fr\/guides\/wp-json\/wp\/v2\/types\/post"}],"author":[{"embeddable":true,"href":"https:\/\/www.mes-allocs.fr\/guides\/wp-json\/wp\/v2\/users\/7"}],"replies":[{"embeddable":true,"href":"https:\/\/www.mes-allocs.fr\/guides\/wp-json\/wp\/v2\/comments?post=20282"}],"version-history":[{"count":44,"href":"https:\/\/www.mes-allocs.fr\/guides\/wp-json\/wp\/v2\/posts\/20282\/revisions"}],"predecessor-version":[{"id":112267,"href":"https:\/\/www.mes-allocs.fr\/guides\/wp-json\/wp\/v2\/posts\/20282\/revisions\/112267"}],"wp:featuredmedia":[{"embeddable":true,"href":"https:\/\/www.mes-allocs.fr\/guides\/wp-json\/wp\/v2\/media\/20283"}],"wp:attachment":[{"href":"https:\/\/www.mes-allocs.fr\/guides\/wp-json\/wp\/v2\/media?parent=20282"}],"wp:term":[{"taxonomy":"category","embeddable":true,"href":"https:\/\/www.mes-allocs.fr\/guides\/wp-json\/wp\/v2\/categories?post=20282"},{"taxonomy":"post_tag","embeddable":true,"href":"https:\/\/www.mes-allocs.fr\/guides\/wp-json\/wp\/v2\/tags?post=20282"}],"curies":[{"name":"wp","href":"https:\/\/api.w.org\/{rel}","templated":true}]}}