{"id":20256,"date":"2021-03-03T16:43:24","date_gmt":"2021-03-03T16:43:24","guid":{"rendered":"https:\/\/www.mes-allocs.fr\/guides\/?p=20256"},"modified":"2025-11-12T18:17:19","modified_gmt":"2025-11-12T17:17:19","slug":"prime-de-panier-nuit","status":"publish","type":"post","link":"https:\/\/www.mes-allocs.fr\/guides\/prime-de-panier\/attribution-prime-de-panier\/prime-de-panier-nuit\/","title":{"rendered":"Le panier repas pour le travail de nuit"},"content":{"rendered":"<p><img loading=\"lazy\" decoding=\"async\" class=\"aligncenter wp-image-20257 size-full\" src=\"https:\/\/www.mes-allocs.fr\/guides\/wp-content\/uploads\/2021\/02\/travail-de-nuit--e1695238325342.jpg\" alt=\"prime de panier nuit \" width=\"867\" height=\"236\" srcset=\"https:\/\/www.mes-allocs.fr\/guides\/wp-content\/uploads\/2021\/02\/travail-de-nuit--e1695238325342.jpg 867w, https:\/\/www.mes-allocs.fr\/guides\/wp-content\/uploads\/2021\/02\/travail-de-nuit--e1695238325342-300x82.jpg 300w, https:\/\/www.mes-allocs.fr\/guides\/wp-content\/uploads\/2021\/02\/travail-de-nuit--e1695238325342-768x209.jpg 768w, https:\/\/www.mes-allocs.fr\/guides\/wp-content\/uploads\/2021\/02\/travail-de-nuit--e1695238325342-600x163.jpg 600w\" sizes=\"auto, (max-width: 867px) 100vw, 867px\" \/><\/p>\n<p style=\"text-align: justify;\"><strong>La <a href=\"https:\/\/www.mes-allocs.fr\/guides\/prime-de-panier\/\">prime de panier<\/a> est une subvention destin\u00e9e aux salari\u00e9s. Elle est attribu\u00e9e aux salari\u00e9s qui ont des conditions de travail singuli\u00e8res notamment pour les travailleurs de nuit. Notre \u00e9quipe vous explique tout !<\/strong><\/p>\n<div class='cta-block'><div class='text'>Simulez toutes vos Aides en 2 min. Gratuit.<\/div><a href='https:\/\/www.mes-allocs.fr\/ab-app?origin=guides\/wp-json\/wp\/v2\/posts\/20256' class='app-button fit'>Simulation gratuite<\/a><\/div>\n<h1>Quelques notions sur la prime de panier<\/h1>\n<h2>D\u00e9finition de la prime de panier<\/h2>\n<p style=\"text-align: justify;\">Le panier repas ou la \u00a0prime de panier est une indemnit\u00e9 vers\u00e9e aux employ\u00e9s pour les aider en ce qui concerne les frais de restauration. Cette prime de panier est attribu\u00e9e \u00e0 tous les employ\u00e9s sans distinction de salaire ni de statut.<\/p>\n<p style=\"text-align: justify;\"><i>Que vous soyez cadre touchant 2500 euros par mois ou un simple employ\u00e9, vous pouvez recevoir la\u00a0prime de panier.\u00a0<\/i><\/p>\n<p style=\"text-align: justify;\">Il ne faut pas confondre le panier repas avec les tickets restaurant qui eux, sont issus de la contribution de l&#8217;employ\u00e9 et de l&#8217;employeur.<\/p>\n<h2>L\u00e9gislation<\/h2>\n<p style=\"text-align: justify;\">La prime de panier est consid\u00e9r\u00e9e, selon le droit du travail fran\u00e7ais comme un remboursement de frais. Depuis 2017, ce statut est officiel. Avant ce d\u00e9cret prononc\u00e9 par la cour de cassation, la prime de panier pouvait \u00eatre utilis\u00e9 comme compl\u00e9ment de salaire.<a href=\"https:\/\/www.mes-allocs.fr\/guides\/prime-de-panier\/attribution-prime-de-panier\/prime-de-panier-code-du-travail\/\"> L&rsquo;enjeu autour du statut \u00e9tait important<\/a> pour les salari\u00e9s et pour l&rsquo;entreprise concernant les indemnit\u00e9s de cong\u00e9s pay\u00e9s et les arr\u00eats maladie.<\/p>\n<p style=\"text-align: justify;\">Pour en b\u00e9n\u00e9ficier, cette prime doit \u00eatre pr\u00e9vue par les accords collectifs des diff\u00e9rentes entreprises. Ces accords ont \u00e9t\u00e9 con\u00e7us et n\u00e9goci\u00e9s par les organisations syndicales et les repr\u00e9sentants du patronat.<\/p>\n<h2>Montant de le prime de panier<\/h2>\n<p style=\"text-align: justify;\">Le montant de cette prime peut \u00eatre de diff\u00e9rente nature. Elle peut \u00eatre vers\u00e9e de mani\u00e8re forfaitaire ou vers\u00e9 simplement. Ce montant varie selon le type de repas pris. Vous pouvez retrouver ce montant sur votre bulletin de paie ou votre contrat de travail.<\/p>\n<p style=\"text-align: justify;\">Ce montant de la prime de panier peut \u00eatre exon\u00e9r\u00e9e de cotisations sociales. Cette exon\u00e9ration est \u00e9quivalente \u00e0:<\/p>\n<ul>\n<li dir=\"ltr\">\n<p dir=\"ltr\" style=\"text-align: justify;\">7,40 euros pour un repas pris sur le lieu de travail lorsque le salari\u00e9 est oblig\u00e9 de rester sur le site de l\u2019entreprise en raison de conditions de travail particuli\u00e8res<\/p>\n<\/li>\n<li dir=\"ltr\">\n<p dir=\"ltr\">10,30 euros par repas pris hors des locaux de l\u2019entreprise.<\/p>\n<\/li>\n<li dir=\"ltr\">\n<p dir=\"ltr\" style=\"text-align: justify;\">21,10 euros par repas pris dans un restaurant hors de l&rsquo;entreprise dans le cadre d&rsquo;un d\u00e9placement professionnel.<\/p>\n<\/li>\n<\/ul>\n<p><iframe loading=\"lazy\" title=\"La prime de panier\" width=\"500\" height=\"281\" src=\"https:\/\/www.youtube.com\/embed\/J9gLKX9klXo?feature=oembed\" frameborder=\"0\" allow=\"accelerometer; autoplay; clipboard-write; encrypted-media; gyroscope; picture-in-picture; web-share\" referrerpolicy=\"strict-origin-when-cross-origin\" allowfullscreen><\/iframe><\/p>\n<h2>Attribution de la prime<\/h2>\n<p style=\"text-align: justify;\">Le panier repas, m\u00eame s&rsquo;il ne tient pas compte du salaire de l&#8217;employ\u00e9, est quand m\u00eame soumis \u00e0 certaines conditions. Pour en b\u00e9n\u00e9ficier, il faut que:<\/p>\n<ul>\n<li>L&#8217;employ\u00e9 ne peut pas prendre son repas sur son lieu de travail car il ne b\u00e9n\u00e9ficie pas de restaurant d&rsquo; entreprise<\/li>\n<li>Le salari\u00e9 est contraint de prendre son repas dans un restaurant car il se trouve en d\u00e9placement professionnel<\/li>\n<li>Le temps de pause est insuffisant pour que l&#8217;employ\u00e9 puisse rentrer \u00e0 son domicile afin de prendre son repas.<\/li>\n<\/ul>\n<p style=\"text-align: justify;\">Cependant, le temps de travail n&rsquo;influe pas sur cette indemnit\u00e9. L&rsquo;attribution de la prime se fait aussi selon certaines conditions de travail sp\u00e9cifiques. Il faut:<\/p>\n<ul>\n<li>Travailler en \u00e9quipe<\/li>\n<li>Effectuer du travail post\u00e9<\/li>\n<li>Travailler de mani\u00e8re continue<\/li>\n<li>Travailler en horaire d\u00e9cal\u00e9<\/li>\n<li>\u00a0Effectuer un service de nuit<\/li>\n<\/ul>\n<p style=\"text-align: justify;\">Si vous ne remplissez pas ces conditions, vous ne pouvez b\u00e9n\u00e9ficier de cette indemnit\u00e9. Pour cet article, nous allons nous focaliser sur les travail de nuit.<\/p>\n<h1>Prime de panier et nuits de service<\/h1>\n<h2>les transporteurs routiers<\/h2>\n<p style=\"text-align: justify;\">Les transporteurs routiers, de par leurs diff\u00e9rentes missions, ont des horaires de travail atypiques. La prime de panier n&rsquo;existe pas en tant que tel mais il y a des indemnit\u00e9s qui permettent aux chauffeurs de pouvoir se restaurer. Pour se faire, les entreprises doivent int\u00e9grer des conf\u00e9d\u00e9rations qui ont des accords avec les syndicats. Ainsi ces frais professionnels sont rembours\u00e9s et vers\u00e9s par l&rsquo; employeur.<\/p>\n<h2>Les agents de s\u00e9curit\u00e9<\/h2>\n<p style=\"text-align: justify;\">Les agents de s\u00e9curit\u00e9 ont aussi des horaires de travail assez particuliers. D\u00e8s lors qu&rsquo;ils touchent le salaire minimal conventionnel, ils sont concern\u00e9s par ces frais de repas.<\/p>\n<p>Pour les agents de s\u00e9curit\u00e9, la <strong>prime de panier<\/strong> est d\u00e9finie par la convention collective nationale. En <strong>2019<\/strong>, le montant de cette prime \u00e9tait de <strong>3,66 \u20ac<\/strong>, un montant qui a \u00e9t\u00e9 reconduit pour les ann\u00e9es <strong>2021<\/strong> et <strong>2022<\/strong>. En temps normal, cette prime est revaloris\u00e9e au <strong>1\u1d49\u02b3 janvier<\/strong> de chaque ann\u00e9e.<\/p>\n<p>En <strong>2023<\/strong>, le montant a \u00e9t\u00e9 port\u00e9 \u00e0 <strong>4,02 \u20ac<\/strong>, conform\u00e9ment \u00e0 la mise \u00e0 jour des conventions collectives.<\/p>\n<h1>Quels sont les enjeux du panier repas pour le travail de nuit ?<\/h1>\n<h2>La qualit\u00e9 et vari\u00e9t\u00e9 des repas<\/h2>\n<p>Le travail de nuit implique des besoins nutritionnels sp\u00e9cifiques, car le corps fonctionne diff\u00e9remment pendant la nuit. Les enjeux li\u00e9s \u00e0 la qualit\u00e9 et \u00e0 la vari\u00e9t\u00e9 des repas sont les suivants :<\/p>\n<ol>\n<li>Besoin de repas nutritifs et \u00e9quilibr\u00e9s : les travailleurs de nuit ont besoin de repas riches en nutriments pour maintenir leur \u00e9nergie et leur concentration pendant leur quart de travail. Les repas doivent fournir des prot\u00e9ines, des glucides complexes, des fibres, des graisses saines, des vitamines et des min\u00e9raux essentiels.<\/li>\n<li>\u00c9viter la monotonie alimentaire : la r\u00e9p\u00e9tition de repas monotones peut entra\u00eener lassitude et d\u00e9sint\u00e9r\u00eat pour la nourriture, ce qui peut conduire \u00e0 une alimentation d\u00e9s\u00e9quilibr\u00e9e. Il est essentiel de proposer une vari\u00e9t\u00e9 d&rsquo;aliments pour stimuler l&rsquo;app\u00e9tit et garantir une alimentation \u00e9quilibr\u00e9e.<\/li>\n<\/ol>\n<h2>Les horaires de distribution<\/h2>\n<p>Les horaires de distribution des repas doivent \u00eatre adapt\u00e9s aux heures de travail nocturnes pour \u00e9viter de perturber le rythme de sommeil des travailleurs de nuit. Les enjeux sp\u00e9cifiques sont les suivants :<\/p>\n<ol>\n<li>Adaptation aux heures de travail nocturnes : les repas doivent \u00eatre planifi\u00e9s en fonction des horaires de travail, en tenant compte des pauses et du moment o\u00f9 les travailleurs sont les plus actifs. Par exemple, le \u00ab\u00a0d\u00eener\u00a0\u00bb peut avoir lieu en d\u00e9but de quart de travail plut\u00f4t que le soir.<\/li>\n<li>\u00c9viter les interruptions du sommeil : les travailleurs de nuit doivent pouvoir dormir en paix pendant la journ\u00e9e. Les repas doivent \u00eatre programm\u00e9s de mani\u00e8re \u00e0 ne pas interrompre leur sommeil, en \u00e9vitant les bruits et les perturbations.<\/li>\n<\/ol>\n<h2>Le respect des pr\u00e9f\u00e9rences alimentaires<\/h2>\n<p>Chaque travailleur de nuit peut avoir des pr\u00e9f\u00e9rences alimentaires sp\u00e9cifiques, notamment en ce qui concerne les r\u00e9gimes alimentaires particuliers ou les allergies. Les enjeux li\u00e9s au respect des pr\u00e9f\u00e9rences alimentaires sont les suivants :<\/p>\n<ol>\n<li>Options pour diff\u00e9rents r\u00e9gimes alimentaires : certains travailleurs de nuit peuvent suivre des r\u00e9gimes alimentaires sp\u00e9cifiques, tels que v\u00e9g\u00e9tarien, v\u00e9g\u00e9talien, sans gluten, etc. Il est important de proposer des options qui r\u00e9pondent \u00e0 ces besoins.<\/li>\n<li>Prise en compte des allergies alimentaires : certains travailleurs peuvent avoir des allergies alimentaires graves. Il est crucial de conna\u00eetre ces allergies et de garantir que les repas ne contiennent pas d&rsquo;\u00e9l\u00e9ments allerg\u00e8nes pour \u00e9viter toute r\u00e9action allergique.<\/li>\n<\/ol>\n<p>En consid\u00e9rant ces enjeux, les employeurs peuvent mettre en place des politiques alimentaires appropri\u00e9es pour garantir que les travailleurs de nuit re\u00e7oivent des repas de qualit\u00e9, adapt\u00e9s \u00e0 leurs horaires de travail et respectueux de leurs pr\u00e9f\u00e9rences alimentaires individuelles.<\/p>\n<div class='cta-block'><div class='text'>Simulez toutes vos Aides en 2 min. Gratuit.<\/div><a href='https:\/\/www.mes-allocs.fr\/ab-app?origin=guides\/wp-json\/wp\/v2\/posts\/20256' class='app-button fit'>Simulation gratuite<\/a><\/div>\n","protected":false},"excerpt":{"rendered":"<p>La prime de panier est une subvention destin\u00e9e aux salari\u00e9s. Elle est attribu\u00e9e aux salari\u00e9s qui ont des conditions de travail singuli\u00e8res notamment pour les travailleurs de nuit. Notre \u00e9quipe vous explique tout ! Quelques notions sur la prime de panier D\u00e9finition de la prime de panier Le panier repas ou la \u00a0prime de panier [&hellip;]<\/p>\n","protected":false},"author":6,"featured_media":105715,"comment_status":"open","ping_status":"open","sticky":false,"template":"","format":"standard","meta":{"amp_status":"","footnotes":""},"categories":[6097,5907],"tags":[],"class_list":["post-20256","post","type-post","status-publish","format-standard","has-post-thumbnail","hentry","category-attribution-prime-de-panier","category-prime-de-panier"],"yoast_head":"<!-- This site is optimized with the Yoast SEO plugin v14.9 - https:\/\/yoast.com\/wordpress\/plugins\/seo\/ -->\n<title>Le panier repas pour le travail de nuit | Mes-Allocs.fr<\/title>\n<meta name=\"description\" content=\"Les salari\u00e9s travaillant de nuit ont des conditions de travail compliqu\u00e9es. Ils peuvent n\u00e9anmoins b\u00e9n\u00e9ficier de la prime de panier.\" \/>\n<meta name=\"robots\" content=\"index, follow, max-snippet:-1, max-image-preview:large, max-video-preview:-1\" \/>\n<link rel=\"canonical\" href=\"https:\/\/www.mes-allocs.fr\/guides\/prime-de-panier\/attribution-prime-de-panier\/prime-de-panier-nuit\/\" \/>\n<meta property=\"og:locale\" content=\"fr_FR\" \/>\n<meta property=\"og:type\" content=\"article\" \/>\n<meta property=\"og:title\" content=\"Le panier repas pour le travail de nuit | Mes-Allocs.fr\" \/>\n<meta property=\"og:description\" content=\"Les salari\u00e9s travaillant de nuit ont des conditions de travail compliqu\u00e9es. Ils peuvent n\u00e9anmoins b\u00e9n\u00e9ficier de la prime de panier.\" \/>\n<meta property=\"og:url\" content=\"https:\/\/www.mes-allocs.fr\/guides\/prime-de-panier\/attribution-prime-de-panier\/prime-de-panier-nuit\/\" \/>\n<meta property=\"og:site_name\" content=\"Mes-Allocs.fr\" \/>\n<meta property=\"article:published_time\" content=\"2021-03-03T16:43:24+00:00\" \/>\n<meta property=\"article:modified_time\" content=\"2025-11-12T17:17:19+00:00\" \/>\n<meta property=\"og:image\" content=\"https:\/\/www.mes-allocs.fr\/guides\/wp-content\/uploads\/2021\/03\/prime-panier-nuit.jpg?wsr\" \/>\n\t<meta property=\"og:image:width\" content=\"1280\" \/>\n\t<meta property=\"og:image:height\" content=\"853\" \/>\n<meta name=\"twitter:card\" content=\"summary_large_image\" \/>\n<script type=\"application\/ld+json\" class=\"yoast-schema-graph\">{\"@context\":\"https:\/\/schema.org\",\"@graph\":[{\"@type\":\"WebSite\",\"@id\":\"https:\/\/www.mes-allocs.fr\/guides\/#website\",\"url\":\"https:\/\/www.mes-allocs.fr\/guides\/\",\"name\":\"Mes-Allocs.fr\",\"description\":\"\",\"potentialAction\":[{\"@type\":\"SearchAction\",\"target\":\"https:\/\/www.mes-allocs.fr\/guides\/?s={search_term_string}\",\"query-input\":\"required name=search_term_string\"}],\"inLanguage\":\"fr-FR\"},{\"@type\":\"ImageObject\",\"@id\":\"https:\/\/www.mes-allocs.fr\/guides\/prime-de-panier\/attribution-prime-de-panier\/prime-de-panier-nuit\/#primaryimage\",\"inLanguage\":\"fr-FR\",\"url\":\"https:\/\/www.mes-allocs.fr\/guides\/wp-content\/uploads\/2021\/03\/prime-panier-nuit.jpg?wsr\",\"width\":1280,\"height\":853,\"caption\":\"prime panier nuit\"},{\"@type\":\"WebPage\",\"@id\":\"https:\/\/www.mes-allocs.fr\/guides\/prime-de-panier\/attribution-prime-de-panier\/prime-de-panier-nuit\/#webpage\",\"url\":\"https:\/\/www.mes-allocs.fr\/guides\/prime-de-panier\/attribution-prime-de-panier\/prime-de-panier-nuit\/\",\"name\":\"Le panier repas pour le travail de nuit | Mes-Allocs.fr\",\"isPartOf\":{\"@id\":\"https:\/\/www.mes-allocs.fr\/guides\/#website\"},\"primaryImageOfPage\":{\"@id\":\"https:\/\/www.mes-allocs.fr\/guides\/prime-de-panier\/attribution-prime-de-panier\/prime-de-panier-nuit\/#primaryimage\"},\"datePublished\":\"2021-03-03T16:43:24+00:00\",\"dateModified\":\"2025-11-12T17:17:19+00:00\",\"author\":{\"@id\":\"https:\/\/www.mes-allocs.fr\/guides\/#\/schema\/person\/0ecd61a8600573914d00d970a588c024\"},\"description\":\"Les salari\\u00e9s travaillant de nuit ont des conditions de travail compliqu\\u00e9es. Ils peuvent n\\u00e9anmoins b\\u00e9n\\u00e9ficier de la prime de panier.\",\"inLanguage\":\"fr-FR\"},{\"@type\":\"Person\",\"@id\":\"https:\/\/www.mes-allocs.fr\/guides\/#\/schema\/person\/0ecd61a8600573914d00d970a588c024\",\"name\":\"Jonathan\",\"image\":{\"@type\":\"ImageObject\",\"@id\":\"https:\/\/www.mes-allocs.fr\/guides\/#personlogo\",\"inLanguage\":\"fr-FR\",\"url\":\"https:\/\/www.mes-allocs.fr\/guides\/wp-content\/uploads\/2021\/06\/jonathan-150x150.png\",\"caption\":\"Jonathan\"},\"description\":\"Jonathan est r\\u00e9dacteur au sein de l'\\u00e9quipe Mes Allocs, sp\\u00e9cialis\\u00e9 sur les sujets li\\u00e9s au handicap. Dipl\\u00f4m\\u00e9e de l'UPEM, il rejoint Mes Allocs apr\\u00e8s avoir travaill\\u00e9 \\u00e0 l'association AEDE qui accompagne les adultes en situation de handicap. Quand il n'\\u00e9crit pas, on peut le retrouver sur un terrain de basket.\",\"sameAs\":[\"https:\/\/www.linkedin.com\/in\/jonathan-bambela-8637861b7\"]}]}<\/script>\n<!-- \/ Yoast SEO plugin. -->","amp_validity":null,"acf":{"faq":{"1":{"question":" Les autres secteurs d'activit\u00e9 sont-ils concern\u00e9s par la prime de panier ?","answer":"Oui, \u00e0 partir du moment o\u00f9 vous remplissez les conditions et que la prime est pr\u00e9vue par les accords collectifs, vous pouvez b\u00e9n\u00e9ficier de la prime de panier "},"2":{"question":"Vers qui me tourner pour b\u00e9n\u00e9ficier de la prime ?","answer":"Pour en b\u00e9n\u00e9ficier, il faut vous rapprocher de votre entreprise ou de votre syndicat. "},"3":{"question":"Faut-il remplir toutes les conditions pour b\u00e9n\u00e9ficier de la prime?","answer":"Non, il suffit d'\u00eatre dans une seule des situations pour b\u00e9n\u00e9ficier de la prime de panier.\r\n<br> <a href=\"https:\/\/www.mes-allocs.fr\/guides\/prime-de-panier\/attribution-prime-de-panier\/\">Lire la suite<\/a>"},"4":{"question":"Qu'en est-il des salari\u00e9s employ\u00e9s \u00e0 mi-temps ?","answer":"Pour les personnes employ\u00e9s \u00e0 mi-temps, il faut vous rapprocher de votre entreprise ou de votre syndicat pour savoir si vous b\u00e9n\u00e9ficier de cette prime de panier. "},"5":{"question":"La prime de panier est-elle un compl\u00e9ment de salaire ? ","answer":"Non absolument pas. Selon le droit juridique, la prime de panier est un remboursement de frais et non pas un compl\u00e9ment de salaire. \r\n<br> <a href=\"https:\/\/www.mes-allocs.fr\/guides\/prime-de-panier\/attribution-prime-de-panier\/prime-de-panier-code-du-travail\/\">Lire la suite<\/a>"},"6":{"question":"","answer":""},"7":{"question":"","answer":""},"8":{"question":"","answer":""},"9":{"question":"","answer":""},"10":{"question":"","answer":""},"11":{"question":"","answer":""},"12":{"question":"","answer":""},"13":{"question":"","answer":""},"14":{"question":"","answer":""},"15":{"question":"","answer":""},"16":{"question":"","answer":""}}},"_links":{"self":[{"href":"https:\/\/www.mes-allocs.fr\/guides\/wp-json\/wp\/v2\/posts\/20256","targetHints":{"allow":["GET"]}}],"collection":[{"href":"https:\/\/www.mes-allocs.fr\/guides\/wp-json\/wp\/v2\/posts"}],"about":[{"href":"https:\/\/www.mes-allocs.fr\/guides\/wp-json\/wp\/v2\/types\/post"}],"author":[{"embeddable":true,"href":"https:\/\/www.mes-allocs.fr\/guides\/wp-json\/wp\/v2\/users\/6"}],"replies":[{"embeddable":true,"href":"https:\/\/www.mes-allocs.fr\/guides\/wp-json\/wp\/v2\/comments?post=20256"}],"version-history":[{"count":11,"href":"https:\/\/www.mes-allocs.fr\/guides\/wp-json\/wp\/v2\/posts\/20256\/revisions"}],"predecessor-version":[{"id":102027,"href":"https:\/\/www.mes-allocs.fr\/guides\/wp-json\/wp\/v2\/posts\/20256\/revisions\/102027"}],"wp:featuredmedia":[{"embeddable":true,"href":"https:\/\/www.mes-allocs.fr\/guides\/wp-json\/wp\/v2\/media\/105715"}],"wp:attachment":[{"href":"https:\/\/www.mes-allocs.fr\/guides\/wp-json\/wp\/v2\/media?parent=20256"}],"wp:term":[{"taxonomy":"category","embeddable":true,"href":"https:\/\/www.mes-allocs.fr\/guides\/wp-json\/wp\/v2\/categories?post=20256"},{"taxonomy":"post_tag","embeddable":true,"href":"https:\/\/www.mes-allocs.fr\/guides\/wp-json\/wp\/v2\/tags?post=20256"}],"curies":[{"name":"wp","href":"https:\/\/api.w.org\/{rel}","templated":true}]}}