{"id":20217,"date":"2021-03-03T16:15:35","date_gmt":"2021-03-03T16:15:35","guid":{"rendered":"https:\/\/www.mes-allocs.fr\/guides\/?p=20217"},"modified":"2026-03-05T15:04:20","modified_gmt":"2026-03-05T14:04:20","slug":"formation-remuneree","status":"publish","type":"post","link":"https:\/\/www.mes-allocs.fr\/guides\/reconversion-professionnelle\/types-formation-professionnelle\/formation-remuneree\/","title":{"rendered":"Quelles sont les formations r\u00e9mun\u00e9r\u00e9es dans le cadre d&rsquo;une reconversion professionnelle ?"},"content":{"rendered":"<p><a href=\"https:\/\/www.mes-allocs.fr\/guides\/wp-content\/uploads\/2021\/02\/workplace-1245776_1280-2.jpg\"><img loading=\"lazy\" decoding=\"async\" class=\"aligncenter wp-image-20248 size-full\" title=\"formation r\u00e9mun\u00e9r\u00e9e\" src=\"https:\/\/www.mes-allocs.fr\/guides\/wp-content\/uploads\/2021\/02\/workplace-1245776_1280-2-e1613749859725.jpg\" alt=\"formation r\u00e9mun\u00e9r\u00e9e\" width=\"1280\" height=\"393\" srcset=\"https:\/\/www.mes-allocs.fr\/guides\/wp-content\/uploads\/2021\/02\/workplace-1245776_1280-2-e1613749859725.jpg 1280w, https:\/\/www.mes-allocs.fr\/guides\/wp-content\/uploads\/2021\/02\/workplace-1245776_1280-2-e1613749859725-300x92.jpg 300w, https:\/\/www.mes-allocs.fr\/guides\/wp-content\/uploads\/2021\/02\/workplace-1245776_1280-2-e1613749859725-1024x314.jpg 1024w, https:\/\/www.mes-allocs.fr\/guides\/wp-content\/uploads\/2021\/02\/workplace-1245776_1280-2-e1613749859725-768x236.jpg 768w, https:\/\/www.mes-allocs.fr\/guides\/wp-content\/uploads\/2021\/02\/workplace-1245776_1280-2-e1613749859725-600x184.jpg 600w\" sizes=\"auto, (max-width: 1280px) 100vw, 1280px\" \/><\/a><\/p>\n<p style=\"text-align: justify;\">[Mis \u00e0 jour le 05\/03\/2026] Une formation r\u00e9mun\u00e9r\u00e9e vous permet d&rsquo;acqu\u00e9rir de nouvelles comp\u00e9tences et de faire votre <a href=\"https:\/\/www.mes-allocs.fr\/guides\/reconversion-professionnelle\/\">reconversion professionnelle<\/a> tout en percevant une r\u00e9mun\u00e9ration. D\u00e9couvrez les conditions pour b\u00e9n\u00e9ficier d&rsquo;une <strong>formation r\u00e9mun\u00e9r\u00e9e<\/strong> et les formations disponibles.<\/p>\n<h1>Qu&rsquo;est-ce qu&rsquo;une formation r\u00e9mun\u00e9r\u00e9e ?<\/h1>\n<p>Aujourd&rsquo;hui un certain nombre de formations professionnelles sont propos\u00e9es par des organismes ou centres de formation. Que ce soit sur place ou \u00e0 distance, il existe plusieurs <a href=\"https:\/\/www.mes-allocs.fr\/guides\/reconversion-professionnelle\/types-formation-professionnelle\/\">types de formations<\/a>. France Travail par exemple propose des formations r\u00e9mun\u00e9r\u00e9es, il est tout \u00e0 fait possible de suivre \u00e0 la fois des cours th\u00e9oriques, tout en ayant une formation pratique (formation en alternance).<\/p>\n<p>Les formations r\u00e9mun\u00e9r\u00e9es favorisent la qualification des adultes et leur remise \u00e0 niveau afin de pouvoir entreprendre et cr\u00e9er leurs propres entreprises. Plusieurs organismes proposent d\u00e9sormais des formations r\u00e9mun\u00e9r\u00e9es pour les personnes qui ont atteint leur \u00e2ge adulte.<\/p>\n<div class='cta-block'><div class='text'>Coaching \u00e0 distance pay\u00e9 par vos aides formation.<\/div><a href='https:\/\/www.formademia.fr\/formulaire\/coaching' class='app-button fit'>V\u00e9rifier votre \u00e9ligibilit\u00e9<\/a><\/div>\n<h1>Qui peut b\u00e9n\u00e9ficier d&rsquo;une formation r\u00e9mun\u00e9r\u00e9e ?<\/h1>\n<p>Tout le monde peut pr\u00e9tendre \u00e0 une formation r\u00e9mun\u00e9r\u00e9e, quel que soit votre \u00e2ge ou votre situation, (demandeur d&#8217;emploi, \u00e9tudiant, salari\u00e9, etc.). Le financement auquel vous pourrez pr\u00e9tendre d\u00e9pendra de votre statut au moment de votre demande, mais \u00e9galement de votre projet professionnel.<\/p>\n<p><strong>\u00c0 noter : Si vous \u00eates demandeur d&#8217;emploi inscrit chez France Travail, vous pouvez b\u00e9n\u00e9ficier d&rsquo;une prise en charge au titre d\u2019une action de formation conventionn\u00e9e (AFC).<\/strong><\/p>\n<p><iframe loading=\"lazy\" title=\"La reconversion professionnelle\" width=\"500\" height=\"281\" src=\"https:\/\/www.youtube.com\/embed\/EiVUthswxl0?feature=oembed\" frameborder=\"0\" allow=\"accelerometer; autoplay; clipboard-write; encrypted-media; gyroscope; picture-in-picture; web-share\" referrerpolicy=\"strict-origin-when-cross-origin\" allowfullscreen><\/iframe><\/p>\n<h1>Quelles sont les formations r\u00e9mun\u00e9r\u00e9es disponibles ?<\/h1>\n<h2>Exemples de formations r\u00e9mun\u00e9r\u00e9es<\/h2>\n<p>Vous pouvez r\u00e9aliser une formation r\u00e9mun\u00e9r\u00e9e qui permet l&rsquo;obtention d&rsquo;un dipl\u00f4me comme le CAP, le contrat de professionnalisation, mais \u00e9galement jusqu&rsquo;\u00e0 un dipl\u00f4me \u00e9quivalent \u00e0 Bac+3.<\/p>\n<p><strong>Exemples de formations r\u00e9mun\u00e9r\u00e9es :\u00a0<\/strong><\/p>\n<ul>\n<li>La cuisine,<\/li>\n<li>La formation r\u00e9mun\u00e9r\u00e9e de coiffure,<\/li>\n<li>La formation r\u00e9mun\u00e9r\u00e9e d\u2019esth\u00e9tique,<\/li>\n<li>La\u00a0formation r\u00e9mun\u00e9r\u00e9e en informatique,<\/li>\n<li>La formation r\u00e9mun\u00e9r\u00e9e d\u2019assistance m\u00e9dicale,<\/li>\n<li>Les formations E-learning dipl\u00f4mantes<\/li>\n<\/ul>\n<p>Bien entendu vous pouvez b\u00e9n\u00e9ficier d&rsquo; une formation r\u00e9mun\u00e9r\u00e9e autre que celles \u00e9nonc\u00e9es. Vous pouvez vous rendre sur le site de France Travail pour consulter la liste compl\u00e8te.<\/p>\n<h2>Les diff\u00e9rents organismes de formation<\/h2>\n<p><strong>Deux organismes permettent \u00e0 des adultes en reconversion professionnelle d&rsquo;effectuer une formation :\u00a0<\/strong><\/p>\n<p>L\u2019AFPA : c\u2019est l\u2019Association Nationale pour la Formation Professionnelle des Adultes. Elle propose des formations dipl\u00f4mantes ou encore des VAE (validation des acquis d\u2019exp\u00e9rience).<\/p>\n<p>Le GRETA : il s\u2019agit de groupements d\u2019\u00e9tablissements li\u00e9s \u00e0 l\u2019\u00e9ducation nationale. Ils proposent des formations r\u00e9mun\u00e9r\u00e9es pour adultes : CAP, BTS et autres modules de formation.<\/p>\n<h1>Quelles sont les aides \u00e0 la formation ?<\/h1>\n<p>Plusieurs dispositifs permettent de financer une formation, dans le cadre d&rsquo;une reconversion professionnelle. Votre \u00e9ligibilit\u00e9 d\u00e9pendra de votre situation au moment de la demande.<\/p>\n<h2>L\u2019aide individuelle \u00e0 la formation (AIF)<\/h2>\n<p>Pour b\u00e9n\u00e9ficier de l&rsquo;aide individuelle \u00e0 la formation, votre projet professionnel doit obligatoirement co\u00efncider avec la formation que vous allez suivre. Il faut imp\u00e9rativement que la formation demand\u00e9e r\u00e9ponde aux exigences du projet que vous voulez r\u00e9aliser afin que le projet puisse se r\u00e9aliser.<\/p>\n<p>Autre condition pour en b\u00e9n\u00e9ficier, vous devez \u00eatre inscrit comme demandeur d&#8217;emploi chez France Travail et \u00eatre suivi par un conseiller. Vous devrez \u00e9galement prouver que vous \u00eates en recherche active d&rsquo;un nouvel emploi.<\/p>\n<h2>Le Compte personnel de formation (CPF)<\/h2>\n<p>Le compte personnel de formation CPF vous accompagne tout au long de votre vie professionnelle. Chaque ann\u00e9e vous cumulez sur ce compte un certain montant en euros utilisable pour une formation reconnue par France Travail.\u00a0 Notez que le CPF est personnel, vous ne pouvez pas donner les euros que vous avez cumul\u00e9 \u00e0 une autre personne pour financer sa formation.<\/p>\n<h2>Le financement par contrat de professionnalisation<\/h2>\n<p>Vous pouvez b\u00e9n\u00e9ficier de cette m\u00e9thode de financement uniquement si vous \u00eates salari\u00e9. Les employ\u00e9s quant \u00e0 eux peuvent b\u00e9n\u00e9ficier d&rsquo;une <a href=\"https:\/\/www.mes-allocs.fr\/guides\/reconversion-professionnelle\/types-formation-professionnelle\/formation-distance\/\">formation \u00e0 distance<\/a> en continuant de travailler.<\/p>\n<p>C&rsquo;est \u00e0 votre soci\u00e9t\u00e9 de souscrire \u00e0 ce contrat et de vous y inscrire, les frais sont donc enti\u00e8rement \u00e0 la charge de votre employeur.<\/p>\n<h2>Le Projet de transition professionnelle (PTP)<\/h2>\n<p>Le projet de transition professionnelle (PTP) permet \u00e0 un salari\u00e9 de quitter temporairement son poste pour suivre une formation afin de changer de m\u00e9tier ou de profession. Il est accessible sous certaines conditions et n\u00e9cessite une demande aupr\u00e8s de l\u2019employeur. Pendant la formation, le salari\u00e9 continue d\u2019\u00eatre r\u00e9mun\u00e9r\u00e9.<\/p>\n<h2>L\u2019Action de Formation Conventionn\u00e9e par France Travail (AFC)<\/h2>\n<p>L&rsquo;AFC s&rsquo;adresse aux demandeurs d&#8217;emploi, cela leur permet d&rsquo;acqu\u00e9rir les comp\u00e9tences qui sont demand\u00e9es sur le march\u00e9 du travail.<\/p>\n<p>Tr\u00e8s vari\u00e9, il peut s&rsquo;agir de l&rsquo;obtention du permis D,C, de l&rsquo;apprentissage de langue \u00e9trang\u00e8re ou encore de formations dipl\u00f4mantes.<\/p>\n<p>Vous pouvez suivre la formation de mani\u00e8re collective dans les centres agr\u00e9e, ou bien la r\u00e9aliser de mani\u00e8re individuelle dans le cadre d\u2019une Validation des Acquis de l\u2019Exp\u00e9rience professionnelle (VAE).<\/p>\n<h2>L\u2019Action de formation pr\u00e9alable au recrutement (AFPR)<\/h2>\n<p>Cette derni\u00e8re s&rsquo;adresse \u00e0 tous les salari\u00e9s du secteur public mais \u00e9galement du secteur priv\u00e9.<\/p>\n<p><strong>Conditions pour en b\u00e9n\u00e9ficier :\u00a0<\/strong><\/p>\n<ul>\n<li>\u00catre demandeur d\u2019emploi, indemnis\u00e9 ou non,<\/li>\n<li>Avoir re\u00e7u une proposition de CDD allant de plus de 6 mois jusqu\u2019\u00e0 moins de 12 mois, n\u00e9cessitant une formation en vue adapter ses comp\u00e9tences.<\/li>\n<\/ul>\n<div class='cta-block'><div class='text'>Coaching \u00e0 distance pay\u00e9 par vos aides formation.<\/div><a href='https:\/\/www.formademia.fr\/formulaire\/coaching' class='app-button fit'>V\u00e9rifier votre \u00e9ligibilit\u00e9<\/a><\/div>\n","protected":false},"excerpt":{"rendered":"<p>[Mis \u00e0 jour le 05\/03\/2026] Une formation r\u00e9mun\u00e9r\u00e9e vous permet d&rsquo;acqu\u00e9rir de nouvelles comp\u00e9tences et de faire votre reconversion professionnelle tout en percevant une r\u00e9mun\u00e9ration. D\u00e9couvrez les conditions pour b\u00e9n\u00e9ficier d&rsquo;une formation r\u00e9mun\u00e9r\u00e9e et les formations disponibles. Qu&rsquo;est-ce qu&rsquo;une formation r\u00e9mun\u00e9r\u00e9e ? Aujourd&rsquo;hui un certain nombre de formations professionnelles sont propos\u00e9es par des organismes ou [&hellip;]<\/p>\n","protected":false},"author":9,"featured_media":20248,"comment_status":"open","ping_status":"open","sticky":false,"template":"","format":"standard","meta":{"amp_status":"","footnotes":""},"categories":[5081,10039],"tags":[],"class_list":["post-20217","post","type-post","status-publish","format-standard","has-post-thumbnail","hentry","category-reconversion-professionnelle","category-types-formation-professionnelle"],"yoast_head":"<!-- This site is optimized with the Yoast SEO plugin v14.9 - https:\/\/yoast.com\/wordpress\/plugins\/seo\/ -->\n<title>Quelle formation r\u00e9mun\u00e9r\u00e9e pendant une reconversion professionnelle ?<\/title>\n<meta name=\"description\" content=\"Vous souhaitez acc\u00e9der \u00e0 une formation r\u00e9mun\u00e9r\u00e9e ? Un certain nombre de formations sont disponibles pour vous aider \u00e0 vous reconvertir.\" \/>\n<meta name=\"robots\" content=\"index, follow, max-snippet:-1, max-image-preview:large, max-video-preview:-1\" \/>\n<link rel=\"canonical\" href=\"https:\/\/www.mes-allocs.fr\/guides\/reconversion-professionnelle\/types-formation-professionnelle\/formation-remuneree\/\" \/>\n<meta property=\"og:locale\" content=\"fr_FR\" \/>\n<meta property=\"og:type\" content=\"article\" \/>\n<meta property=\"og:title\" content=\"Quelle formation r\u00e9mun\u00e9r\u00e9e pendant une reconversion professionnelle ?\" \/>\n<meta property=\"og:description\" content=\"Vous souhaitez acc\u00e9der \u00e0 une formation r\u00e9mun\u00e9r\u00e9e ? Un certain nombre de formations sont disponibles pour vous aider \u00e0 vous reconvertir.\" \/>\n<meta property=\"og:url\" content=\"https:\/\/www.mes-allocs.fr\/guides\/reconversion-professionnelle\/types-formation-professionnelle\/formation-remuneree\/\" \/>\n<meta property=\"og:site_name\" content=\"Mes-Allocs.fr\" \/>\n<meta property=\"article:published_time\" content=\"2021-03-03T16:15:35+00:00\" \/>\n<meta property=\"article:modified_time\" content=\"2026-03-05T14:04:20+00:00\" \/>\n<meta property=\"og:image\" content=\"https:\/\/www.mes-allocs.fr\/guides\/wp-content\/uploads\/2021\/02\/workplace-1245776_1280-2-e1613749859725.jpg?wsr\" \/>\n\t<meta property=\"og:image:width\" content=\"1280\" \/>\n\t<meta property=\"og:image:height\" content=\"393\" \/>\n<meta name=\"twitter:card\" content=\"summary_large_image\" \/>\n<script type=\"application\/ld+json\" class=\"yoast-schema-graph\">{\"@context\":\"https:\/\/schema.org\",\"@graph\":[{\"@type\":\"WebSite\",\"@id\":\"https:\/\/www.mes-allocs.fr\/guides\/#website\",\"url\":\"https:\/\/www.mes-allocs.fr\/guides\/\",\"name\":\"Mes-Allocs.fr\",\"description\":\"\",\"potentialAction\":[{\"@type\":\"SearchAction\",\"target\":\"https:\/\/www.mes-allocs.fr\/guides\/?s={search_term_string}\",\"query-input\":\"required name=search_term_string\"}],\"inLanguage\":\"fr-FR\"},{\"@type\":\"ImageObject\",\"@id\":\"https:\/\/www.mes-allocs.fr\/guides\/reconversion-professionnelle\/types-formation-professionnelle\/formation-remuneree\/#primaryimage\",\"inLanguage\":\"fr-FR\",\"url\":\"https:\/\/www.mes-allocs.fr\/guides\/wp-content\/uploads\/2021\/02\/workplace-1245776_1280-2-e1613749859725.jpg?wsr\",\"width\":1280,\"height\":393,\"caption\":\"formation r\\u00e9mun\\u00e9r\\u00e9e\"},{\"@type\":\"WebPage\",\"@id\":\"https:\/\/www.mes-allocs.fr\/guides\/reconversion-professionnelle\/types-formation-professionnelle\/formation-remuneree\/#webpage\",\"url\":\"https:\/\/www.mes-allocs.fr\/guides\/reconversion-professionnelle\/types-formation-professionnelle\/formation-remuneree\/\",\"name\":\"Quelle formation r\\u00e9mun\\u00e9r\\u00e9e pendant une reconversion professionnelle ?\",\"isPartOf\":{\"@id\":\"https:\/\/www.mes-allocs.fr\/guides\/#website\"},\"primaryImageOfPage\":{\"@id\":\"https:\/\/www.mes-allocs.fr\/guides\/reconversion-professionnelle\/types-formation-professionnelle\/formation-remuneree\/#primaryimage\"},\"datePublished\":\"2021-03-03T16:15:35+00:00\",\"dateModified\":\"2026-03-05T14:04:20+00:00\",\"author\":{\"@id\":\"https:\/\/www.mes-allocs.fr\/guides\/#\/schema\/person\/e4e762c89158b34a332446d26f02fd56\"},\"description\":\"Vous souhaitez acc\\u00e9der \\u00e0 une formation r\\u00e9mun\\u00e9r\\u00e9e ? Un certain nombre de formations sont disponibles pour vous aider \\u00e0 vous reconvertir.\",\"inLanguage\":\"fr-FR\"},{\"@type\":\"Person\",\"@id\":\"https:\/\/www.mes-allocs.fr\/guides\/#\/schema\/person\/e4e762c89158b34a332446d26f02fd56\",\"name\":\"Marylou\",\"image\":{\"@type\":\"ImageObject\",\"@id\":\"https:\/\/www.mes-allocs.fr\/guides\/#personlogo\",\"inLanguage\":\"fr-FR\",\"url\":\"https:\/\/www.mes-allocs.fr\/guides\/wp-content\/uploads\/2021\/06\/marylou-150x150.png\",\"caption\":\"Marylou\"},\"description\":\"Marylou est r\\u00e9dactrice au sein de l'\\u00e9quipe Mes Allocs, sp\\u00e9cialiste des sujets de soci\\u00e9t\\u00e9 en g\\u00e9n\\u00e9ral. Dipl\\u00f4m\\u00e9e de l'Institut Sup\\u00e9rieur de Formation au Journalisme, elle rejoint Mes Allocs apr\\u00e8s cr\\u00e9\\u00e9 son premier blog personnel.\",\"sameAs\":[\"https:\/\/www.linkedin.com\/in\/marylou-pr\\u00e9vost\"]}]}<\/script>\n<!-- \/ Yoast SEO plugin. -->","amp_validity":null,"acf":{"faq":{"1":{"question":"Comment b\u00e9n\u00e9ficier d'une formation r\u00e9mun\u00e9r\u00e9e ?","answer":"Afin de b\u00e9n\u00e9ficier de cette formation r\u00e9mun\u00e9r\u00e9e, le salari\u00e9 doit en faire la demande \u00e0 son employeur au moins 60 jours avant le d\u00e9but du stage professionnel si la p\u00e9riode est inf\u00e9rieure \u00e0 6 mois"},"2":{"question":"Quelle r\u00e9mun\u00e9ration pour une formation France Travail ?","answer":"Pour une formation \u00e0 taux plein, le montant de la RFFT est de 652,02 \u20ac par mois de formation d'une dur\u00e9e de 3 ans maximum. "},"3":{"question":"Est-ce que France Travail peut financer une formation ?","answer":"France Travail finance prioritairement les formations des demandeurs d'emploi. La condition est d'\u00eatre inscrit \u00e0 France Travail et d'avoir valid\u00e9 son projet de formation avec un conseiller France Travail."},"4":{"question":"Qui finance les formations de l'AFPA ?","answer":"Le financement de l'organisme est assur\u00e9 par le programme d'activit\u00e9 de Service public"},"5":{"question":"Comment utiliser son CPF dans la fonction publique ?","answer":"Le CPF permet \u00e0 un agent public d'acc\u00e9der \u00e0 toute action de formation relative : \u00e0 l'acquisition d'un dipl\u00f4me, d'un titre, d'un certificat de qualification professionnelle, ou au d\u00e9veloppement des comp\u00e9tences n\u00e9cessaires \u00e0 la mise en \u0153uvre de son projet d'\u00e9volution professionnelle."},"6":{"question":"Est-ce que les fonctionnaires ont droit au CPF ?","answer":"Le compte personnel de formation (CPF) permet \u00e0 l'ensemble des agents publics civils"},"7":{"question":"","answer":""},"8":{"question":"","answer":""},"9":{"question":"","answer":""},"10":{"question":"","answer":""},"11":{"question":"","answer":""},"12":{"question":"","answer":""},"13":{"question":"","answer":""},"14":{"question":"","answer":""},"15":{"question":"","answer":""},"16":{"question":"","answer":""}}},"_links":{"self":[{"href":"https:\/\/www.mes-allocs.fr\/guides\/wp-json\/wp\/v2\/posts\/20217","targetHints":{"allow":["GET"]}}],"collection":[{"href":"https:\/\/www.mes-allocs.fr\/guides\/wp-json\/wp\/v2\/posts"}],"about":[{"href":"https:\/\/www.mes-allocs.fr\/guides\/wp-json\/wp\/v2\/types\/post"}],"author":[{"embeddable":true,"href":"https:\/\/www.mes-allocs.fr\/guides\/wp-json\/wp\/v2\/users\/9"}],"replies":[{"embeddable":true,"href":"https:\/\/www.mes-allocs.fr\/guides\/wp-json\/wp\/v2\/comments?post=20217"}],"version-history":[{"count":15,"href":"https:\/\/www.mes-allocs.fr\/guides\/wp-json\/wp\/v2\/posts\/20217\/revisions"}],"predecessor-version":[{"id":110186,"href":"https:\/\/www.mes-allocs.fr\/guides\/wp-json\/wp\/v2\/posts\/20217\/revisions\/110186"}],"wp:featuredmedia":[{"embeddable":true,"href":"https:\/\/www.mes-allocs.fr\/guides\/wp-json\/wp\/v2\/media\/20248"}],"wp:attachment":[{"href":"https:\/\/www.mes-allocs.fr\/guides\/wp-json\/wp\/v2\/media?parent=20217"}],"wp:term":[{"taxonomy":"category","embeddable":true,"href":"https:\/\/www.mes-allocs.fr\/guides\/wp-json\/wp\/v2\/categories?post=20217"},{"taxonomy":"post_tag","embeddable":true,"href":"https:\/\/www.mes-allocs.fr\/guides\/wp-json\/wp\/v2\/tags?post=20217"}],"curies":[{"name":"wp","href":"https:\/\/api.w.org\/{rel}","templated":true}]}}