{"id":20103,"date":"2021-03-04T22:45:10","date_gmt":"2021-03-04T22:45:10","guid":{"rendered":"https:\/\/www.mes-allocs.fr\/guides\/?p=20103"},"modified":"2026-04-02T14:18:34","modified_gmt":"2026-04-02T13:18:34","slug":"prime-activite-gerant-non-salarie","status":"publish","type":"post","link":"https:\/\/www.mes-allocs.fr\/guides\/prime-d-activite\/prime-activite-conditions\/prime-activite-gerant-non-salarie\/","title":{"rendered":"Prime d&rsquo;activit\u00e9 pour un g\u00e9rant non salari\u00e9 : conditions et montant en 2026"},"content":{"rendered":"<p><img loading=\"lazy\" decoding=\"async\" class=\"alignnone wp-image-20111 size-full\" src=\"https:\/\/www.mes-allocs.fr\/guides\/wp-content\/uploads\/2021\/02\/write-593333_1920-2-e1684857505219.jpg\" alt=\"Prime d'activit\u00e9 g\u00e9rant non salari\u00e9\" width=\"1920\" height=\"340\" srcset=\"https:\/\/www.mes-allocs.fr\/guides\/wp-content\/uploads\/2021\/02\/write-593333_1920-2-e1684857505219.jpg 1920w, https:\/\/www.mes-allocs.fr\/guides\/wp-content\/uploads\/2021\/02\/write-593333_1920-2-e1684857505219-300x53.jpg 300w, https:\/\/www.mes-allocs.fr\/guides\/wp-content\/uploads\/2021\/02\/write-593333_1920-2-e1684857505219-1024x181.jpg 1024w, https:\/\/www.mes-allocs.fr\/guides\/wp-content\/uploads\/2021\/02\/write-593333_1920-2-e1684857505219-768x136.jpg 768w, https:\/\/www.mes-allocs.fr\/guides\/wp-content\/uploads\/2021\/02\/write-593333_1920-2-e1684857505219-1536x272.jpg 1536w, https:\/\/www.mes-allocs.fr\/guides\/wp-content\/uploads\/2021\/02\/write-593333_1920-2-e1684857505219-600x106.jpg 600w\" sizes=\"auto, (max-width: 1920px) 100vw, 1920px\" \/><\/p>\n<p><span style=\"font-weight: 400;\">[Mis \u00e0 jour le 02\/04\/2026]<\/span> La <a href=\"https:\/\/www.mes-allocs.fr\/guides\/prime-d-activite\/\">prime d&rsquo;activit\u00e9<\/a> est une aide sociale destin\u00e9e aux travailleurs qui ont des revenus modestes. Cette aide leur assure ainsi un niveau de vie convenable. En tant que g\u00e9rant non salari\u00e9 pouvez-vous b\u00e9n\u00e9ficier de cette aide en 2026 ? L&rsquo;\u00e9quipe de Mes-Allocs.fr vous en dit plus.<\/p>\n<div class='cta-block'><div class='text'>Simulez votre prime d&rsquo;activit\u00e9 en 2 min. <\/div><a href='https:\/\/www.mes-allocs.fr\/ab-app?origin=guides\/wp-json\/wp\/v2\/posts\/20103' class='app-button fit'>Simulation gratuite<\/a><\/div>\n<hr \/>\n<h1>La prime d&rsquo;activit\u00e9 : qu&rsquo;est-ce que c&rsquo;est ?<\/h1>\n<p align=\"justify\"><span style=\"font-size: medium;\">Mise en place depuis le 1<sup>er<\/sup> janvier 2016, la prime d\u2019activit\u00e9 est remplace <\/span><span style=\"font-size: medium;\">le RSA activit\u00e9. Elle remplace aussi le montant de<\/span><span style=\"font-size: medium;\">\u00a0la prime pour l\u2019emploi (PPE) vers\u00e9 \u00e0 quelques foyers fran\u00e7ais.<\/span><\/p>\n<p align=\"justify\"><span style=\"font-size: medium;\">Cette aide vient d\u00e9sormais compl\u00e9ter les revenus issus de votre activit\u00e9 professionnelle en fonction de votre <a href=\"https:\/\/www.mes-allocs.fr\/guides\/prime-d-activite\/prime-d-activite-statut\/\">statut<\/a>. Et ce, m\u00eame si vous n\u2019\u00e9tiez pas concern\u00e9 par le RSA activit\u00e9 et par la prime pour l\u2019emploi.<\/span><\/p>\n<p align=\"justify\"><span style=\"font-size: medium;\">La Caisse d\u2019Allocations Familiales (CAF) et la Mutualit\u00e9 sociale agricole (MSA), pour les travailleurs agricoles, se chargent de verser cette aide.<\/span><\/p>\n<p><iframe loading=\"lazy\" title=\"La prime d&#039;activit\u00e9\" width=\"500\" height=\"281\" src=\"https:\/\/www.youtube.com\/embed\/uavbovK5ZXc?feature=oembed\" frameborder=\"0\" allow=\"accelerometer; autoplay; clipboard-write; encrypted-media; gyroscope; picture-in-picture; web-share\" referrerpolicy=\"strict-origin-when-cross-origin\" allowfullscreen><\/iframe><\/p>\n<h2><span style=\"font-size: 18pt;\">Quelles sont les conditions d&rsquo;attribution de cette aide ?<\/span><\/h2>\n<p align=\"justify\"><span style=\"font-size: medium;\">Elle est vers\u00e9e aux personnes justifiant d\u2019une activit\u00e9 professionnelle (activit\u00e9 salari\u00e9e ou non) et remplissant les conditions suivantes\u00a0:<\/span><\/p>\n<ul>\n<li><span style=\"font-size: medium;\">\u00catre \u00e2g\u00e9.e d&rsquo;au moins 18 ans<\/span><\/li>\n<li><span style=\"font-size: medium;\">R\u00e9sider en France de fa\u00e7on stable, c\u2019est-\u00e0-dire ne pas s\u00e9journer plus de 3 mois par ann\u00e9e civile, hors de France<\/span><\/li>\n<li><span style=\"font-size: medium;\">\u00catre fran\u00e7ais ou citoyen de l\u2019Espace \u00e9conomique europ\u00e9en <\/span><span style=\"font-size: medium;\">ou \u00eatre suisse <\/span><\/li>\n<li><span style=\"font-size: medium;\">ou r\u00e9sider de fa\u00e7on r\u00e9guli\u00e8re en France depuis au moins 5 ans<\/span><\/li>\n<li><span style=\"font-size: medium;\">\u00catre salari\u00e9 ou ind\u00e9pendant<\/span><\/li>\n<li><span style=\"font-size: medium;\">Percevoir des revenus modestes<\/span><\/li>\n<\/ul>\n<div class=\"_box-inline_1p6fl_gg_\" aria-pressed=\"true\" aria-describedby=\"88507\" data-ui-name=\"Tooltip.Trigger\">\n<div data-ui-name=\"Tag\"><span style=\"font-size: medium;\">Cette aide fait partie des prestations familiales de la Caf. Elle peut aussi vous \u00eatre attribu\u00e9e suite \u00e0 la reprise d&rsquo; une activit\u00e9 professionnelle.<\/span><\/div>\n<\/div>\n<p align=\"justify\">Cependant, l<span style=\"font-size: medium;\">es personnes se trouvant dans l\u2019une des situations suivantes ne pourront pas b\u00e9n\u00e9ficier du versement de la prime d\u2019activit\u00e9 :<\/span><\/p>\n<ul>\n<li><span style=\"font-size: medium;\">Les personnes en cong\u00e9 parental ou sabbatique sans solde<\/span><\/li>\n<li><span style=\"font-size: medium;\">Les travailleurs d\u00e9tach\u00e9s exer\u00e7ant de fa\u00e7on temporaire en France<\/span><\/li>\n<li><span style=\"font-size: medium;\">Et les \u00e9tudiants ou apprentis percevant mensuellement un revenu inf\u00e9rieur ou \u00e9gal \u00e0 1 104,25 \u20ac net.<\/span><\/li>\n<\/ul>\n<h2>Quel est le montant de la prime d&rsquo;activit\u00e9 ?<\/h2>\n<p>En plus des crit\u00e8res li\u00e9s \u00e0 votre situation personnelle, l&rsquo;octroi de la prime est aussi soumis \u00e0 des <b>conditions de revenus.<\/b><\/p>\n<p>En effet, les personnes dont les revenus sont inf\u00e9rieurs \u00e0 1,3 fois le SMIC sont plus susceptibles de b\u00e9n\u00e9ficier de l&rsquo;aide. Ce qui correspond \u00e0 un salaire d&rsquo;environ 1 700 euros net\/mois \u00e0 temps plein. N\u00e9anmoins, ce plafond maximal de revenus peut varier en fonction de la composition de votre foyer.<\/p>\n<p>G\u00e9n\u00e9ralement, les plafonds suivants sont pris pour exemples dans ces situations pr\u00e9cises :<\/p>\n<ul>\n<li>2.000 euros nets \/ mois pour une personne seule,<\/li>\n<li>3.450 euros nets \/ mois pour un m\u00e9nage avec un enfant \u00e0 charge, avec un seul des conjoints qui travaille.<\/li>\n<\/ul>\n<p align=\"justify\"><span style=\"font-size: medium;\">Le calcul du montant de la prime d\u2019activit\u00e9 d\u00e9pend de la composition et des ressources du foyer du demandeur. Vous devrez donc int\u00e9grer ou non certains de vos revenus.\u00a0<\/span><\/p>\n\n<div class=\"wpdt-c row wpDataTableContainerSimpleTable wpDataTables wpDataTablesWrapper\n\"\n    >\n    <table id=\"wpdtSimpleTable-97\"\n           class=\"wpdtSimpleTable wpDataTable\"\n           data-column=\"2\"\n           data-rows=\"6\"\n           data-wpID=\"97\"\n           data-responsive=\"0\"\n           data-has-header=\"1\">\n\n                    <thead>        <tr class=\"wpdt-cell-row \" >\n                            <th class=\"wpdt-cell wpdt-bc-F3F9FE wpdt-bold\"\n                                    data-cell-id=\"A1\"\n                data-col-index=\"0\"\n                data-row-index=\"0\"\n                style=\" width:45.505617977528%;                padding:10px;\"\n                >\n                                Revenus pris en compte                <\/th>\n                                            <th class=\"wpdt-cell wpdt-bc-F3F9FE wpdt-wrap-text wpdt-bold\"\n                                    data-cell-id=\"B1\"\n                data-col-index=\"1\"\n                data-row-index=\"0\"\n                style=\" width:54.494382022472%;                padding:10px;\"\n                >\n                                Revenus non pris en compte                <\/th>\n                                        <\/tr>\n                    <tbody>        <tr class=\"wpdt-cell-row \" >\n                            <td class=\"wpdt-cell wpdt-align-center wpdt-valign-middle wpdt-wrap-text\"\n                                    data-cell-id=\"A2\"\n                data-col-index=\"0\"\n                data-row-index=\"1\"\n                style=\"                padding:10px;\"\n                >\n                                Vos revenus nets d\u2019activit\u00e9 professionnelle                <\/td>\n                                            <td class=\"wpdt-cell wpdt-bc-FFFFFF\"\n                                    data-cell-id=\"B2\"\n                data-col-index=\"1\"\n                data-row-index=\"1\"\n                style=\"                padding:10px;\"\n                >\n                                Prime de naissance                <\/td>\n                                        <\/tr>\n                            <tr class=\"wpdt-cell-row \" >\n                            <td class=\"wpdt-cell \"\n                                    data-cell-id=\"A3\"\n                data-col-index=\"0\"\n                data-row-index=\"2\"\n                style=\"                padding:10px;\"\n                >\n                                Revenus de remplacement                <\/td>\n                                            <td class=\"wpdt-cell \"\n                                    data-cell-id=\"B3\"\n                data-col-index=\"1\"\n                data-row-index=\"2\"\n                style=\"                padding:10px;\"\n                >\n                                Allocation d\u2019\u00e9ducation pour enfant handicap\u00e9                <\/td>\n                                        <\/tr>\n                            <tr class=\"wpdt-cell-row \" >\n                            <td class=\"wpdt-cell \"\n                                    data-cell-id=\"A4\"\n                data-col-index=\"0\"\n                data-row-index=\"3\"\n                style=\"                padding:10px;\"\n                >\n                                Prestations et les aides sociales\u00a0(allocations logement, allocation ch\u00f4mage, etc)                <\/td>\n                                            <td class=\"wpdt-cell \"\n                                    data-cell-id=\"B4\"\n                data-col-index=\"1\"\n                data-row-index=\"3\"\n                style=\"                padding:10px;\"\n                >\n                                RSA socle                <\/td>\n                                        <\/tr>\n                            <tr class=\"wpdt-cell-row \" >\n                            <td class=\"wpdt-cell \"\n                                    data-cell-id=\"A5\"\n                data-col-index=\"0\"\n                data-row-index=\"4\"\n                style=\"                padding:10px;\"\n                >\n                                Autres revenus imposables : revenus de capitaux mobiliers du chef d\u2019entreprise (dividendes, int\u00e9r\u00eats en compte courant d\u2019associ\u00e9\u2026)                <\/td>\n                                            <td class=\"wpdt-cell \"\n                                    data-cell-id=\"B5\"\n                data-col-index=\"1\"\n                data-row-index=\"4\"\n                style=\"                padding:10px;\"\n                >\n                                Allocation de rentr\u00e9e scolaire                <\/td>\n                                        <\/tr>\n                            <tr class=\"wpdt-cell-row \" >\n                            <td class=\"wpdt-cell \"\n                                    data-cell-id=\"A6\"\n                data-col-index=\"0\"\n                data-row-index=\"5\"\n                style=\"                padding:10px;\"\n                >\n                                -                <\/td>\n                                            <td class=\"wpdt-cell \"\n                                    data-cell-id=\"B6\"\n                data-col-index=\"1\"\n                data-row-index=\"5\"\n                style=\"                padding:10px;\"\n                >\n                                Pensions et rentes d\u2019invalidit\u00e9.                <\/td>\n                                        <\/tr>\n                    <\/table>\n<\/div><style id='wpdt-custom-style-97'>\ntable#wpdtSimpleTable-97{ table-layout: fixed !important; }\ntable#wpdtSimpleTable-97 td, table.wpdtSimpleTable97 th { white-space: normal !important; }\n.wpdt-bc-F3F9FE { background-color: #F3F9FE !important;}\n.wpdt-bc-FFFFFF { background-color: #FFFFFF !important;}\n<\/style>\n\n<p align=\"justify\"><span style=\"font-size: medium;\">La formule de calcul de la prime est la suivante :<\/span><\/p>\n<p align=\"justify\"><strong><span style=\"font-size: medium;\">Prime d\u2019activit\u00e9 = (montant forfaitaire* + 59,85 % des revenus professionnels + bonifications individuelles) \u2013 les ressources prises en compte du foyer<\/span><\/strong><\/p>\n<p align=\"justify\"><span style=\"font-size: medium;\">* le montant forfaitaire est de<b> <strong>638,28\u20ac<\/strong> <\/b>pour une personne vivant seule et sans enfant \u00e0 charge. Il est major\u00e9 en fonction de la composition du foyer.<\/span><\/p>\n<p align=\"justify\"><em>Exemple : une personne seule sans enfant per\u00e7oit un salaire de 1400\u20ac et des APL. Sa prime d\u2019activit\u00e9 sera calcul\u00e9e ainsi : <strong>638,28\u20ac<\/strong> (montant forfaitaire) + 854 (<strong><span style=\"font-size: medium;\">59,85 %<\/span><\/strong> des revenus) + 184,27 (bonification individuelle) \u2013 77,58 (forfait logement) \u2013 1400 (ressources du foyers) = <b>193,9<\/b>\u00a0\u20ac<\/em>.<\/p>\n<p align=\"justify\"><strong><span style=\"font-size: medium;\">\u00c0 noter\u00a0:\u00a0<\/span><\/strong><span style=\"font-size: medium;\">La prime d\u2019activit\u00e9 n\u2019est vers\u00e9e que si le r\u00e9sultat obtenu lors du calcul est sup\u00e9rieur \u00e0 15 \u20ac.<\/span><\/p>\n<p>Il est donc pr\u00e9f\u00e9rable de simuler vos droits \u00e0 la Prime d&rsquo;activit\u00e9. Si vous y \u00eates \u00e9ligible, l&rsquo;\u00e9quipe de Mes-Allocs.fr vous aidera dans vos d\u00e9marches et leur suivi.<\/p>\n<div class='cta-block'><div class='text'>Simulez votre prime d&rsquo;activit\u00e9 en 2 min. <\/div><a href='https:\/\/www.mes-allocs.fr\/ab-app?origin=guides\/wp-json\/wp\/v2\/posts\/20103' class='app-button fit'>Simulation gratuite<\/a><\/div>\n<h1>G\u00e9rant salari\u00e9 ou non : quelle diff\u00e9rence ?<\/h1>\n<p style=\"text-align: justify;\">Les g\u00e9rants non salari\u00e9s sont \u00e0 la t\u00eate d&rsquo;une entreprise \u00e0 responsabilit\u00e9 limit\u00e9e comme l&rsquo;EURL (entreprise unipersonnelle \u00e0 responsabilit\u00e9 limit\u00e9e). Ils peuvent aussi \u00eatre \u00e0 la t\u00eate d&rsquo;une SARL (soci\u00e9t\u00e9 commerciale \u00e0 responsabilit\u00e9 limit\u00e9e).<\/p>\n<p>Dans les deux cas ils le sont en tant que g\u00e9rants majoritaires.<\/p>\n<p>Les g\u00e9rants assimil\u00e9s salari\u00e9s sont \u00e0 la t\u00eate d&rsquo;entreprises comme les SAS. Ils peuvent aussi diriger des SASU ou ses SARL. Dans tout ces cas, ils ont le statut de g\u00e9rants \u00e9galitaires ou minoritaires.<\/p>\n<p>Chacun de ces dirigeants d&rsquo;entreprise est affili\u00e9 \u00e0 un r\u00e9gime social particulier : celui du RSI (r\u00e9gime social des ind\u00e9pendants) pour le g\u00e9rant non salari\u00e9. Le g\u00e9rant salari\u00e9 est lui, affili\u00e9 au r\u00e9gime g\u00e9n\u00e9ral.<\/p>\n<h1>Quelle prime d&rsquo;activit\u00e9 pour un g\u00e9rant non salari\u00e9 ?<\/h1>\n<p>En tant que g\u00e9rant non salari\u00e9 d&rsquo;une entreprise, vous pourrez sans doute b\u00e9n\u00e9ficier de la prime d&rsquo;activit\u00e9. Il vous faudra simplement remplir toutes les conditions g\u00e9n\u00e9rales \u00e9nonc\u00e9es ci-dessus.<\/p>\n<p>Elle vous assurera donc un niveau de vie convenable, et ce, m\u00eame si vous \u00eates en pleine cr\u00e9ation d&rsquo; entreprise.<\/p>\n<p>Toutefois, des conditions sp\u00e9cifiques s&rsquo;appliquent pour les dirigeants d&rsquo;entreprise.<\/p>\n<h2>Des conditions d&rsquo;attribution sp\u00e9cifiques pour les ind\u00e9pendants<\/h2>\n<p>Les chefs d&rsquo;entreprises affili\u00e9s au r\u00e9gime\u00a0social des travailleurs ind\u00e9pendants, sont soumis \u00e0 des conditions de revenus particuli\u00e8res. Ces conditions sont applicables aux g\u00e9rants majoritaires de SARL mais aussi aux g\u00e9rants d&rsquo;EURL ou encore aux auto entrepreneurs, etc.<\/p>\n<p>Si vous occupez l&rsquo;un de ces postes, vous pourrez b\u00e9n\u00e9ficier de la prime. Le dernier chiffre d&rsquo;affaires annuel r\u00e9alis\u00e9 par votre entreprise devra \u00eatre inf\u00e9rieur au seuil pr\u00e9vu pour le r\u00e9gime micro entreprise :<\/p>\n<ul>\n<li><strong>188.700 euros<\/strong>\u00a0pour les activit\u00e9s de vente d\u2019objets, de marchandises, de fournitures de logement ou non et de denr\u00e9es \u00e0 emporter ou \u00e0 consommer sur place<\/li>\n<li><b><span class=\"amp-wp-b9d98c2\" data-amp-original-style=\"font-size: medium;\">77.700<\/span><span class=\"amp-wp-b9d98c2\" data-amp-original-style=\"font-size: medium;\">\u00a0<\/span>euros<\/b> pour les autres activit\u00e9s tertiaires relevant des b\u00e9n\u00e9fices industriels et commerciaux (BIC) et pour les professions lib\u00e9rales d\u00e9gageant des b\u00e9n\u00e9fices non commerciaux (BNC).<\/li>\n<\/ul>\n<p>Pour d\u00e9terminer vos revenus, vous ne devez tenir compte que de vos :<\/p>\n<ul>\n<li>revenus nets d\u2019activit\u00e9 professionnelle,<\/li>\n<li>revenus de remplacement,<\/li>\n<li>prestations et les aides sociales,<\/li>\n<li>autres revenus imposables, notamment les \u00e9ventuels revenus de capitaux mobiliers du chef d\u2019entreprise (dividendes, int\u00e9r\u00eats en compte courant d\u2019associ\u00e9\u2026).<\/li>\n<\/ul>\n<h2>Le cas des g\u00e9rants salari\u00e9s<\/h2>\n<p>Le cas des chefs d\u2019entreprises\u00a0affili\u00e9s au r\u00e9gime g\u00e9n\u00e9ral de la s\u00e9curit\u00e9 sociale est victime d&rsquo;un flou juridique. En effet, seules les situations concernant les ind\u00e9pendants sont r\u00e9gl\u00e9es par les textes de loi.<\/p>\n<p>Ainsi les g\u00e9rants minoritaires ou \u00e9galitaires de SARL, les pr\u00e9sidents de SAS ou de SASU se trouvent dans cette situation de vide juridique.\u00a0Leur \u00e9ligibilit\u00e9 est donc d\u00e9termin\u00e9e au cas par cas.<\/p>\n<p>Si vous \u00eates dans cette situation, n&rsquo;h\u00e9sitez pas \u00e0 simuler vos droits \u00e0 la prime d&rsquo;activit\u00e9. Vous saurez ainsi si votre situation personnelle ouvre droit \u00e0 la prime.<\/p>\n<h1>Prime d&rsquo;activit\u00e9 g\u00e9rant non salari\u00e9 : comment en faire la demande en 2026 ?<\/h1>\n<p>Comme pour tout autre travailleur aux revenus modestes, une <b>demande en ligne<\/b> est possible. Il vous suffira de votre sur le site de la Caf ou de la MSA, suivant votre profil. Vous pouvez aussi passer par l&rsquo;application de la Caf ou de la MSA.<\/p>\n<p>Lors de votre inscription vous devrez donc <b>renseigner vos revenus<\/b> ainsi que ceux de<b> l&rsquo;ensemble des membres de votre foyer<\/b>.\u00a0Il conviendra de r\u00e9p\u00e9ter cette op\u00e9ration tous les trois mois, lors de votre <b>d\u00e9claration trimestrielle<\/b> de revenus (DTR), pour le renouvellement de vos droits.<\/p>\n<p data-start=\"0\" data-end=\"164\">Depuis le 1\u1d49\u02b3 mars 2025, la d\u00e9claration trimestrielle de l<strong>a prime d\u2019activit\u00e9 devient pr\u00e9-remplie<\/strong>, ce qui simplifie le processus. La CAF reprend automatiquement certaines informations \u00e0 partir des revenus d\u00e9clar\u00e9s auparavant, r\u00e9duisant ainsi les erreurs et acc\u00e9l\u00e9rant le traitement de votre demande. Toutefois, il reste important de v\u00e9rifier et de valider les informations pour \u00e9viter toute erreur qui pourrait affecter le montant de l\u2019aide.<\/p>\n<p data-start=\"0\" data-end=\"164\">Depuis mars 2025, la p\u00e9riode \u00e0 d\u00e9clarer correspond aux tr<strong>ois mois pr\u00e9c\u00e9dant la demande : par exemple, en mars, vous devez d\u00e9clarer vos revenus des mois de novembre, d\u00e9cembre et janvier (et non plus d\u00e9cembre, janvier, f\u00e9vrier)<\/strong>. Cette nouvelle organisation facilite la gestion de votre dossier et rend la d\u00e9claration plus pr\u00e9cise.<\/p>\n<p>En effet, le montant de votre prime d\u2019activit\u00e9 est calcul\u00e9 pour une p\u00e9riode de 3 mois. Ce calcul est fait en fonction de vos revenus du trimestre pr\u00e9c\u00e9dent.<\/p>\n<p>Lors de cette DTR, vous devrez donc d\u00e9clarez votre dernier chiffre d&rsquo;affaires trimestriel. Votre expert comptable pourra vous fournir ce chiffre.<\/p>\n<p>Le calcul de la prime prend en compte de param\u00e8tres multiples. Votre situation familiale ou patrimoniale est notamment prise en compte. De ce fait, son montant n&rsquo;est pas fixe. Il peut varier d&rsquo;un b\u00e9n\u00e9ficiaire \u00e0 un autre et d&rsquo;un trimestre \u00e0 l&rsquo;autre pour un m\u00eame b\u00e9n\u00e9ficiaire.<\/p>\n<p>La prime est vers\u00e9e mensuellement, vous la recevrez donc, tous les 5 du mois.<\/p>\n<h2>En cas de changement de situation<\/h2>\n<p align=\"justify\"><span style=\"font-size: medium;\">Toutefois, vous devez savoir que tout changement de situation (changement du statut social, etc.) devra \u00eatre signal\u00e9 imm\u00e9diatement aux services comp\u00e9tents.<\/span><\/p>\n<p align=\"justify\">Par exemple, si vous vous mariez ou au contraire si vous vous s\u00e9parez. Vous devrez signaler ce changement de situation \u00e0 la Caf.<\/p>\n<p align=\"justify\"><span style=\"font-size: medium;\">Cette mise \u00e0 jour ne viendra pas modifier les droits dont vous b\u00e9n\u00e9ficiez d\u00e9j\u00e0. Elle viendra apporter des modifications au versement de votre prime (si la situation l\u2019impose) lors du recalcul de vos droits.<\/span><\/p>\n<p><strong>\u00c0 noter :<\/strong> le versement de la prime d&rsquo;activit\u00e9 n&rsquo;est pas r\u00e9troactif.<br \/>\nIl s\u2019agit d\u2019un revenu non imposable \u00e0 l\u2019imp\u00f4t sur le revenu. Elle est aussi exon\u00e9r\u00e9e de CSG et de CRDS.<\/p>\n<div class='cta-block'><div class='text'>Simulez votre prime d&rsquo;activit\u00e9 en 2 min. <\/div><a href='https:\/\/www.mes-allocs.fr\/ab-app?origin=guides\/wp-json\/wp\/v2\/posts\/20103' class='app-button fit'>Simulation gratuite<\/a><\/div>\n","protected":false},"excerpt":{"rendered":"<p>[Mis \u00e0 jour le 02\/04\/2026] La prime d&rsquo;activit\u00e9 est une aide sociale destin\u00e9e aux travailleurs qui ont des revenus modestes. Cette aide leur assure ainsi un niveau de vie convenable. En tant que g\u00e9rant non salari\u00e9 pouvez-vous b\u00e9n\u00e9ficier de cette aide en 2026 ? L&rsquo;\u00e9quipe de Mes-Allocs.fr vous en dit plus. La prime d&rsquo;activit\u00e9 : [&hellip;]<\/p>\n","protected":false},"author":7,"featured_media":20111,"comment_status":"open","ping_status":"open","sticky":false,"template":"","format":"standard","meta":{"amp_status":"","footnotes":""},"categories":[20,3130],"tags":[],"class_list":["post-20103","post","type-post","status-publish","format-standard","has-post-thumbnail","hentry","category-prime-d-activite","category-prime-activite-conditions"],"yoast_head":"<!-- This site is optimized with the Yoast SEO plugin v14.9 - https:\/\/yoast.com\/wordpress\/plugins\/seo\/ -->\n<title>Prime d&#039;activit\u00e9 pour un g\u00e9rant non salari\u00e9 : conditions et montant en 2026<\/title>\n<meta name=\"description\" content=\"Un g\u00e9rant non salari\u00e9 peut avoir la prime d&#039;activit\u00e9. D\u00e9couvrez via notre simulation si vous pouvez l&#039;obtenir en 2026.\" \/>\n<meta name=\"robots\" content=\"index, follow, max-snippet:-1, max-image-preview:large, max-video-preview:-1\" \/>\n<link rel=\"canonical\" href=\"https:\/\/www.mes-allocs.fr\/guides\/prime-d-activite\/prime-activite-conditions\/prime-activite-gerant-non-salarie\/\" \/>\n<meta property=\"og:locale\" content=\"fr_FR\" \/>\n<meta property=\"og:type\" content=\"article\" \/>\n<meta property=\"og:title\" content=\"Prime d&#039;activit\u00e9 pour un g\u00e9rant non salari\u00e9 : conditions et montant en 2026\" \/>\n<meta property=\"og:description\" content=\"Un g\u00e9rant non salari\u00e9 peut avoir la prime d&#039;activit\u00e9. D\u00e9couvrez via notre simulation si vous pouvez l&#039;obtenir en 2026.\" \/>\n<meta property=\"og:url\" content=\"https:\/\/www.mes-allocs.fr\/guides\/prime-d-activite\/prime-activite-conditions\/prime-activite-gerant-non-salarie\/\" \/>\n<meta property=\"og:site_name\" content=\"Mes-Allocs.fr\" \/>\n<meta property=\"article:published_time\" content=\"2021-03-04T22:45:10+00:00\" \/>\n<meta property=\"article:modified_time\" content=\"2026-04-02T13:18:34+00:00\" \/>\n<meta property=\"og:image\" content=\"https:\/\/www.mes-allocs.fr\/guides\/wp-content\/uploads\/2021\/02\/write-593333_1920-2-e1684857505219.jpg?wsr\" \/>\n\t<meta property=\"og:image:width\" content=\"1920\" \/>\n\t<meta property=\"og:image:height\" content=\"340\" \/>\n<meta name=\"twitter:card\" content=\"summary_large_image\" \/>\n<script type=\"application\/ld+json\" class=\"yoast-schema-graph\">{\"@context\":\"https:\/\/schema.org\",\"@graph\":[{\"@type\":\"WebSite\",\"@id\":\"https:\/\/www.mes-allocs.fr\/guides\/#website\",\"url\":\"https:\/\/www.mes-allocs.fr\/guides\/\",\"name\":\"Mes-Allocs.fr\",\"description\":\"\",\"potentialAction\":[{\"@type\":\"SearchAction\",\"target\":\"https:\/\/www.mes-allocs.fr\/guides\/?s={search_term_string}\",\"query-input\":\"required name=search_term_string\"}],\"inLanguage\":\"fr-FR\"},{\"@type\":\"ImageObject\",\"@id\":\"https:\/\/www.mes-allocs.fr\/guides\/prime-d-activite\/prime-activite-conditions\/prime-activite-gerant-non-salarie\/#primaryimage\",\"inLanguage\":\"fr-FR\",\"url\":\"https:\/\/www.mes-allocs.fr\/guides\/wp-content\/uploads\/2021\/02\/write-593333_1920-2-e1684857505219.jpg?wsr\",\"width\":1920,\"height\":340,\"caption\":\"write 593333 1920 2 e1613619330535\"},{\"@type\":\"WebPage\",\"@id\":\"https:\/\/www.mes-allocs.fr\/guides\/prime-d-activite\/prime-activite-conditions\/prime-activite-gerant-non-salarie\/#webpage\",\"url\":\"https:\/\/www.mes-allocs.fr\/guides\/prime-d-activite\/prime-activite-conditions\/prime-activite-gerant-non-salarie\/\",\"name\":\"Prime d'activit\\u00e9 pour un g\\u00e9rant non salari\\u00e9 : conditions et montant en 2026\",\"isPartOf\":{\"@id\":\"https:\/\/www.mes-allocs.fr\/guides\/#website\"},\"primaryImageOfPage\":{\"@id\":\"https:\/\/www.mes-allocs.fr\/guides\/prime-d-activite\/prime-activite-conditions\/prime-activite-gerant-non-salarie\/#primaryimage\"},\"datePublished\":\"2021-03-04T22:45:10+00:00\",\"dateModified\":\"2026-04-02T13:18:34+00:00\",\"author\":{\"@id\":\"https:\/\/www.mes-allocs.fr\/guides\/#\/schema\/person\/1c4837d5703727cb02ce84583b5a44aa\"},\"description\":\"Un g\\u00e9rant non salari\\u00e9 peut avoir la prime d'activit\\u00e9. D\\u00e9couvrez via notre simulation si vous pouvez l'obtenir en 2026.\",\"inLanguage\":\"fr-FR\"},{\"@type\":\"Person\",\"@id\":\"https:\/\/www.mes-allocs.fr\/guides\/#\/schema\/person\/1c4837d5703727cb02ce84583b5a44aa\",\"name\":\"Fabiola\",\"image\":{\"@type\":\"ImageObject\",\"@id\":\"https:\/\/www.mes-allocs.fr\/guides\/#personlogo\",\"inLanguage\":\"fr-FR\",\"url\":\"https:\/\/www.mes-allocs.fr\/guides\/wp-content\/uploads\/2021\/06\/fabiola-150x150.png\",\"caption\":\"Fabiola\"},\"description\":\"Fabiola est r\\u00e9dactrice au sein de l'\\u00e9quipe Mes Allocs, sp\\u00e9cialis\\u00e9e en sciences politiques et affaires publiques. Dipl\\u00f4m\\u00e9e de l'HEIP, elle rejoint Mes Allocs apr\\u00e8s une premi\\u00e8re exp\\u00e9rience \\u00e0 l'Assembl\\u00e9e Nationale.\",\"sameAs\":[\"https:\/\/www.linkedin.com\/in\/cecilia-philippe-b-8a8085195\"]}]}<\/script>\n<!-- \/ Yoast SEO plugin. -->","amp_validity":null,"acf":{"faq":{"1":{"question":"Quelle aide pour les g\u00e9rants non salari\u00e9 ?","answer":"Les g\u00e9rants non salari\u00e9s peuvent b\u00e9n\u00e9ficier, sous conditions de ressources, du RSA mais aussi de la prime d'activit\u00e9."},"2":{"question":"C'est quoi une activit\u00e9 non salari\u00e9e ?","answer":"Par d\u00e9finition, une activit\u00e9 non salari\u00e9e est une activit\u00e9 professionnelle r\u00e9mun\u00e9r\u00e9e mais pour laquelle vous n'avez pas le statut de salari\u00e9. Cette activit\u00e9 ne vous rapporte donc pas de salaire proprement parl\u00e9."},"3":{"question":"C'est quoi une activit\u00e9 salari\u00e9e ?","answer":"Au contraire de l'activit\u00e9 non salari\u00e9e, est une activit\u00e9 professionnelle r\u00e9mun\u00e9r\u00e9e pour laquelle vous avez le statut de salari\u00e9. Cette activit\u00e9 vous rapporte donc un salaire."},"4":{"question":"Comment d\u00e9clarer ses ressources trimestrielles ?","answer":"Pour effectuer votre DTR ou d\u00e9claration trimestrielle (qui est d\u00e9sormais pr\u00e9-remplie) de revenus, vous devez vous rendre sur le site de la Caf. "},"5":{"question":"","answer":""},"6":{"question":"","answer":""},"7":{"question":"","answer":""},"8":{"question":"","answer":""},"9":{"question":"","answer":""},"10":{"question":"","answer":""},"11":{"question":"","answer":""},"12":{"question":"","answer":""},"13":{"question":"","answer":""},"14":{"question":"","answer":""},"15":{"question":"","answer":""},"16":{"question":"","answer":""}}},"_links":{"self":[{"href":"https:\/\/www.mes-allocs.fr\/guides\/wp-json\/wp\/v2\/posts\/20103","targetHints":{"allow":["GET"]}}],"collection":[{"href":"https:\/\/www.mes-allocs.fr\/guides\/wp-json\/wp\/v2\/posts"}],"about":[{"href":"https:\/\/www.mes-allocs.fr\/guides\/wp-json\/wp\/v2\/types\/post"}],"author":[{"embeddable":true,"href":"https:\/\/www.mes-allocs.fr\/guides\/wp-json\/wp\/v2\/users\/7"}],"replies":[{"embeddable":true,"href":"https:\/\/www.mes-allocs.fr\/guides\/wp-json\/wp\/v2\/comments?post=20103"}],"version-history":[{"count":47,"href":"https:\/\/www.mes-allocs.fr\/guides\/wp-json\/wp\/v2\/posts\/20103\/revisions"}],"predecessor-version":[{"id":111375,"href":"https:\/\/www.mes-allocs.fr\/guides\/wp-json\/wp\/v2\/posts\/20103\/revisions\/111375"}],"wp:featuredmedia":[{"embeddable":true,"href":"https:\/\/www.mes-allocs.fr\/guides\/wp-json\/wp\/v2\/media\/20111"}],"wp:attachment":[{"href":"https:\/\/www.mes-allocs.fr\/guides\/wp-json\/wp\/v2\/media?parent=20103"}],"wp:term":[{"taxonomy":"category","embeddable":true,"href":"https:\/\/www.mes-allocs.fr\/guides\/wp-json\/wp\/v2\/categories?post=20103"},{"taxonomy":"post_tag","embeddable":true,"href":"https:\/\/www.mes-allocs.fr\/guides\/wp-json\/wp\/v2\/tags?post=20103"}],"curies":[{"name":"wp","href":"https:\/\/api.w.org\/{rel}","templated":true}]}}