{"id":20085,"date":"2021-03-03T16:59:50","date_gmt":"2021-03-03T16:59:50","guid":{"rendered":"https:\/\/www.mes-allocs.fr\/guides\/?p=20085"},"modified":"2026-04-02T14:19:59","modified_gmt":"2026-04-02T13:19:59","slug":"prime-activite-sarl","status":"publish","type":"post","link":"https:\/\/www.mes-allocs.fr\/guides\/prime-d-activite\/prime-activite-conditions\/prime-activite-sarl\/","title":{"rendered":"Prime d&rsquo;activit\u00e9 dirigeant(e) de SARL : conditions, montant, d\u00e9marches en 2026"},"content":{"rendered":"<p><img loading=\"lazy\" decoding=\"async\" class=\"alignnone wp-image-20087 size-full\" src=\"https:\/\/www.mes-allocs.fr\/guides\/wp-content\/uploads\/2021\/02\/pexels-startup-stock-photos-7070-2-e1684859116987.jpg\" alt=\"Prime d'activit\u00e9 SARL\" width=\"1920\" height=\"254\" srcset=\"https:\/\/www.mes-allocs.fr\/guides\/wp-content\/uploads\/2021\/02\/pexels-startup-stock-photos-7070-2-e1684859116987.jpg 1920w, https:\/\/www.mes-allocs.fr\/guides\/wp-content\/uploads\/2021\/02\/pexels-startup-stock-photos-7070-2-e1684859116987-300x40.jpg 300w, https:\/\/www.mes-allocs.fr\/guides\/wp-content\/uploads\/2021\/02\/pexels-startup-stock-photos-7070-2-e1684859116987-1024x135.jpg 1024w, https:\/\/www.mes-allocs.fr\/guides\/wp-content\/uploads\/2021\/02\/pexels-startup-stock-photos-7070-2-e1684859116987-768x102.jpg 768w, https:\/\/www.mes-allocs.fr\/guides\/wp-content\/uploads\/2021\/02\/pexels-startup-stock-photos-7070-2-e1684859116987-1536x203.jpg 1536w, https:\/\/www.mes-allocs.fr\/guides\/wp-content\/uploads\/2021\/02\/pexels-startup-stock-photos-7070-2-e1684859116987-600x79.jpg 600w\" sizes=\"auto, (max-width: 1920px) 100vw, 1920px\" \/><\/p>\n<p style=\"text-align: justify;\"><span style=\"font-weight: 400;\">[Mis \u00e0 jour le 02\/04\/2026]<\/span> La <a href=\"https:\/\/www.mes-allocs.fr\/guides\/prime-d-activite\" target=\"_blank\" rel=\"noopener noreferrer\">prime d&rsquo;activit\u00e9<\/a> est une aide sociale favorisant l&rsquo;acc\u00e8s \u00e0 l&#8217;emploi. Elle compl\u00e8te les revenus des travailleurs aux ressources modestes. En tant que dirigeant d&rsquo;une SARL pouvez-vous b\u00e9n\u00e9ficier de cette aide en 2026 ? L&rsquo;\u00e9quipe de Mes-Allocs.fr vous en dit plus sur votre statut.<\/p>\n<div class='cta-block'><div class='text'>Simulez votre prime d&rsquo;activit\u00e9 en 2 min. <\/div><a href='https:\/\/www.mes-allocs.fr\/ab-app?origin=guides\/wp-json\/wp\/v2\/posts\/20085' class='app-button fit'>Simulation gratuite<\/a><\/div>\n<h1>La prime d&rsquo;activit\u00e9 : qu&rsquo;est-ce que c&rsquo;est ?<\/h1>\n<p align=\"justify\"><span style=\"font-size: medium;\">La prime d\u2019activit\u00e9, mise en place depuis le 1<sup>er<\/sup> janvier 2016, elle<\/span><span style=\"font-size: medium;\"> remplace le RSA activit\u00e9. Elle remplace aussi le montant de<\/span><span style=\"font-size: medium;\">\u00a0la prime pour l\u2019emploi (PPE) vers\u00e9 \u00e0 quelques foyers fran\u00e7ais.<\/span><\/p>\n<p align=\"justify\"><span style=\"font-size: medium;\">Elle vient d\u00e9sormais compl\u00e9ter les revenus issus de votre activit\u00e9 professionnelle, et ce m\u00eame si vous n\u2019\u00e9tiez pas\u00a0concern\u00e9 par\u00a0le RSA activit\u00e9 et par la prime pour l\u2019emploi.<\/span><\/p>\n<p align=\"justify\"><span style=\"font-size: medium;\">La Caisse d\u2019Allocations Familiales (CAF) et la Mutualit\u00e9 sociale agricole (MSA), pour les travailleurs agricoles, se chargent de verser cette aide.<\/span><\/p>\n<p><iframe loading=\"lazy\" title=\"La prime d&#039;activit\u00e9\" width=\"500\" height=\"281\" src=\"https:\/\/www.youtube.com\/embed\/uavbovK5ZXc?feature=oembed\" frameborder=\"0\" allow=\"accelerometer; autoplay; clipboard-write; encrypted-media; gyroscope; picture-in-picture; web-share\" referrerpolicy=\"strict-origin-when-cross-origin\" allowfullscreen><\/iframe><\/p>\n<p>&nbsp;<\/p>\n<h2><span style=\"font-size: 18pt;\">Quelles sont les conditions d&rsquo;attribution de cette aide ?<\/span><\/h2>\n<p align=\"justify\"><span style=\"font-size: medium;\">Elle est vers\u00e9e aux personnes justifiant d\u2019une activit\u00e9 professionnelle (activit\u00e9 salari\u00e9e ou non) et remplissant les conditions suivantes\u00a0:<\/span><\/p>\n<ul>\n<li><span style=\"font-size: medium;\">\u00catre \u00e2g\u00e9.e d&rsquo;au moins 18 ans,<\/span><\/li>\n<li><span style=\"font-size: medium;\">R\u00e9sider en France de fa\u00e7on stable, c\u2019est-\u00e0-dire ne pas s\u00e9journer plus de 3 mois par ann\u00e9e civile, hors de France,<\/span><\/li>\n<li><span style=\"font-size: medium;\">\u00catre fran\u00e7ais ou citoyen de l\u2019Espace \u00e9conomique europ\u00e9en <\/span><span style=\"font-size: medium;\">ou \u00eatre suisse,<\/span><\/li>\n<li><span style=\"font-size: medium;\">ou r\u00e9sider de fa\u00e7on r\u00e9guli\u00e8re en France depuis au moins 5 ans,<\/span><\/li>\n<li><span style=\"font-size: medium;\">\u00catre salari\u00e9 ou ind\u00e9pendant,<\/span><\/li>\n<li><span style=\"font-size: medium;\">Percevoir des revenus modestes.<\/span><\/li>\n<\/ul>\n<div class=\"_box-inline_1p6fl_gg_\" aria-pressed=\"true\" aria-describedby=\"88507\" data-ui-name=\"Tooltip.Trigger\">\n<div data-ui-name=\"Tag\"><span style=\"font-size: medium;\">Cette aide qui fait partie des prestations familiales de la Caf, peut aussi vous \u00eatre attribu\u00e9e suite \u00e0 la reprise d&rsquo; une activit\u00e9 professionnelle.<\/span><\/div>\n<\/div>\n<p align=\"justify\">Cependant, l<span style=\"font-size: medium;\">es personnes se trouvant dans l\u2019une des situations \u00e9nonc\u00e9es ci-dessous ne pourront pas b\u00e9n\u00e9ficier du versement de la prime d\u2019activit\u00e9 :<\/span><\/p>\n<ul>\n<li><span style=\"font-size: medium;\">En cong\u00e9 parental, sabbatique, sans solde<\/span><\/li>\n<li><span style=\"font-size: medium;\">Les travailleurs d\u00e9tach\u00e9s exer\u00e7ant de fa\u00e7on temporaire en France<\/span><\/li>\n<li><span style=\"font-size: medium;\">Les \u00e9tudiants ou apprentis percevant mensuellement un revenu inf\u00e9rieur ou \u00e9gal \u00e0 78 % du Smic net (soit inf\u00e9rieur \u00e0 1 117,26 \u20ac).<\/span><\/li>\n<\/ul>\n<h2>Quel est le montant de la prime d&rsquo;activit\u00e9 ?<\/h2>\n<p>En plus des crit\u00e8res li\u00e9s \u00e0 votre situation personnelle, \u00e0 votre r\u00e9sidence, l&rsquo;octroi de la prime est aussi soumis \u00e0 des conditions de revenus.<\/p>\n<p>En effet, les personnes dont les revenus sont inf\u00e9rieurs \u00e0 1,3 fois le SMIC (environ 1 800 euros net par mois \u00e0 temps plein) sont plus susceptibles de b\u00e9n\u00e9ficier de l&rsquo;aide. N\u00e9anmoins, ce plafond maximal de revenus peut varier en fonction de la composition de votre foyer.<\/p>\n<p>G\u00e9n\u00e9ralement, les plafonds suivants sont pris pour exemples dans ces situations pr\u00e9cises :<\/p>\n<ul>\n<li>2000 euros nets \/ mois pour une personne seule,<\/li>\n<li>3450 euros nets \/ mois pour une personne seule avec un enfant \u00e0 charge.<\/li>\n<\/ul>\n<p align=\"justify\"><span style=\"font-size: medium;\">Le calcul du montant de la prime d\u2019activit\u00e9 d\u00e9pend de la composition et des ressources du foyer du demandeur. En effet, l&rsquo;ensemble des revenus des membres de votre foyer (<a href=\"https:\/\/www.mes-allocs.fr\/guides\/aide-logement\" target=\"_blank\" rel=\"noopener noreferrer\">aides au logement<\/a>, allocation ch\u00f4mage, etc) compte pour le calcul de vos droits.<\/span><\/p>\n<p align=\"justify\"><span style=\"font-size: medium;\">La formule de calcul de la prime est la suivante :<\/span><\/p>\n<p align=\"justify\"><strong><span style=\"font-size: medium;\">Prime d\u2019activit\u00e9 = (montant forfaitaire* + 59,85 % des revenus professionnels + bonifications individuelles) \u2013 les ressources prises en compte du foyer<\/span><\/strong><\/p>\n<p align=\"justify\"><span style=\"font-size: medium;\">* le montant forfaitaire est de<b> <strong>638,28\u20ac<\/strong> <\/b>pour une personne vivant seule et sans enfant \u00e0 charge. Il est major\u00e9 en fonction de la composition du foyer.<\/span><\/p>\n<p align=\"justify\"><em>Exemple : une personne seule sans enfant per\u00e7oit un salaire de 1400\u20ac et des APL. Sa prime d\u2019activit\u00e9 sera calcul\u00e9e ainsi : <strong>638,28\u20ac<\/strong> (montant forfaitaire) + 854 (<strong><span style=\"font-size: medium;\">59,85 %<\/span><\/strong> des revenus) + 184,27 (bonification individuelle) \u2013 77,58 (forfait logement) \u2013 1400 (ressources du foyers) = <b>193,9<\/b>\u00a0\u20ac<\/em>.<\/p>\n<p align=\"justify\"><strong><span style=\"font-size: medium;\">\u00c0 noter\u00a0:\u00a0<\/span><\/strong><span style=\"font-size: medium;\">La prime d\u2019activit\u00e9 n\u2019est vers\u00e9e que si le r\u00e9sultat obtenu lors du calcul est sup\u00e9rieur \u00e0 15 \u20ac.<\/span><\/p>\n<p>Il est donc pr\u00e9f\u00e9rable de <a href=\"https:\/\/www.mes-allocs.fr\/guides\/prime-d-activite\/simulation-prime-d-activite\/\">simuler<\/a> vos droits \u00e0 la Prime d&rsquo;activit\u00e9. Si vous y \u00eates \u00e9ligible, <a href=\"https:\/\/www.mes-allocs.fr\/souscription\">l&rsquo;\u00e9quipe de Mes-Allocs.fr vous accompagnera dans vos d\u00e9marches.\u00a0<\/a><\/p>\n<p>&nbsp;<\/p>\n<div class='cta-block'><div class='text'>Simulez votre prime d&rsquo;activit\u00e9 en 2 min. <\/div><a href='https:\/\/www.mes-allocs.fr\/ab-app?origin=guides\/wp-json\/wp\/v2\/posts\/20085' class='app-button fit'>Simulation gratuite<\/a><\/div>\n<p>&nbsp;<\/p>\n<h1>Quelle prime d&rsquo;activit\u00e9 pour le g\u00e9rant d&rsquo;une SARL en 2026 ?<\/h1>\n<p>Si vous \u00eates chef d&rsquo;entreprise et que vous remplissez toutes les conditions g\u00e9n\u00e9rales \u00e9nonc\u00e9es ci-dessus, vous pourrez sans doute b\u00e9n\u00e9ficier de la prime d&rsquo;activit\u00e9.<\/p>\n<p>Elle vous assurera donc un niveau de vie convenable, et ce, m\u00eame si vous \u00eates en pleine cr\u00e9ation d&rsquo; entreprise.<\/p>\n<p>Toutefois, des conditions sp\u00e9cifiques s&rsquo;appliquent pour les dirigeants d&rsquo;entreprise.<\/p>\n<h2>Les conditions d&rsquo;attribution pour les affili\u00e9s du r\u00e9gime social des ind\u00e9pendants<\/h2>\n<p>Les chefs d&rsquo;entreprises affili\u00e9s au r\u00e9gime\u00a0social des travailleurs ind\u00e9pendants, sont soumis \u00e0 des <b>conditions de revenus <\/b>particuli\u00e8res. Ces conditions sont applicables aux g\u00e9rants majoritaires de SARL (soci\u00e9t\u00e9 commerciale \u00e0 responsabilit\u00e9 limit\u00e9e) mais aussi aux g\u00e9rants d&rsquo;EURL (entreprise unipersonnelle \u00e0 responsabilit\u00e9 limit\u00e9e) ou encore aux auto-entrepreneurs, etc.<\/p>\n<p style=\"font-weight: 400;\">Pour les travailleurs non-salari\u00e9s, ce sont les b\u00e9n\u00e9fices industriels et commerciaux (BIC) ou non commerciaux (BNC) de la derni\u00e8re ann\u00e9e fiscale connue qui sont \u00e9tudi\u00e9s.<\/p>\n<p style=\"font-weight: 400;\">Dans certain cas, il est possible de demander que l&rsquo;\u00e9valuation des droits s&rsquo;effectue non pas selon les BIC ou les BNC, mais selon la\u00a0base du\u00a0<strong>montant trimestriel du chiffre d\u2019affaires<\/strong>. Pour b\u00e9n\u00e9ficier de cette d\u00e9rogation, le travailleur ind\u00e9pendant doit r\u00e9pondre \u00e0 deux conditions cumulatives :<\/p>\n<ul style=\"font-weight: 400;\">\n<li>les\u00a0revenus d&rsquo;activit\u00e9 d\u00e9clar\u00e9s aux services fiscaux (chiffre d\u2019affaires) doivent \u00eatre inf\u00e9rieurs aux plafonds indiqu\u00e9s ;<\/li>\n<li>le montant des recettes ou du chiffre d\u2019affaire d\u00e9clar\u00e9 dans la d\u00e9claration trimestrielle de ressources (DTR) est inf\u00e9rieur ou \u00e9gal aux plafonds.<\/li>\n<\/ul>\n<p data-start=\"0\" data-end=\"164\">Depuis le 1\u1d49\u02b3 mars 2025, la d\u00e9claration trimestrielle de l<strong>a prime d\u2019activit\u00e9 devient pr\u00e9-remplie<\/strong>, ce qui simplifie le processus. La CAF reprend automatiquement certaines informations \u00e0 partir des revenus d\u00e9clar\u00e9s auparavant, r\u00e9duisant ainsi les erreurs et acc\u00e9l\u00e9rant le traitement de votre demande. Toutefois, il reste important de v\u00e9rifier et de valider les informations pour \u00e9viter toute erreur qui pourrait affecter le montant de l\u2019aide.<\/p>\n<p data-start=\"0\" data-end=\"164\">Depuis mars 2025, la p\u00e9riode \u00e0 d\u00e9clarer correspond aux tr<strong>ois mois pr\u00e9c\u00e9dant la demande : par exemple, en mars, vous devez d\u00e9clarer vos revenus des mois de novembre, d\u00e9cembre et janvier (et non plus d\u00e9cembre, janvier, f\u00e9vrier)<\/strong>. Cette nouvelle organisation facilite la gestion de votre dossier et rend la d\u00e9claration plus pr\u00e9cise.<\/p>\n<p style=\"font-weight: 400;\">\n<div class=\"wpdt-c row wpDataTableContainerSimpleTable wpDataTables wpDataTablesWrapper\n\"\n    >\n    <table id=\"wpdtSimpleTable-243\"\n           class=\"wpdtSimpleTable wpDataTable\"\n           data-column=\"3\"\n           data-rows=\"4\"\n           data-wpID=\"243\"\n           data-responsive=\"0\"\n           data-has-header=\"1\">\n\n                    <thead>        <tr class=\"wpdt-cell-row \" >\n                            <th class=\"wpdt-cell wpdt-bc-F3F9FE wpdt-empty-cell \"\n                                    data-cell-id=\"A1\"\n                data-col-index=\"0\"\n                data-row-index=\"0\"\n                style=\" width:38.162544169611%;                padding:10px;\"\n                >\n                                                <\/th>\n                                            <th class=\"wpdt-cell wpdt-bc-F3F9FE\"\n                                    data-cell-id=\"B1\"\n                data-col-index=\"1\"\n                data-row-index=\"0\"\n                style=\" width:30.035335689046%;                padding:10px;\"\n                >\n                                Plafonds CA 12 derniers mois                <\/th>\n                                            <th class=\"wpdt-cell wpdt-bc-F3F9FE\"\n                                    data-cell-id=\"C1\"\n                data-col-index=\"2\"\n                data-row-index=\"0\"\n                style=\" width:31.802120141343%;                padding:10px;\"\n                >\n                                Plafonds CA d\u00e9clar\u00e9 dans la DTR                <\/th>\n                                        <\/tr>\n                    <tbody>        <tr class=\"wpdt-cell-row \" >\n                            <td class=\"wpdt-cell wpdt-bc-F3F9FE\"\n                                    data-cell-id=\"A2\"\n                data-col-index=\"0\"\n                data-row-index=\"1\"\n                style=\"                padding:10px;\"\n                >\n                                Vente de marchandises                <\/td>\n                                            <td class=\"wpdt-cell wpdt-bc-FFFFFF\"\n                                    data-cell-id=\"B2\"\n                data-col-index=\"1\"\n                data-row-index=\"1\"\n                style=\"                padding:10px;\"\n                >\n                                188 700 \u20ac                <\/td>\n                                            <td class=\"wpdt-cell wpdt-bc-FFFFFF\"\n                                    data-cell-id=\"C2\"\n                data-col-index=\"2\"\n                data-row-index=\"1\"\n                style=\"                padding:10px;\"\n                >\n                                47 175 \u20ac                <\/td>\n                                        <\/tr>\n                            <tr class=\"wpdt-cell-row \" >\n                            <td class=\"wpdt-cell wpdt-bc-F3F9FE\"\n                                    data-cell-id=\"A3\"\n                data-col-index=\"0\"\n                data-row-index=\"2\"\n                style=\"                padding:10px;\"\n                >\n                                Professions lib\u00e9rales                <\/td>\n                                            <td class=\"wpdt-cell wpdt-bc-FFFFFF\"\n                                    data-cell-id=\"B3\"\n                data-col-index=\"1\"\n                data-row-index=\"2\"\n                style=\"                padding:10px;\"\n                >\n                                77 700 \u20ac                <\/td>\n                                            <td class=\"wpdt-cell wpdt-bc-FFFFFF\"\n                                    data-cell-id=\"C3\"\n                data-col-index=\"2\"\n                data-row-index=\"2\"\n                style=\"                padding:10px;\"\n                >\n                                19 425 \u20ac                <\/td>\n                                        <\/tr>\n                            <tr class=\"wpdt-cell-row \" >\n                            <td class=\"wpdt-cell wpdt-bc-F3F9FE\"\n                                    data-cell-id=\"A4\"\n                data-col-index=\"0\"\n                data-row-index=\"3\"\n                style=\"                padding:10px;\"\n                >\n                                Secteur agricole                <\/td>\n                                            <td class=\"wpdt-cell wpdt-bc-FFFFFF\"\n                                    data-cell-id=\"B4\"\n                data-col-index=\"1\"\n                data-row-index=\"3\"\n                style=\"                padding:10px;\"\n                >\n                                85 800 \u20ac                <\/td>\n                                            <td class=\"wpdt-cell wpdt-bc-FFFFFF\"\n                                    data-cell-id=\"C4\"\n                data-col-index=\"2\"\n                data-row-index=\"3\"\n                style=\"                padding:10px;\"\n                >\n                                21 450 \u20ac                <\/td>\n                                        <\/tr>\n                    <\/table>\n<\/div><style id='wpdt-custom-style-243'>\ntable#wpdtSimpleTable-243{ table-layout: fixed !important; }\ntable#wpdtSimpleTable-243 td, table.wpdtSimpleTable243 th { white-space: normal !important; }\n.wpdt-bc-F3F9FE { background-color: #F3F9FE !important;}\n.wpdt-bc-FFFFFF { background-color: #FFFFFF !important;}\n<\/style>\n<\/p>\n<p>Pour d\u00e9terminer vos revenus, vous ne devez tenir compte que de vos :<\/p>\n<ul>\n<li>revenus nets d\u2019activit\u00e9 professionnelle,<\/li>\n<li>revenus de remplacement,<\/li>\n<li>prestations et les aides sociales,<\/li>\n<li>autres revenus imposables, notamment les \u00e9ventuels revenus de capitaux mobiliers du chef d\u2019entreprise (dividendes, int\u00e9r\u00eats en compte courant d\u2019associ\u00e9\u2026).<\/li>\n<\/ul>\n<h2>Les conditions d&rsquo;attribution sp\u00e9cifiques pour les ind\u00e9pendants affili\u00e9s au r\u00e9gime g\u00e9n\u00e9ral<\/h2>\n<p>Le cas des chefs d\u2019entreprises\u00a0affili\u00e9s au r\u00e9gime g\u00e9n\u00e9ral de la s\u00e9curit\u00e9 sociale est victime d&rsquo;un flou juridique. En effet, seules les situations concernant les ind\u00e9pendants sont r\u00e9gl\u00e9es par les textes de loi.<\/p>\n<p>Ainsi les g\u00e9rants minoritaires ou \u00e9galitaires de SARL, les pr\u00e9sidents de SAS ou de SASU se trouvent dans cette situation de vide juridique.\u00a0Leur \u00e9ligibilit\u00e9 est donc d\u00e9termin\u00e9e au cas par cas.<\/p>\n<p>Si vous \u00eates dans cette situation, n&rsquo;h\u00e9sitez pas \u00e0 <a href=\"https:\/\/www.mes-allocs.fr\/ab-app\">simuler vos droits \u00e0 la prime d&rsquo;activit\u00e9<\/a>. Vous saurez ainsi si votre situation personnelle ouvre droit \u00e0 la prime.<\/p>\n<h1>Prime d&rsquo;activit\u00e9 SARL : comment effectuer sa demande en 2026 ?<\/h1>\n<p>Comme pour tout autre travailleur aux revenus modestes, la demande se fait de mani\u00e8re d\u00e9mat\u00e9rialis\u00e9e sur le site de la Caf ou de la MSA, suivant votre profil. Vous pouvez aussi passer par l&rsquo;application de la Caf ou de la MSA.<\/p>\n<p>Lors de votre inscription vous devrez donc renseigner vos revenus ainsi que ceux de l&rsquo;ensemble des membres de votre foyer.\u00a0Il conviendra de r\u00e9p\u00e9ter cette op\u00e9ration tous les trois mois, lors de votre d\u00e9claration trimestrielle de revenus (DTR), pour le renouvellement de vos droits.<\/p>\n<p>En effet, le montant de votre prime d\u2019activit\u00e9 est calcul\u00e9 pour 3 mois fixes en fonction de vos revenus du trimestre pr\u00e9c\u00e9dent. Lors de cette DTR, vous devrez donc d\u00e9clarez votre dernier chiffre d&rsquo;affaires trimestriel.<\/p>\n<p>Le calcul de la prime prend en compte de param\u00e8tres multiples : votre situation familiale ou patrimoniale, etc. De ce fait, son montant n&rsquo;est pas fixe. Il peut varier d&rsquo;un b\u00e9n\u00e9ficiaire \u00e0 un autre et d&rsquo;un trimestre \u00e0 l&rsquo;autre pour un m\u00eame b\u00e9n\u00e9ficiaire.<\/p>\n<p>La prime est vers\u00e9e mensuellement, vous la recevrez donc, tous les 5 du mois.<\/p>\n<h2>En cas de changement de situation<\/h2>\n<p align=\"justify\"><span style=\"font-size: medium;\">Toutefois, vous devez savoir que tout changement de situation (changement du statut social, etc.) devra \u00eatre <b>signal\u00e9 imm\u00e9diatement aux services comp\u00e9tents.<\/b><\/span><\/p>\n<p align=\"justify\">Par exemple, si vous vous mariez ou au contraire si vous vous s\u00e9parez. Vous devrez signaler ce changement de situation \u00e0 la Caf.<\/p>\n<p align=\"justify\"><span style=\"font-size: medium;\">Cette mise \u00e0 jour ne viendra pas modifier les droits dont vous b\u00e9n\u00e9ficiez d\u00e9j\u00e0. Elle viendra apporter des modifications au versement de votre prime (si la situation l\u2019impose) lors du recalcul de vos droits.<\/span><\/p>\n<p><strong>\u00c0 noter :<\/strong> le versement de la prime d&rsquo;activit\u00e9 n&rsquo;est pas r\u00e9troactif.<br \/>\nIl s\u2019agit d\u2019un revenu non imposable \u00e0 l\u2019imp\u00f4t sur le revenu. Elle est aussi exon\u00e9r\u00e9e de CSG et de CRDS.<\/p>\n<div class='cta-block'><div class='text'>Simulez votre prime d&rsquo;activit\u00e9 en 2 min. <\/div><a href='https:\/\/www.mes-allocs.fr\/ab-app?origin=guides\/wp-json\/wp\/v2\/posts\/20085' class='app-button fit'>Simulation gratuite<\/a><\/div>\n<p align=\"justify\">\n","protected":false},"excerpt":{"rendered":"<p>[Mis \u00e0 jour le 02\/04\/2026] La prime d&rsquo;activit\u00e9 est une aide sociale favorisant l&rsquo;acc\u00e8s \u00e0 l&#8217;emploi. Elle compl\u00e8te les revenus des travailleurs aux ressources modestes. En tant que dirigeant d&rsquo;une SARL pouvez-vous b\u00e9n\u00e9ficier de cette aide en 2026 ? L&rsquo;\u00e9quipe de Mes-Allocs.fr vous en dit plus sur votre statut. La prime d&rsquo;activit\u00e9 : qu&rsquo;est-ce que [&hellip;]<\/p>\n","protected":false},"author":7,"featured_media":20087,"comment_status":"open","ping_status":"open","sticky":false,"template":"","format":"standard","meta":{"amp_status":"","footnotes":""},"categories":[20,3130],"tags":[],"class_list":["post-20085","post","type-post","status-publish","format-standard","has-post-thumbnail","hentry","category-prime-d-activite","category-prime-activite-conditions"],"yoast_head":"<!-- This site is optimized with the Yoast SEO plugin v14.9 - https:\/\/yoast.com\/wordpress\/plugins\/seo\/ -->\n<title>Prime d&#039;activit\u00e9 dirigeant(e) de SARL : conditions, montant, d\u00e9marches en 2026<\/title>\n<meta name=\"description\" content=\"La prime d&#039;activit\u00e9 pour un(e) dirigeant(e) d&#039;une SARL compl\u00e8te ses revenus. D\u00e9couvrez si vous \u00eates \u00e9ligible en 2026 via notre simulateur.\" \/>\n<meta name=\"robots\" content=\"index, follow, max-snippet:-1, max-image-preview:large, max-video-preview:-1\" \/>\n<link rel=\"canonical\" href=\"https:\/\/www.mes-allocs.fr\/guides\/prime-d-activite\/prime-activite-conditions\/prime-activite-sarl\/\" \/>\n<meta property=\"og:locale\" content=\"fr_FR\" \/>\n<meta property=\"og:type\" content=\"article\" \/>\n<meta property=\"og:title\" content=\"Prime d&#039;activit\u00e9 dirigeant(e) de SARL : conditions, montant, d\u00e9marches en 2026\" \/>\n<meta property=\"og:description\" content=\"La prime d&#039;activit\u00e9 pour un(e) dirigeant(e) d&#039;une SARL compl\u00e8te ses revenus. D\u00e9couvrez si vous \u00eates \u00e9ligible en 2026 via notre simulateur.\" \/>\n<meta property=\"og:url\" content=\"https:\/\/www.mes-allocs.fr\/guides\/prime-d-activite\/prime-activite-conditions\/prime-activite-sarl\/\" \/>\n<meta property=\"og:site_name\" content=\"Mes-Allocs.fr\" \/>\n<meta property=\"article:published_time\" content=\"2021-03-03T16:59:50+00:00\" \/>\n<meta property=\"article:modified_time\" content=\"2026-04-02T13:19:59+00:00\" \/>\n<meta property=\"og:image\" content=\"https:\/\/www.mes-allocs.fr\/guides\/wp-content\/uploads\/2021\/02\/pexels-startup-stock-photos-7070-2-e1684859116987.jpg?wsr\" \/>\n\t<meta property=\"og:image:width\" content=\"1920\" \/>\n\t<meta property=\"og:image:height\" content=\"254\" \/>\n<meta name=\"twitter:card\" content=\"summary_large_image\" \/>\n<script type=\"application\/ld+json\" class=\"yoast-schema-graph\">{\"@context\":\"https:\/\/schema.org\",\"@graph\":[{\"@type\":\"WebSite\",\"@id\":\"https:\/\/www.mes-allocs.fr\/guides\/#website\",\"url\":\"https:\/\/www.mes-allocs.fr\/guides\/\",\"name\":\"Mes-Allocs.fr\",\"description\":\"\",\"potentialAction\":[{\"@type\":\"SearchAction\",\"target\":\"https:\/\/www.mes-allocs.fr\/guides\/?s={search_term_string}\",\"query-input\":\"required name=search_term_string\"}],\"inLanguage\":\"fr-FR\"},{\"@type\":\"ImageObject\",\"@id\":\"https:\/\/www.mes-allocs.fr\/guides\/prime-d-activite\/prime-activite-conditions\/prime-activite-sarl\/#primaryimage\",\"inLanguage\":\"fr-FR\",\"url\":\"https:\/\/www.mes-allocs.fr\/guides\/wp-content\/uploads\/2021\/02\/pexels-startup-stock-photos-7070-2-e1684859116987.jpg?wsr\",\"width\":1920,\"height\":254,\"caption\":\"pexels startup stock photos 7070 2 e1613606326587\"},{\"@type\":\"WebPage\",\"@id\":\"https:\/\/www.mes-allocs.fr\/guides\/prime-d-activite\/prime-activite-conditions\/prime-activite-sarl\/#webpage\",\"url\":\"https:\/\/www.mes-allocs.fr\/guides\/prime-d-activite\/prime-activite-conditions\/prime-activite-sarl\/\",\"name\":\"Prime d'activit\\u00e9 dirigeant(e) de SARL : conditions, montant, d\\u00e9marches en 2026\",\"isPartOf\":{\"@id\":\"https:\/\/www.mes-allocs.fr\/guides\/#website\"},\"primaryImageOfPage\":{\"@id\":\"https:\/\/www.mes-allocs.fr\/guides\/prime-d-activite\/prime-activite-conditions\/prime-activite-sarl\/#primaryimage\"},\"datePublished\":\"2021-03-03T16:59:50+00:00\",\"dateModified\":\"2026-04-02T13:19:59+00:00\",\"author\":{\"@id\":\"https:\/\/www.mes-allocs.fr\/guides\/#\/schema\/person\/1c4837d5703727cb02ce84583b5a44aa\"},\"description\":\"La prime d'activit\\u00e9 pour un(e) dirigeant(e) d'une SARL compl\\u00e8te ses revenus. D\\u00e9couvrez si vous \\u00eates \\u00e9ligible en 2026 via notre simulateur.\",\"inLanguage\":\"fr-FR\"},{\"@type\":\"Person\",\"@id\":\"https:\/\/www.mes-allocs.fr\/guides\/#\/schema\/person\/1c4837d5703727cb02ce84583b5a44aa\",\"name\":\"Fabiola\",\"image\":{\"@type\":\"ImageObject\",\"@id\":\"https:\/\/www.mes-allocs.fr\/guides\/#personlogo\",\"inLanguage\":\"fr-FR\",\"url\":\"https:\/\/www.mes-allocs.fr\/guides\/wp-content\/uploads\/2021\/06\/fabiola-150x150.png\",\"caption\":\"Fabiola\"},\"description\":\"Fabiola est r\\u00e9dactrice au sein de l'\\u00e9quipe Mes Allocs, sp\\u00e9cialis\\u00e9e en sciences politiques et affaires publiques. Dipl\\u00f4m\\u00e9e de l'HEIP, elle rejoint Mes Allocs apr\\u00e8s une premi\\u00e8re exp\\u00e9rience \\u00e0 l'Assembl\\u00e9e Nationale.\",\"sameAs\":[\"https:\/\/www.linkedin.com\/in\/cecilia-philippe-b-8a8085195\"]}]}<\/script>\n<!-- \/ Yoast SEO plugin. -->","amp_validity":null,"acf":{"faq":{"1":{"question":"Quelles conditions pour prime d'activit\u00e9 ?","answer":"Pour b\u00e9n\u00e9ficier de la prime d'activit\u00e9 vous devez remplir des conditions de r\u00e9sidence, de ressources et d'autres conditions relatif \u00e0 votre situation personnelle. Par exemple, vous devez -\u00eatre \u00e2g\u00e9\u2027e au minimum de 18 ans, exercer une activit\u00e9 professionnelle et percevoir des revenus modestes, etc.<br> <a href=\"https:\/\/www.mes-allocs.fr\/guides\/prime-d-activite\/prime-dactivite-statut\/prime-d-activite-sarl\/\">Lire la suite<\/a>"},"2":{"question":"Quels revenus pour avoir droit \u00e0 la prime d'activit\u00e9 ?","answer":"Pour avoir droit \u00e0 la prime d'activit\u00e9, vous devez percevoir des revenus modestes. Le calcul du montant de la prime d\u00e9pend aussi de la composition de votre foyer. Ainsi \u00e0 titre indicatif on donne les seuils de revenus maximaux suivants 1800 euros nets \/ mois pour une personne seule, 2600 euros nets \/ mois pour un m\u00e9nage sans enfant, avec un seul des conjoints qui travaille."},"3":{"question":"Quel montant d\u00e9clarer \u00e0 la CAF pour la prime d'activit\u00e9 ?","answer":"Lors de votre premi\u00e8re d\u00e9claration de revenus \u00e0 la Caf ou lors de votre d\u00e9claration trimestrielle d\u00e9sormais pr\u00e9-remplie. Vous devez d\u00e9clarez l'ensemble des revenus des membres de foyer (y compris vous). Les seuls revenus qui n'entrent pas dans le calcul de la prime sont la prime de naissance, l'allocation d\u2019\u00e9ducation pour enfant handicap\u00e9, etc. <br> <a href=\"https:\/\/www.mes-allocs.fr\/guides\/prime-d-activite\/prime-dactivite-statut\/prime-d-activite-sarl\/\">Lire la suite<\/a>"},"4":{"question":"Quel est le salaire maximum pour toucher la prime d'activit\u00e9 ?","answer":"Pour avoir droit \u00e0 la prime d'activit\u00e9, vous devez percevoir des revenus modestes. Le calcul du montant de la prime d\u00e9pend aussi de la composition de votre foyer. Ainsi \u00e0 titre indicatif on donne les seuils de revenus maximaux suivants : environ 1800 euros nets \/ mois pour une personne seule, 2600 euros nets \/ mois pour un m\u00e9nage sans enfant, avec un seul des conjoints qui travaille."},"5":{"question":"Quel est le plafond pour un couple pour toucher la prime d'activit\u00e9 ?","answer":"\u00c0 titre indicatif le seuil maximum pour percevoir la prime d'activit\u00e9 est d'environ 3000 euros nets \/ mois pour un m\u00e9nage sans enfant, avec deux des conjoints qui travaillent."},"6":{"question":"","answer":""},"7":{"question":"","answer":""},"8":{"question":"","answer":""},"9":{"question":"","answer":""},"10":{"question":"","answer":""},"11":{"question":"","answer":""},"12":{"question":"","answer":""},"13":{"question":"","answer":""},"14":{"question":"","answer":""},"15":{"question":"","answer":""},"16":{"question":"","answer":""}}},"_links":{"self":[{"href":"https:\/\/www.mes-allocs.fr\/guides\/wp-json\/wp\/v2\/posts\/20085","targetHints":{"allow":["GET"]}}],"collection":[{"href":"https:\/\/www.mes-allocs.fr\/guides\/wp-json\/wp\/v2\/posts"}],"about":[{"href":"https:\/\/www.mes-allocs.fr\/guides\/wp-json\/wp\/v2\/types\/post"}],"author":[{"embeddable":true,"href":"https:\/\/www.mes-allocs.fr\/guides\/wp-json\/wp\/v2\/users\/7"}],"replies":[{"embeddable":true,"href":"https:\/\/www.mes-allocs.fr\/guides\/wp-json\/wp\/v2\/comments?post=20085"}],"version-history":[{"count":43,"href":"https:\/\/www.mes-allocs.fr\/guides\/wp-json\/wp\/v2\/posts\/20085\/revisions"}],"predecessor-version":[{"id":111376,"href":"https:\/\/www.mes-allocs.fr\/guides\/wp-json\/wp\/v2\/posts\/20085\/revisions\/111376"}],"wp:featuredmedia":[{"embeddable":true,"href":"https:\/\/www.mes-allocs.fr\/guides\/wp-json\/wp\/v2\/media\/20087"}],"wp:attachment":[{"href":"https:\/\/www.mes-allocs.fr\/guides\/wp-json\/wp\/v2\/media?parent=20085"}],"wp:term":[{"taxonomy":"category","embeddable":true,"href":"https:\/\/www.mes-allocs.fr\/guides\/wp-json\/wp\/v2\/categories?post=20085"},{"taxonomy":"post_tag","embeddable":true,"href":"https:\/\/www.mes-allocs.fr\/guides\/wp-json\/wp\/v2\/tags?post=20085"}],"curies":[{"name":"wp","href":"https:\/\/api.w.org\/{rel}","templated":true}]}}