{"id":19989,"date":"2021-03-04T22:46:12","date_gmt":"2021-03-04T22:46:12","guid":{"rendered":"https:\/\/www.mes-allocs.fr\/guides\/?p=19989"},"modified":"2026-04-02T14:28:53","modified_gmt":"2026-04-02T13:28:53","slug":"prime-activite-vdi","status":"publish","type":"post","link":"https:\/\/www.mes-allocs.fr\/guides\/prime-d-activite\/prime-activite-conditions\/prime-activite-vdi\/","title":{"rendered":"Prime d&rsquo;activit\u00e9 VDI 2026 : conditions, montant, d\u00e9marches"},"content":{"rendered":"<p><img loading=\"lazy\" decoding=\"async\" class=\"alignnone wp-image-20002 size-full\" src=\"https:\/\/www.mes-allocs.fr\/guides\/wp-content\/uploads\/2021\/02\/writing-3934298_1920-2-e1684918259216.jpg\" alt=\"Prime d'activit\u00e9 VDI\" width=\"1920\" height=\"283\" srcset=\"https:\/\/www.mes-allocs.fr\/guides\/wp-content\/uploads\/2021\/02\/writing-3934298_1920-2-e1684918259216.jpg 1920w, https:\/\/www.mes-allocs.fr\/guides\/wp-content\/uploads\/2021\/02\/writing-3934298_1920-2-e1684918259216-300x44.jpg 300w, https:\/\/www.mes-allocs.fr\/guides\/wp-content\/uploads\/2021\/02\/writing-3934298_1920-2-e1684918259216-1024x151.jpg 1024w, https:\/\/www.mes-allocs.fr\/guides\/wp-content\/uploads\/2021\/02\/writing-3934298_1920-2-e1684918259216-768x113.jpg 768w, https:\/\/www.mes-allocs.fr\/guides\/wp-content\/uploads\/2021\/02\/writing-3934298_1920-2-e1684918259216-1536x226.jpg 1536w, https:\/\/www.mes-allocs.fr\/guides\/wp-content\/uploads\/2021\/02\/writing-3934298_1920-2-e1684918259216-600x88.jpg 600w\" sizes=\"auto, (max-width: 1920px) 100vw, 1920px\" \/><\/p>\n<p><span style=\"font-weight: 400;\">[Mis \u00e0 jour le 02\/04\/2026]<\/span> La <a href=\"https:\/\/www.mes-allocs.fr\/guides\/prime-d-activite\">prime d&rsquo;activit\u00e9<\/a> est un compl\u00e9ment de revenus pour les travailleurs aux ressources modestes. En tant que VDI (vendeur \u00e0 domicile ind\u00e9pendant), vous souhaitez savoir si vous pouvez b\u00e9n\u00e9ficier de cette aide en 2026 ? L&rsquo;\u00e9quipe de Mes-Allocs vous en dit plus.<\/p>\n<div class='cta-block'><div class='text'>Simulez votre prime d&rsquo;activit\u00e9 en 2 min. <\/div><a href='https:\/\/www.mes-allocs.fr\/ab-app?origin=guides\/wp-json\/wp\/v2\/posts\/19989' class='app-button fit'>Simulation gratuite<\/a><\/div>\n<hr \/>\n<h1>La prime d&rsquo;activit\u00e9 : qu&rsquo;est-ce que c&rsquo;est ?<\/h1>\n<p align=\"justify\"><span style=\"font-size: medium;\">Mise en place depuis le 1<sup>er<\/sup> janvier 2016, la prime d\u2019activit\u00e9 est remplace la prime pour l\u2019emploi (PPE) et le RSA activit\u00e9. La Caisse d\u2019Allocations Familiales (CAF) et la Mutualit\u00e9 sociale agricole (MSA), pour les travailleurs agricoles, se chargent de verser cette aide en fonction de votre <a href=\"https:\/\/www.mes-allocs.fr\/guides\/prime-d-activite\/prime-d-activite-statut\/\">statut<\/a>.<\/span><\/p>\n<p><iframe loading=\"lazy\" title=\"La prime d&#039;activit\u00e9\" width=\"500\" height=\"281\" src=\"https:\/\/www.youtube.com\/embed\/uavbovK5ZXc?feature=oembed\" frameborder=\"0\" allow=\"accelerometer; autoplay; clipboard-write; encrypted-media; gyroscope; picture-in-picture; web-share\" referrerpolicy=\"strict-origin-when-cross-origin\" allowfullscreen><\/iframe><\/p>\n<h2><span style=\"font-size: 18pt;\">Quelles sont les conditions d&rsquo;attribution de cette aide ?<\/span><\/h2>\n<p align=\"justify\"><span style=\"font-size: medium;\">Elle est vers\u00e9e aux personnes justifiant d\u2019une activit\u00e9 professionnelle (activit\u00e9 salari\u00e9e ou non) et remplissant les conditions suivantes\u00a0:<\/span><\/p>\n<ul>\n<li><span style=\"font-size: medium;\">\u00catre \u00e2g\u00e9.e d&rsquo;au moins 18 ans,<\/span><\/li>\n<li><span style=\"font-size: medium;\">R\u00e9sider en France de fa\u00e7on stable, c\u2019est-\u00e0-dire ne pas s\u00e9journer plus de 3 mois par ann\u00e9e civile, hors de France,<\/span><\/li>\n<li><span style=\"font-size: medium;\">\u00catre fran\u00e7ais ou citoyen de l\u2019Espace \u00e9conomique europ\u00e9en <\/span><span style=\"font-size: medium;\">ou \u00eatre suisse,<\/span><\/li>\n<li><span style=\"font-size: medium;\">ou r\u00e9sider de fa\u00e7on r\u00e9guli\u00e8re en France depuis au moins 5 ans,<\/span><\/li>\n<li><span style=\"font-size: medium;\">\u00catre salari\u00e9 ou ind\u00e9pendant,<\/span><\/li>\n<li><span style=\"font-size: medium;\">Percevoir des revenus modestes.<\/span><\/li>\n<\/ul>\n<div class=\"_box-inline_1p6fl_gg_\" aria-pressed=\"true\" aria-describedby=\"88507\" data-ui-name=\"Tooltip.Trigger\">\n<div data-ui-name=\"Tag\"><span style=\"font-size: medium;\">Cette <a href=\"https:\/\/www.mes-allocs.fr\/guides\/prime-d-activite\/simulation-prime-d-activite\/\">aide<\/a> qui fait partie des prestations familiales de la CAF, peut aussi vous \u00eatre attribu\u00e9e suite \u00e0 la reprise d&rsquo;une activit\u00e9 professionnelle.<\/span><\/div>\n<\/div>\n<p align=\"justify\">Cependant, l<span style=\"font-size: medium;\">es personnes se trouvant dans l\u2019une des situations \u00e9nonc\u00e9es ci-dessous ne pourront pas b\u00e9n\u00e9ficier du versement de la prime d\u2019activit\u00e9 :<\/span><\/p>\n<ul>\n<li><span style=\"font-size: medium;\">En cong\u00e9 parental, sabbatique sans solde<\/span><\/li>\n<li><span style=\"font-size: medium;\">Les travailleurs d\u00e9tach\u00e9s exer\u00e7ant de fa\u00e7on temporaire en France<\/span><\/li>\n<li><span style=\"font-size: medium;\">Les \u00e9tudiants ou apprentis percevant mensuellement un revenu sup\u00e9rieur ou \u00e9gal \u00e0 1 117,26 \u20ac<\/span><\/li>\n<\/ul>\n<div class='cta-block'><div class='text'>Simulez votre prime d&rsquo;activit\u00e9 en 2 min. <\/div><a href='https:\/\/www.mes-allocs.fr\/ab-app?origin=guides\/wp-json\/wp\/v2\/posts\/19989' class='app-button fit'>Simulation gratuite<\/a><\/div>\n<h1>VDI : quelle prime d&rsquo;activit\u00e9 ?<\/h1>\n<p>Les vendeurs et les vendeuses \u00e0 domicile ind\u00e9pendants ou VDI mandataires, ont un statut semblable \u00e0 celui des auto-entrepreneurs.<\/p>\n<p>Ces professionnels de la vente \u00e0 domicile, peuvent comme tout autre travailleur b\u00e9n\u00e9ficier de la prime d&rsquo;activit\u00e9. Cependant, l&rsquo;octroi de cette aide est soumis \u00e0 conditions.<\/p>\n<h2>Les conditions d&rsquo;attribution de la prime<\/h2>\n<p style=\"text-align: justify;\">Vous devez comme tous les autres potentiels b\u00e9n\u00e9ficiaires, remplir les conditions g\u00e9n\u00e9rales d&rsquo;attribution de l&rsquo;aide. Mais en tant que VDI, vous devez \u00e9galement remplir d&rsquo;autres conditions.<\/p>\n<p style=\"text-align: justify;\">La prime d&rsquo;activit\u00e9 venant en compl\u00e9ment de vos revenus pour vous ainsi assurer un niveau de vie convenable. Son calcul tient donc compte de vos revenus.<\/p>\n<p style=\"text-align: justify;\">Pour les travailleurs f<span style=\"caret-color: #000000;\">reelance<\/span>\u00a0ou ind\u00e9pendants les revenus pris en compte sont diff\u00e9rents des autres travailleurs. Ainsi, pour les travailleurs non-salari\u00e9s, ce sont les b\u00e9n\u00e9fices industriels et commerciaux (BIC) ou non commerciaux (BNC) de la derni\u00e8re ann\u00e9e fiscale connue qui sont \u00e9tudi\u00e9s.<\/p>\n<p>Dans certain cas, il est possible de demander que l&rsquo;\u00e9valuation des droits s&rsquo;effectue non pas selon les BIC ou les BNC, mais selon la\u00a0base du <strong>montant trimestriel du chiffre d\u2019affaires<\/strong>. Pour b\u00e9n\u00e9ficier de cette d\u00e9rogation, le travailleur ind\u00e9pendant doit r\u00e9pondre \u00e0 deux conditions cumulatives :<\/p>\n<ul>\n<li>les\u00a0revenus d&rsquo;activit\u00e9 d\u00e9clar\u00e9s aux services fiscaux (chiffre d\u2019affaires) doivent \u00eatre inf\u00e9rieurs aux plafonds indiqu\u00e9s ;<\/li>\n<li>le montant des recettes ou du chiffre d\u2019affaire d\u00e9clar\u00e9 dans la d\u00e9claration trimestrielle de ressources (DTR) est inf\u00e9rieur ou \u00e9gal aux plafonds.<\/li>\n<\/ul>\n<p>Depuis le 1\u1d49\u02b3 mars 2025, la d\u00e9claration trimestrielle de l<strong>a prime d\u2019activit\u00e9 devient pr\u00e9-remplie<\/strong>, ce qui simplifie le processus. La CAF reprend automatiquement certaines informations \u00e0 partir des revenus d\u00e9clar\u00e9s auparavant, r\u00e9duisant ainsi les erreurs et acc\u00e9l\u00e9rant le traitement de votre demande. Toutefois, il reste important de v\u00e9rifier et de valider les informations pour \u00e9viter toute erreur qui pourrait affecter le montant de l\u2019aide.<\/p>\n<p data-start=\"0\" data-end=\"164\">Depuis mars 2025, la p\u00e9riode \u00e0 d\u00e9clarer correspond aux tr<strong>ois mois pr\u00e9c\u00e9dant la demande : par exemple, en mars, vous devez d\u00e9clarer vos revenus des mois de novembre, d\u00e9cembre et janvier (et non plus d\u00e9cembre, janvier, f\u00e9vrier)<\/strong>. Cette nouvelle organisation facilite la gestion de votre dossier et rend la d\u00e9claration plus pr\u00e9cise.<\/p>\n\n<div class=\"wpdt-c row wpDataTableContainerSimpleTable wpDataTables wpDataTablesWrapper\n\"\n    >\n    <table id=\"wpdtSimpleTable-243\"\n           class=\"wpdtSimpleTable wpDataTable\"\n           data-column=\"3\"\n           data-rows=\"4\"\n           data-wpID=\"243\"\n           data-responsive=\"0\"\n           data-has-header=\"1\">\n\n                    <thead>        <tr class=\"wpdt-cell-row \" >\n                            <th class=\"wpdt-cell wpdt-bc-F3F9FE wpdt-empty-cell \"\n                                    data-cell-id=\"A1\"\n                data-col-index=\"0\"\n                data-row-index=\"0\"\n                style=\" width:38.162544169611%;                padding:10px;\"\n                >\n                                                <\/th>\n                                            <th class=\"wpdt-cell wpdt-bc-F3F9FE\"\n                                    data-cell-id=\"B1\"\n                data-col-index=\"1\"\n                data-row-index=\"0\"\n                style=\" width:30.035335689046%;                padding:10px;\"\n                >\n                                Plafonds CA 12 derniers mois                <\/th>\n                                            <th class=\"wpdt-cell wpdt-bc-F3F9FE\"\n                                    data-cell-id=\"C1\"\n                data-col-index=\"2\"\n                data-row-index=\"0\"\n                style=\" width:31.802120141343%;                padding:10px;\"\n                >\n                                Plafonds CA d\u00e9clar\u00e9 dans la DTR                <\/th>\n                                        <\/tr>\n                    <tbody>        <tr class=\"wpdt-cell-row \" >\n                            <td class=\"wpdt-cell wpdt-bc-F3F9FE\"\n                                    data-cell-id=\"A2\"\n                data-col-index=\"0\"\n                data-row-index=\"1\"\n                style=\"                padding:10px;\"\n                >\n                                Vente de marchandises                <\/td>\n                                            <td class=\"wpdt-cell wpdt-bc-FFFFFF\"\n                                    data-cell-id=\"B2\"\n                data-col-index=\"1\"\n                data-row-index=\"1\"\n                style=\"                padding:10px;\"\n                >\n                                188 700 \u20ac                <\/td>\n                                            <td class=\"wpdt-cell wpdt-bc-FFFFFF\"\n                                    data-cell-id=\"C2\"\n                data-col-index=\"2\"\n                data-row-index=\"1\"\n                style=\"                padding:10px;\"\n                >\n                                47 175 \u20ac                <\/td>\n                                        <\/tr>\n                            <tr class=\"wpdt-cell-row \" >\n                            <td class=\"wpdt-cell wpdt-bc-F3F9FE\"\n                                    data-cell-id=\"A3\"\n                data-col-index=\"0\"\n                data-row-index=\"2\"\n                style=\"                padding:10px;\"\n                >\n                                Professions lib\u00e9rales                <\/td>\n                                            <td class=\"wpdt-cell wpdt-bc-FFFFFF\"\n                                    data-cell-id=\"B3\"\n                data-col-index=\"1\"\n                data-row-index=\"2\"\n                style=\"                padding:10px;\"\n                >\n                                77 700 \u20ac                <\/td>\n                                            <td class=\"wpdt-cell wpdt-bc-FFFFFF\"\n                                    data-cell-id=\"C3\"\n                data-col-index=\"2\"\n                data-row-index=\"2\"\n                style=\"                padding:10px;\"\n                >\n                                19 425 \u20ac                <\/td>\n                                        <\/tr>\n                            <tr class=\"wpdt-cell-row \" >\n                            <td class=\"wpdt-cell wpdt-bc-F3F9FE\"\n                                    data-cell-id=\"A4\"\n                data-col-index=\"0\"\n                data-row-index=\"3\"\n                style=\"                padding:10px;\"\n                >\n                                Secteur agricole                <\/td>\n                                            <td class=\"wpdt-cell wpdt-bc-FFFFFF\"\n                                    data-cell-id=\"B4\"\n                data-col-index=\"1\"\n                data-row-index=\"3\"\n                style=\"                padding:10px;\"\n                >\n                                85 800 \u20ac                <\/td>\n                                            <td class=\"wpdt-cell wpdt-bc-FFFFFF\"\n                                    data-cell-id=\"C4\"\n                data-col-index=\"2\"\n                data-row-index=\"3\"\n                style=\"                padding:10px;\"\n                >\n                                21 450 \u20ac                <\/td>\n                                        <\/tr>\n                    <\/table>\n<\/div><style id='wpdt-custom-style-243'>\ntable#wpdtSimpleTable-243{ table-layout: fixed !important; }\ntable#wpdtSimpleTable-243 td, table.wpdtSimpleTable243 th { white-space: normal !important; }\n.wpdt-bc-F3F9FE { background-color: #F3F9FE !important;}\n.wpdt-bc-FFFFFF { background-color: #FFFFFF !important;}\n<\/style>\n\n<p><strong>\u00c0 noter :<\/strong> la prime d&rsquo;activit\u00e9 n&rsquo;est pas soumise \u00e0 l&rsquo;imp\u00f4t.<\/p>\n<p>En dehors des ces sp\u00e9cificit\u00e9s li\u00e9es \u00e0 votre activit\u00e9 de travailleurs ind\u00e9pendants, votre dossier sera \u00e9tudi\u00e9 et compl\u00e9t\u00e9 de la m\u00eame fa\u00e7on que pour tout autre personne exer\u00e7ant une activit\u00e9 professionnelle.<\/p>\n<h2 align=\"justify\">Le montant de l&rsquo;aide<\/h2>\n<p align=\"justify\"><span style=\"font-size: medium;\">Le calcul du montant de la prime d\u2019activit\u00e9 est fait en fonction de votre situation.\u00a0<\/span><span style=\"font-size: medium;\">En effet, le montant de la prime d&rsquo;activit\u00e9 pour les VDI et pour les autres travailleurs, d\u00e9pend de la composition et des ressources (revenus professionnels, <a href=\"https:\/\/www.mes-allocs.fr\/guides\/aide-logement\" target=\"_blank\" rel=\"noopener noreferrer\">aides au logement<\/a>, allocation ch\u00f4mage, etc) du foyer. <\/span><\/p>\n<p align=\"justify\"><strong>\u00c0 noter :<\/strong> Le versement de la prime d&rsquo;activit\u00e9 n&rsquo;est pas r\u00e9troactif.<\/p>\n<p align=\"justify\"><span style=\"font-size: medium;\">La formule de calcul de la prime est la suivante :<\/span><\/p>\n<p align=\"justify\"><strong><span style=\"font-size: medium;\">Prime d\u2019activit\u00e9 = (montant forfaitaire* + 59,85 % des revenus professionnels + bonifications individuelles) \u2013 les ressources prises en compte du foyer<\/span><\/strong><\/p>\n<p align=\"justify\"><span style=\"font-size: medium;\">* le montant forfaitaire est de<b> <strong>638,28\u20ac<\/strong> <\/b>pour une personne vivant seule et sans enfant \u00e0 charge. Il est major\u00e9 en fonction de la composition du foyer.<\/span><\/p>\n<p align=\"justify\">Ce calcul ne tient pas compte des revenus suivants : la prime de naissance, l&rsquo;allocation d\u2019\u00e9ducation pour enfant handicap\u00e9, le RSA socle, l&rsquo;allocation de rentr\u00e9e scolaire et les pensions et rentes d\u2019invalidit\u00e9.<\/p>\n<p align=\"justify\"><strong><span style=\"font-size: medium;\">\u00c0 noter\u00a0:\u00a0<\/span><\/strong><span style=\"font-size: medium;\">La prime d\u2019activit\u00e9 n\u2019est vers\u00e9e que si le r\u00e9sultat obtenu lors du calcul est sup\u00e9rieur \u00e0 15 \u20ac.<\/span><\/p>\n<h1>Comment faire une demande de prime d&rsquo;activit\u00e9 ?<\/h1>\n<p align=\"justify\"><span style=\"font-size: medium;\">Il est possible de b\u00e9n\u00e9ficier de la prime d\u2019activit\u00e9 en faisant une demande sur les services en ligne de la Caf ou de la MSA. <\/span><\/p>\n<p align=\"justify\"><span style=\"font-size: medium;\">Vous pouvez aussi vous d\u00e9placer dans un des points d&rsquo;accueil des deux organismes. En vous d\u00e9pla\u00e7ant le d\u00e9lai de traitement de votre demande sera toutefois, plus long.<\/span><\/p>\n<p align=\"justify\"><span style=\"font-size: medium;\">Pour permettre le renouvellement de vos droits, vous devrez effectuer une d\u00e9claration trimestrielle (d\u00e9sormais pr\u00e9-remplie) aupr\u00e8s du service concern\u00e9 (Caf ou MSA). Tous les trois mois, vous devrez donc d\u00e9clarer votre chiffre d&rsquo;affaires trimestriel.<\/span><\/p>\n<p align=\"justify\">L&rsquo;\u00e9quipe de Mes-Allocs peut vous<a href=\"https:\/\/www.mes-allocs.fr\/souscription\"> aider dans vos d\u00e9marches et dans le suivi de votre dossier<\/a>.<\/p>\n<p align=\"justify\"><span style=\"font-size: medium;\"><strong>\u00c0 noter:\u00a0<\/strong>tout changement de situation (changement du statut social, etc.) devra \u00eatre signal\u00e9 imm\u00e9diatement aux services comp\u00e9tents.<\/span><\/p>\n<p align=\"justify\"><span style=\"font-size: medium;\">Cette mise \u00e0 jour ne viendra pas modifier les droits dont vous b\u00e9n\u00e9ficiez d\u00e9j\u00e0. Elle viendra apporter des modifications au versement de votre prime (si la situation l\u2019impose) lors du recalcul de vos droits.<\/span><\/p>\n<div class='cta-block'><div class='text'>Simulez votre prime d&rsquo;activit\u00e9 en 2 min. <\/div><a href='https:\/\/www.mes-allocs.fr\/ab-app?origin=guides\/wp-json\/wp\/v2\/posts\/19989' class='app-button fit'>Simulation gratuite<\/a><\/div>\n<p align=\"justify\">\n","protected":false},"excerpt":{"rendered":"<p>[Mis \u00e0 jour le 02\/04\/2026] La prime d&rsquo;activit\u00e9 est un compl\u00e9ment de revenus pour les travailleurs aux ressources modestes. En tant que VDI (vendeur \u00e0 domicile ind\u00e9pendant), vous souhaitez savoir si vous pouvez b\u00e9n\u00e9ficier de cette aide en 2026 ? L&rsquo;\u00e9quipe de Mes-Allocs vous en dit plus. La prime d&rsquo;activit\u00e9 : qu&rsquo;est-ce que c&rsquo;est ? [&hellip;]<\/p>\n","protected":false},"author":7,"featured_media":20002,"comment_status":"open","ping_status":"open","sticky":false,"template":"","format":"standard","meta":{"amp_status":"","footnotes":""},"categories":[20,3130],"tags":[],"class_list":["post-19989","post","type-post","status-publish","format-standard","has-post-thumbnail","hentry","category-prime-d-activite","category-prime-activite-conditions"],"yoast_head":"<!-- This site is optimized with the Yoast SEO plugin v14.9 - https:\/\/yoast.com\/wordpress\/plugins\/seo\/ -->\n<title>Prime d&#039;activit\u00e9 VDI 2026 : conditions, montant, d\u00e9marches | Mes-Allocs.fr<\/title>\n<meta name=\"description\" content=\"La prime d&#039;activit\u00e9 pour VDI aide les travailleurs aux ressources modestes. D\u00e9couvrez votre \u00e9gibilit\u00e9 en 2026 avec notre simulateur.\" \/>\n<meta name=\"robots\" content=\"index, follow, max-snippet:-1, max-image-preview:large, max-video-preview:-1\" \/>\n<link rel=\"canonical\" href=\"https:\/\/www.mes-allocs.fr\/guides\/prime-d-activite\/prime-activite-conditions\/prime-activite-vdi\/\" \/>\n<meta property=\"og:locale\" content=\"fr_FR\" \/>\n<meta property=\"og:type\" content=\"article\" \/>\n<meta property=\"og:title\" content=\"Prime d&#039;activit\u00e9 VDI 2026 : conditions, montant, d\u00e9marches | Mes-Allocs.fr\" \/>\n<meta property=\"og:description\" content=\"La prime d&#039;activit\u00e9 pour VDI aide les travailleurs aux ressources modestes. D\u00e9couvrez votre \u00e9gibilit\u00e9 en 2026 avec notre simulateur.\" \/>\n<meta property=\"og:url\" content=\"https:\/\/www.mes-allocs.fr\/guides\/prime-d-activite\/prime-activite-conditions\/prime-activite-vdi\/\" \/>\n<meta property=\"og:site_name\" content=\"Mes-Allocs.fr\" \/>\n<meta property=\"article:published_time\" content=\"2021-03-04T22:46:12+00:00\" \/>\n<meta property=\"article:modified_time\" content=\"2026-04-02T13:28:53+00:00\" \/>\n<meta property=\"og:image\" content=\"https:\/\/www.mes-allocs.fr\/guides\/wp-content\/uploads\/2021\/02\/writing-3934298_1920-2-e1684918259216.jpg?wsr\" \/>\n\t<meta property=\"og:image:width\" content=\"1920\" \/>\n\t<meta property=\"og:image:height\" content=\"283\" \/>\n<meta name=\"twitter:card\" content=\"summary_large_image\" \/>\n<script type=\"application\/ld+json\" class=\"yoast-schema-graph\">{\"@context\":\"https:\/\/schema.org\",\"@graph\":[{\"@type\":\"WebSite\",\"@id\":\"https:\/\/www.mes-allocs.fr\/guides\/#website\",\"url\":\"https:\/\/www.mes-allocs.fr\/guides\/\",\"name\":\"Mes-Allocs.fr\",\"description\":\"\",\"potentialAction\":[{\"@type\":\"SearchAction\",\"target\":\"https:\/\/www.mes-allocs.fr\/guides\/?s={search_term_string}\",\"query-input\":\"required name=search_term_string\"}],\"inLanguage\":\"fr-FR\"},{\"@type\":\"ImageObject\",\"@id\":\"https:\/\/www.mes-allocs.fr\/guides\/prime-d-activite\/prime-activite-conditions\/prime-activite-vdi\/#primaryimage\",\"inLanguage\":\"fr-FR\",\"url\":\"https:\/\/www.mes-allocs.fr\/guides\/wp-content\/uploads\/2021\/02\/writing-3934298_1920-2-e1684918259216.jpg?wsr\",\"width\":1920,\"height\":283,\"caption\":\"writing 3934298 1920 2 e1613562860773\"},{\"@type\":\"WebPage\",\"@id\":\"https:\/\/www.mes-allocs.fr\/guides\/prime-d-activite\/prime-activite-conditions\/prime-activite-vdi\/#webpage\",\"url\":\"https:\/\/www.mes-allocs.fr\/guides\/prime-d-activite\/prime-activite-conditions\/prime-activite-vdi\/\",\"name\":\"Prime d'activit\\u00e9 VDI 2026 : conditions, montant, d\\u00e9marches | Mes-Allocs.fr\",\"isPartOf\":{\"@id\":\"https:\/\/www.mes-allocs.fr\/guides\/#website\"},\"primaryImageOfPage\":{\"@id\":\"https:\/\/www.mes-allocs.fr\/guides\/prime-d-activite\/prime-activite-conditions\/prime-activite-vdi\/#primaryimage\"},\"datePublished\":\"2021-03-04T22:46:12+00:00\",\"dateModified\":\"2026-04-02T13:28:53+00:00\",\"author\":{\"@id\":\"https:\/\/www.mes-allocs.fr\/guides\/#\/schema\/person\/1c4837d5703727cb02ce84583b5a44aa\"},\"description\":\"La prime d'activit\\u00e9 pour VDI aide les travailleurs aux ressources modestes. D\\u00e9couvrez votre \\u00e9gibilit\\u00e9 en 2026 avec notre simulateur.\",\"inLanguage\":\"fr-FR\"},{\"@type\":\"Person\",\"@id\":\"https:\/\/www.mes-allocs.fr\/guides\/#\/schema\/person\/1c4837d5703727cb02ce84583b5a44aa\",\"name\":\"Fabiola\",\"image\":{\"@type\":\"ImageObject\",\"@id\":\"https:\/\/www.mes-allocs.fr\/guides\/#personlogo\",\"inLanguage\":\"fr-FR\",\"url\":\"https:\/\/www.mes-allocs.fr\/guides\/wp-content\/uploads\/2021\/06\/fabiola-150x150.png\",\"caption\":\"Fabiola\"},\"description\":\"Fabiola est r\\u00e9dactrice au sein de l'\\u00e9quipe Mes Allocs, sp\\u00e9cialis\\u00e9e en sciences politiques et affaires publiques. Dipl\\u00f4m\\u00e9e de l'HEIP, elle rejoint Mes Allocs apr\\u00e8s une premi\\u00e8re exp\\u00e9rience \\u00e0 l'Assembl\\u00e9e Nationale.\",\"sameAs\":[\"https:\/\/www.linkedin.com\/in\/cecilia-philippe-b-8a8085195\"]}]}<\/script>\n<!-- \/ Yoast SEO plugin. -->","amp_validity":null,"acf":{"faq":{"1":{"question":"Pourquoi je n'ai pas le droit \u00e0 la prime d'activit\u00e9 ?","answer":"La prime d'activit\u00e9 est une prestation sociale soumise \u00e0 conditions. En effet, il existe des conditions propres votre situation personnelle : vous devez par exemple \u00eatre \u00e2g\u00e9\u2027e d'au moins 18 ans, r\u00e9sidez en France de fa\u00e7on stable."},"2":{"question":"Quel est le statut d'un VDI ?","answer":"Les vendeurs ou vendeuses \u00e0 domicile ind\u00e9pendants sont consid\u00e9r\u00e9s comme des travailleurs ind\u00e9pendants. Leur statut est semblable \u00e0 celui des auto-entrepreneurs.\r\n "},"3":{"question":"Qui a droit \u00e0 la prime d'activit\u00e9 2026 ?","answer":"La prime d'activit\u00e9 est une aide sociale qui vient compl\u00e9ter les revenus des personnes exer\u00e7ant une activit\u00e9 professionnelle. Vous devez toutefois \u00eatre \u00e2g\u00e9\u2027e d'au moins 18 ans, r\u00e9sider en France de fa\u00e7on stable, c\u2019est-\u00e0-dire ne pas s\u00e9journer plus de 3 mois par ann\u00e9e civile, percevoir des revenus modestes, entre autres."},"4":{"question":"Quel est le plafond maximum pour toucher la prime d'activit\u00e9 ?","answer":"Pour toucher la prime d'activit\u00e9 vous \u00eates soumis \u00e0 des conditions de revenus. En fonction de votre situation il existe un seuil maximal pour vos revenus. Ainsi si vous \u00eates un ou une commer\u00e7ant\u2027e votre chiffre d'affaire ne doit pas d\u00e9passer les 77 700 euros."},"5":{"question":"Quelles sont les conditions pour toucher la prime d'activit\u00e9 ?","answer":"Pour toucher la prime d'activit\u00e9 vous devez non seulement exercer une activit\u00e9 professionnelle mais aussi \u00eatre \u00e2g\u00e9\u2027e d'au moins 18 ans, r\u00e9sider en France de fa\u00e7on stable, \u00eatre salari\u00e9 ou ind\u00e9pendant, etc."},"6":{"question":"","answer":""},"7":{"question":"","answer":""},"8":{"question":"","answer":""},"9":{"question":"","answer":""},"10":{"question":"","answer":""},"11":{"question":"","answer":""},"12":{"question":"","answer":""},"13":{"question":"","answer":""},"14":{"question":"","answer":""},"15":{"question":"","answer":""},"16":{"question":"","answer":""}}},"_links":{"self":[{"href":"https:\/\/www.mes-allocs.fr\/guides\/wp-json\/wp\/v2\/posts\/19989","targetHints":{"allow":["GET"]}}],"collection":[{"href":"https:\/\/www.mes-allocs.fr\/guides\/wp-json\/wp\/v2\/posts"}],"about":[{"href":"https:\/\/www.mes-allocs.fr\/guides\/wp-json\/wp\/v2\/types\/post"}],"author":[{"embeddable":true,"href":"https:\/\/www.mes-allocs.fr\/guides\/wp-json\/wp\/v2\/users\/7"}],"replies":[{"embeddable":true,"href":"https:\/\/www.mes-allocs.fr\/guides\/wp-json\/wp\/v2\/comments?post=19989"}],"version-history":[{"count":43,"href":"https:\/\/www.mes-allocs.fr\/guides\/wp-json\/wp\/v2\/posts\/19989\/revisions"}],"predecessor-version":[{"id":111384,"href":"https:\/\/www.mes-allocs.fr\/guides\/wp-json\/wp\/v2\/posts\/19989\/revisions\/111384"}],"wp:featuredmedia":[{"embeddable":true,"href":"https:\/\/www.mes-allocs.fr\/guides\/wp-json\/wp\/v2\/media\/20002"}],"wp:attachment":[{"href":"https:\/\/www.mes-allocs.fr\/guides\/wp-json\/wp\/v2\/media?parent=19989"}],"wp:term":[{"taxonomy":"category","embeddable":true,"href":"https:\/\/www.mes-allocs.fr\/guides\/wp-json\/wp\/v2\/categories?post=19989"},{"taxonomy":"post_tag","embeddable":true,"href":"https:\/\/www.mes-allocs.fr\/guides\/wp-json\/wp\/v2\/tags?post=19989"}],"curies":[{"name":"wp","href":"https:\/\/api.w.org\/{rel}","templated":true}]}}