{"id":19960,"date":"2021-02-19T14:14:43","date_gmt":"2021-02-19T14:14:43","guid":{"rendered":"https:\/\/www.mes-allocs.fr\/guides\/?p=19960"},"modified":"2026-03-05T15:43:07","modified_gmt":"2026-03-05T14:43:07","slug":"formation-photographe","status":"publish","type":"post","link":"https:\/\/www.mes-allocs.fr\/guides\/reconversion-professionnelle\/formation-metiers\/formation-photographe\/","title":{"rendered":"La formation professionnelle pour devenir photographe : m\u00e9tier, sp\u00e9cialit\u00e9s, financement"},"content":{"rendered":"<p>&nbsp;<\/p>\n<p><a href=\"https:\/\/www.mes-allocs.fr\/guides\/wp-content\/uploads\/2021\/02\/pexels-cottonbro-3584932-1.jpg\"><img loading=\"lazy\" decoding=\"async\" class=\"aligncenter wp-image-20018 size-full\" title=\"formation photographe\" src=\"https:\/\/www.mes-allocs.fr\/guides\/wp-content\/uploads\/2021\/02\/pexels-cottonbro-3584932-1-e1613581940152.jpg\" alt=\"formation photographe\" width=\"1280\" height=\"425\" \/><\/a><\/p>\n<p style=\"text-align: justify;\">[Mis \u00e0 jour le 05\/03\/2026] Dans le cadre d&rsquo;une <a href=\"https:\/\/www.mes-allocs.fr\/guides\/reconversion-professionnelle\/\">reconversion professionnelle<\/a>, vous devez \u00eatre rigoureux dans votre r\u00e9flexion personnelle et bien appr\u00e9hender les avantages, mais \u00e9galement les contraintes de ce m\u00e9tier. Pour devenir photographe professionnel, plusieurs formations s&rsquo;offrent \u00e0 vous. Mes Allocs vous explique tout en d\u00e9tail ici.<\/p>\n<div class='cta-block'><div class='text'>Coaching \u00e0 distance pay\u00e9 par vos aides formation.<\/div><a href='https:\/\/www.formademia.fr\/formulaire\/coaching' class='app-button fit'>V\u00e9rifier votre \u00e9ligibilit\u00e9<\/a><\/div>\n<h1>Qu&rsquo;est-ce qu&rsquo;un photographe ?<\/h1>\n<p>Un photographe est un professionnel de l&rsquo;image. Ce dernier est en capacit\u00e9 de r\u00e9aliser des prises de vue dans des domaines vari\u00e9s. Que ce soit des paysages, la mode ou bien des photographies de mariage, etc.<\/p>\n<h1>Quel est le statut d&rsquo;un photographe ?<\/h1>\n<p>Avant de d\u00e9marrer votre activit\u00e9, vous devrez d\u00e9terminer votre statut de professionnel de la photographie :<\/p>\n<ul>\n<li>Le salariat classique mais cela devient rare. Les g\u00e9ants du web, il y a peu pourvoyeurs d\u2019emploi salari\u00e9, utilisent dor\u00e9navant des cha\u00eenes photographiques automatis\u00e9es, de la prise de vue, \u00e0 la gestion de banque d\u2019images&#8230;<\/li>\n<li>Le photographe ind\u00e9pendant (SARL, auto-entrepreneur, photographe free-lance, photographe artisan, photographe auteurs etc.).<\/li>\n<\/ul>\n<p><iframe loading=\"lazy\" title=\"La reconversion professionnelle\" width=\"500\" height=\"281\" src=\"https:\/\/www.youtube.com\/embed\/EiVUthswxl0?feature=oembed\" frameborder=\"0\" allow=\"accelerometer; autoplay; clipboard-write; encrypted-media; gyroscope; picture-in-picture; web-share\" referrerpolicy=\"strict-origin-when-cross-origin\" allowfullscreen><\/iframe><\/p>\n<h1>Formations pour devenir photographe<\/h1>\n<h2>Quelles sont les formations pour devenir photographe ?<\/h2>\n<p>Diff\u00e9rents parcours vous permettent d&rsquo;exercer le m\u00e9tier de photographe.<\/p>\n<ul>\n<li>Bac professionnel photographie,<\/li>\n<li>BTM photographe,<\/li>\n<li>BTS photographie (tous les bacs sont accept\u00e9s, mais de solides connaissances en optique, physique et chimie sont demand\u00e9es),<\/li>\n<li>Photographie prise de vue et post-production (Ecole de l&rsquo;image Les Gobelins),<\/li>\n<li>dipl\u00f4me d&rsquo;\u00e9cole sp\u00e9cialis\u00e9e (type bachelor) : Efet<\/li>\n<li>Dipl\u00f4me de l&rsquo;Ecole nationale sup\u00e9rieure de la photographie d&rsquo;Arles,<\/li>\n<li>Dipl\u00f4me de l&rsquo;Ecole nationale sup\u00e9rieure Louis Lumi\u00e8re section photographie,<\/li>\n<li>Dipl\u00f4me national sup\u00e9rieur des arts d\u00e9coratifs (ENSAD),<\/li>\n<li>DNSEP Dipl\u00f4me national sup\u00e9rieur d&rsquo;expression plastique option communication<\/li>\n<\/ul>\n<p><strong>\u00c0 noter<\/strong> : certaines \u00e9coles priv\u00e9es vous permettent de suivre une formation photo. Vous trouverez \u00e9galement des formations en ligne, formation \u00e0 distance permettant de vous former. Attention, elles ne d\u00e9livrent pas toutes un certificat reconnu par l&rsquo;\u00c9tat.<\/p>\n<p>N\u00e9anmoins, dans le cadre d&rsquo;une reconversion professionnelle, la formation courte est souvent privil\u00e9gi\u00e9e. Des formations courtes pour adultes permettent d&rsquo;acqu\u00e9rir les bases de la photographie de construction de l\u2019image, de gestion des couleurs et des formes, de cr\u00e9ativit\u00e9, etc.<\/p>\n<h2>Les autres techniques \u00e0 apprendre<\/h2>\n<p><strong>Selon la formation choisie, vous pourrez \u00e9galement apprendre d&rsquo;autres techniques :<\/strong><\/p>\n<ul>\n<li>R\u00e9aliser des prises de vues<\/li>\n<li>La photo num\u00e9rique<\/li>\n<li>L&rsquo;appareil photo<\/li>\n<li>Le cadrage<\/li>\n<li>Les portraits<\/li>\n<li>La profondeur de champs<\/li>\n<li>La lumi\u00e8re naturelle et la lumi\u00e8re artificielle<\/li>\n<li>La retouche d&rsquo;images<\/li>\n<li>La photo sous-marine<\/li>\n<li>La street photography<\/li>\n<li>La photographie d&rsquo;architecture<\/li>\n<li>La photographie immobili\u00e8re<\/li>\n<li>Le droit \u00e0 l&rsquo;image<\/li>\n<li>Les nouvelles technologie<\/li>\n<li>Le savoir faire<\/li>\n<li>Le traitement d&rsquo;images<\/li>\n<\/ul>\n<p>\u00c0 la fin de ces formations courtes de quelques semaines, vous obtiendrez un certificat ou une attestation. Ce n&rsquo;est pas pour autant que vous devenez photographe professionnel, pour cela d&rsquo;autres formations sont \u00e0 suivre en compl\u00e9ment pour exercer le m\u00e9tier de photographe de mode, photographe.<\/p>\n<h2>Devenir photographe sans dipl\u00f4me<\/h2>\n<p>Un photographe va c\u00f4toyer tout type de personnes ou de milieu, c&rsquo;est pourquoi il doit \u00eatre ouvert d&rsquo;esprit. Pour exercer, vous pouvez sauter la formation \u00ab officielle \u00bb. En revanche vous devrez justifier d&rsquo;un haut niveau aussi bien artistique que technique.<\/p>\n<p>Dans tous les cas, en tant que d\u00e9butant il est conseill\u00e9 de faire un book de vos photos, de vos projets. Vous pouvez \u00e9galement partager vos prises de vue sur des sites internet de photos libres de droits afin de vous faire connaitre.<\/p>\n<h1>Choisir sa sp\u00e9cialit\u00e9 de photographe<\/h1>\n<p>Avant tout vous devrez d\u00e9terminer quel genre de photographie vous souhaitez r\u00e9aliser, les techniques et les univers.<\/p>\n<ul>\n<li>Photographe animalier,<\/li>\n<li>Photographe culinaire,<\/li>\n<li>De presse, de magazine ou de mode,<\/li>\n<li>Photographe d\u2019art,<\/li>\n<li>Retouche photo,<\/li>\n<li>Portrait\u2026<\/li>\n<\/ul>\n<div class='cta-block'><div class='text'>Coaching \u00e0 distance pay\u00e9 par vos aides formation.<\/div><a href='https:\/\/www.formademia.fr\/formulaire\/coaching' class='app-button fit'>V\u00e9rifier votre \u00e9ligibilit\u00e9<\/a><\/div>\n<h1>Quel est le salaire d&rsquo;un photographe ?<\/h1>\n<p>Il est difficile d&rsquo;\u00e9tablir le salaire d&rsquo;un photographe \u00e9tant donn\u00e9 que ce dernier peut varier selon les missions et votre statut. Par exemple, vous pouvez choisir de facturer votre prestation \u00e0 la journ\u00e9e, ou \u00e0 la photo selon votre notori\u00e9t\u00e9.<\/p>\n<p><strong>Pour donner des chiffres \u00e0 titre d&rsquo;exemple :\u00a0<\/strong><\/p>\n<ul>\n<li>Un jour de prise de vue \u00e0 1 400 \u20ac<\/li>\n<li>Un jour de retouche \u00e0 500 \u20ac.<\/li>\n<\/ul>\n<p>Les photographes ayant une forte notori\u00e9t\u00e9 peuvent quant \u00e0 eux exposer leurs \u0153uvres dans des galeries et \u00eatre vendus aux ench\u00e8res.<\/p>\n<h1>Comment r\u00e9ussir sa reconversion professionnelle ?<\/h1>\n<p>Si vous souhaitez vous reconvertir dans la photographie, vous devez avant tout vous poser les bonnes questions et r\u00e9fl\u00e9chir \u00e0 votre projet professionnel. Pour vous aider, vous pouvez faire un bilan de comp\u00e9tences, cela vous permet de faire un point sur votre carri\u00e8re professionnelle d&rsquo;analyser vos motivations et comprendre les qualit\u00e9s indispensables pour \u00eatre photographe.<\/p>\n<p><strong>Posez-vous les bonnes questions :\u00a0<\/strong><\/p>\n<ul>\n<li>Pourquoi vouloir se reconvertir ?<\/li>\n<li>Est-ce que votre projet est viable ?<\/li>\n<li>Quels seront les d\u00e9bouch\u00e9s ?<\/li>\n<li>Comment souhaitez-vous exercer ? En studio, cr\u00e9er votre propre entreprise, \u00eatre photographe ind\u00e9pendant ?<\/li>\n<li>Avez-vous bien saisi toutes les contraintes du m\u00e9tier de photographe ?<\/li>\n<li>Quel style d\u2019images avez-vous envie de r\u00e9aliser\u00a0?<\/li>\n<li>Quel est le secteur qui vous attire (journalisme, paysage, mariage, etc.)<\/li>\n<li>Quelle formation \u00e0 suivre (courte\/longue) et comment la financer ?<\/li>\n<li>Quelles sont vos contraintes personnelles (familiale ou autres) ?<\/li>\n<\/ul>\n<h1>Financez votre formation de photographe<\/h1>\n<p>De nombreux dispositifs permettent de financer votre formation de photographe si cette derni\u00e8re entre dans le cadre de votre projet professionnel et qu&rsquo;il s&rsquo;agit d&rsquo;une formation reconnue.<\/p>\n<p>Le Compte personnel de formation (CPF) permet \u00e0 toute personne active (hors agents publics) d\u2019acqu\u00e9rir des droits \u00e0 la formation, \u00e0 hauteur de 500 \u20ac ou 800 \u20ac par an. Pour connaitre les euros dont vous disposez, vous pouvez vous rendre sur le site internet moncompteformation.gouv.fr, vous pourrez \u00e9galement avoir acc\u00e8s \u00e0 toutes les formations \u00e9ligibles au CPF.<\/p>\n<h1>Contrat de S\u00e9curisation Professionnel (CSP)<\/h1>\n<h2>Qu&rsquo;est-ce que le CSP ?<\/h2>\n<p>Le Contrat de S\u00e9curisation Professionnel CSP est un dispositif qui permet aux salari\u00e9s licenci\u00e9s pour un motif \u00e9conomique de b\u00e9n\u00e9ficier de mesure qui favorise un retour sur le march\u00e9 de l&#8217;emploi rapidement. Gr\u00e2ce \u00e0 ce contrat vous pourrez faire financer votre formation professionnelle si cette derni\u00e8re correspond bien \u00e0 votre projet professionnel.<\/p>\n<h2>Aide Individuelle \u00e0 la Formation (AIF)<\/h2>\n<p>Si vous \u00eates en recherche d&#8217;emploi, l\u2019Aide Individuelle a\u0300 la Formation (AIF) vous permet d\u2019obtenir de France Travail une aide financie\u0300re pour suivre une formation non couverte par d\u2019autres dispositifs, qui peut venir comple\u0301ter les aides des collectivite\u0301s territoriales, des OPCO ou des Opacif.<\/p>\n<div class='cta-block'><div class='text'>Coaching \u00e0 distance pay\u00e9 par vos aides formation.<\/div><a href='https:\/\/www.formademia.fr\/formulaire\/coaching' class='app-button fit'>V\u00e9rifier votre \u00e9ligibilit\u00e9<\/a><\/div>\n","protected":false},"excerpt":{"rendered":"<p>&nbsp; [Mis \u00e0 jour le 05\/03\/2026] Dans le cadre d&rsquo;une reconversion professionnelle, vous devez \u00eatre rigoureux dans votre r\u00e9flexion personnelle et bien appr\u00e9hender les avantages, mais \u00e9galement les contraintes de ce m\u00e9tier. Pour devenir photographe professionnel, plusieurs formations s&rsquo;offrent \u00e0 vous. Mes Allocs vous explique tout en d\u00e9tail ici. Qu&rsquo;est-ce qu&rsquo;un photographe ? Un photographe [&hellip;]<\/p>\n","protected":false},"author":9,"featured_media":20018,"comment_status":"open","ping_status":"open","sticky":false,"template":"","format":"standard","meta":{"amp_status":"","footnotes":""},"categories":[5979,5081],"tags":[],"class_list":["post-19960","post","type-post","status-publish","format-standard","has-post-thumbnail","hentry","category-formation-metiers","category-reconversion-professionnelle"],"yoast_head":"<!-- This site is optimized with the Yoast SEO plugin v14.9 - https:\/\/yoast.com\/wordpress\/plugins\/seo\/ -->\n<title>Formation pour devenir photographe : m\u00e9tier, sp\u00e9cialit\u00e9s, financement<\/title>\n<meta name=\"description\" content=\"Plusieurs formations sont disponibles pour devenir photographe professionnel. Mes Allocs vous explique tout en d\u00e9tail ici !\" \/>\n<meta name=\"robots\" content=\"index, follow, max-snippet:-1, max-image-preview:large, max-video-preview:-1\" \/>\n<link rel=\"canonical\" href=\"https:\/\/www.mes-allocs.fr\/guides\/reconversion-professionnelle\/formation-metiers\/formation-photographe\/\" \/>\n<meta property=\"og:locale\" content=\"fr_FR\" \/>\n<meta property=\"og:type\" content=\"article\" \/>\n<meta property=\"og:title\" content=\"Formation pour devenir photographe : m\u00e9tier, sp\u00e9cialit\u00e9s, financement\" \/>\n<meta property=\"og:description\" content=\"Plusieurs formations sont disponibles pour devenir photographe professionnel. Mes Allocs vous explique tout en d\u00e9tail ici !\" \/>\n<meta property=\"og:url\" content=\"https:\/\/www.mes-allocs.fr\/guides\/reconversion-professionnelle\/formation-metiers\/formation-photographe\/\" \/>\n<meta property=\"og:site_name\" content=\"Mes-Allocs.fr\" \/>\n<meta property=\"article:published_time\" content=\"2021-02-19T14:14:43+00:00\" \/>\n<meta property=\"article:modified_time\" content=\"2026-03-05T14:43:07+00:00\" \/>\n<meta property=\"og:image\" content=\"https:\/\/www.mes-allocs.fr\/guides\/wp-content\/uploads\/2021\/02\/pexels-cottonbro-3584932-1.jpg?wsr\" \/>\n\t<meta property=\"og:image:width\" content=\"1280\" \/>\n\t<meta property=\"og:image:height\" content=\"853\" \/>\n<meta name=\"twitter:card\" content=\"summary_large_image\" \/>\n<script type=\"application\/ld+json\" class=\"yoast-schema-graph\">{\"@context\":\"https:\/\/schema.org\",\"@graph\":[{\"@type\":\"WebSite\",\"@id\":\"https:\/\/www.mes-allocs.fr\/guides\/#website\",\"url\":\"https:\/\/www.mes-allocs.fr\/guides\/\",\"name\":\"Mes-Allocs.fr\",\"description\":\"\",\"potentialAction\":[{\"@type\":\"SearchAction\",\"target\":\"https:\/\/www.mes-allocs.fr\/guides\/?s={search_term_string}\",\"query-input\":\"required name=search_term_string\"}],\"inLanguage\":\"fr-FR\"},{\"@type\":\"ImageObject\",\"@id\":\"https:\/\/www.mes-allocs.fr\/guides\/reconversion-professionnelle\/formation-metiers\/formation-photographe\/#primaryimage\",\"inLanguage\":\"fr-FR\",\"url\":\"https:\/\/www.mes-allocs.fr\/guides\/wp-content\/uploads\/2021\/02\/pexels-cottonbro-3584932-1.jpg?wsr\",\"width\":1280,\"height\":853,\"caption\":\"formation photographe\"},{\"@type\":\"WebPage\",\"@id\":\"https:\/\/www.mes-allocs.fr\/guides\/reconversion-professionnelle\/formation-metiers\/formation-photographe\/#webpage\",\"url\":\"https:\/\/www.mes-allocs.fr\/guides\/reconversion-professionnelle\/formation-metiers\/formation-photographe\/\",\"name\":\"Formation pour devenir photographe : m\\u00e9tier, sp\\u00e9cialit\\u00e9s, financement\",\"isPartOf\":{\"@id\":\"https:\/\/www.mes-allocs.fr\/guides\/#website\"},\"primaryImageOfPage\":{\"@id\":\"https:\/\/www.mes-allocs.fr\/guides\/reconversion-professionnelle\/formation-metiers\/formation-photographe\/#primaryimage\"},\"datePublished\":\"2021-02-19T14:14:43+00:00\",\"dateModified\":\"2026-03-05T14:43:07+00:00\",\"author\":{\"@id\":\"https:\/\/www.mes-allocs.fr\/guides\/#\/schema\/person\/e4e762c89158b34a332446d26f02fd56\"},\"description\":\"Plusieurs formations sont disponibles pour devenir photographe professionnel. Mes Allocs vous explique tout en d\\u00e9tail ici !\",\"inLanguage\":\"fr-FR\"},{\"@type\":\"Person\",\"@id\":\"https:\/\/www.mes-allocs.fr\/guides\/#\/schema\/person\/e4e762c89158b34a332446d26f02fd56\",\"name\":\"Marylou\",\"image\":{\"@type\":\"ImageObject\",\"@id\":\"https:\/\/www.mes-allocs.fr\/guides\/#personlogo\",\"inLanguage\":\"fr-FR\",\"url\":\"https:\/\/www.mes-allocs.fr\/guides\/wp-content\/uploads\/2021\/06\/marylou-150x150.png\",\"caption\":\"Marylou\"},\"description\":\"Marylou est r\\u00e9dactrice au sein de l'\\u00e9quipe Mes Allocs, sp\\u00e9cialiste des sujets de soci\\u00e9t\\u00e9 en g\\u00e9n\\u00e9ral. Dipl\\u00f4m\\u00e9e de l'Institut Sup\\u00e9rieur de Formation au Journalisme, elle rejoint Mes Allocs apr\\u00e8s cr\\u00e9\\u00e9 son premier blog personnel.\",\"sameAs\":[\"https:\/\/www.linkedin.com\/in\/marylou-pr\\u00e9vost\"]}]}<\/script>\n<!-- \/ Yoast SEO plugin. -->","amp_validity":null,"acf":{"faq":{"1":{"question":"Quelle formation pour devenir photographe ?","answer":"BTM photographe, BTS photographie (tous les bacs sont accept\u00e9s, mais de solides connaissances en optique, physique et chimie sont demand\u00e9es), Photographie prise de vue et post-production (Ecole de l'image Les Gobelins), dipl\u00f4me d'\u00e9cole sp\u00e9cialis\u00e9e (type bachelor"},"2":{"question":" Quel est le salaire d'un photographe ?","answer":"Un photographe ind\u00e9pendant pour la presse gagne entre 646 \u20ac bruts et 7 612 \u20ac bruts par mois en France, soit un salaire moyen de 4 129 \u20ac bruts par mois, avant paiement des charges et imp\u00f4ts qui repr\u00e9sentent environ 60% des revenus des professions lib\u00e9rales."},"3":{"question":"Comment devenir photographe sans dipl\u00f4me ?","answer":"Pour devenir photographe ind\u00e9pendant il n'est pas n\u00e9cessaire d'avoir fait une \u00e9cole de photographie, l'art de la photographie peut s'apprendre sur le tas et vous pouvez tout \u00e0 fait devenir photographe ind\u00e9pendant sans dipl\u00f4me."},"4":{"question":"Comment devenir photographe de publicit\u00e9 ?","answer":"Ce m\u00e9tier est accessible \u00e0 partir d'un CAP, Bac pro, Bac +2 dans le domaine de la photographie."},"5":{"question":"Comment fonctionne le CPF ?","answer":"Que ce soit \u00e0 titre individuel ou avec l'accord de son employeur, un salari\u00e9 peut b\u00e9n\u00e9ficier de son compte de formation de fa\u00e7on autonome. "},"6":{"question":"Comment b\u00e9n\u00e9ficier de l'AIF ?","answer":" Pour acc\u00e9der au dispositif, il faut \u00eatre inscrit en tant que demandeur d'emploi, sans condition d'indemnisation, \u00eatre accompagn\u00e9 au titre d'un contrat de s\u00e9curisation professionnelle (CSP) et ne pas pouvoir b\u00e9n\u00e9ficier de la POE ou de l'AFPR."},"7":{"question":"","answer":""},"8":{"question":"","answer":""},"9":{"question":"","answer":""},"10":{"question":"","answer":""},"11":{"question":"","answer":""},"12":{"question":"","answer":""},"13":{"question":"","answer":""},"14":{"question":"","answer":""},"15":{"question":"","answer":""},"16":{"question":"","answer":""}}},"_links":{"self":[{"href":"https:\/\/www.mes-allocs.fr\/guides\/wp-json\/wp\/v2\/posts\/19960","targetHints":{"allow":["GET"]}}],"collection":[{"href":"https:\/\/www.mes-allocs.fr\/guides\/wp-json\/wp\/v2\/posts"}],"about":[{"href":"https:\/\/www.mes-allocs.fr\/guides\/wp-json\/wp\/v2\/types\/post"}],"author":[{"embeddable":true,"href":"https:\/\/www.mes-allocs.fr\/guides\/wp-json\/wp\/v2\/users\/9"}],"replies":[{"embeddable":true,"href":"https:\/\/www.mes-allocs.fr\/guides\/wp-json\/wp\/v2\/comments?post=19960"}],"version-history":[{"count":15,"href":"https:\/\/www.mes-allocs.fr\/guides\/wp-json\/wp\/v2\/posts\/19960\/revisions"}],"predecessor-version":[{"id":110204,"href":"https:\/\/www.mes-allocs.fr\/guides\/wp-json\/wp\/v2\/posts\/19960\/revisions\/110204"}],"wp:featuredmedia":[{"embeddable":true,"href":"https:\/\/www.mes-allocs.fr\/guides\/wp-json\/wp\/v2\/media\/20018"}],"wp:attachment":[{"href":"https:\/\/www.mes-allocs.fr\/guides\/wp-json\/wp\/v2\/media?parent=19960"}],"wp:term":[{"taxonomy":"category","embeddable":true,"href":"https:\/\/www.mes-allocs.fr\/guides\/wp-json\/wp\/v2\/categories?post=19960"},{"taxonomy":"post_tag","embeddable":true,"href":"https:\/\/www.mes-allocs.fr\/guides\/wp-json\/wp\/v2\/tags?post=19960"}],"curies":[{"name":"wp","href":"https:\/\/api.w.org\/{rel}","templated":true}]}}