{"id":19957,"date":"2021-02-19T14:13:43","date_gmt":"2021-02-19T14:13:43","guid":{"rendered":"https:\/\/www.mes-allocs.fr\/guides\/?p=19957"},"modified":"2026-03-05T15:28:47","modified_gmt":"2026-03-05T14:28:47","slug":"formation-electricien","status":"publish","type":"post","link":"https:\/\/www.mes-allocs.fr\/guides\/reconversion-professionnelle\/formation-metiers\/formation-electricien\/","title":{"rendered":"La formation d&rsquo;\u00e9lectricien : comp\u00e9tences, salaires, et financements"},"content":{"rendered":"<p><a href=\"https:\/\/www.mes-allocs.fr\/guides\/wp-content\/uploads\/2021\/02\/pexels-pixabay-257736.jpg\"><img loading=\"lazy\" decoding=\"async\" class=\"aligncenter wp-image-19971 size-full\" title=\"formation electricien\" src=\"https:\/\/www.mes-allocs.fr\/guides\/wp-content\/uploads\/2021\/02\/pexels-pixabay-257736-e1613556117739.jpg\" alt=\"formation electricien\" width=\"1280\" height=\"448\" \/><\/a><\/p>\n<p style=\"text-align: justify;\">[Mis \u00e0 jour le 05\/03\/2026] Les \u00e9lectriciens interviennent dans de nombreux secteurs comme les transports, l&rsquo;industrie ou le num\u00e9rique. Ils sont indispensables au quotidien, c&rsquo;est pourquoi la demande est toujours plus importante dans ce secteur d&rsquo;activit\u00e9. Mes Allocs vous explique en d\u00e9tail quelles sont les <strong>formations \u00e0 suivre pour devenir \u00e9lectricien<\/strong> pour votre <a href=\"https:\/\/www.mes-allocs.fr\/guides\/reconversion-professionnelle\/\">reconversion professionnelle<\/a> .<\/p>\n<div class='cta-block'><div class='text'>Coaching \u00e0 distance pay\u00e9 par vos aides formation.<\/div><a href='https:\/\/www.formademia.fr\/formulaire\/coaching' class='app-button fit'>V\u00e9rifier votre \u00e9ligibilit\u00e9<\/a><\/div>\n<h1>Qu&rsquo;est-ce qu&rsquo;un \u00e9lectricien ?<\/h1>\n<p>Un \u00e9lectricien est un professionnel des travaux d&rsquo;installations \u00e9lectriques et des raccordements des appareils \u00e9lectriques dans tous types de b\u00e2timents tels que les immeubles, les usines, les h\u00f4pitaux, les laboratoires, les maisons individuelles. Aujourd&rsquo;hui, ce m\u00e9tier est indispensable, et tient un r\u00f4le important dans notre vie au quotidien.<\/p>\n<p>En tant qu&rsquo;\u00e9lectricien, vous pourrez \u00eatre amen\u00e9 \u00e0 intervenir, entretenir et r\u00e9parer les installations, \u00e9quipements et r\u00e9seaux \u00e9lectriques. L\u2019\u00e9lectricien peut \u00e9galement intervenir pour l\u2019installation d\u2019alarme et de mat\u00e9riel de surveillance, de chauffage \u00e9lectrique, d\u2019antenne, de climatisation, d\u2019\u00e9quipements d\u2019\u00e9clairage<\/p>\n<p><iframe loading=\"lazy\" title=\"La reconversion professionnelle\" width=\"500\" height=\"281\" src=\"https:\/\/www.youtube.com\/embed\/EiVUthswxl0?feature=oembed\" frameborder=\"0\" allow=\"accelerometer; autoplay; clipboard-write; encrypted-media; gyroscope; picture-in-picture; web-share\" referrerpolicy=\"strict-origin-when-cross-origin\" allowfullscreen><\/iframe><\/p>\n<h1>Comp\u00e9tences n\u00e9cessaires pour exercer le m\u00e9tier d&rsquo;\u00e9lectricien<\/h1>\n<p>Si vous souhaitez vous orienter vers ce m\u00e9tier, vous devez avoir de bonnes comp\u00e9tences en calcul pour faire votre comptabilit\u00e9, mais surtout aimer le travail manuel. La maitrise de mat\u00e9riel num\u00e9rique est indispensable \u00e9tant donn\u00e9 le nombre important d&rsquo;\u00e9quipements \u00e9lectriques dans les foyers. Vous devrez faire des mises aux normes si n\u00e9cessaires et mettre en place des ouvrages \u00e9lectriques.<\/p>\n<p><strong>\u00c0 noter : si vous travaillez dans l&rsquo;industrie, vous pouvez par exemple vous sp\u00e9cialiser dans la robotique.<\/strong><\/p>\n<h1>Qualit\u00e9s indispensables pour devenir \u00e9lectricien<\/h1>\n<ul>\n<li>Avoir une bonne <strong>condition physique<\/strong>\u00a0en raison des d\u00e9placements nombreux, d&rsquo;objets lourds \u00e0 porter et des positions de travail ;<\/li>\n<li>\u00catre <strong>disponible<\/strong>\u00a0\u00e0 tout moment, 7 jours sur 7 et 24 heures sur 24 y compris les jours f\u00e9ri\u00e9s ;<\/li>\n<li>Avoir un bon <strong>sens commercial<\/strong>\u00a0pour d\u00e9marcher et fid\u00e9liser ses clients ;<\/li>\n<li>Avoir une vraie <strong>habilit\u00e9 manuelle\u00a0<\/strong>pour accomplir les t\u00e2ches du m\u00e9tier ;<\/li>\n<li>\u00catre dot\u00e9 d&rsquo;un <strong>esprit m\u00e9thodique<\/strong>\u00a0pour g\u00e9rer son travail et sa structure.<\/li>\n<\/ul>\n<h1>Quelles formations pour devenir \u00e9lectricien ?<\/h1>\n<p>La dur\u00e9e de formation pour exercer le m\u00e9tier d&rsquo;\u00e9lectricien d\u00e9pend du niveau d&rsquo;\u00e9tude que vous souhaitez suivre. Plusieurs parcours s&rsquo;offrent \u00e0 vous.<\/p>\n<p><strong>Niveau CAP<\/strong><\/p>\n<ul>\n<li>CAP \u00e9lectricien<\/li>\n<li>BCP (brevet de compagnon professionnel) installateur en \u00e9quipements \u00e9lectriques,<\/li>\n<li>CQP\u00a0Electricien monteur installateur courants faibles,<\/li>\n<\/ul>\n<p><strong>Niveau bac\u00a0<\/strong><\/p>\n<ul>\n<li>Bac pro MELEC &#8211; m\u00e9tiers de l\u2019\u00e9lectricit\u00e9 et de ses environnements connect\u00e9s ,<\/li>\n<li>BP \u00e9lectricien<\/li>\n<li>BTM installateur en \u00e9quipements \u00e9lectriques,<\/li>\n<\/ul>\n<p><strong>Niveau bac + 1<\/strong><\/p>\n<ul>\n<li>MC technicien en \u00e9nergies renouvelables\u00a0options :\u00a0 \u00e9nergie \u00e9lectrique ou \u00e9nergie thermique,<\/li>\n<\/ul>\n<p><strong>Niveau bac + 2<\/strong><\/p>\n<ul>\n<li>responsable de chantier en installations \u00e9lectriques (CFA de la CCI d&rsquo;Angoul\u00eame),<\/li>\n<li>BTS FED &#8211; fluides \u00e9nergies domotique,<\/li>\n<li>BTS \u00e9lectrotechnique.<\/li>\n<\/ul>\n<p>D\u00e9couvrez les <a href=\"https:\/\/www.mes-allocs.fr\/guides\/reconversion-professionnelle\/formation-metiers\/formation-fibre-optique\/\">formations pour devenir technicien fibre optique<\/a> !<\/p>\n<div class='cta-block'><div class='text'>Coaching \u00e0 distance pay\u00e9 par vos aides formation.<\/div><a href='https:\/\/www.formademia.fr\/formulaire\/coaching' class='app-button fit'>V\u00e9rifier votre \u00e9ligibilit\u00e9<\/a><\/div>\n<h1>Salaire et d\u00e9bouch\u00e9s du m\u00e9tier d&rsquo;\u00e9lectricien<\/h1>\n<p>Le m\u00e9tier d&rsquo;\u00e9lectricien est tr\u00e8s demand\u00e9 sur le march\u00e9 du travail, rares sont les \u00e9lectriciens au ch\u00f4mage. Vous pouvez par exemple choisir d&rsquo;exercer dans le domaine de la vid\u00e9osurveillance, de l&rsquo;informatique, ou de la t\u00e9l\u00e9phonie. Ou encore dans une entreprise d\u2019installations \u00e9lectriques, une entreprise de g\u00e9nie climatique pour s&rsquo;assurer que le mat\u00e9riel soit aux normes de s\u00e9curit\u00e9.<\/p>\n<p>Apr\u00e8s quelques ann\u00e9es d&rsquo;exp\u00e9rience, vous pouvez pr\u00e9tendre \u00e0 une \u00e9volution de carri\u00e8re en devenant chef d&rsquo;entreprise artisanale, chef de chantier, conducteur de travaux, chef d\u2019\u00e9quipe, etc.<\/p>\n<p>Le salaire d&rsquo;un \u00e9lectricien est variable, il d\u00e9pend notamment du lieu ou vous allez exercer, de vos ann\u00e9es d&rsquo;exp\u00e9rience. Un artisan \u00e9lectricien d\u00e9butant peut par exemple, gagner 2 244 euros brut par mois. Un \u00e9lectricien \u00e0 son compte et en fin de carri\u00e8re peut quant \u00e0 lui pr\u00e9tendre \u00e0 un salaire de l&rsquo;ordre de 4 000 \u20ac.<\/p>\n<h1>Comment cr\u00e9er son entreprise ?<\/h1>\n<p>L&rsquo;une des premi\u00e8res questions \u00e0 se poser avant d&rsquo;entamer vos d\u00e9marches et de choisir le statut juridique pour votre entreprise. Vous pouvez exercer comme auto entrepreneur \u00e9lectricien ou en soci\u00e9t\u00e9.<\/p>\n<p>Votre activit\u00e9 d&rsquo;\u00e9lectricien rel\u00e8ve d&rsquo;une activit\u00e9 artisanale, donc votre Centre de Formalit\u00e9s des Entreprises (CFE) sera la\u00a0Chambre des M\u00e9tiers et de l\u2019Artisanat.<\/p>\n<p>Pour effectuer votre enregistrement, les d\u00e9marches seront diff\u00e9rentes selon le statut que vous allez choisir pour votre entreprise.<\/p>\n<p><strong>Votre\u00a0code NAF \/ APE\u00a0vous sera automatiquement attribu\u00e9 une fois votre soci\u00e9t\u00e9 cr\u00e9\u00e9e. Les trois codes principaux des \u00e9lectriciens sont les suivants :<\/strong><\/p>\n<ul>\n<li>Code APE 4321B &#8211; Travaux d&rsquo;installation \u00e9lectrique sur la voie publique<\/li>\n<li>Code APE 4321A\u00a0&#8211; Travaux d&rsquo;installation \u00e9lectrique dans tous locaux<\/li>\n<li>Code APE 4322B &#8211; Travaux d&rsquo;installation d&rsquo;\u00e9quipements thermiques et de climatisation<\/li>\n<\/ul>\n<p>\u00c0 noter : dans le cadre de votre activit\u00e9 professionnelle vous aurez l&rsquo;obligation d&rsquo;ouvrir un compte bancaire professionnel, sauf si vous avez opt\u00e9 pour le statut entrepreneur, dans ce cas cette d\u00e9marche n&rsquo;est pas obligatoire (selon les banques).<\/p>\n<p>L&rsquo;\u00e9quipe Mes Allocs vous accompagne dans la cr\u00e9ation de votre entreprise. <a href=\"https:\/\/www.formademia.fr\/formulaire\/coaching\">Prenez rendez-vous<\/a> !<\/p>\n<h1>Comment financer sa formation pour devenir \u00e9lectricien ?<\/h1>\n<h2>Le CPF<\/h2>\n<p>Le CPF est une aide \u00e0 destination des demandeurs d&#8217;emploi, salari\u00e9s et travailleur ind\u00e9pendant. Ce dernier permet d&rsquo;acqu\u00e9rir un certain montant en euros destin\u00e9 \u00e0 prendre en charge en tout ou partie des d\u00e9penses occasionn\u00e9es par l&rsquo;inscription \u00e0 certaines formations. Son objectif est de contribuer au maintien de l\u2019employabilit\u00e9 et \u00e0 la s\u00e9curisation du parcours professionnel.<\/p>\n<p><strong>Il regroupe :<\/strong><\/p>\n<ul>\n<li>le montant acquis par le salari\u00e9 tout au long de sa vie active et jusqu&rsquo;\u00e0 son d\u00e9part \u00e0 la retraite,<\/li>\n<li>et les formations dont il peut b\u00e9n\u00e9ficier personnellement<\/li>\n<\/ul>\n<h2 id=\"menu-1\">Action de Formation Conventionn\u00e9e par France Travail<\/h2>\n<p>Il s&rsquo;agit d&rsquo;une aide financi\u00e8re pour les demandeurs d&#8217;emploi dans le cadre d&rsquo;une formation continue. Il a pour objectif un retour rapide sur le march\u00e9 de l&rsquo; emploi. La formation que vous allez suivre doit permettre de combler un \u00e9cart entre les comp\u00e9tences que vous avez d\u00e9j\u00e0 et les exigences du march\u00e9 du travail.<\/p>\n<p>\u00c0 noter : France Travail\u00a0 prend en charge le co\u00fbt total de la formation en payant directement le centre de formation. Vous n&rsquo;avez aucune participation \u00e0 fournir.<\/p>\n<h2>Le bilan de comp\u00e9tences<\/h2>\n<p>Contrairement aux autres dispositifs cit\u00e9s au dessus, le bilan de comp\u00e9tences n&rsquo;est pas une aide financi\u00e8re (comme le PDC).<\/p>\n<p>Un bilan de comp\u00e9tences vous permet de faire un point sur votre carri\u00e8re professionnelle, mais \u00e9galement sur votre vie personnelle. Il vous aide \u00e0 la mise en \u0153uvre un projet professionnel coh\u00e9rent ou valider un projet de formation.<\/p>\n<p><strong>Les personnes suivantes peuvent faire un bilan de comp\u00e9tences :\u00a0<\/strong><\/p>\n<ul>\n<li>salari\u00e9 du secteur priv\u00e9, en contrat \u00e0 dur\u00e9e ind\u00e9termin\u00e9e ou d\u00e9termin\u00e9e ;<\/li>\n<li>demandeur d\u2019emploi : la demande doit \u00eatre faite aupr\u00e8s de France Travail, de l\u2019APEC ou de Cap emploi ;<\/li>\n<li>salari\u00e9 du secteur public (fonctionnaires, agents non titulaires\u2026) : textes sp\u00e9cifiques mais dans des conditions similaires aux salari\u00e9s (cong\u00e9 de 24h, etc.).<\/li>\n<\/ul>\n<p>Si vous souhaitez plus d&rsquo;informations sur les dispositifs en vigueur pour une reconversion n&rsquo;h\u00e9sitez pas \u00e0 consulter les articles Mes Allocs !<\/p>\n<div class='cta-block'><div class='text'>Coaching \u00e0 distance pay\u00e9 par vos aides formation.<\/div><a href='https:\/\/www.formademia.fr\/formulaire\/coaching' class='app-button fit'>V\u00e9rifier votre \u00e9ligibilit\u00e9<\/a><\/div>\n","protected":false},"excerpt":{"rendered":"<p>[Mis \u00e0 jour le 05\/03\/2026] Les \u00e9lectriciens interviennent dans de nombreux secteurs comme les transports, l&rsquo;industrie ou le num\u00e9rique. Ils sont indispensables au quotidien, c&rsquo;est pourquoi la demande est toujours plus importante dans ce secteur d&rsquo;activit\u00e9. Mes Allocs vous explique en d\u00e9tail quelles sont les formations \u00e0 suivre pour devenir \u00e9lectricien pour votre reconversion professionnelle [&hellip;]<\/p>\n","protected":false},"author":9,"featured_media":19971,"comment_status":"open","ping_status":"open","sticky":false,"template":"","format":"standard","meta":{"amp_status":"","footnotes":""},"categories":[5979,5081],"tags":[],"class_list":["post-19957","post","type-post","status-publish","format-standard","has-post-thumbnail","hentry","category-formation-metiers","category-reconversion-professionnelle"],"yoast_head":"<!-- This site is optimized with the Yoast SEO plugin v14.9 - https:\/\/yoast.com\/wordpress\/plugins\/seo\/ -->\n<title>Formation d&#039;\u00e9lectricien : comp\u00e9tences, salaires, et financements<\/title>\n<meta name=\"description\" content=\"La demande est grande dans ce secteur d&#039;activit\u00e9. Mes Allocs vous explique comment devenir \u00e9lectricien avec une formation !\" \/>\n<meta name=\"robots\" content=\"index, follow, max-snippet:-1, max-image-preview:large, max-video-preview:-1\" \/>\n<link rel=\"canonical\" href=\"https:\/\/www.mes-allocs.fr\/guides\/reconversion-professionnelle\/formation-metiers\/formation-electricien\/\" \/>\n<meta property=\"og:locale\" content=\"fr_FR\" \/>\n<meta property=\"og:type\" content=\"article\" \/>\n<meta property=\"og:title\" content=\"Formation d&#039;\u00e9lectricien : comp\u00e9tences, salaires, et financements\" \/>\n<meta property=\"og:description\" content=\"La demande est grande dans ce secteur d&#039;activit\u00e9. Mes Allocs vous explique comment devenir \u00e9lectricien avec une formation !\" \/>\n<meta property=\"og:url\" content=\"https:\/\/www.mes-allocs.fr\/guides\/reconversion-professionnelle\/formation-metiers\/formation-electricien\/\" \/>\n<meta property=\"og:site_name\" content=\"Mes-Allocs.fr\" \/>\n<meta property=\"article:published_time\" content=\"2021-02-19T14:13:43+00:00\" \/>\n<meta property=\"article:modified_time\" content=\"2026-03-05T14:28:47+00:00\" \/>\n<meta property=\"og:image\" content=\"https:\/\/www.mes-allocs.fr\/guides\/wp-content\/uploads\/2021\/02\/pexels-pixabay-257736.jpg?wsr\" \/>\n\t<meta property=\"og:image:width\" content=\"1280\" \/>\n\t<meta property=\"og:image:height\" content=\"851\" \/>\n<meta name=\"twitter:card\" content=\"summary_large_image\" \/>\n<script type=\"application\/ld+json\" class=\"yoast-schema-graph\">{\"@context\":\"https:\/\/schema.org\",\"@graph\":[{\"@type\":\"WebSite\",\"@id\":\"https:\/\/www.mes-allocs.fr\/guides\/#website\",\"url\":\"https:\/\/www.mes-allocs.fr\/guides\/\",\"name\":\"Mes-Allocs.fr\",\"description\":\"\",\"potentialAction\":[{\"@type\":\"SearchAction\",\"target\":\"https:\/\/www.mes-allocs.fr\/guides\/?s={search_term_string}\",\"query-input\":\"required name=search_term_string\"}],\"inLanguage\":\"fr-FR\"},{\"@type\":\"ImageObject\",\"@id\":\"https:\/\/www.mes-allocs.fr\/guides\/reconversion-professionnelle\/formation-metiers\/formation-electricien\/#primaryimage\",\"inLanguage\":\"fr-FR\",\"url\":\"https:\/\/www.mes-allocs.fr\/guides\/wp-content\/uploads\/2021\/02\/pexels-pixabay-257736.jpg?wsr\",\"width\":1280,\"height\":851,\"caption\":\"formation electricien\"},{\"@type\":\"WebPage\",\"@id\":\"https:\/\/www.mes-allocs.fr\/guides\/reconversion-professionnelle\/formation-metiers\/formation-electricien\/#webpage\",\"url\":\"https:\/\/www.mes-allocs.fr\/guides\/reconversion-professionnelle\/formation-metiers\/formation-electricien\/\",\"name\":\"Formation d'\\u00e9lectricien : comp\\u00e9tences, salaires, et financements\",\"isPartOf\":{\"@id\":\"https:\/\/www.mes-allocs.fr\/guides\/#website\"},\"primaryImageOfPage\":{\"@id\":\"https:\/\/www.mes-allocs.fr\/guides\/reconversion-professionnelle\/formation-metiers\/formation-electricien\/#primaryimage\"},\"datePublished\":\"2021-02-19T14:13:43+00:00\",\"dateModified\":\"2026-03-05T14:28:47+00:00\",\"author\":{\"@id\":\"https:\/\/www.mes-allocs.fr\/guides\/#\/schema\/person\/e4e762c89158b34a332446d26f02fd56\"},\"description\":\"La demande est grande dans ce secteur d'activit\\u00e9. Mes Allocs vous explique comment devenir \\u00e9lectricien avec une formation !\",\"inLanguage\":\"fr-FR\"},{\"@type\":\"Person\",\"@id\":\"https:\/\/www.mes-allocs.fr\/guides\/#\/schema\/person\/e4e762c89158b34a332446d26f02fd56\",\"name\":\"Marylou\",\"image\":{\"@type\":\"ImageObject\",\"@id\":\"https:\/\/www.mes-allocs.fr\/guides\/#personlogo\",\"inLanguage\":\"fr-FR\",\"url\":\"https:\/\/www.mes-allocs.fr\/guides\/wp-content\/uploads\/2021\/06\/marylou-150x150.png\",\"caption\":\"Marylou\"},\"description\":\"Marylou est r\\u00e9dactrice au sein de l'\\u00e9quipe Mes Allocs, sp\\u00e9cialiste des sujets de soci\\u00e9t\\u00e9 en g\\u00e9n\\u00e9ral. Dipl\\u00f4m\\u00e9e de l'Institut Sup\\u00e9rieur de Formation au Journalisme, elle rejoint Mes Allocs apr\\u00e8s cr\\u00e9\\u00e9 son premier blog personnel.\",\"sameAs\":[\"https:\/\/www.linkedin.com\/in\/marylou-pr\\u00e9vost\"]}]}<\/script>\n<!-- \/ Yoast SEO plugin. -->","amp_validity":null,"acf":{"faq":{"1":{"question":"Quel est le salaire d'un \u00e9lectricien ?","answer":"Un d\u00e9butant \u00e9lectricien en b\u00e2timent gagne le Smic, salaire moyen d'un professionnel d'exp\u00e9rience peut atteindre 2 500 \u20ac brut par mois. "},"2":{"question":"Comment devenir artisan Electricien ?","answer":"Il faut d\u00e9tenir les qualifications professionnelles n\u00e9cessaires. Les dipl\u00f4mes suivants vous permettent d'exercer l'activit\u00e9 d'\u00e9lectricien pour votre propre compte : CAP, BEP ou dipl\u00f4me de niveau \u00e9quivalent ou sup\u00e9rieur d\u00e9di\u00e9 aux m\u00e9tiers de l'\u00e9lectricit\u00e9."},"3":{"question":"Quel est le tarif horaire d'un \u00e9lectricien ?","answer":"Le tarif horaire d'un \u00e9lectricien agr\u00e9\u00e9 se chiffre entre 30 et 75 \u20ac HT de l'heure, en fonction de son exp\u00e9rience et de la complexit\u00e9 de la prestation demand\u00e9e. "},"4":{"question":"Comment devenir \u00e9lectricien sans dipl\u00f4me ?","answer":"Si vous avez \u00e9t\u00e9 \u00e9lectricien salari\u00e9 d'une entreprise pendant trois ans ou plus, vous pouvez donc devenir \u00e9lectricien \u00e0 votre compte sans dipl\u00f4me"},"5":{"question":"Quelles sont les conditions de travail d'un \u00e9lectricien ?","answer":"La profession requiert une bonne condition physique, et l'aptitude au travail en hauteur."},"6":{"question":"Qui finance le CPF de transition ?","answer":"Si vous \u00eates en CDD, le financement de otre CPF transition peut \u00eatre l'oeuvre de la commission paritaire interprofessionnelle r\u00e9gionale comp\u00e9tente au cours de l'ex\u00e9cution de son contrat de travail."},"7":{"question":"","answer":""},"8":{"question":"","answer":""},"9":{"question":"","answer":""},"10":{"question":"","answer":""},"11":{"question":"","answer":""},"12":{"question":"","answer":""},"13":{"question":"","answer":""},"14":{"question":"","answer":""},"15":{"question":"","answer":""},"16":{"question":"","answer":""}}},"_links":{"self":[{"href":"https:\/\/www.mes-allocs.fr\/guides\/wp-json\/wp\/v2\/posts\/19957","targetHints":{"allow":["GET"]}}],"collection":[{"href":"https:\/\/www.mes-allocs.fr\/guides\/wp-json\/wp\/v2\/posts"}],"about":[{"href":"https:\/\/www.mes-allocs.fr\/guides\/wp-json\/wp\/v2\/types\/post"}],"author":[{"embeddable":true,"href":"https:\/\/www.mes-allocs.fr\/guides\/wp-json\/wp\/v2\/users\/9"}],"replies":[{"embeddable":true,"href":"https:\/\/www.mes-allocs.fr\/guides\/wp-json\/wp\/v2\/comments?post=19957"}],"version-history":[{"count":16,"href":"https:\/\/www.mes-allocs.fr\/guides\/wp-json\/wp\/v2\/posts\/19957\/revisions"}],"predecessor-version":[{"id":110198,"href":"https:\/\/www.mes-allocs.fr\/guides\/wp-json\/wp\/v2\/posts\/19957\/revisions\/110198"}],"wp:featuredmedia":[{"embeddable":true,"href":"https:\/\/www.mes-allocs.fr\/guides\/wp-json\/wp\/v2\/media\/19971"}],"wp:attachment":[{"href":"https:\/\/www.mes-allocs.fr\/guides\/wp-json\/wp\/v2\/media?parent=19957"}],"wp:term":[{"taxonomy":"category","embeddable":true,"href":"https:\/\/www.mes-allocs.fr\/guides\/wp-json\/wp\/v2\/categories?post=19957"},{"taxonomy":"post_tag","embeddable":true,"href":"https:\/\/www.mes-allocs.fr\/guides\/wp-json\/wp\/v2\/tags?post=19957"}],"curies":[{"name":"wp","href":"https:\/\/api.w.org\/{rel}","templated":true}]}}