{"id":19944,"date":"2021-02-19T14:12:50","date_gmt":"2021-02-19T14:12:50","guid":{"rendered":"https:\/\/www.mes-allocs.fr\/guides\/?p=19944"},"modified":"2026-03-05T15:19:04","modified_gmt":"2026-03-05T14:19:04","slug":"formation-patisserie","status":"publish","type":"post","link":"https:\/\/www.mes-allocs.fr\/guides\/reconversion-professionnelle\/formation-metiers\/formation-patisserie\/","title":{"rendered":"La formation p\u00e2tisserie : \u00e9tude, salaire, \u00e9volution"},"content":{"rendered":"<p><a href=\"https:\/\/www.mes-allocs.fr\/guides\/wp-content\/uploads\/2021\/02\/dough-943245_1280.jpg\"><img loading=\"lazy\" decoding=\"async\" class=\"aligncenter wp-image-19948 size-full\" title=\"formation patisserie\" src=\"https:\/\/www.mes-allocs.fr\/guides\/wp-content\/uploads\/2021\/02\/dough-943245_1280-e1613509928484.jpg\" alt=\"formation patisserie\" width=\"1280\" height=\"467\" \/><\/a><\/p>\n<p style=\"text-align: justify;\">[Mis \u00e0 jour le 05\/03\/2026] La <a href=\"https:\/\/www.mes-allocs.fr\/guides\/reconversion-professionnelle\/\">reconversion professionnelle<\/a> en tant que p\u00e2tissier est relativement simple. Vous devrez r\u00e9ussir le CAP p\u00e2tissier pour adulte, ce dernier se compose de quelques heures par semaine ainsi que des stages \u00e0 r\u00e9aliser pour connaitre tout le savoir-faire de ce m\u00e9tier. Mes Allocs vous explique tout sur la <strong>formation en p\u00e2tisseri<\/strong>e.<\/p>\n<h1>Qu&rsquo;est-ce qu&rsquo;un p\u00e2tissier ?<\/h1>\n<p>Un p\u00e2tissier cr\u00e9e, imagine et r\u00e9alise des repas, desserts de A \u00e0 Z. Ce dernier doit \u00e9galement avoir une connaissance parfaite des ingr\u00e9dients de base, tels que la farine, les \u0153ufs, le chocolat, les laitages, etc.<\/p>\n<p>La concurrence est rude dans ce domaine d&rsquo;activit\u00e9, c&rsquo;est pourquoi un p\u00e2tissier doit fid\u00e9liser sa client\u00e8le, mais \u00e9galement \u00eatre innovant dans ses choix culinaires.<\/p>\n<p>Un p\u00e2tissier, surtout lorsque ce dernier est en profession lib\u00e9rale ou qu&rsquo;il poss\u00e8de son propre restaurant doit avoir une bonne connaissance en comptabilit\u00e9 et en gestion.<\/p>\n<p><strong>\u00c0 noter<\/strong> : Le\u00a0<strong>m\u00e9tier de p\u00e2tissier<\/strong> est en constante \u00e9volution, il doit se tenir inform\u00e9 des tendances et \u00e9volutions de production (\u00e9volution des techniques de surg\u00e9lation, de cuissons, cuisine mol\u00e9culaire).<\/p>\n<p class=\"p1\"><div class='cta-block'><div class='text'>Besoin d&rsquo;aide dans votre reconversion ?<\/div><a href='' class='app-button fit'>En savoir plus sur notre programme<\/a><\/div><\/p>\n<h1>\u00c9tudes et formations pour devenir p\u00e2tissier<\/h1>\n<p><strong>Il existe plusieurs formations, dipl\u00f4mes pour exercer en tant que p\u00e2tissier, \u00e0 savoir :\u00a0<\/strong><\/p>\n<p><strong>Le CAP<\/strong><\/p>\n<ul>\n<li>CAP p\u00e2tissier,<\/li>\n<li>CAP chocolatier-confiseur,<\/li>\n<li>CAP glacier-fabricant,<\/li>\n<li>MC (mention compl\u00e9mentaire) : p\u00e2tisserie-glacerie-chocolaterie-confiserie sp\u00e9cialis\u00e9es( 1 an apr\u00e8s CAP),<\/li>\n<li>MC p\u00e2tisserie boulang\u00e8re,<\/li>\n<li>MC cuisinier en dessert de restaurant,<\/li>\n<\/ul>\n<p><strong>N<\/strong>i<strong>veau bac\u00a0<\/strong><\/p>\n<ul>\n<li>Bac pro boulanger-p\u00e2tissier,<\/li>\n<li>BTM p\u00e2tissier confiseur glacier traiteur<\/li>\n<\/ul>\n<p><strong>Niveau bac +2<\/strong><\/p>\n<ul>\n<li>BM p\u00e2tissier confiseur glacier traiteur<\/li>\n<\/ul>\n<p><strong>Niveau bac +3<\/strong><\/p>\n<ul>\n<li>Bachelor arts culinaires et entreprenariat option p\u00e2tisserie (Ferrandi) pour devenir chef de cuisine en restaurant.<\/li>\n<\/ul>\n<p><iframe loading=\"lazy\" title=\"La reconversion professionnelle\" width=\"500\" height=\"281\" src=\"https:\/\/www.youtube.com\/embed\/EiVUthswxl0?feature=oembed\" frameborder=\"0\" allow=\"accelerometer; autoplay; clipboard-write; encrypted-media; gyroscope; picture-in-picture; web-share\" referrerpolicy=\"strict-origin-when-cross-origin\" allowfullscreen><\/iframe><\/p>\n<h1>Le CAP de reconversion p\u00e2tissier<\/h1>\n<p>Ce CAP s&rsquo;adresse principalement aux personnes n&rsquo;ayant aucune exp\u00e9rience professionnelle dans le m\u00e9tier de p\u00e2tissier. Il s&rsquo;agit d&rsquo;un programme d&rsquo; enseignement g\u00e9n\u00e9ral de la p\u00e2tisserie qui se veut une version condens\u00e9e du CAP p\u00e2tisserie classique. Vous b\u00e9n\u00e9ficierez d&rsquo;une formation d&rsquo;une dur\u00e9e de 6 mois en immersion totale(7 heures par jours) pour apprendre tout le savoir-faire d&rsquo;un p\u00e2tissier.<\/p>\n<p>Cette formation CAP p\u00e2tissier est compl\u00e9t\u00e9e par des interventions de chefs p\u00e2tissiers de renom (ma\u00eetres p\u00e2tissiers, Meilleurs Ouvriers de France p\u00e2tissiers) qui permettent de participer au succ\u00e8s des candidats \u00e0 l&rsquo;examen du CAP.<\/p>\n<h2>\u00c0 qui s&rsquo;adresse ce CAP ?<\/h2>\n<p>Cette formation courte et intensive s&rsquo;adresse aux \u00e9tudiants, aux demandeurs d&#8217;emploi, mais \u00e9galement aux personnes en reconversion professionnelle.<\/p>\n<h2>Quels sont les avantages ?<\/h2>\n<ul>\n<li>La pr\u00e9paration au Certificat d&rsquo;Aptitude Professionnelle (CAP), dipl\u00f4me d\u2019\u00c9tat de niveau 3, d\u00e9livr\u00e9 par l\u2019\u00c9ducation nationale fran\u00e7aise. Que vous passerez en candidat libre.<\/li>\n<li>Un apprentissage intensif : 7 heures de cours par jour<\/li>\n<li>Une infrastructure haut de gamme pour un apprentissage intensif encadr\u00e9 par une \u00e9quipe p\u00e9dagogique professionnelle<\/li>\n<li>Stage de\u00a014 semaines obligatoire\u00a0r\u00e9alis\u00e9 chez un artisan<\/li>\n<\/ul>\n<h1>Comment financer sa formation de p\u00e2tissier ?<\/h1>\n<h2 class=\"font-noe-display text-carnation\" dir=\"ltr\">Le Projet de transition professionnelle (PTP)<\/h2>\n<p>Le projet de transition professionnelle (PTP) permet \u00e0 un salari\u00e9 de quitter temporairement son poste pour suivre une formation afin de changer de m\u00e9tier ou de profession.<\/p>\n<p>Il est accessible sous certaines conditions et n\u00e9cessite une demande aupr\u00e8s de l\u2019employeur. Pendant la formation, le salari\u00e9 continue d\u2019\u00eatre r\u00e9mun\u00e9r\u00e9. Les r\u00e8gles varient selon que vous \u00eates en CDI ou en CDD.<\/p>\n<p>Contactez un <a href=\"https:\/\/www.formademia.fr\/formulaire\/coaching\">conseiller Mes Allocs<\/a> pour \u00eatre orient\u00e9 sur les possibilit\u00e9s de financement !<\/p>\n<h2 class=\"font-noe-display text-carnation\" dir=\"ltr\">Le Compte Personnel de Formation (CPF)<\/h2>\n<p>Le Compte Personnel de Formation \u00e9tait autrefois le DIF, gr\u00e2ce \u00e0 la Loi \u00ab\u00a0Pour la libert\u00e9 de choisir son avenir professionnel\u00a0\u00bb, ce sont des euros qui se cumulent sur le CPF afin de pouvoir vous former \u00e0 quand vous le souhaiter. Chaque ann\u00e9e, 500 \u20ac sont ajout\u00e9s sur ce compte (ex : pour un travail \u00e0 temps plein) mais avec un plafond 5 000 \u20ac.<\/p>\n<p>Ce montant est de 800 \u20ac pour un salari\u00e9 non qualifi\u00e9 (avec un plafond de 8 000 \u20ac). L\u2019avantage est que le salaire est maintenu lors d\u2019une formation faite avec le CPF. Si le CPF est insuffisant (en \u20ac) pour financer votre formation, il existe des possibilit\u00e9s d&rsquo;abonnement.<\/p>\n<h1>Salaire d&rsquo;un p\u00e2tissier<\/h1>\n<p>Le salaire d&rsquo;un p\u00e2tissier d\u00e9pend de ses comp\u00e9tences et de son niveau d&rsquo;exp\u00e9rience. Un titulaire de CAP d\u00e9butant peut pr\u00e9tendre \u00e0 1 458 \u20ac brut par mois et 1 800 \u20ac pour un ouvrier qualifi\u00e9.<\/p>\n<p class=\"p1\"><div class='cta-block'><div class='text'>Besoin d&rsquo;aide dans votre reconversion ?<\/div><a href='' class='app-button fit'>En savoir plus sur notre programme<\/a><\/div><\/p>\n","protected":false},"excerpt":{"rendered":"<p>[Mis \u00e0 jour le 05\/03\/2026] La reconversion professionnelle en tant que p\u00e2tissier est relativement simple. Vous devrez r\u00e9ussir le CAP p\u00e2tissier pour adulte, ce dernier se compose de quelques heures par semaine ainsi que des stages \u00e0 r\u00e9aliser pour connaitre tout le savoir-faire de ce m\u00e9tier. Mes Allocs vous explique tout sur la formation en [&hellip;]<\/p>\n","protected":false},"author":9,"featured_media":19948,"comment_status":"open","ping_status":"open","sticky":false,"template":"","format":"standard","meta":{"amp_status":"","footnotes":""},"categories":[5979,5081],"tags":[],"class_list":["post-19944","post","type-post","status-publish","format-standard","has-post-thumbnail","hentry","category-formation-metiers","category-reconversion-professionnelle"],"yoast_head":"<!-- This site is optimized with the Yoast SEO plugin v14.9 - https:\/\/yoast.com\/wordpress\/plugins\/seo\/ -->\n<title>La formation p\u00e2tisserie : \u00e9tude, salaire, \u00e9volution | Mes-Allocs.fr<\/title>\n<meta name=\"description\" content=\"Pour vous reconvertir dans la p\u00e2tisserie, vous pourrez suivre une formation de CAP p\u00e2tisserie. Mes Allocs vous explique tout en d\u00e9tail ici !\" \/>\n<meta name=\"robots\" content=\"index, follow, max-snippet:-1, max-image-preview:large, max-video-preview:-1\" \/>\n<link rel=\"canonical\" href=\"https:\/\/www.mes-allocs.fr\/guides\/reconversion-professionnelle\/formation-metiers\/formation-patisserie\/\" \/>\n<meta property=\"og:locale\" content=\"fr_FR\" \/>\n<meta property=\"og:type\" content=\"article\" \/>\n<meta property=\"og:title\" content=\"La formation p\u00e2tisserie : \u00e9tude, salaire, \u00e9volution | Mes-Allocs.fr\" \/>\n<meta property=\"og:description\" content=\"Pour vous reconvertir dans la p\u00e2tisserie, vous pourrez suivre une formation de CAP p\u00e2tisserie. Mes Allocs vous explique tout en d\u00e9tail ici !\" \/>\n<meta property=\"og:url\" content=\"https:\/\/www.mes-allocs.fr\/guides\/reconversion-professionnelle\/formation-metiers\/formation-patisserie\/\" \/>\n<meta property=\"og:site_name\" content=\"Mes-Allocs.fr\" \/>\n<meta property=\"article:published_time\" content=\"2021-02-19T14:12:50+00:00\" \/>\n<meta property=\"article:modified_time\" content=\"2026-03-05T14:19:04+00:00\" \/>\n<meta property=\"og:image\" content=\"https:\/\/www.mes-allocs.fr\/guides\/wp-content\/uploads\/2021\/02\/dough-943245_1280.jpg?wsr\" \/>\n\t<meta property=\"og:image:width\" content=\"1280\" \/>\n\t<meta property=\"og:image:height\" content=\"836\" \/>\n<meta name=\"twitter:card\" content=\"summary_large_image\" \/>\n<script type=\"application\/ld+json\" class=\"yoast-schema-graph\">{\"@context\":\"https:\/\/schema.org\",\"@graph\":[{\"@type\":\"WebSite\",\"@id\":\"https:\/\/www.mes-allocs.fr\/guides\/#website\",\"url\":\"https:\/\/www.mes-allocs.fr\/guides\/\",\"name\":\"Mes-Allocs.fr\",\"description\":\"\",\"potentialAction\":[{\"@type\":\"SearchAction\",\"target\":\"https:\/\/www.mes-allocs.fr\/guides\/?s={search_term_string}\",\"query-input\":\"required name=search_term_string\"}],\"inLanguage\":\"fr-FR\"},{\"@type\":\"ImageObject\",\"@id\":\"https:\/\/www.mes-allocs.fr\/guides\/reconversion-professionnelle\/formation-metiers\/formation-patisserie\/#primaryimage\",\"inLanguage\":\"fr-FR\",\"url\":\"https:\/\/www.mes-allocs.fr\/guides\/wp-content\/uploads\/2021\/02\/dough-943245_1280.jpg?wsr\",\"width\":1280,\"height\":836,\"caption\":\"formation patisserie\"},{\"@type\":\"WebPage\",\"@id\":\"https:\/\/www.mes-allocs.fr\/guides\/reconversion-professionnelle\/formation-metiers\/formation-patisserie\/#webpage\",\"url\":\"https:\/\/www.mes-allocs.fr\/guides\/reconversion-professionnelle\/formation-metiers\/formation-patisserie\/\",\"name\":\"La formation p\\u00e2tisserie : \\u00e9tude, salaire, \\u00e9volution | Mes-Allocs.fr\",\"isPartOf\":{\"@id\":\"https:\/\/www.mes-allocs.fr\/guides\/#website\"},\"primaryImageOfPage\":{\"@id\":\"https:\/\/www.mes-allocs.fr\/guides\/reconversion-professionnelle\/formation-metiers\/formation-patisserie\/#primaryimage\"},\"datePublished\":\"2021-02-19T14:12:50+00:00\",\"dateModified\":\"2026-03-05T14:19:04+00:00\",\"author\":{\"@id\":\"https:\/\/www.mes-allocs.fr\/guides\/#\/schema\/person\/e4e762c89158b34a332446d26f02fd56\"},\"description\":\"Pour vous reconvertir dans la p\\u00e2tisserie, vous pourrez suivre une formation de CAP p\\u00e2tisserie. Mes Allocs vous explique tout en d\\u00e9tail ici !\",\"inLanguage\":\"fr-FR\"},{\"@type\":\"Person\",\"@id\":\"https:\/\/www.mes-allocs.fr\/guides\/#\/schema\/person\/e4e762c89158b34a332446d26f02fd56\",\"name\":\"Marylou\",\"image\":{\"@type\":\"ImageObject\",\"@id\":\"https:\/\/www.mes-allocs.fr\/guides\/#personlogo\",\"inLanguage\":\"fr-FR\",\"url\":\"https:\/\/www.mes-allocs.fr\/guides\/wp-content\/uploads\/2021\/06\/marylou-150x150.png\",\"caption\":\"Marylou\"},\"description\":\"Marylou est r\\u00e9dactrice au sein de l'\\u00e9quipe Mes Allocs, sp\\u00e9cialiste des sujets de soci\\u00e9t\\u00e9 en g\\u00e9n\\u00e9ral. Dipl\\u00f4m\\u00e9e de l'Institut Sup\\u00e9rieur de Formation au Journalisme, elle rejoint Mes Allocs apr\\u00e8s cr\\u00e9\\u00e9 son premier blog personnel.\",\"sameAs\":[\"https:\/\/www.linkedin.com\/in\/marylou-pr\\u00e9vost\"]}]}<\/script>\n<!-- \/ Yoast SEO plugin. -->","amp_validity":null,"acf":{"faq":{"1":{"question":"Quelles \u00e9tudes pour devenir p\u00e2tissier ?","answer":"CAP p\u00e2tissier,\r\nCAP chocolatier-confiseur,\r\nCAP glacier-fabricant,\r\nMC (mention compl\u00e9mentaire) : p\u00e2tisserie-glacerie-chocolaterie-confiserie sp\u00e9cialis\u00e9es( 1 an apr\u00e8s CAP),\r\nMC p\u00e2tisserie boulang\u00e8re,\r\nMC cuisinier en dessert de restaurant,"},"2":{"question":" Comment se reconvertir dans la p\u00e2tisserie ?","answer":"Il vous suffit d'une bonne formation CAP P\u00e2tissier pour adulte, de quelques heures par semaine et d'un peu de motivation. "},"3":{"question":"Quelles sont les qualit\u00e9s requises pour \u00eatre p\u00e2tissier ?","answer":"Un p\u00e2tissier doit avant tout \u00eatre attentif et minutieux pour apprendre au mieux toutes les techniques."},"4":{"question":"Quelles sont les conditions de travail de la p\u00e2tisserie ?","answer":"La journ\u00e9e d'un artisan p\u00e2tissier d\u00e9bute entre 4 et 6 h du matin. Ses horaires de travail varient suivant la taille du magasin et les mois de l'ann\u00e9e."},"5":{"question":"Quel est le salaire d'un p\u00e2tissier ? ","answer":"Le salaire est variable selon les comp\u00e9tences et les ann\u00e9es d'exp\u00e9rience"},"6":{"question":" Comment utiliser son CPF sur son temps de travail ?","answer":"Pour les formations hors temps de travail, le salari\u00e9 pourra utiliser son CPF sans faire de demande \u00e0 l'employeur (\u00e0 la diff\u00e9rence du DIF). "},"7":{"question":"","answer":""},"8":{"question":"","answer":""},"9":{"question":"","answer":""},"10":{"question":"","answer":""},"11":{"question":"","answer":""},"12":{"question":"","answer":""},"13":{"question":"","answer":""},"14":{"question":"","answer":""},"15":{"question":"","answer":""},"16":{"question":"","answer":""}}},"_links":{"self":[{"href":"https:\/\/www.mes-allocs.fr\/guides\/wp-json\/wp\/v2\/posts\/19944","targetHints":{"allow":["GET"]}}],"collection":[{"href":"https:\/\/www.mes-allocs.fr\/guides\/wp-json\/wp\/v2\/posts"}],"about":[{"href":"https:\/\/www.mes-allocs.fr\/guides\/wp-json\/wp\/v2\/types\/post"}],"author":[{"embeddable":true,"href":"https:\/\/www.mes-allocs.fr\/guides\/wp-json\/wp\/v2\/users\/9"}],"replies":[{"embeddable":true,"href":"https:\/\/www.mes-allocs.fr\/guides\/wp-json\/wp\/v2\/comments?post=19944"}],"version-history":[{"count":18,"href":"https:\/\/www.mes-allocs.fr\/guides\/wp-json\/wp\/v2\/posts\/19944\/revisions"}],"predecessor-version":[{"id":110194,"href":"https:\/\/www.mes-allocs.fr\/guides\/wp-json\/wp\/v2\/posts\/19944\/revisions\/110194"}],"wp:featuredmedia":[{"embeddable":true,"href":"https:\/\/www.mes-allocs.fr\/guides\/wp-json\/wp\/v2\/media\/19948"}],"wp:attachment":[{"href":"https:\/\/www.mes-allocs.fr\/guides\/wp-json\/wp\/v2\/media?parent=19944"}],"wp:term":[{"taxonomy":"category","embeddable":true,"href":"https:\/\/www.mes-allocs.fr\/guides\/wp-json\/wp\/v2\/categories?post=19944"},{"taxonomy":"post_tag","embeddable":true,"href":"https:\/\/www.mes-allocs.fr\/guides\/wp-json\/wp\/v2\/tags?post=19944"}],"curies":[{"name":"wp","href":"https:\/\/api.w.org\/{rel}","templated":true}]}}