{"id":19864,"date":"2021-02-17T09:45:51","date_gmt":"2021-02-17T09:45:51","guid":{"rendered":"https:\/\/www.mes-allocs.fr\/guides\/?p=19864"},"modified":"2022-06-17T15:29:56","modified_gmt":"2022-06-17T13:29:56","slug":"motif-licenciement-droit-chomage","status":"publish","type":"post","link":"https:\/\/www.mes-allocs.fr\/guides\/chomage\/licenciement-chomage\/motif-licenciement-droit-chomage\/","title":{"rendered":"Quel motif de licenciement donne droit au ch\u00f4mage\u00a0?"},"content":{"rendered":"<p><img loading=\"lazy\" decoding=\"async\" class=\"alignnone wp-image-19869 size-full\" src=\"https:\/\/www.mes-allocs.fr\/guides\/wp-content\/uploads\/2021\/02\/pexels-pixabay-273230-2-e1613411680575.jpg\" alt=\"Quel motif de licenciement donne droit au ch\u00f4mage\u00a0?\" width=\"1920\" height=\"436\" srcset=\"https:\/\/www.mes-allocs.fr\/guides\/wp-content\/uploads\/2021\/02\/pexels-pixabay-273230-2-e1613411680575.jpg 1920w, https:\/\/www.mes-allocs.fr\/guides\/wp-content\/uploads\/2021\/02\/pexels-pixabay-273230-2-e1613411680575-300x68.jpg 300w, https:\/\/www.mes-allocs.fr\/guides\/wp-content\/uploads\/2021\/02\/pexels-pixabay-273230-2-e1613411680575-1024x233.jpg 1024w, https:\/\/www.mes-allocs.fr\/guides\/wp-content\/uploads\/2021\/02\/pexels-pixabay-273230-2-e1613411680575-768x174.jpg 768w, https:\/\/www.mes-allocs.fr\/guides\/wp-content\/uploads\/2021\/02\/pexels-pixabay-273230-2-e1613411680575-1536x349.jpg 1536w, https:\/\/www.mes-allocs.fr\/guides\/wp-content\/uploads\/2021\/02\/pexels-pixabay-273230-2-e1613411680575-600x136.jpg 600w\" sizes=\"auto, (max-width: 1920px) 100vw, 1920px\" \/><\/p>\n<p style=\"text-align: justify;\"><span style=\"font-family: georgia, palatino, serif;\"><span style=\"font-size: medium;\">Vous venez de vous faire licencier ? Votre contrat vient donc de prendre fin pour un motif ou un autre. Vous aimeriez savoir si ce motif pr\u00e9cis vous permet de b\u00e9n\u00e9ficier de <a href=\"https:\/\/www.mes-allocs.fr\/guides\/pole-emploi\/droit-au-chomage\/chomage-droits-apres-licenciement\/\" target=\"_blank\" rel=\"noopener noreferrer\">l&rsquo;ARE<\/a>\u00a0? L&rsquo;\u00e9quipe de Mes-Allocs vous en dit plus sur l&rsquo;allocation ch\u00f4mage.<\/span><\/span><\/p>\n<hr \/>\n<h1><span style=\"font-family: georgia, palatino, serif;\">Qu&rsquo;est-ce que le licenciement ?<\/span><\/h1>\n<p><span style=\"font-family: georgia, palatino, serif;\"><span style=\"font-size: medium;\"> Un licenciement doit l\u00e9galement \u00eatre motiv\u00e9 par une cause r\u00e9elle et s\u00e9rieuse. Il doit aussi \u00eatre fond\u00e9 sur des faits incontestables et v\u00e9rifiables. <\/span><\/span><\/p>\n<p><span style=\"font-family: georgia, palatino, serif;\"><span style=\"font-size: medium;\">Il existe deux types de licenciement\u00a0:<\/span><\/span><\/p>\n<ul>\n<li><span style=\"font-family: georgia, palatino, serif;\"><span style=\"font-size: medium;\">pour motif personnel, li\u00e9 \u00e0 la personne m\u00eame du salari\u00e9.<\/span><\/span><\/li>\n<li><span style=\"font-family: georgia, palatino, serif;\"><span style=\"font-size: medium;\">pour motif \u00e9conomique, d\u00fb \u00e0 des difficult\u00e9s \u00e9conomiques ou mutations technologiques.<\/span><\/span><\/li>\n<\/ul>\n<p><span style=\"font-family: georgia, palatino, serif;\"><span style=\"font-size: large;\"><strong><span style=\"font-size: medium;\">\u00c0 noter : <\/span><\/strong><span style=\"font-size: medium;\">Le terme de licenciement n&rsquo;est utilis\u00e9 que dans le cadre d&rsquo;un CDI (contrat \u00e0 dur\u00e9e ind\u00e9termin\u00e9e). Pour un CDD (contrat \u00e0 dur\u00e9e d\u00e9termin\u00e9e), on parle d&rsquo;une rupture anticip\u00e9e.<\/span><\/span><\/span><\/p>\n<h2 align=\"justify\">Les droits apr\u00e8s un licenciement<img loading=\"lazy\" decoding=\"async\" class=\"wp-image-19873 size-medium alignright\" src=\"https:\/\/www.mes-allocs.fr\/guides\/wp-content\/uploads\/2021\/02\/pexels-cottonbro-5191389-2-200x300.jpg\" alt=\"Les droits apr\u00e8s un licenciement\" width=\"200\" height=\"300\" srcset=\"https:\/\/www.mes-allocs.fr\/guides\/wp-content\/uploads\/2021\/02\/pexels-cottonbro-5191389-2-200x300.jpg 200w, https:\/\/www.mes-allocs.fr\/guides\/wp-content\/uploads\/2021\/02\/pexels-cottonbro-5191389-2-400x600.jpg 400w, https:\/\/www.mes-allocs.fr\/guides\/wp-content\/uploads\/2021\/02\/pexels-cottonbro-5191389-2.jpg 640w\" sizes=\"auto, (max-width: 200px) 100vw, 200px\" \/><\/h2>\n<p><span style=\"font-family: georgia, palatino, serif;\"><span style=\"font-size: medium;\">Suite \u00e0 votre licenciement, vous pouvez b\u00e9n\u00e9ficier (sous certaines conditions) de plusieurs droits :<\/span><\/span><\/p>\n<ul>\n<li><span style=\"font-family: georgia, palatino, serif;\"><span style=\"font-size: medium;\">L&rsquo;indemnit\u00e9 compensatrice de cong\u00e9s pay\u00e9s<\/span><\/span><\/li>\n<li><span style=\"font-family: georgia, palatino, serif;\"><span style=\"font-size: medium;\">L&rsquo;indemnit\u00e9 de pr\u00e9avis<\/span><\/span><\/li>\n<li><span style=\"font-family: georgia, palatino, serif;\"><span style=\"font-size: medium;\">Et l&rsquo;<a href=\"https:\/\/www.mes-allocs.fr\/guides\/chomage\" target=\"_blank\" rel=\"noopener noreferrer\">allocation ch\u00f4mage<\/a>\u00a0<\/span><\/span><\/li>\n<\/ul>\n<p><span style=\"font-family: georgia, palatino, serif;\"><span style=\"font-size: medium;\">L&rsquo;\u00e9ligibilit\u00e9 aux allocations ch\u00f4mage, d\u00e9pend de plusieurs \u00e9l\u00e9ments. En effet, vous devez :<\/span><\/span><\/p>\n<ul>\n<li style=\"text-align: justify;\"><span style=\"font-family: georgia, palatino, serif;\"><span style=\"font-size: medium;\">\u00catre apte physiquement \u00e0 exercer un emploi,<\/span><\/span><\/li>\n<li style=\"text-align: justify;\"><span style=\"font-family: georgia, palatino, serif;\"><span style=\"font-size: medium;\">Avoir \u00e9t\u00e9 involontairement licenci\u00e9 quel que soit le motif,<\/span><\/span><\/li>\n<li style=\"text-align: justify;\"><span style=\"font-family: georgia, palatino, serif;\"><span style=\"font-size: medium;\">Rechercher activement un emploi et fournir r\u00e9guli\u00e8rement des justificatifs des d\u00e9marches effectu\u00e9es,<\/span><\/span><\/li>\n<li style=\"text-align: justify;\"><span style=\"font-family: georgia, palatino, serif;\"><span style=\"font-size: medium;\">\u00catre inscrit \u00e0 P\u00f4le Emploi comme demandeur d\u2019emploi,<\/span><\/span><\/li>\n<li style=\"text-align: justify;\"><span style=\"font-family: georgia, palatino, serif;\"><span style=\"font-size: medium;\">R\u00e9sider sur le territoire Fran\u00e7ais,<\/span><\/span><\/li>\n<li style=\"text-align: justify;\"><span style=\"font-family: georgia, palatino, serif;\"><span style=\"font-size: medium;\">Avoir travaill\u00e9 pendant au moins 6 mois au cours des 2 derni\u00e8res ann\u00e9es.<\/span><\/span><\/li>\n<li style=\"text-align: justify;\"><span style=\"font-family: georgia, palatino, serif;\"><span style=\"font-size: medium;\">Ou des 3 derni\u00e8res ann\u00e9es si vous aviez plus de 53 ans au moment du pr\u00e9c\u00e9dent contrat de travail\u00a0;<\/span><\/span><\/li>\n<li style=\"text-align: justify;\"><span style=\"font-family: georgia, palatino, serif;\"><span style=\"font-size: medium;\">Avoir un \u00e2ge inf\u00e9rieur \u00e0 l\u2019\u00e2ge de la retraite.\u00a0<\/span><\/span>Si vous avez par exemple 50 ans, vous \u00eates \u00e9ligible \u00e0 l&rsquo;ARE.<\/li>\n<\/ul>\n<p>La rupture conventionnelle, est une rupture de contrat permise par un accord entre l&#8217;employeur et l&#8217;employ\u00e9. Elle ouvre donc droit \u00e0 l&rsquo;allocation ch\u00f4mage.<\/p>\n<div class='cta-block'><div class='text'>Simulez vos allocations ch\u00f4mage en 2 min. Gratuit.<\/div><a href='https:\/\/www.mes-allocs.fr\/ab-app?origin=guides\/wp-json\/wp\/v2\/posts\/19864' class='app-button fit'>Simulation gratuite<\/a><\/div>\n<h2 class=\"western\"><span style=\"font-family: georgia, palatino, serif; font-size: 18pt;\">La proc\u00e9dure de licenciement<\/span><\/h2>\n<p>Votre licenciement doit \u00eatre conforme pour que vous puissiez b\u00e9n\u00e9ficier de vos droits apr\u00e8s un licenciement. Votre employeur doit donc suivre scrupuleusement la proc\u00e9dure r\u00e9glementaire en vigueur.<\/p>\n<p><span style=\"font-family: georgia, palatino, serif;\"><span style=\"font-size: medium;\">D&rsquo;apr\u00e8s cette proc\u00e9dure, il doit :<br \/>\n<\/span><\/span><\/p>\n<ul>\n<li><span style=\"font-family: georgia, palatino, serif;\"><span style=\"font-size: medium;\">convoquer son salari\u00e9 \u00e0 un entretien\u00a0;<\/span><\/span><\/li>\n<li><span style=\"font-family: georgia, palatino, serif;\"><span style=\"font-size: medium;\">s&rsquo;entretenir au pr\u00e9alable du licenciement avec lui\/elle ;<\/span><\/span><\/li>\n<li><span style=\"font-family: georgia, palatino, serif;\"><span style=\"font-size: medium;\">lui notifier son licenciement\u00a0;<\/span><\/span><\/li>\n<li><span style=\"font-family: georgia, palatino, serif;\"><span style=\"font-size: medium;\">respecter un certain pr\u00e9avis.<\/span><\/span><\/li>\n<\/ul>\n<p><span style=\"font-family: georgia, palatino, serif;\"><span style=\"font-size: xx-small;\"><strong><span style=\"font-size: medium;\">\u00c0 noter\u00a0<\/span><\/strong><span style=\"font-size: medium;\"><strong>:<\/strong>\u00a0Les d\u00e9lais de convocation, d&rsquo;entretien, de notification et de pr\u00e9avis, varient selon le type de licenciement.<\/span><\/span><\/span><\/p>\n<p><span style=\"font-family: georgia, palatino, serif; font-size: 12pt;\">Votre employeur est aussi dans l&rsquo;obligation de vous d\u00e9livrer, lors de votre licenciement :<\/span><\/p>\n<ul>\n<li><span style=\"font-family: georgia, palatino, serif; font-size: 12pt;\">Un certificat de travail\u00a0;<\/span><\/li>\n<li><span style=\"font-family: georgia, palatino, serif; font-size: 12pt;\">Un solde de tout compte\u00a0;<\/span><\/li>\n<li><span style=\"font-family: georgia, palatino, serif; font-size: 12pt;\">Et une Attestation P\u00f4le emploi qui vous permettra de vous inscrire en tant que demandeur d&#8217;emploi. Ainsi, vous pourrez b\u00e9n\u00e9ficier de l&rsquo; allocation ch\u00f4mage.<\/span><\/li>\n<\/ul>\n<h1>Le licenciement pour motif \u00e9conomique<\/h1>\n<p>Ce type de licenciement diff\u00e8re du licenciement pour motif personnel. Il n&rsquo;est donc pas li\u00e9 \u00e0 la personne m\u00eame du salari\u00e9.<\/p>\n<p>En effet, il est motiv\u00e9 par des raisons \u00e9conomiques dues \u00e0 une :<\/p>\n<ul>\n<li>Suppression ou une transformation de l&#8217;emploi du salari\u00e9 concern\u00e9<\/li>\n<li>Modification d&rsquo;un \u00e9l\u00e9ment essentiel du contrat de travail et refus\u00e9e par le salari\u00e9<\/li>\n<\/ul>\n<p>Ce licenciement ouvre droit \u00e0 l&rsquo;ARE. S&rsquo;il remplit les conditions impos\u00e9es par la proc\u00e9dure de rigueur, vous pourrez b\u00e9n\u00e9ficier de l&rsquo;allocation ch\u00f4mage.<\/p>\n<div class=\"bloc-edito bloc-aNoter\">\n<p><strong>\u00c0 noter :<\/strong>\u00a0Le CSP vous aide et vous accompagne dans votre recherche d&#8217;emploi. Cette est aide r\u00e9serv\u00e9e aux salari\u00e9s ayant subi un licenciement \u00e9conomique.<\/p>\n<\/div>\n<h1><span style=\"font-family: georgia, palatino, serif;\">Les licenciements pour motif personnel<br \/>\n<\/span><\/h1>\n<h2>Le licenciement pour faute<img loading=\"lazy\" decoding=\"async\" class=\"wp-image-19871 size-medium alignright\" src=\"https:\/\/www.mes-allocs.fr\/guides\/wp-content\/uploads\/2021\/02\/pexels-pixabay-280471-2-300x200.jpg\" alt=\"Le licenciement pour faute\" width=\"300\" height=\"200\" srcset=\"https:\/\/www.mes-allocs.fr\/guides\/wp-content\/uploads\/2021\/02\/pexels-pixabay-280471-2-300x200.jpg 300w, https:\/\/www.mes-allocs.fr\/guides\/wp-content\/uploads\/2021\/02\/pexels-pixabay-280471-2-600x399.jpg 600w, https:\/\/www.mes-allocs.fr\/guides\/wp-content\/uploads\/2021\/02\/pexels-pixabay-280471-2.jpg 640w\" sizes=\"auto, (max-width: 300px) 100vw, 300px\" \/><\/h2>\n<p>Ce licenciement fait partie des licenciements li\u00e9s \u00e0 la personne m\u00eame du salari\u00e9. Il s&rsquo;agit donc d&rsquo;un licenciement pour motif personnel.<\/p>\n<p>Il existe plusieurs types de licenciement pour faute :<\/p>\n<ul>\n<li><span style=\"font-family: georgia, palatino, serif;\"><span style=\"font-size: medium;\">Licenciement pour faute simple (absences injustifi\u00e9es, retards r\u00e9p\u00e9t\u00e9s, refus d&rsquo;effectuer certaines t\u00e2ches, etc.)<\/span><\/span><\/li>\n<li><span style=\"font-family: georgia, palatino, serif;\"><span style=\"font-size: medium;\">Le licenciement pour faute grave (insubordination, violence au travail, injures, harc\u00e8lement, vol, etc.)<\/span><\/span><\/li>\n<li><span style=\"font-family: georgia, palatino, serif;\"><span style=\"font-size: medium;\">Et le licenciement pour faute lourde (ensemble des fautes graves, r\u00e9alis\u00e9s avec l&rsquo;intention de nuire)<\/span><\/span><\/li>\n<\/ul>\n<p align=\"left\"><span style=\"font-family: georgia, palatino, serif;\"><span style=\"font-size: large;\"><span style=\"font-size: medium;\">Ces trois types de licenciement ne vous emp\u00eache aucunement de b\u00e9n\u00e9ficier de l&rsquo;ARE.\u00a0<\/span><\/span><\/span><\/p>\n<p align=\"left\"><span style=\"font-family: georgia, palatino, serif;\"><span style=\"font-size: medium;\"> Toutefois, certains de vos droits apr\u00e8s un licenciement peuvent vous \u00eatre refus\u00e9s :<\/span><\/span><\/p>\n<ul>\n<li>Pour le licenciement pour faute simple, vous aurez droit \u00e0 vos indemnit\u00e9s\n<ul>\n<li>De licenciement ;<\/li>\n<li>Compensatrice de cong\u00e9s pay\u00e9s ;<\/li>\n<li>Compensatrice de pr\u00e9avis.<\/li>\n<\/ul>\n<\/li>\n<li>Pour le licenciement pour faute grave, vous n&rsquo;aurez pas de\n<ul>\n<li>D&rsquo;indemnit\u00e9s de licenciement<\/li>\n<li>P\u00e9riode de pr\u00e9avis<\/li>\n<li>D&rsquo;indemnit\u00e9s compensatrices de pr\u00e9avis <span style=\"font-family: georgia, palatino, serif;\"><span style=\"font-size: medium;\">(sauf dispositions conventionnelles ou contractuelles plus favorables)<\/span><\/span><\/li>\n<\/ul>\n<\/li>\n<li>Et pour le licenciement pour faute lourde, vous n&rsquo;aurez pas\n<ul>\n<li>d&rsquo;indemnit\u00e9s de licenciement<\/li>\n<li>d&rsquo;indemnit\u00e9s compensatrices de cong\u00e9s pay\u00e9s<\/li>\n<li>ni d&rsquo;indemnit\u00e9s compensatrices de pr\u00e9avis<\/li>\n<\/ul>\n<\/li>\n<\/ul>\n<h2><span style=\"font-family: georgia, palatino, serif; font-size: 18pt;\">Le licenciement pour inaptitude\u00a0<span style=\"caret-color: #000000;\">professionnelle<\/span><\/span><\/h2>\n<p><span style=\"font-family: georgia, palatino, serif;\"><span style=\"font-size: medium;\">Ce licenciement a lieu suite \u00e0 un accident ou en raison d&rsquo;une maladie (professionnelle ou non). C&rsquo;est le m\u00e9decin du travail qui vous d\u00e9clare inapte.<\/span><\/span><\/p>\n<p>Ce type de licenciement ouvre droit \u00e0 l&rsquo;ARE. Toutefois, votre inscription en tant que demandeur d&#8217;emploi peut \u00eatre refus\u00e9e par P\u00f4le emploi.<\/p>\n<p>Cette raison est expliqu\u00e9e par <span style=\"font-family: georgia, palatino, serif; font-size: 12pt;\">\u00a0l\u2019article L 5421-1 du Code du travail.<\/span>\u00a0Cet article pr\u00e9cise que les prestations li\u00e9es au ch\u00f4mage sont r\u00e9serv\u00e9es aux personnes aptes au travail.<\/p>\n<h1>Les cas particuliers<\/h1>\n<h2>La rupture conventionnelle<\/h2>\n<p>Dans le cadre d&rsquo;un CDI, elle permet \u00e0 l&#8217;employeur et au salari\u00e9 de mettre fin au contrat de travail du salari\u00e9. Cette rupture se fait d&rsquo;un commun accord entre les deux partis.<\/p>\n<p>Elle peut \u00eatre individuelle ou collective. Le recours \u00e0 ce type de proc\u00e9d\u00e9 est soumis \u00e0 des conditions.<\/p>\n<p>En effet, les d\u00e9marches \u00e0 respecter lors d&rsquo;une rupture conventionnelle sont fix\u00e9es par la loi. Elle doit \u00eatre r\u00e9dig\u00e9e et valid\u00e9e par la Dreets.<abbr tabindex=\"0\" title=\"Direccte\u00a0:\u00a0Direction r\u00e9gionale des entreprises, de la concurrence, de la consommation, du travail et de l'emploi\" data-acronyme=\"R31466\" data-original-title=\"Direccte\u00a0:\u00a0Direction r\u00e9gionale des entreprises, de la concurrence, de la consommation, du travail et de l'emploi\">\u00a0Apr\u00e8s cette validation seulement, vous pourrez b\u00e9n\u00e9ficier de l&rsquo;ARE.<\/abbr><\/p>\n<div class='cta-block'><div class='text'>Simulez vos allocations ch\u00f4mage en 2 min. Gratuit.<\/div><a href='https:\/\/www.mes-allocs.fr\/ab-app?origin=guides\/wp-json\/wp\/v2\/posts\/19864' class='app-button fit'>Simulation gratuite<\/a><\/div>\n<h2>L&rsquo;abandon de poste<\/h2>\n<p align=\"left\"><span style=\"font-family: georgia, palatino, serif;\"><span style=\"font-size: medium;\">L\u2019abandon de poste renvoie \u00e0 la\u00a0situation dans laquelle le salari\u00e9 ne se pr\u00e9sente plus \u00e0 son poste de travail. Et ce, sans motif et durant une longue p\u00e9riode. <\/span><\/span><\/p>\n<p align=\"left\"><span style=\"font-family: georgia, palatino, serif;\"><span style=\"font-size: medium;\">L\u2019abandon de poste diff\u00e8re d\u2019un licenciement ou d\u2019une d\u00e9mission. Il ne s&rsquo;agit pas d&rsquo;une rupture de contrat.<\/span><\/span><\/p>\n<p><span style=\"font-family: georgia, palatino, serif;\"><span style=\"font-size: medium;\">Votre employeur dispose d&rsquo;un d\u00e9lai de 6 semaines pour constater votre abandon de poste et pour d\u00e9buter la proc\u00e9dure de licenciement. Tant que ce constat n&rsquo;est pas fait, le contrat de travail reste valide.<\/span><\/span><\/p>\n<p><span style=\"font-family: georgia, palatino, serif;\"><span style=\"font-size: medium;\">Il s&rsquo;agit de la seule situation qui n&rsquo;ouvre pas droits aux allocations ch\u00f4mage (ARE), en plus de ne pas ouvrir droits aux\u00a0indemnit\u00e9s de rupture de contrat.<\/span><\/span><\/p>\n<h1>Le montant de l&rsquo;allocation ch\u00f4mage<\/h1>\n<p><span style=\"font-family: georgia, palatino, serif;\"><span style=\"font-size: medium;\">Cette aide est f<\/span><\/span><span style=\"font-family: georgia, palatino, serif;\"><span style=\"font-size: medium;\">inanc\u00e9e en partie par vos cotisations salariales (assurance ch\u00f4mage). Et elle\u00a0<\/span><\/span><span style=\"font-family: georgia, palatino, serif;\"><span style=\"font-size: medium;\">n&rsquo;est vers\u00e9e qu&rsquo;au minimum<\/span><\/span><span style=\"font-family: georgia, palatino, serif; font-size: medium;\">\u00a07 jours,\u00a0<span style=\"caret-color: #000000;\">apr\u00e8s<\/span>\u00a0votre inscription \u00e0 P\u00f4le emploi.<\/span><\/p>\n<p><span style=\"font-family: georgia, palatino, serif; font-size: medium;\"><strong>\u00c0 noter :<\/strong> P\u00f4le emploi\u00a0<span style=\"caret-color: #000000;\">ne vous accordera pas l&rsquo;allocation ch\u00f4mage,<\/span><\/span><span style=\"font-family: georgia, palatino, serif;\"><span style=\"font-size: medium;\">\u00a0si vous avez en d\u00e9j\u00e0 b\u00e9n\u00e9fici\u00e9 au cours des 12 derniers mois.<\/span><\/span><\/p>\n<p><span style=\"font-family: georgia, palatino, serif;\"><span style=\"font-size: medium;\">De plus, ce d\u00e9lai de carence peut \u00eatre diff\u00e9r\u00e9<\/span><span style=\"font-size: medium;\">. Dans le cas o\u00f9 des indemnit\u00e9s de cong\u00e9s pay\u00e9s vous sont octroy\u00e9es lors de votre licenciement. Le diff\u00e9r\u00e9 correspond au nombre de jours de cong\u00e9s qui doivent normalement vous \u00eatre pay\u00e9s.<\/span><\/span><\/p>\n<p><span style=\"font-family: georgia, palatino, serif;\"><span style=\"font-size: medium;\">Si des<\/span><span style=\"font-size: medium;\">\u00a0indemnit\u00e9s de licenciement sont octroy\u00e9es au salari\u00e9 licenci\u00e9. Le d\u00e9lai de carence pourra \u00eatre diff\u00e9r\u00e9 de 150 jours\u00a0(sauf en cas de licenciement pour faute grave ou lourde).<\/span><\/span><\/p>\n<h2 class=\"western\"><span style=\"font-family: georgia, palatino, serif; font-size: 18pt;\"><b>Comment est calcul\u00e9 le montant de l\u2019ARE ?<\/b><\/span><\/h2>\n<p><span style=\"font-family: georgia, palatino, serif; font-size: 12pt;\">L&rsquo;allocation ch\u00f4mage est calcul\u00e9e \u00e0 partir du<\/span><span style=\"font-family: georgia, palatino, serif; font-size: 12pt;\">\u00a0salaire journalier de r\u00e9f\u00e9rence (SJR).\u00a0<\/span><span style=\"font-family: georgia, palatino, serif; font-size: 12pt;\">Ce salaire est divis\u00e9 par le nombre de jours travaill\u00e9s durant la p\u00e9riode de r\u00e9f\u00e9rence de calcul (PRC) :<\/span><\/p>\n<p style=\"text-align: center;\"><strong><span style=\"font-family: georgia, palatino, serif; font-size: 12pt;\">SJR = salaire de r\u00e9f\u00e9rence \/ (nombre de jours travaill\u00e9s x 1,4)<\/span><\/strong><\/p>\n<p><span style=\"font-family: georgia, palatino, serif; font-size: 12pt;\">La PRC correspond au temps de travail effectu\u00e9 durant les 12 mois civils pr\u00e9c\u00e9dant le dernier jour de travail pay\u00e9.<\/span><\/p>\n<p><span style=\"font-family: georgia, palatino, serif; font-size: 12pt;\">L&rsquo;allocation est aussi calcul\u00e9e \u00e0 partir des r\u00e9mun\u00e9rations brutes (anciens salaires) et sur la base du principe 1 jour travaill\u00e9 = 1 jour indemnis\u00e9.\u00a0<\/span><span style=\"font-family: georgia, palatino, serif; font-size: 12pt;\">Le nombre de jours travaill\u00e9s maximum retenu sur la p\u00e9riode de r\u00e9f\u00e9rence est de\u00a0261 jours.<\/span><\/p>\n<p><span style=\"font-family: georgia, palatino, serif; font-size: 12pt;\">Pour <a href=\"https:\/\/www.mes-allocs.fr\/guides\/chomage\/pole-emploi-actualisation\/\" target=\"_blank\" rel=\"noopener noreferrer\">chaque mois<\/a>, les r\u00e9mun\u00e9rations prises en compte ne peuvent pas d\u00e9passer\u00a013\u00a0712\u00a0\u20ac.<\/span><\/p>\n","protected":false},"excerpt":{"rendered":"<p>Vous venez de vous faire licencier ? Votre contrat vient donc de prendre fin pour un motif ou un autre. Vous aimeriez savoir si ce motif pr\u00e9cis vous permet de b\u00e9n\u00e9ficier de l&rsquo;ARE\u00a0? L&rsquo;\u00e9quipe de Mes-Allocs vous en dit plus sur l&rsquo;allocation ch\u00f4mage. Qu&rsquo;est-ce que le licenciement ? Un licenciement doit l\u00e9galement \u00eatre motiv\u00e9 par [&hellip;]<\/p>\n","protected":false},"author":7,"featured_media":19869,"comment_status":"open","ping_status":"open","sticky":false,"template":"","format":"standard","meta":{"amp_status":"","footnotes":""},"categories":[2991,2989,5926],"tags":[],"class_list":["post-19864","post","type-post","status-publish","format-standard","has-post-thumbnail","hentry","category-droit-au-chomage","category-chomage","category-licenciement-chomage"],"yoast_head":"<!-- This site is optimized with the Yoast SEO plugin v14.9 - https:\/\/yoast.com\/wordpress\/plugins\/seo\/ -->\n<title>Quel motif de licenciement donne droit au ch\u00f4mage\u00a0? | Mes-Allocs.fr<\/title>\n<meta name=\"description\" content=\"Vous venez de vous faire licencier ? Vous aimeriez savoir si ce motif pr\u00e9cis vous permet de b\u00e9n\u00e9ficier de l&#039;ARE\u00a0?\" \/>\n<meta name=\"robots\" content=\"index, follow, max-snippet:-1, max-image-preview:large, max-video-preview:-1\" \/>\n<link rel=\"canonical\" href=\"https:\/\/www.mes-allocs.fr\/guides\/chomage\/droit-au-chomage\/droit-au-chomage-licenciement-droit-au-chomage\/motif-licenciement-droit-chomage\/\" \/>\n<meta property=\"og:locale\" content=\"fr_FR\" \/>\n<meta property=\"og:type\" content=\"article\" \/>\n<meta property=\"og:title\" content=\"Quel motif de licenciement donne droit au ch\u00f4mage\u00a0? | Mes-Allocs.fr\" \/>\n<meta property=\"og:description\" content=\"Vous venez de vous faire licencier ? Vous aimeriez savoir si ce motif pr\u00e9cis vous permet de b\u00e9n\u00e9ficier de l&#039;ARE\u00a0?\" \/>\n<meta property=\"og:url\" content=\"https:\/\/www.mes-allocs.fr\/guides\/chomage\/droit-au-chomage\/droit-au-chomage-licenciement-droit-au-chomage\/motif-licenciement-droit-chomage\/\" \/>\n<meta property=\"og:site_name\" content=\"Mes-Allocs.fr\" \/>\n<meta property=\"article:published_time\" content=\"2021-02-17T09:45:51+00:00\" \/>\n<meta property=\"article:modified_time\" content=\"2022-06-17T13:29:56+00:00\" \/>\n<meta property=\"og:image\" content=\"https:\/\/www.mes-allocs.fr\/guides\/wp-content\/uploads\/2021\/02\/pexels-pixabay-273230-2-e1613411680575.jpg?wsr\" \/>\n\t<meta property=\"og:image:width\" content=\"1920\" \/>\n\t<meta property=\"og:image:height\" content=\"436\" \/>\n<meta name=\"twitter:card\" content=\"summary_large_image\" \/>\n<script type=\"application\/ld+json\" class=\"yoast-schema-graph\">{\"@context\":\"https:\/\/schema.org\",\"@graph\":[{\"@type\":\"WebSite\",\"@id\":\"https:\/\/www.mes-allocs.fr\/guides\/#website\",\"url\":\"https:\/\/www.mes-allocs.fr\/guides\/\",\"name\":\"Mes-Allocs.fr\",\"description\":\"\",\"potentialAction\":[{\"@type\":\"SearchAction\",\"target\":\"https:\/\/www.mes-allocs.fr\/guides\/?s={search_term_string}\",\"query-input\":\"required name=search_term_string\"}],\"inLanguage\":\"fr-FR\"},{\"@type\":\"ImageObject\",\"@id\":\"https:\/\/www.mes-allocs.fr\/guides\/chomage\/droit-au-chomage\/droit-au-chomage-licenciement-droit-au-chomage\/motif-licenciement-droit-chomage\/#primaryimage\",\"inLanguage\":\"fr-FR\",\"url\":\"https:\/\/www.mes-allocs.fr\/guides\/wp-content\/uploads\/2021\/02\/pexels-pixabay-273230-2-e1613411680575.jpg?wsr\",\"width\":1920,\"height\":436,\"caption\":\"pexels pixabay 273230 2 e1613411680575\"},{\"@type\":\"WebPage\",\"@id\":\"https:\/\/www.mes-allocs.fr\/guides\/chomage\/droit-au-chomage\/droit-au-chomage-licenciement-droit-au-chomage\/motif-licenciement-droit-chomage\/#webpage\",\"url\":\"https:\/\/www.mes-allocs.fr\/guides\/chomage\/droit-au-chomage\/droit-au-chomage-licenciement-droit-au-chomage\/motif-licenciement-droit-chomage\/\",\"name\":\"Quel motif de licenciement donne droit au ch\\u00f4mage\\u00a0? | Mes-Allocs.fr\",\"isPartOf\":{\"@id\":\"https:\/\/www.mes-allocs.fr\/guides\/#website\"},\"primaryImageOfPage\":{\"@id\":\"https:\/\/www.mes-allocs.fr\/guides\/chomage\/droit-au-chomage\/droit-au-chomage-licenciement-droit-au-chomage\/motif-licenciement-droit-chomage\/#primaryimage\"},\"datePublished\":\"2021-02-17T09:45:51+00:00\",\"dateModified\":\"2022-06-17T13:29:56+00:00\",\"author\":{\"@id\":\"https:\/\/www.mes-allocs.fr\/guides\/#\/schema\/person\/1c4837d5703727cb02ce84583b5a44aa\"},\"description\":\"Vous venez de vous faire licencier ? Vous aimeriez savoir si ce motif pr\\u00e9cis vous permet de b\\u00e9n\\u00e9ficier de l'ARE\\u00a0?\",\"inLanguage\":\"fr-FR\"},{\"@type\":\"Person\",\"@id\":\"https:\/\/www.mes-allocs.fr\/guides\/#\/schema\/person\/1c4837d5703727cb02ce84583b5a44aa\",\"name\":\"Fabiola\",\"image\":{\"@type\":\"ImageObject\",\"@id\":\"https:\/\/www.mes-allocs.fr\/guides\/#personlogo\",\"inLanguage\":\"fr-FR\",\"url\":\"https:\/\/www.mes-allocs.fr\/guides\/wp-content\/uploads\/2021\/06\/fabiola-150x150.png\",\"caption\":\"Fabiola\"},\"description\":\"Fabiola est r\\u00e9dactrice au sein de l'\\u00e9quipe Mes Allocs, sp\\u00e9cialis\\u00e9e en sciences politiques et affaires publiques. Dipl\\u00f4m\\u00e9e de l'HEIP, elle rejoint Mes Allocs apr\\u00e8s une premi\\u00e8re exp\\u00e9rience \\u00e0 l'Assembl\\u00e9e Nationale.\",\"sameAs\":[\"https:\/\/www.linkedin.com\/in\/cecilia-philippe-b-8a8085195\"]}]}<\/script>\n<!-- \/ Yoast SEO plugin. -->","amp_validity":null,"acf":{"faq":{"1":{"question":"\ud83e\udd37 Quel motif licenciement pour toucher ch\u00f4mage ?","answer":"Tous les licenciements ouvrent, en principe, droit \u00e0 l'allocation d'aide au retour \u00e0 l'emploi. Toutefois, certains types de licenciements comme le licenciement pour faute lourde ou grave, peuvent vous priver de vos indemnit\u00e9s de licenciement, etc."},"2":{"question":"\ud83e\udd1d Comment on peut faire pour se faire virer et toucher le ch\u00f4mage ?","answer":"Pour pouvoir b\u00e9n\u00e9ficier de l'allocation ch\u00f4mage apr\u00e8s un licenciement vous devez remplir plusieurs conditions. Par exemple, vous devez avoir perdu votre emploi involontairement. Vous devez aussi avoir travaill\u00e9 pendant au moins 6 mois au cours des 2 derni\u00e8res ann\u00e9es. Ou des 3 derni\u00e8res ann\u00e9es si vous aviez plus de 53 ans au moment du pr\u00e9c\u00e9dent contrat de travail. <br> <a href=\"https:\/\/www.mes-allocs.fr\/guides\/pole-emploi\/droit-au-chomage\/droit-au-chomage-licenciement-droit-au-chomage\/motif-licenciement-droit-chomage\/\">Lire la suite<\/a>"},"3":{"question":"\ud83e\udd14 Comment percevoir le ch\u00f4mage apr\u00e8s un licenciement ?","answer":"Pour pouvoir b\u00e9n\u00e9ficier de l'allocation ch\u00f4mage apr\u00e8s un licenciement vous devez remplir plusieurs conditions. Par exemple, vous devez avoir perdu votre emploi involontairement. Vous devez aussi avoir travaill\u00e9 pendant au moins 6 mois au cours des 2 derni\u00e8res ann\u00e9es. Ou des 3 derni\u00e8res ann\u00e9es si vous aviez plus de 53 ans au moment du pr\u00e9c\u00e9dent contrat de travail."},"4":{"question":"\ud83e\udd37 Quels sont les motifs de licenciement ?","answer":"Il existe deux grands types de licenciement. Le licenciement \u00e9conomique et le licenciement pour motif personnel. Ce dernier type de licenciement regroupe les licenciements pour faute simple, grave ou lourde mais aussi les licenciements pour inaptitude, etc. "},"5":{"question":"\ud83e\udd14 Quel d\u00e9lai pour toucher le ch\u00f4mage apr\u00e8s un licenciement ?","answer":"Apr\u00e8s un licenciement vous devez vous inscrire au P\u00f4le emploi. Un d\u00e9lai de carence de 7 jours au moins est \u00e0 pr\u00e9voir entre votre inscription et le versement de votre allocation.<br> <a href=\"https:\/\/www.mes-allocs.fr\/guides\/pole-emploi\/droit-au-chomage\/droit-au-chomage-licenciement-droit-au-chomage\/motif-licenciement-droit-chomage\/\">Lire la suite<\/a>"},"6":{"question":"\ud83e\udd37 Comment d\u00e9missionner d'un CDI et toucher le ch\u00f4mage ?","answer":"Tous les motifs de licenciement ouvrent droit au ch\u00f4mage. Il faut, toutefois, que vous remplissiez des conditions sp\u00e9cifiques pour en b\u00e9n\u00e9ficier :  par exemple, vous devez avoir perdu votre emploi involontairement. L'abandon n'ouvre cependant pas droit \u00e0 l'ARE.<br> <a href=\"https:\/\/www.mes-allocs.fr\/guides\/pole-emploi\/droit-au-chomage\/droit-au-chomage-licenciement-droit-au-chomage\/motif-licenciement-droit-chomage\/\">Lire la suite<\/a>"},"7":{"question":"","answer":""},"8":{"question":"","answer":""},"9":{"question":"","answer":""},"10":{"question":"","answer":""},"11":{"question":"","answer":""},"12":{"question":"","answer":""},"13":{"question":"","answer":""},"14":{"question":"","answer":""},"15":{"question":"","answer":""},"16":{"question":"","answer":""}}},"_links":{"self":[{"href":"https:\/\/www.mes-allocs.fr\/guides\/wp-json\/wp\/v2\/posts\/19864","targetHints":{"allow":["GET"]}}],"collection":[{"href":"https:\/\/www.mes-allocs.fr\/guides\/wp-json\/wp\/v2\/posts"}],"about":[{"href":"https:\/\/www.mes-allocs.fr\/guides\/wp-json\/wp\/v2\/types\/post"}],"author":[{"embeddable":true,"href":"https:\/\/www.mes-allocs.fr\/guides\/wp-json\/wp\/v2\/users\/7"}],"replies":[{"embeddable":true,"href":"https:\/\/www.mes-allocs.fr\/guides\/wp-json\/wp\/v2\/comments?post=19864"}],"version-history":[{"count":7,"href":"https:\/\/www.mes-allocs.fr\/guides\/wp-json\/wp\/v2\/posts\/19864\/revisions"}],"predecessor-version":[{"id":53255,"href":"https:\/\/www.mes-allocs.fr\/guides\/wp-json\/wp\/v2\/posts\/19864\/revisions\/53255"}],"wp:featuredmedia":[{"embeddable":true,"href":"https:\/\/www.mes-allocs.fr\/guides\/wp-json\/wp\/v2\/media\/19869"}],"wp:attachment":[{"href":"https:\/\/www.mes-allocs.fr\/guides\/wp-json\/wp\/v2\/media?parent=19864"}],"wp:term":[{"taxonomy":"category","embeddable":true,"href":"https:\/\/www.mes-allocs.fr\/guides\/wp-json\/wp\/v2\/categories?post=19864"},{"taxonomy":"post_tag","embeddable":true,"href":"https:\/\/www.mes-allocs.fr\/guides\/wp-json\/wp\/v2\/tags?post=19864"}],"curies":[{"name":"wp","href":"https:\/\/api.w.org\/{rel}","templated":true}]}}