{"id":19822,"date":"2021-02-19T08:23:30","date_gmt":"2021-02-19T08:23:30","guid":{"rendered":"https:\/\/www.mes-allocs.fr\/guides\/?p=19822"},"modified":"2025-07-11T11:12:07","modified_gmt":"2025-07-11T09:12:07","slug":"attribution-prime-de-panier","status":"publish","type":"post","link":"https:\/\/www.mes-allocs.fr\/guides\/prime-de-panier\/attribution-prime-de-panier\/","title":{"rendered":"L&rsquo;attribution de la prime de panier"},"content":{"rendered":"<p><img loading=\"lazy\" decoding=\"async\" class=\"aligncenter wp-image-19823\" src=\"https:\/\/www.mes-allocs.fr\/guides\/wp-content\/uploads\/2021\/02\/loi-e1613394348593.jpg\" alt=\"attribution prime de panier\" width=\"1200\" height=\"438\" srcset=\"https:\/\/www.mes-allocs.fr\/guides\/wp-content\/uploads\/2021\/02\/loi-e1613394348593.jpg 1880w, https:\/\/www.mes-allocs.fr\/guides\/wp-content\/uploads\/2021\/02\/loi-e1613394348593-300x109.jpg 300w, https:\/\/www.mes-allocs.fr\/guides\/wp-content\/uploads\/2021\/02\/loi-e1613394348593-1024x374.jpg 1024w, https:\/\/www.mes-allocs.fr\/guides\/wp-content\/uploads\/2021\/02\/loi-e1613394348593-768x280.jpg 768w, https:\/\/www.mes-allocs.fr\/guides\/wp-content\/uploads\/2021\/02\/loi-e1613394348593-1536x560.jpg 1536w, https:\/\/www.mes-allocs.fr\/guides\/wp-content\/uploads\/2021\/02\/loi-e1613394348593-600x219.jpg 600w\" sizes=\"auto, (max-width: 1200px) 100vw, 1200px\" \/><\/p>\n<p style=\"text-align: justify;\"><strong>La <a href=\"https:\/\/www.mes-allocs.fr\/guides\/prime-de-panier\/\">prime de panier<\/a> est une indemnit\u00e9 vers\u00e9e par l&#8217;employeur pour ses salari\u00e9s. Elle est d\u00e9livr\u00e9e pour aider les salari\u00e9s concernant le remboursement des frais de repas. Ce dispositif est encadr\u00e9 par le code du travail et aussi par les conventions collectives des entreprises. Nous allons voir quelles sont les mani\u00e8res et les conditions d&rsquo;attribution de la prime de panier.<\/strong><\/p>\n<div class='cta-block'><div class='text'>Simulez toutes vos Aides en 2 min. Gratuit.<\/div><a href='https:\/\/www.mes-allocs.fr\/ab-app?origin=guides\/wp-json\/wp\/v2\/posts\/19822' class='app-button fit'>Simulation gratuite<\/a><\/div>\n<h1>L&rsquo;attribution de la prime de panier selon le code du travail<\/h1>\n<h2>D\u00e9finition et sp\u00e9cificit\u00e9s<\/h2>\n<p style=\"text-align: justify;\">La prime de panier a \u00e9t\u00e9 mise en place en 2003. Cette indemnit\u00e9 de repas a \u00e9t\u00e9 cr\u00e9e pour permettre aux salari\u00e9s et apprentis de b\u00e9n\u00e9ficier de la prise en charge des frais de repas par l&rsquo;entreprise. Le but \u00e9tant d&rsquo;am\u00e9liorer les conditions de prise de repas, donc des conditions de travail.<\/p>\n<p style=\"text-align: justify;\">La prime de panier, au niveau \u00a0juridique, est per\u00e7ue comme un remboursement de frais et non comme un compl\u00e9ment de salaire. Elle est disponible pour tout les employ\u00e9s sans distinction d\u00e8s lors qu&rsquo;ils remplissent les conditions d&rsquo;attribution. Le salaire des employ\u00e9s ne rentre pas en compte lors de l&rsquo;attribution de panier repas.<\/p>\n<p style=\"text-align: justify;\">L&rsquo; attribution de la prime de panier se fait ind\u00e9pendamment des contrats de travail des employ\u00e9s. En effet, que l&rsquo;on soit titulaire d&rsquo;un Contrat \u00e0 Dur\u00e9e D\u00e9termin\u00e9 ou Ind\u00e9termin\u00e9, le panier repas est fourni au salari\u00e9. Le temps de travail doit simplement \u00eatre de 35 heures hebdomadaire.<\/p>\n<p>Cependant, cette prime n&rsquo;est pas disponible pour les employ\u00e9s:<\/p>\n<ul>\n<li style=\"text-align: justify;\">Dont le lieu de travail est \u00e9loign\u00e9 du domicile en sorte qu&rsquo;ils \u00a0n&rsquo;ont pas suffisamment de temps pour rentrer \u00e0 leur domicile<\/li>\n<li>Dont le repas est fourni par l&rsquo;entreprise<\/li>\n<li>Qui b\u00e9n\u00e9ficient d&rsquo;un restaurant d&rsquo;entreprise<\/li>\n<\/ul>\n<h2>L&rsquo;exon\u00e9ration de l&rsquo;indemnit\u00e9<\/h2>\n<p style=\"text-align: justify;\">Cette indemnit\u00e9 est exon\u00e9r\u00e9 de cotisations sociales pour l&#8217;employ\u00e9 et faisant partie des indemnit\u00e9s de petits d\u00e9placements, m\u00eame si on est en d\u00e9placement professionnel, les frais professionnels sont assur\u00e9s par l&#8217;employeur. Cette indemnit\u00e9 est exon\u00e9r\u00e9 de cotisations sociales dans la limite de:<\/p>\n<ul>\n<li dir=\"ltr\">\n<p dir=\"ltr\" style=\"text-align: justify;\">7,40 euros pour un repas pris sur le lieu de travail lorsque le salari\u00e9 est oblig\u00e9 de rester sur le site de l\u2019entreprise en raison de conditions de travail particuli\u00e8res<\/p>\n<\/li>\n<li dir=\"ltr\">\n<p dir=\"ltr\">10,30 euros par repas pris hors des locaux de l\u2019entreprise.<\/p>\n<\/li>\n<li dir=\"ltr\">\n<p dir=\"ltr\" style=\"text-align: justify;\">21,10 euros par repas pris dans un restaurant hors de l&rsquo;entreprise dans le cadre d&rsquo;un d\u00e9placement professionnel.<\/p>\n<\/li>\n<\/ul>\n<p style=\"text-align: justify;\">Pour b\u00e9n\u00e9ficier de cette prime de panier, elle doit \u00eatre pr\u00e9vue par les conventions collectives de l&rsquo;entreprise (entre les repr\u00e9sentants des salari\u00e9s type syndicats et l&rsquo;entreprise). Le montant de la prime est aussi visible dans les donn\u00e9es personnelles de votre bulletin de paie.<\/p>\n<p><iframe loading=\"lazy\" title=\"La prime de panier\" width=\"500\" height=\"281\" src=\"https:\/\/www.youtube.com\/embed\/J9gLKX9klXo?feature=oembed\" frameborder=\"0\" allow=\"accelerometer; autoplay; clipboard-write; encrypted-media; gyroscope; picture-in-picture; web-share\" referrerpolicy=\"strict-origin-when-cross-origin\" allowfullscreen><\/iframe><\/p>\n<h1>La prime de panier selon l&rsquo;URSSAF<\/h1>\n<h2>Qu&rsquo;est-ce que l&rsquo;URSSAF ?<\/h2>\n<p style=\"text-align: justify;\"><a href=\"https:\/\/fr.wikipedia.org\/wiki\/Union_de_recouvrement_des_cotisations_de_s\u00e9curit\u00e9_sociale_et_d%27allocations_familiales\">L&rsquo;URSSAF<\/a> (l&rsquo;Union de Recouvrement des cotisations de S\u00e9curit\u00e9 Sociale et d&rsquo;Allocations Familiales) est un organisme priv\u00e9 qui rel\u00e8ve du secteur \u00ab\u00a0recouvrement\u00a0\u00bb du r\u00e9gime g\u00e9n\u00e9ral de la S\u00e9curit\u00e9 Sociale. Cet organisme est charg\u00e9 de mission publique.<\/p>\n<p style=\"text-align: justify;\">Dans le cadre de la prime de panier, c&rsquo;est l&rsquo;URSSAF qui se charge de la distribution des indemnit\u00e9s. Ces indemnit\u00e9s sont vers\u00e9es aux salari\u00e9s via l&rsquo;ACOSS (l&rsquo;Agence Centrale des Organismes de S\u00e9curit\u00e9 Sociale).<\/p>\n<p>Cette union se charge aussi de contr\u00f4ler l&rsquo;exactitude des primes accord\u00e9s aux employ\u00e9s pour \u00e9viter toute forme de fraude \u00e0 la s\u00e9curit\u00e9 sociale.<\/p>\n<p style=\"text-align: justify;\">L&rsquo;URRSAF d\u00e9finit aussi toutes les sp\u00e9cificit\u00e9s quant au versement de la prime. Cela concerne la tarification, les conditions et les secteurs touch\u00e9s.<\/p>\n<h2>\u00a0Les horaires particuliers<\/h2>\n<p style=\"text-align: justify;\">La prime de panier prend en compte une variable assez importante. Il s&rsquo;agit des horaire d\u00e9cal\u00e9s. En effet, les salari\u00e9s qui ont des horaires d\u00e9cal\u00e9s peuvent rencontrer des difficult\u00e9s en raisons de ces conditions de travail singuli\u00e8res. Cette prime est donc vers\u00e9e en raison de ces horaires atypiques.<\/p>\n<p style=\"text-align: justify;\">Elle concerne notamment les agents de s\u00e9curit\u00e9 priv\u00e9e et bien d&rsquo;autres professions ayant des horaires d\u00e9cal\u00e9s ou travaillant de nuit. \u00a0Ces professions \u00e0 horaires atypiques b\u00e9n\u00e9ficient donc de cette prime de panier.<\/p>\n<h1>Les crit\u00e8res d&rsquo;attribution de la prime de panier<\/h1>\n<p>La prime de panier est une aide financi\u00e8re destin\u00e9e aux travailleurs qui effectuent des d\u00e9placements professionnels dans le cadre de leur emploi. Son attribution d\u00e9pend de plusieurs crit\u00e8res essentiels qui visent \u00e0 d\u00e9terminer l&rsquo;\u00e9ligibilit\u00e9 des salari\u00e9s. Ces crit\u00e8res comprennent :<\/p>\n<h2>La nature des d\u00e9placements<\/h2>\n<ol>\n<li><strong>D\u00e9placements professionnels fr\u00e9quents<\/strong> : Pour \u00eatre \u00e9ligible \u00e0 la prime de panier, le salari\u00e9 doit effectuer des d\u00e9placements professionnels de mani\u00e8re r\u00e9guli\u00e8re dans le cadre de son travail. Cette r\u00e9gularit\u00e9 peut varier en fonction des conventions collectives ou des accords d&rsquo;entreprise.<\/li>\n<li><strong>Chantiers \u00e9loign\u00e9s du domicile<\/strong> : La prime de panier est g\u00e9n\u00e9ralement accord\u00e9e aux travailleurs dont les chantiers sont situ\u00e9s \u00e0 une certaine distance de leur domicile habituel. Cette distance minimale varie \u00e9galement en fonction des accords en place.<\/li>\n<\/ol>\n<h2>La distance minimale requise<\/h2>\n<ol>\n<li><strong>Crit\u00e8res de distance pour d\u00e9terminer l&rsquo;\u00e9ligibilit\u00e9<\/strong> : La plupart des conventions collectives ou des accords d&rsquo;entreprise pr\u00e9cisent la distance minimale \u00e0 partir de laquelle un travailleur peut pr\u00e9tendre \u00e0 la prime de panier. Cette distance varie en fonction des secteurs et des accords sp\u00e9cifiques.<\/li>\n<li><strong>Importance de la distance dans l&rsquo;attribution<\/strong> : La distance entre le lieu de travail et le domicile du travailleur est un facteur cl\u00e9 pour d\u00e9terminer l&rsquo;\u00e9ligibilit\u00e9 \u00e0 la prime de panier. Plus la distance est importante, plus il est probable que le travailleur soit \u00e9ligible \u00e0 cette prime.<\/li>\n<\/ol>\n<h2>La dur\u00e9e minimale du d\u00e9placement<\/h2>\n<ol>\n<li><strong>Exigences de dur\u00e9e pour b\u00e9n\u00e9ficier de la prime<\/strong> : Outre la distance, la dur\u00e9e du d\u00e9placement est \u00e9galement un crit\u00e8re important. Les accords collectifs pr\u00e9cisent souvent une dur\u00e9e minimale pendant laquelle le travailleur doit \u00eatre en d\u00e9placement pour pr\u00e9tendre \u00e0 la prime de panier. Cette dur\u00e9e peut \u00eatre mesur\u00e9e en heures ou en jours, selon les accords.<\/li>\n<li><strong>Justification de la dur\u00e9e minimale<\/strong> : Les travailleurs doivent g\u00e9n\u00e9ralement justifier qu&rsquo;ils ont pass\u00e9 une dur\u00e9e minimale en d\u00e9placement pour \u00eatre \u00e9ligibles \u00e0 la prime de panier. Cette justification peut \u00eatre bas\u00e9e sur des feuilles de route, des registres de d\u00e9placements ou d&rsquo;autres documents similaires.<\/li>\n<\/ol>\n<p>Il est essentiel que les travailleurs comprennent les crit\u00e8res d&rsquo;attribution de la prime de panier applicables \u00e0 leur situation, car ils peuvent varier consid\u00e9rablement d&rsquo;une entreprise \u00e0 l&rsquo;autre et d&rsquo;un secteur \u00e0 l&rsquo;autre. Les accords collectifs, les conventions d&rsquo;entreprise et les lois du travail peuvent \u00e9galement influencer ces crit\u00e8res.<\/p>\n<p>Par cons\u00e9quent, il est recommand\u00e9 de consulter les ressources internes de l&rsquo;entreprise ou de contacter le service des ressources humaines pour obtenir des informations sp\u00e9cifiques \u00e0 la situation de chaque travailleur.<\/p>\n<div class='cta-block'><div class='text'>Simulez toutes vos Aides en 2 min. Gratuit.<\/div><a href='https:\/\/www.mes-allocs.fr\/ab-app?origin=guides\/wp-json\/wp\/v2\/posts\/19822' class='app-button fit'>Simulation gratuite<\/a><\/div>\n","protected":false},"excerpt":{"rendered":"<p>La prime de panier est une indemnit\u00e9 vers\u00e9e par l&#8217;employeur pour ses salari\u00e9s. Elle est d\u00e9livr\u00e9e pour aider les salari\u00e9s concernant le remboursement des frais de repas. Ce dispositif est encadr\u00e9 par le code du travail et aussi par les conventions collectives des entreprises. Nous allons voir quelles sont les mani\u00e8res et les conditions d&rsquo;attribution [&hellip;]<\/p>\n","protected":false},"author":6,"featured_media":19907,"comment_status":"open","ping_status":"open","sticky":false,"template":"","format":"standard","meta":{"amp_status":"","footnotes":""},"categories":[5907],"tags":[],"class_list":["post-19822","post","type-post","status-publish","format-standard","has-post-thumbnail","hentry","category-prime-de-panier"],"yoast_head":"<!-- This site is optimized with the Yoast SEO plugin v14.9 - https:\/\/yoast.com\/wordpress\/plugins\/seo\/ -->\n<title>L&#039;attribution de la prime de panier : conditions et modalit\u00e9s<\/title>\n<meta name=\"description\" content=\"La prime de panier est accord\u00e9e sous diff\u00e9rentes conditions. L&#039;URRSAF est l&#039;organisme qui se charge de ces contr\u00f4les. Voici les conditions.\" \/>\n<meta name=\"robots\" content=\"index, follow, max-snippet:-1, max-image-preview:large, max-video-preview:-1\" \/>\n<link rel=\"canonical\" href=\"https:\/\/www.mes-allocs.fr\/guides\/prime-de-panier\/attribution-prime-de-panier\/\" \/>\n<meta property=\"og:locale\" content=\"fr_FR\" \/>\n<meta property=\"og:type\" content=\"article\" \/>\n<meta property=\"og:title\" content=\"L&#039;attribution de la prime de panier : conditions et modalit\u00e9s\" \/>\n<meta property=\"og:description\" content=\"La prime de panier est accord\u00e9e sous diff\u00e9rentes conditions. L&#039;URRSAF est l&#039;organisme qui se charge de ces contr\u00f4les. Voici les conditions.\" \/>\n<meta property=\"og:url\" content=\"https:\/\/www.mes-allocs.fr\/guides\/prime-de-panier\/attribution-prime-de-panier\/\" \/>\n<meta property=\"og:site_name\" content=\"Mes-Allocs.fr\" \/>\n<meta property=\"article:published_time\" content=\"2021-02-19T08:23:30+00:00\" \/>\n<meta property=\"article:modified_time\" content=\"2025-07-11T09:12:07+00:00\" \/>\n<meta property=\"og:image\" content=\"https:\/\/www.mes-allocs.fr\/guides\/wp-content\/uploads\/2021\/02\/loi-1.jpg?wsr\" \/>\n\t<meta property=\"og:image:width\" content=\"1880\" \/>\n\t<meta property=\"og:image:height\" content=\"1253\" \/>\n<meta name=\"twitter:card\" content=\"summary_large_image\" \/>\n<script type=\"application\/ld+json\" class=\"yoast-schema-graph\">{\"@context\":\"https:\/\/schema.org\",\"@graph\":[{\"@type\":\"WebSite\",\"@id\":\"https:\/\/www.mes-allocs.fr\/guides\/#website\",\"url\":\"https:\/\/www.mes-allocs.fr\/guides\/\",\"name\":\"Mes-Allocs.fr\",\"description\":\"\",\"potentialAction\":[{\"@type\":\"SearchAction\",\"target\":\"https:\/\/www.mes-allocs.fr\/guides\/?s={search_term_string}\",\"query-input\":\"required name=search_term_string\"}],\"inLanguage\":\"fr-FR\"},{\"@type\":\"ImageObject\",\"@id\":\"https:\/\/www.mes-allocs.fr\/guides\/prime-de-panier\/attribution-prime-de-panier\/#primaryimage\",\"inLanguage\":\"fr-FR\",\"url\":\"https:\/\/www.mes-allocs.fr\/guides\/wp-content\/uploads\/2021\/02\/loi-1.jpg?wsr\",\"width\":1880,\"height\":1253,\"caption\":\"loi 1\"},{\"@type\":\"WebPage\",\"@id\":\"https:\/\/www.mes-allocs.fr\/guides\/prime-de-panier\/attribution-prime-de-panier\/#webpage\",\"url\":\"https:\/\/www.mes-allocs.fr\/guides\/prime-de-panier\/attribution-prime-de-panier\/\",\"name\":\"L'attribution de la prime de panier : conditions et modalit\\u00e9s\",\"isPartOf\":{\"@id\":\"https:\/\/www.mes-allocs.fr\/guides\/#website\"},\"primaryImageOfPage\":{\"@id\":\"https:\/\/www.mes-allocs.fr\/guides\/prime-de-panier\/attribution-prime-de-panier\/#primaryimage\"},\"datePublished\":\"2021-02-19T08:23:30+00:00\",\"dateModified\":\"2025-07-11T09:12:07+00:00\",\"author\":{\"@id\":\"https:\/\/www.mes-allocs.fr\/guides\/#\/schema\/person\/0ecd61a8600573914d00d970a588c024\"},\"description\":\"La prime de panier est accord\\u00e9e sous diff\\u00e9rentes conditions. L'URRSAF est l'organisme qui se charge de ces contr\\u00f4les. Voici les conditions.\",\"inLanguage\":\"fr-FR\"},{\"@type\":\"Person\",\"@id\":\"https:\/\/www.mes-allocs.fr\/guides\/#\/schema\/person\/0ecd61a8600573914d00d970a588c024\",\"name\":\"Jonathan\",\"image\":{\"@type\":\"ImageObject\",\"@id\":\"https:\/\/www.mes-allocs.fr\/guides\/#personlogo\",\"inLanguage\":\"fr-FR\",\"url\":\"https:\/\/www.mes-allocs.fr\/guides\/wp-content\/uploads\/2021\/06\/jonathan-150x150.png\",\"caption\":\"Jonathan\"},\"description\":\"Jonathan est r\\u00e9dacteur au sein de l'\\u00e9quipe Mes Allocs, sp\\u00e9cialis\\u00e9 sur les sujets li\\u00e9s au handicap. Dipl\\u00f4m\\u00e9e de l'UPEM, il rejoint Mes Allocs apr\\u00e8s avoir travaill\\u00e9 \\u00e0 l'association AEDE qui accompagne les adultes en situation de handicap. Quand il n'\\u00e9crit pas, on peut le retrouver sur un terrain de basket.\",\"sameAs\":[\"https:\/\/www.linkedin.com\/in\/jonathan-bambela-8637861b7\"]}]}<\/script>\n<!-- \/ Yoast SEO plugin. -->","amp_validity":null,"acf":{"faq":{"1":{"question":"La prime de panier varie-t-elle selon les secteurs ? ","answer":"Non, la prime de panier ne varie pas selon les secteurs. Elle d\u00e9pend simplement des accords collectifs de l'entreprise et des conditions d'attribution. "},"2":{"question":"Si la prime de panier est pr\u00e9vue par les accords, est-elle obligatoire? ","answer":"Oui absolument. D\u00e8s lors qu'elle est inscrite dans les conventions collectives de votre entreprise, la prime de panier est obligatoire. "},"3":{"question":"Qui d\u00e9livre l'indemnit\u00e9 de panier ? ","answer":"L'indemnit\u00e9 est d\u00e9livr\u00e9 par l'URSSAF. C'est elle qui se charge de contr\u00f4ler les conditions et qui se charge d'indemniser les employ\u00e9s."},"4":{"question":"O\u00f9 trouver le montant de la prime de panier ?","answer":"Si vous b\u00e9n\u00e9ficiez de cette aide, vous pourrez trouver le montant de l'aide sur votre fiche de paie. "},"5":{"question":"Vers qui se tourner pour l'indemnit\u00e9 ? ","answer":"Il faut se tourner vers votre employeur ou votre syndicat concernant toute information sur la prime de panier."},"6":{"question":"","answer":""},"7":{"question":"","answer":""},"8":{"question":"","answer":""},"9":{"question":"","answer":""},"10":{"question":"","answer":""},"11":{"question":"","answer":""},"12":{"question":"","answer":""},"13":{"question":"","answer":""},"14":{"question":"","answer":""},"15":{"question":"","answer":""},"16":{"question":"","answer":""}}},"_links":{"self":[{"href":"https:\/\/www.mes-allocs.fr\/guides\/wp-json\/wp\/v2\/posts\/19822","targetHints":{"allow":["GET"]}}],"collection":[{"href":"https:\/\/www.mes-allocs.fr\/guides\/wp-json\/wp\/v2\/posts"}],"about":[{"href":"https:\/\/www.mes-allocs.fr\/guides\/wp-json\/wp\/v2\/types\/post"}],"author":[{"embeddable":true,"href":"https:\/\/www.mes-allocs.fr\/guides\/wp-json\/wp\/v2\/users\/6"}],"replies":[{"embeddable":true,"href":"https:\/\/www.mes-allocs.fr\/guides\/wp-json\/wp\/v2\/comments?post=19822"}],"version-history":[{"count":14,"href":"https:\/\/www.mes-allocs.fr\/guides\/wp-json\/wp\/v2\/posts\/19822\/revisions"}],"predecessor-version":[{"id":102022,"href":"https:\/\/www.mes-allocs.fr\/guides\/wp-json\/wp\/v2\/posts\/19822\/revisions\/102022"}],"wp:featuredmedia":[{"embeddable":true,"href":"https:\/\/www.mes-allocs.fr\/guides\/wp-json\/wp\/v2\/media\/19907"}],"wp:attachment":[{"href":"https:\/\/www.mes-allocs.fr\/guides\/wp-json\/wp\/v2\/media?parent=19822"}],"wp:term":[{"taxonomy":"category","embeddable":true,"href":"https:\/\/www.mes-allocs.fr\/guides\/wp-json\/wp\/v2\/categories?post=19822"},{"taxonomy":"post_tag","embeddable":true,"href":"https:\/\/www.mes-allocs.fr\/guides\/wp-json\/wp\/v2\/tags?post=19822"}],"curies":[{"name":"wp","href":"https:\/\/api.w.org\/{rel}","templated":true}]}}