{"id":19813,"date":"2021-03-03T15:57:29","date_gmt":"2021-03-03T15:57:29","guid":{"rendered":"https:\/\/www.mes-allocs.fr\/guides\/?p=19813"},"modified":"2026-03-04T18:01:12","modified_gmt":"2026-03-04T17:01:12","slug":"comment-changer-de-carriere-professionnelle","status":"publish","type":"post","link":"https:\/\/www.mes-allocs.fr\/guides\/reconversion-professionnelle\/changer-de-carriere\/comment-changer-de-carriere-professionnelle\/","title":{"rendered":"Comment changer de carri\u00e8re professionnelle ?"},"content":{"rendered":"<p><a href=\"https:\/\/www.mes-allocs.fr\/guides\/wp-content\/uploads\/2021\/02\/office-1081807_1280.jpg\"><img loading=\"lazy\" decoding=\"async\" class=\"aligncenter wp-image-20603 size-full\" title=\"comment changer de carri\u00e8re professionnelle\" src=\"https:\/\/www.mes-allocs.fr\/guides\/wp-content\/uploads\/2021\/02\/office-1081807_1280-e1614351207132.jpg\" alt=\"comment changer de carri\u00e8re professionnelle\" width=\"1280\" height=\"419\" srcset=\"https:\/\/www.mes-allocs.fr\/guides\/wp-content\/uploads\/2021\/02\/office-1081807_1280-e1614351207132.jpg 1280w, https:\/\/www.mes-allocs.fr\/guides\/wp-content\/uploads\/2021\/02\/office-1081807_1280-e1614351207132-300x98.jpg 300w, https:\/\/www.mes-allocs.fr\/guides\/wp-content\/uploads\/2021\/02\/office-1081807_1280-e1614351207132-1024x335.jpg 1024w, https:\/\/www.mes-allocs.fr\/guides\/wp-content\/uploads\/2021\/02\/office-1081807_1280-e1614351207132-768x251.jpg 768w, https:\/\/www.mes-allocs.fr\/guides\/wp-content\/uploads\/2021\/02\/office-1081807_1280-e1614351207132-600x196.jpg 600w\" sizes=\"auto, (max-width: 1280px) 100vw, 1280px\" \/><\/a><\/p>\n<p style=\"text-align: justify;\">[Mis \u00e0 jour le 04\/03\/2026] De nos jours, bon nombre de personnes changent de m\u00e9tier au moins une fois dans leur vie. Les raisons de ces <a href=\"https:\/\/www.mes-allocs.fr\/guides\/reconversion-professionnelle\/\">reconversions professionnelles<\/a> sont multiples et propres \u00e0 chacun. Mes Allocs vous explique <strong>comment changer de carri\u00e8re professionnelle<\/strong>.<\/p>\n<div class='cta-block'><div class='text'>Besoin d&rsquo;aide dans votre reconversion ?<\/div><a href='' class='app-button fit'>En savoir plus sur notre programme<\/a><\/div>\n<h1>Pourquoi changer de m\u00e9tier ?<\/h1>\n<p>Les raisons qui poussent \u00e0 une <a href=\"https:\/\/www.mes-allocs.fr\/guides\/reconversion-professionnelle\/changer-de-carriere\/\">r\u00e9orientation professionnelle<\/a> sont de plus en plus nombreuses. Cette envie de changement touche tout secteur d&rsquo;activit\u00e9, et aussi bien junior que s\u00e9nior.<\/p>\n<p><strong>Pourquoi envisager une reconversion professionnelle ?<\/strong><a href=\"https:\/\/www.mes-allocs.fr\/guides\/wp-content\/uploads\/2021\/02\/laptop-2557571_1280.jpg\"><br \/>\n<\/a><\/p>\n<ul>\n<li>Vous venez de vous rendre compte apr\u00e8s plusieurs ann\u00e9es que le poste que vous occupez au sein de votre entreprise. Mais ce dernier ne vous pla\u00eet plus vraiment.<\/li>\n<li>Vous avez choisi une voie qui ne d\u00e9bouche pas sur un emploi stable<\/li>\n<li>Vous avez subi un licenciement<\/li>\n<li>Vous vivez depuis quelques ann\u00e9es dans une tr\u00e8s mauvaise ambiance de travail<\/li>\n<li>Vous vous sentez mal dans votre poste de travail actuel, plusieurs raisons peuvent l&rsquo;expliquer<\/li>\n<li>Vous avez eu un accident du travail ne permettant pas de travailler au sein de votre entreprise<\/li>\n<li>Vous avez tout simplement une forte envie de changement. De r\u00e9aliser votre r\u00eave, d\u2019avoir un m\u00e9tier plus enrichissant qui a du sens pour vous.<\/li>\n<\/ul>\n<p><iframe loading=\"lazy\" title=\"La reconversion professionnelle\" width=\"500\" height=\"281\" src=\"https:\/\/www.youtube.com\/embed\/EiVUthswxl0?feature=oembed\" frameborder=\"0\" allow=\"accelerometer; autoplay; clipboard-write; encrypted-media; gyroscope; picture-in-picture; web-share\" referrerpolicy=\"strict-origin-when-cross-origin\" allowfullscreen><\/iframe><\/p>\n<h1>Quels sont vos objectifs et vos motivations ?<\/h1>\n<p>Avant de se reconversion il est conseill\u00e9 de faire un bilan personnel : un bilan de vos comp\u00e9tences et de vos centres d&rsquo;int\u00e9r\u00eat.<\/p>\n<p><strong>Pour \u00e9valuer vos besoins en termes de formation, P\u00f4le emploi peut vous sugg\u00e9rer de faire :<\/strong><\/p>\n<ul>\n<li>Une \u00e9valuation des comp\u00e9tences et capacit\u00e9s professionnelles (ECCP) qui permet de mesurer les \u00e9carts entre vos comp\u00e9tences et les besoins des entreprises.<\/li>\n<li>Un atelier \u00ab Pr\u00e9parer son projet de formation \u00bb qui vous accompagne au d\u00e9but de votre r\u00e9flexion sur votre projet de formation.<\/li>\n<\/ul>\n<p>Lorsque vous souhaitez changer de m\u00e9tier, informez-vous sur l\u2019environnement du secteur dans lequel vous envisagez de trouver un travail.<\/p>\n<section class=\"block-article-link color-transverse\">Lorsque votre objectif\u00a0 est d\u00e9fini,\u00a0 posez les bonnes questions : quelles sont les contraintes de ma reconversion ? Quel est mon avenir professionnel ? Suis-je pr\u00eat(e) \u00e0 changer de lieu pour suivre ma formation ? Concernant le temps de formation, suis-je pr\u00eat(e) \u00e0 faire une formation longue ou courte ?<\/section>\n<section><\/section>\n<h1>Les d\u00e9marches pour changer d&rsquo;orientation professionnelle<\/h1>\n<p>La premi\u00e8re chose \u00e0 faire est avant tout de r\u00e9fl\u00e9chir \u00e0 votre projet de reconversion, pourquoi changer d&rsquo;orientation ? Dans un premier temps demandez-vous pourquoi vous voulez changer de m\u00e9tier ? Ensuite vous devrez faire une \u00e9tude des secteurs d&rsquo;activit\u00e9 qui recrutent. Est-ce que ce secteur est pr\u00e9sent dans votre r\u00e9gion, si vous avez les comp\u00e9tences n\u00e9cessaires, et si non comment les acqu\u00e9rir ?<\/p>\n<p><strong>\u00c9crivez votre <a href=\"https:\/\/www.mes-allocs.fr\/guides\/reconversion-professionnelle\/changer-de-carriere\/comment-changer-de-carriere-professionnelle\/cv-changement-de-carriere\/\">CV<\/a> et votre <a href=\"https:\/\/www.mes-allocs.fr\/guides\/reconversion-professionnelle\/changer-de-carriere\/comment-changer-de-carriere-professionnelle\/changement-carriere-lettre-de-motivation\/\">lettre de motivation <\/a><\/strong>de fa\u00e7on \u00e0 montrer votre cheminement personnel et vos comp\u00e9tences. Faire un bilan de comp\u00e9tences peut-\u00eatre un bon moyen d\u2019\u00e9tudier vos comp\u00e9tences professionnelles et personnelles, vos motivations. Un changement de carri\u00e8re : la lettre de motivation vous permet de prendre du recul et de bien poser les choses.<\/p>\n<p>Vous devez pr\u00e9parer votre entretien oral. Vous devez montrer que votre d\u00e9cision est coh\u00e9rente et r\u00e9alisable (que vous pourrez trouver un emploi,&#8230;).<\/p>\n<div class='cta-block'><div class='text'>Besoin d&rsquo;aide dans votre reconversion ?<\/div><a href='' class='app-button fit'>En savoir plus sur notre programme<\/a><\/div>\n<h1>Quels sont les secteurs d&rsquo;activit\u00e9 qui recrutent ?<\/h1>\n<p>Avant d&rsquo;entamer une reconversion professionnelle, vous devez vous renseigner sur les secteurs d&rsquo;activit\u00e9 porteurs, autrement dit les secteurs qui recrutent. Faire une \u00e9tude pour trouver un emploi est indispensable. Ainsi, vous devrez vous poser les questions suivantes :<\/p>\n<ul>\n<li>Quels sont les secteurs qui recrutent\u00a0?<\/li>\n<li>Quels sont les m\u00e9tiers qui ont la cote\u00a0?<\/li>\n<li>Quels seront les futurs m\u00e9tiers ces prochaines ann\u00e9es ?<\/li>\n<\/ul>\n<h1>R\u00e9alisez un bilan de comp\u00e9tences<\/h1>\n<p>Le bilan de comp\u00e9tences est un dispositif qui vous permet de faire un point sur votre carri\u00e8re. L&rsquo;objectif du bilan est de faire une analyse de vos comp\u00e9tences professionnelles, vos aptitudes et vos motivations, et de mieux vous conna\u00eetre. Le consultant en charge de votre bilan dressera ainsi votre profil professionnel. Vous avez \u00e9galement la possibilit\u00e9 de r\u00e9aliser un test de personnalit\u00e9.<\/p>\n<p>La dur\u00e9e d&rsquo;un bilan de comp\u00e9tences est de l&rsquo;ordre de 24 heures, cela r\u00e9partit sur des s\u00e9ances de 2 \u00e0 3 heures chacune.<\/p>\n<h2>Les 3 \u00e9tapes d&rsquo;un bilan de comp\u00e9tences<\/h2>\n<p><strong>Phase pr\u00e9liminaire, elle a pour objet de<\/strong> :<\/p>\n<ul class=\"spip\">\n<li>d\u2019analyser votre demande, mais \u00e9galement vos besoins<\/li>\n<li>de d\u00e9terminer la forme la plus adapt\u00e9e \u00e0 votre situation avant une prise en charge<\/li>\n<li>de faire le point et de d\u00e9terminer le plan d&rsquo;action du bilan<\/li>\n<\/ul>\n<p><strong>Phase d\u2019investigation, elle permet au b\u00e9n\u00e9ficiaire<\/strong>\u00a0:<\/p>\n<ul class=\"spip\">\n<li>soit de construire votre plan de formation et d\u2019en v\u00e9rifier la pertinence,<\/li>\n<li>soit d\u2019\u00e9laborer une ou plusieurs alternatives \u00e0 votre reconversion professionnelle<\/li>\n<\/ul>\n<p><strong>Phase de conclusion, permet au b\u00e9n\u00e9ficiaire de<\/strong>\u00a0:<\/p>\n<ul class=\"spip\">\n<li>s\u2019approprier les r\u00e9sultats d\u00e9taill\u00e9s de la phase d\u2019investigation,<\/li>\n<li>recenser les conditions et moyens favorisant votre d\u00e9sir de changer de m\u00e9tier<\/li>\n<li>pr\u00e9voir les principales modalit\u00e9s et \u00e9tapes de votre projet professionnel<\/li>\n<\/ul>\n<p>\u00c0 la fin de votre bilan, votre coach professionnelle vous remettra un document synth\u00e8se r\u00e9sumant toutes les \u00e9tapes de la formation. Mais \u00e9galement vos comp\u00e9tences ainsi que vos exp\u00e9riences professionnelles.<\/p>\n<p>Une fois que vous aurez effectu\u00e9 votre bilan de comp\u00e9tences, vous pourrez alors r\u00e9fl\u00e9chir \u00e0 un\u00a0<strong>parcours de formation<\/strong>\u00a0pour changer de m\u00e9tier. Pour cela, vous pouvez b\u00e9n\u00e9ficier d\u2019une Prestation d\u2019Orientation professionnelle sp\u00e9cialis\u00e9e (POPS)<\/p>\n<h1 id=\"h2-3\">Comment financer une formation professionnelle\u00a0?<\/h1>\n<p>Il existe un certain nombre de dispositifs en vigueur pour financer votre formation. Soit dans le cadre d&rsquo;une \u00e9volution professionnelle, soit dans le cadre d&rsquo;une reconversion professionnelle ou d&rsquo;une validation des acquis. Ces derni\u00e8res vous seront accord\u00e9es selon votre profil. Et\/ou votre parcours professionnel, ainsi que le type de formation (centre de formation, formation \u00e0 distance, etc.).<\/p>\n<h2 id=\"h2-3_h3-2\">Le compte personnel de formation (CPF)<\/h2>\n<p>Tout au long de votre carri\u00e8re professionnelle vous alimentez votre compte personnel de formation CPF. Depuis quelques ann\u00e9es maintenant, le CPF remplace le DIF. Contrat de Transition Professionnelle.<\/p>\n<p>C&rsquo;est sur le compte officiel moncompteformation.gouv.fr que vous pouvez cr\u00e9er et activer votre compte CPF. Munissez-vous de votre num\u00e9ro de s\u00e9curit\u00e9 sociale. D\u00e8s l&rsquo;inscription r\u00e9alis\u00e9e, un mail vous sera envoy\u00e9 : votre compte est activ\u00e9.<\/p>\n<p class=\"spip\"><strong>Il faut savoir que vous trouverez sur votre espace personnel s\u00e9curis\u00e9 :\u00a0<\/strong><\/p>\n<ul class=\"spip\">\n<li>informations vous concernant (par exemple : cr\u00e9dit en euros enregistr\u00e9 sur votre compte).<\/li>\n<li>d\u00e9tails sur les formations que vous pouvez solliciter (formations \u00e9ligibles au Compte personnel de formation).<\/li>\n<li>informations sur les financements de formation.<\/li>\n<li>acc\u00e8s aux services num\u00e9riques li\u00e9s \u00e0 l\u2019orientation professionnelle et l&rsquo;am\u00e9lioration des comp\u00e9tences.<\/li>\n<\/ul>\n<h2 id=\"h2-3_h3-3\">L\u2019aide individuelle \u00e0 la formation (AIF)<\/h2>\n<p>L&rsquo;AIF est une aide accord\u00e9e pour P\u00f4le Emploi pour les personnes en recherche active d&#8217;emploi. Vous pouvez en b\u00e9n\u00e9ficier si vous \u00eates en accompagnement CTP (Contrat de Transition Professionnelle) ou en CSP (Contrat de S\u00e9curisation professionnelle).<\/p>\n<h2 id=\"h2-3_h3-1\">Le projet de transition professionnelle (PTP)<\/h2>\n<p>Le projet de transition professionnelle est un cong\u00e9. Ce dernier vous donne la possibilit\u00e9 de vous absenter partiellement ou totalement afin de suivre une formation dans le cadre d&rsquo;une r\u00e9orientation professionnelle. Ou pour mener \u00e0 bien votre projet professionnel.<\/p>\n<p>Pour en b\u00e9n\u00e9ficier vous devez fans un premier temps faire une demande aupr\u00e8s de votre employeur. Et vous serez r\u00e9mun\u00e9r\u00e9 pendant toute la dur\u00e9e de votre formation continue.<\/p>\n<h1>ARE et reconversion professionnelle<\/h1>\n<p>Depuis le 1er novembre 2019, un salari\u00e9 souhaitant quitter son emploi afin de faire une r\u00e9orientation professionnelle peut toucher l\u2019ARE. Il existe deux types de projet professionnel\u00a0:<\/p>\n<ul>\n<li>les projets de reconversion qui n\u00e9cessitent une formation ;<\/li>\n<li>les projets qui visent \u00e0 cr\u00e9er ou reprendre une entreprise.<\/li>\n<\/ul>\n<p>Seuls les projets dont le caract\u00e8re \u00ab r\u00e9el et s\u00e9rieux \u00bb a \u00e9t\u00e9 reconnu par la commission paritaire interprofessionnelle r\u00e9gionale. Peuvent avoir droit \u00e0 l\u2019ARE.<\/p>\n<p class=\"p1\"><div class='cta-block'><div class='text'>Besoin d&rsquo;aide dans votre reconversion ?<\/div><a href='' class='app-button fit'>En savoir plus sur notre programme<\/a><\/div><\/p>\n","protected":false},"excerpt":{"rendered":"<p>[Mis \u00e0 jour le 04\/03\/2026] De nos jours, bon nombre de personnes changent de m\u00e9tier au moins une fois dans leur vie. Les raisons de ces reconversions professionnelles sont multiples et propres \u00e0 chacun. Mes Allocs vous explique comment changer de carri\u00e8re professionnelle. Pourquoi changer de m\u00e9tier ? Les raisons qui poussent \u00e0 une r\u00e9orientation [&hellip;]<\/p>\n","protected":false},"author":9,"featured_media":20603,"comment_status":"open","ping_status":"open","sticky":false,"template":"","format":"standard","meta":{"amp_status":"","footnotes":""},"categories":[5929,5081],"tags":[],"class_list":["post-19813","post","type-post","status-publish","format-standard","has-post-thumbnail","hentry","category-changer-de-carriere","category-reconversion-professionnelle"],"yoast_head":"<!-- This site is optimized with the Yoast SEO plugin v14.9 - https:\/\/yoast.com\/wordpress\/plugins\/seo\/ -->\n<title>Comment changer de carri\u00e8re professionnelle ? | Mes-Allocs.fr<\/title>\n<meta name=\"description\" content=\"Nombreux sont ceux qui changent de carri\u00e8re professionnelle au cours de leur vie. Mes Allocs vous en dit plus sur la reconversion !\" \/>\n<meta name=\"robots\" content=\"index, follow, max-snippet:-1, max-image-preview:large, max-video-preview:-1\" \/>\n<link rel=\"canonical\" href=\"https:\/\/www.mes-allocs.fr\/guides\/reconversion-professionnelle\/changer-de-carriere\/comment-changer-de-carriere-professionnelle\/\" \/>\n<meta property=\"og:locale\" content=\"fr_FR\" \/>\n<meta property=\"og:type\" content=\"article\" \/>\n<meta property=\"og:title\" content=\"Comment changer de carri\u00e8re professionnelle ? | Mes-Allocs.fr\" \/>\n<meta property=\"og:description\" content=\"Nombreux sont ceux qui changent de carri\u00e8re professionnelle au cours de leur vie. Mes Allocs vous en dit plus sur la reconversion !\" \/>\n<meta property=\"og:url\" content=\"https:\/\/www.mes-allocs.fr\/guides\/reconversion-professionnelle\/changer-de-carriere\/comment-changer-de-carriere-professionnelle\/\" \/>\n<meta property=\"og:site_name\" content=\"Mes-Allocs.fr\" \/>\n<meta property=\"article:published_time\" content=\"2021-03-03T15:57:29+00:00\" \/>\n<meta property=\"article:modified_time\" content=\"2026-03-04T17:01:12+00:00\" \/>\n<meta property=\"og:image\" content=\"https:\/\/www.mes-allocs.fr\/guides\/wp-content\/uploads\/2021\/02\/office-1081807_1280-e1614351207132.jpg?wsr\" \/>\n\t<meta property=\"og:image:width\" content=\"1280\" \/>\n\t<meta property=\"og:image:height\" content=\"419\" \/>\n<meta name=\"twitter:card\" content=\"summary_large_image\" \/>\n<script type=\"application\/ld+json\" class=\"yoast-schema-graph\">{\"@context\":\"https:\/\/schema.org\",\"@graph\":[{\"@type\":\"WebSite\",\"@id\":\"https:\/\/www.mes-allocs.fr\/guides\/#website\",\"url\":\"https:\/\/www.mes-allocs.fr\/guides\/\",\"name\":\"Mes-Allocs.fr\",\"description\":\"\",\"potentialAction\":[{\"@type\":\"SearchAction\",\"target\":\"https:\/\/www.mes-allocs.fr\/guides\/?s={search_term_string}\",\"query-input\":\"required name=search_term_string\"}],\"inLanguage\":\"fr-FR\"},{\"@type\":\"ImageObject\",\"@id\":\"https:\/\/www.mes-allocs.fr\/guides\/reconversion-professionnelle\/changer-de-carriere\/comment-changer-de-carriere-professionnelle\/#primaryimage\",\"inLanguage\":\"fr-FR\",\"url\":\"https:\/\/www.mes-allocs.fr\/guides\/wp-content\/uploads\/2021\/02\/office-1081807_1280-e1614351207132.jpg?wsr\",\"width\":1280,\"height\":419,\"caption\":\"comment changer de carri\\u00e8re professionnelle\"},{\"@type\":\"WebPage\",\"@id\":\"https:\/\/www.mes-allocs.fr\/guides\/reconversion-professionnelle\/changer-de-carriere\/comment-changer-de-carriere-professionnelle\/#webpage\",\"url\":\"https:\/\/www.mes-allocs.fr\/guides\/reconversion-professionnelle\/changer-de-carriere\/comment-changer-de-carriere-professionnelle\/\",\"name\":\"Comment changer de carri\\u00e8re professionnelle ? | Mes-Allocs.fr\",\"isPartOf\":{\"@id\":\"https:\/\/www.mes-allocs.fr\/guides\/#website\"},\"primaryImageOfPage\":{\"@id\":\"https:\/\/www.mes-allocs.fr\/guides\/reconversion-professionnelle\/changer-de-carriere\/comment-changer-de-carriere-professionnelle\/#primaryimage\"},\"datePublished\":\"2021-03-03T15:57:29+00:00\",\"dateModified\":\"2026-03-04T17:01:12+00:00\",\"author\":{\"@id\":\"https:\/\/www.mes-allocs.fr\/guides\/#\/schema\/person\/e4e762c89158b34a332446d26f02fd56\"},\"description\":\"Nombreux sont ceux qui changent de carri\\u00e8re professionnelle au cours de leur vie. Mes Allocs vous en dit plus sur la reconversion !\",\"inLanguage\":\"fr-FR\"},{\"@type\":\"Person\",\"@id\":\"https:\/\/www.mes-allocs.fr\/guides\/#\/schema\/person\/e4e762c89158b34a332446d26f02fd56\",\"name\":\"Marylou\",\"image\":{\"@type\":\"ImageObject\",\"@id\":\"https:\/\/www.mes-allocs.fr\/guides\/#personlogo\",\"inLanguage\":\"fr-FR\",\"url\":\"https:\/\/www.mes-allocs.fr\/guides\/wp-content\/uploads\/2021\/06\/marylou-150x150.png\",\"caption\":\"Marylou\"},\"description\":\"Marylou est r\\u00e9dactrice au sein de l'\\u00e9quipe Mes Allocs, sp\\u00e9cialiste des sujets de soci\\u00e9t\\u00e9 en g\\u00e9n\\u00e9ral. Dipl\\u00f4m\\u00e9e de l'Institut Sup\\u00e9rieur de Formation au Journalisme, elle rejoint Mes Allocs apr\\u00e8s cr\\u00e9\\u00e9 son premier blog personnel.\",\"sameAs\":[\"https:\/\/www.linkedin.com\/in\/marylou-pr\\u00e9vost\"]}]}<\/script>\n<!-- \/ Yoast SEO plugin. -->","amp_validity":null,"acf":{"faq":{"1":{"question":"\u00c0 quoi sert le CPF ?","answer":"Le CPF (Compte personnel de formation) fait le point sur votre projet et vous aide \u00e0 le pr\u00e9parer.\r\n<br> <a href=\"https:\/\/www.mes-allocs.fr\/guides\/reconversion-professionnelle\/reussi-sa-reconversion-professionnelle\/comment-faire-demission-reconversion-professionnelle\/\">Lire la suite<\/a>"},"2":{"question":"Quel financement pour une reconversion professionnelle ?","answer":"Des solutions existent pour le financement de votre formation. Par exemple, lorsque l'on est salari\u00e9, il est tout \u00e0 fait possible d'utiliser son\u00a0compte personnel de formation (CPF).\r\n<br> <a href=\"https:\/\/www.mes-allocs.fr\/guides\/reconversion-professionnelle\/reussi-sa-reconversion-professionnelle\/comment-faire-demission-reconversion-professionnelle\/\">Lire la suite<\/a>"},"3":{"question":"Comment d\u00e9missionner pour reconversion professionnelle ?","answer":"Si vous souhaitez d\u00e9missionner pour faire une reconversion professionnelle, il faut que vous ayez travaill\u00e9 de fa\u00e7on continue au minimum fix\u00e9 de 1300 jours travaill\u00e9s\u00a0au cours des\u00a05 ans (60 mois) qui pr\u00e9c\u00e8dent la d\u00e9mission. Il faut aussi s'\u00eatre fait aid\u00e9 par un Conseil en \u00e9volution professionnel."},"4":{"question":"Comment se cumulent les heures CPF ?","answer":"C'est en travaillant que vous cumulez des heures CPF, converties en euros et utilisables pour financer des formations. \u00c0 l'inverse, au ch\u00f4mage, vous ne cumulez plus d'heures mais pouvez toujours utiliser celles acquises auparavant."},"5":{"question":"Comment connaitre les m\u00e9tiers qui recrutent ? ","answer":"Vous pouvez vous renseigner avec Informations sur le march\u00e9 du travail, outil mis en place par P\u00f4le Emploi."},"6":{"question":"Qu'est-ce que le CPF ? ","answer":"Le compte personnel de formation (CPF) est utilisable par tout salari\u00e9, tout au long de sa vie active, y compris en p\u00e9riode de ch\u00f4mage, pour suivre une formation qualifiante ou certifiante. Le CPF a remplac\u00e9 le droit individuel \u00e0 la formation (Dif). Les salari\u00e9s ne perdent pas les heures acquises au titre du Dif."},"7":{"question":"","answer":""},"8":{"question":"","answer":""},"9":{"question":"","answer":""},"10":{"question":"","answer":""},"11":{"question":"","answer":""},"12":{"question":"","answer":""},"13":{"question":"","answer":""},"14":{"question":"","answer":""},"15":{"question":"","answer":""},"16":{"question":"","answer":""}}},"_links":{"self":[{"href":"https:\/\/www.mes-allocs.fr\/guides\/wp-json\/wp\/v2\/posts\/19813","targetHints":{"allow":["GET"]}}],"collection":[{"href":"https:\/\/www.mes-allocs.fr\/guides\/wp-json\/wp\/v2\/posts"}],"about":[{"href":"https:\/\/www.mes-allocs.fr\/guides\/wp-json\/wp\/v2\/types\/post"}],"author":[{"embeddable":true,"href":"https:\/\/www.mes-allocs.fr\/guides\/wp-json\/wp\/v2\/users\/9"}],"replies":[{"embeddable":true,"href":"https:\/\/www.mes-allocs.fr\/guides\/wp-json\/wp\/v2\/comments?post=19813"}],"version-history":[{"count":20,"href":"https:\/\/www.mes-allocs.fr\/guides\/wp-json\/wp\/v2\/posts\/19813\/revisions"}],"predecessor-version":[{"id":110149,"href":"https:\/\/www.mes-allocs.fr\/guides\/wp-json\/wp\/v2\/posts\/19813\/revisions\/110149"}],"wp:featuredmedia":[{"embeddable":true,"href":"https:\/\/www.mes-allocs.fr\/guides\/wp-json\/wp\/v2\/media\/20603"}],"wp:attachment":[{"href":"https:\/\/www.mes-allocs.fr\/guides\/wp-json\/wp\/v2\/media?parent=19813"}],"wp:term":[{"taxonomy":"category","embeddable":true,"href":"https:\/\/www.mes-allocs.fr\/guides\/wp-json\/wp\/v2\/categories?post=19813"},{"taxonomy":"post_tag","embeddable":true,"href":"https:\/\/www.mes-allocs.fr\/guides\/wp-json\/wp\/v2\/tags?post=19813"}],"curies":[{"name":"wp","href":"https:\/\/api.w.org\/{rel}","templated":true}]}}