{"id":19767,"date":"2021-03-29T14:51:04","date_gmt":"2021-03-29T14:51:04","guid":{"rendered":"https:\/\/www.mes-allocs.fr\/guides\/?p=19767"},"modified":"2026-03-03T18:09:53","modified_gmt":"2026-03-03T17:09:53","slug":"reconversion-professionnelle-professeur-des-ecoles","status":"publish","type":"post","link":"https:\/\/www.mes-allocs.fr\/guides\/reconversion-professionnelle\/reconversion-professionnelle-quel-metier\/reconversion-professionnelle-professeur-des-ecoles\/","title":{"rendered":"Reconversion professionnelle : comment devenir professeur des \u00e9coles ?"},"content":{"rendered":"<p><a href=\"https:\/\/www.mes-allocs.fr\/guides\/wp-content\/uploads\/2021\/02\/teacher-3765909_1280.jpg\"><img loading=\"lazy\" decoding=\"async\" class=\"aligncenter wp-image-19854 size-full\" src=\"https:\/\/www.mes-allocs.fr\/guides\/wp-content\/uploads\/2021\/02\/teacher-3765909_1280-e1613407536230.jpg\" alt=\"La reconversion professionnelle : professeur des \u00e9coles\" width=\"1280\" height=\"406\" \/><\/a><\/p>\n<p style=\"text-align: justify;\">[Mis \u00e0 jour le 03\/03\/2026] Les professeurs des \u00e9coles font partie de la cat\u00e9gorie A de la fonction publique. Regroupant tous les enseignants au corps de m\u00e9tier diff\u00e9rents, ils travaillent aussi bien avec des \u00e9l\u00e8ves du secteur priv\u00e9, que du secteur public. Mes Allocs vous explique en d\u00e9tail comment devenir <strong>professeur des \u00e9coles suite \u00e0 une <a href=\"https:\/\/www.mes-allocs.fr\/guides\/reconversion-professionnelle\/\">reconversion professionnelle<\/a>.<\/strong><\/p>\n<h1>Quel est le r\u00f4le d&rsquo;un professeur des \u00e9coles ?<\/h1>\n<p>Le r\u00f4le d&rsquo;un professeur des \u00e9coles ne se limite pas \u00e0 l&rsquo;apprentissage. Il a pour mission d&rsquo;aider ses \u00e9l\u00e8ves dans la construction de leurs parcours \u00e9ducatif et scolaire. Et cela dans de bonnes conditions de travail. Pour exercer ce m\u00e9tier, plusieurs voies d&rsquo;acc\u00e8s sont possibles, aussi bien en ce qui concerne les concours, que les voies de recrutement.<\/p>\n<div class='cta-block'><div class='text'>Besoin d\u2019aide dans votre reconversion ?<\/div><a href='https:\/\/www.formademia.fr\/formulaire\/coaching' class='app-button fit'>Simuler mon \u00e9ligibilit\u00e9 au coaching<\/a><\/div>\n<h1>Quelles sont les missions d&rsquo;un professeur des \u00e9coles ?<\/h1>\n<h2>Pr\u00e9paration des cours<\/h2>\n<p>Vous devrez suivre le programme de l&rsquo;\u00e9ducation nationale pour la pr\u00e9paration de vos cours. Tout au long de l&rsquo;ann\u00e9e scolaire, vous devrez :<\/p>\n<ul>\n<li>Corriger les copies de vos \u00e9l\u00e8ves<\/li>\n<li>Remplir le cahier de texte en ligne, ou \u00e0 d\u00e9faut, communiquer oralement \u00e0 vos \u00e9l\u00e8ves les devoirs \u00e0 faire<\/li>\n<\/ul>\n<h2>Enseigner diff\u00e9rentes mati\u00e8res<\/h2>\n<p>Vous aurez diff\u00e9rentes mati\u00e8res \u00e0 enseigner, ces derni\u00e8res sont d\u00e9cid\u00e9es par l&rsquo;\u00c9ducation Nationale. Vous devrez :<\/p>\n<ul>\n<li>Veiller \u00e0 la la s\u00e9curit\u00e9 physique des \u00e9l\u00e8ves pendant les heures de cours<\/li>\n<li>Surveille et encadre les \u00e9l\u00e8ves<\/li>\n<\/ul>\n<p>Notez qu&rsquo;en tant que professeur vous devrez \u00e9galement organiser des rendez-vous parents professeur. Cela afin de faire un point sur le niveau de vos \u00e9l\u00e8ves.<\/p>\n<p>&nbsp;<\/p>\n<p><iframe loading=\"lazy\" title=\"La reconversion professionnelle\" width=\"500\" height=\"281\" src=\"https:\/\/www.youtube.com\/embed\/EiVUthswxl0?feature=oembed\" frameborder=\"0\" allow=\"accelerometer; autoplay; clipboard-write; encrypted-media; gyroscope; picture-in-picture; web-share\" referrerpolicy=\"strict-origin-when-cross-origin\" allowfullscreen><\/iframe><\/p>\n<h1>Comment devenir professeur des \u00e9coles ?<\/h1>\n<h2>R\u00e9alisez un bilan de comp\u00e9tences<\/h2>\n<p>Avant de mener \u00e0 bien votre projet professionnel et de changer de m\u00e9tier, vous pouvez r\u00e9aliser un bilan de comp\u00e9tences. C&rsquo;est l&rsquo;occasion de savoir si vous vous dirigez vers le <a href=\"https:\/\/www.mes-allocs.fr\/guides\/reconversion-professionnelle\/reconversion-professionnelle-quel-metier\/\">m\u00e9tier fait pour vous<\/a>.\u00a0 Que vous ayez 30 ans, 40 ans, cela vous permettra de faire un point sur votre carri\u00e8re professionnelle. De comprendre et analyser le m\u00e9tier de professeur et les comp\u00e9tences indispensables pour exercer ce m\u00e9tier.<\/p>\n<h2>Passez des concours<\/h2>\n<p>Le concours pour devenir professeurs des \u00e9coles est le\u00a0<strong>CRPE<\/strong> (Concours de Recrutement de Professeurs des \u00c9coles). Mais sil vous souhaitez exercer ce m\u00e9tier en coll\u00e8ge ou en lyc\u00e9e, vous devrez pr\u00e9parer les concours suivants ci-dessous.<\/p>\n<p><strong>Pour exercer le m\u00e9tier de professeur dans le second degr\u00e9, vous devez r\u00e9ussir les concours suivants :<\/strong><\/p>\n<ul>\n<li>l&rsquo;<strong>agr\u00e9gation<\/strong>\u00a0pour enseigner dans les coll\u00e8ges, les lyc\u00e9es et les classes pr\u00e9paratoires<\/li>\n<li>le\u00a0<strong>Capes<\/strong>\u00a0(Certificat d&rsquo;Aptitude au Professorat de l&rsquo;Enseignement du Second degr\u00e9)\u00a0 pour enseigner dans les coll\u00e8ges et parfois les lyc\u00e9es<\/li>\n<li>le\u00a0<strong>Capeps<\/strong>\u00a0(Certificat d&rsquo;Aptitude au Professorat d\u2019\u00c9ducation Physique et Sportive)\u00a0pour enseigner l&rsquo;\u00e9ducation physique et sportive dans les coll\u00e8ges et les lyc\u00e9es<\/li>\n<li>le\u00a0<strong>Capet<\/strong>\u00a0(Certificat d&rsquo;Aptitude au Professorat de l&rsquo;Enseignement Technique)\u00a0pour enseigner dans les lyc\u00e9es technologiques<\/li>\n<li>le\u00a0<strong>Caplp<\/strong>\u00a0(Concours d&rsquo;Acc\u00e8s au corps des Professeurs de Lyc\u00e9e Professionnel) pour enseigner dans les lyc\u00e9es professionnels<\/li>\n<\/ul>\n<h3>Les diff\u00e9rentes voies de recrutement pour devenir professeur<\/h3>\n<p><strong>Il existe plusieurs possibilit\u00e9s pour passer le concours de professeur des \u00e9coles :\u00a0<\/strong><\/p>\n<ul>\n<li>les concours externes<\/li>\n<li>les troisi\u00e8mes concours<\/li>\n<li>les concours internes<\/li>\n<\/ul>\n<h4>Les concours externes<\/h4>\n<p>Il est \u00e9galement possible de passer le concours en tant que candidat externe, les conditions \u00e0 respecter diff\u00e8rent selon les voies de recrutement.<\/p>\n<p>Si vous choisissez de pr\u00e9parer le Concours d&rsquo;Acc\u00e8s au corps des Professeurs de Lyc\u00e9e Professionnel, votre exp\u00e9rience professionnelle peut \u00eatre prise en compte.<\/p>\n<ul>\n<li>dans les disciplines des \u00ab m\u00e9tiers \u00bb (12 sections)\u00a0: 5 ann\u00e9es de pratique professionnelle ou d&rsquo;enseignement de cette pratique et bac+2<\/li>\n<li>dans les disciplines \u00ab professionnelles \u00bb (45 sections)\u00a0: 7 ann\u00e9es de pratique professionnelle ou d&rsquo;enseignement de cette pratique et bac<\/li>\n<\/ul>\n<p><strong>\u00c0 noter : Toutes les activit\u00e9s professionnelles accomplies sous contrat de droit public ou de droit priv\u00e9 sont prises en compte. Temps partiel ou temps complet.<\/strong><\/p>\n<h4>Le master MEEF<\/h4>\n<p>Toutes les licences permettent d&rsquo;acc\u00e9der au Master MEEF. En revanche, selon que vous souhaitez exercer en \u00e9cole, lyc\u00e9e, coll\u00e8ge certains choix sont \u00e0 privil\u00e9gier<\/p>\n<p>Le master MEEF est d\u00e9di\u00e9 \u00e0 la formation aux m\u00e9tiers de l&rsquo;enseignement,\u00a0 mais \u00e9galement de l&rsquo;\u00e9ducation et de la formation. Dipl\u00f4mante, cette formation concerne tous les futurs <a href=\"https:\/\/www.mes-allocs.fr\/guides\/reconversion-professionnelle\/reconversion-professionnelle-quel-metier\/reconversion-professionnelle-enseignant\/\">enseignants<\/a> de l&rsquo; \u00e9ducation nationale. Que vous souhaitiez exercer en maternelle, \u00e0 l&rsquo;\u00e9cole \u00e9l\u00e9mentaire, au coll\u00e8ge ou au lyc\u00e9e, ou devenir conseiller principaux d&rsquo;\u00e9ducation du syst\u00e8me \u00e9ducatif (CPE)..<\/p>\n<p><strong>Les 3 mentions du Master MEEF :<\/strong><\/p>\n<ul>\n<li>mention 1er degr\u00e9 pour devenir professeur des \u00e9coles<\/li>\n<li>mention 2nd degr\u00e9 pour enseigner au coll\u00e8ge et au lyc\u00e9e (hors agr\u00e9gation)<\/li>\n<li>mention encadrement \u00e9ducatif pour devenir conseiller principal d&rsquo;\u00e9ducation (CPE)<\/li>\n<\/ul>\n<div class='cta-block'><div class='text'>Besoin d\u2019aide dans votre reconversion ?<\/div><a href='https:\/\/www.formademia.fr\/formulaire\/coaching' class='app-button fit'>Simuler mon \u00e9ligibilit\u00e9 au coaching<\/a><\/div>\n<h1>Financez votre projet de reconversion dans l&rsquo;enseignement<\/h1>\n<p>Il existe un certain nombre de dispositifs qui peuvent vous aider \u00e0 financer votre projet de reconversion. Pour cela vous devez vous adresser \u00e0 votre employeur, votre OPCO, OPACIF ou France Travail. Un <a href=\"https:\/\/www.formademia.fr\/formulaire\/coaching\">conseiller Mes Allocs<\/a> peut \u00e9galement vous accompagner dans votre projet de reconversion et vous permettre de gagner du temps.<\/p>\n<h2>Pour les salari\u00e9s du secteur priv\u00e9<\/h2>\n<h3>Le CPF<\/h3>\n<p>Le compte personnel de formation (CPF) remplace d\u00e9sormais le DIF, droit individuel \u00e0 la formation. Il\u00a0 peut \u00eatre utilis\u00e9 par les salari\u00e9s tout au long de leur carri\u00e8re professionnelle. Cela pour suivre une formation qualifiante ou certifiante. Notez que vous pouvez \u00e9galement utiliser les euros cumul\u00e9s pendant une p\u00e9riode de ch\u00f4mage.<\/p>\n<h3>Le PTP ou CPF de transition<\/h3>\n<p>Le\u00a0<strong>projet de transition professionnelle<\/strong> (PTP), permet \u00e0 un salari\u00e9 de s&rsquo;absenter pendant son temps de travail. Afin de suivre une formation pour se qualifier. Mais \u00e9galement \u00e9voluer ou bien pour envisager une reconversion professionnelle.<\/p>\n<h2>Pour les salari\u00e9s du secteur public<\/h2>\n<h3>Le CPF de la fonction publique<\/h3>\n<p>Les agents de la fonction publique de l&rsquo;\u00c9tat. De la fonction publique territoriale et de la fonction publique hospitali\u00e8re b\u00e9n\u00e9ficient eux aussi du compte personnel de formation CPF.<\/p>\n<p>Le principe est le m\u00eame que pour les salari\u00e9s du secteur priv\u00e9. Le CPF permet de financer une formation professionnelle dans l&rsquo; education nationale par exemple. Ou pour le d\u00e9veloppement de comp\u00e9tences dans le cadre d&rsquo;un projet d&rsquo;\u00e9volution professionnelle.<\/p>\n<p><strong>\u00c0 noter : Si vous \u00eates d\u00e9j\u00e0 agent du minist\u00e8re charg\u00e9 de l&rsquo;\u00e9ducation nationale, vous pouvez vous faire accompagner dans votre projet. Cela gr\u00e2ce au service des ressources humaines de proximit\u00e9 de votre acad\u00e9mie<\/strong><\/p>\n<h3 class=\"page-title\">Le cong\u00e9 de formation professionnelle (CFP)<\/h3>\n<p>Si vous \u00eates agent de la <a href=\"https:\/\/www.mes-allocs.fr\/guides\/reconversion-professionnelle\/reconversion-professionnelle-quel-metier\/reconversion-professionnelle-fonction-publique\/\">fonction publique<\/a> d\u2019\u00c9tat et que vous souhaitez vous former pour r\u00e9aliser un projet professionnel ou personnel. Vous pouvez, b\u00e9n\u00e9ficier d&rsquo;un cong\u00e9 de formation professionnelle. Ce cong\u00e9 d&rsquo;une dur\u00e9e maximale de 3 ans est r\u00e9mun\u00e9r\u00e9 pendant 12 mois fins de mois.<\/p>\n<h2>Pour les demandeurs d&#8217;emploi<\/h2>\n<h3>Le CPF<\/h3>\n<p>Le CPF est accessible pour les salari\u00e9s du secteur priv\u00e9, public, mais \u00e9galement pour les demandeurs d&#8217;emploi.<\/p>\n<h3>L&rsquo;AREF<\/h3>\n<p>Vous pouvez b\u00e9n\u00e9ficier de l&rsquo;AREF, l&rsquo;aide au retour \u00e0 l&#8217;emploi formation si vous suivez une formation valid\u00e9e par France Travail.<\/p>\n<div class='cta-block'><div class='text'>Besoin d\u2019aide dans votre reconversion ?<\/div><a href='https:\/\/www.formademia.fr\/formulaire\/coaching' class='app-button fit'>Simuler mon \u00e9ligibilit\u00e9 au coaching<\/a><\/div>\n","protected":false},"excerpt":{"rendered":"<p>[Mis \u00e0 jour le 03\/03\/2026] Les professeurs des \u00e9coles font partie de la cat\u00e9gorie A de la fonction publique. Regroupant tous les enseignants au corps de m\u00e9tier diff\u00e9rents, ils travaillent aussi bien avec des \u00e9l\u00e8ves du secteur priv\u00e9, que du secteur public. Mes Allocs vous explique en d\u00e9tail comment devenir professeur des \u00e9coles suite \u00e0 [&hellip;]<\/p>\n","protected":false},"author":7,"featured_media":19854,"comment_status":"open","ping_status":"open","sticky":false,"template":"","format":"standard","meta":{"amp_status":"","footnotes":""},"categories":[5081,5165],"tags":[],"class_list":["post-19767","post","type-post","status-publish","format-standard","has-post-thumbnail","hentry","category-reconversion-professionnelle","category-reconversion-professionnelle-quel-metier"],"yoast_head":"<!-- This site is optimized with the Yoast SEO plugin v14.9 - https:\/\/yoast.com\/wordpress\/plugins\/seo\/ -->\n<title>Reconversion professionnelle : comment devenir professeur des \u00e9coles ?<\/title>\n<meta name=\"description\" content=\"Plusieurs concours vous permettent de devenir professeur des \u00e9coles. Mes Allocs vous explique comment faire dans le cadre d&#039;une reconversion.\" \/>\n<meta name=\"robots\" content=\"index, follow, max-snippet:-1, max-image-preview:large, max-video-preview:-1\" \/>\n<link rel=\"canonical\" href=\"https:\/\/www.mes-allocs.fr\/guides\/reconversion-professionnelle\/reconversion-professionnelle-quel-metier\/reconversion-professionnelle-professeur-des-ecoles\/\" \/>\n<meta property=\"og:locale\" content=\"fr_FR\" \/>\n<meta property=\"og:type\" content=\"article\" \/>\n<meta property=\"og:title\" content=\"Reconversion professionnelle : comment devenir professeur des \u00e9coles ?\" \/>\n<meta property=\"og:description\" content=\"Plusieurs concours vous permettent de devenir professeur des \u00e9coles. Mes Allocs vous explique comment faire dans le cadre d&#039;une reconversion.\" \/>\n<meta property=\"og:url\" content=\"https:\/\/www.mes-allocs.fr\/guides\/reconversion-professionnelle\/reconversion-professionnelle-quel-metier\/reconversion-professionnelle-professeur-des-ecoles\/\" \/>\n<meta property=\"og:site_name\" content=\"Mes-Allocs.fr\" \/>\n<meta property=\"article:published_time\" content=\"2021-03-29T14:51:04+00:00\" \/>\n<meta property=\"article:modified_time\" content=\"2026-03-03T17:09:53+00:00\" \/>\n<meta property=\"og:image\" content=\"https:\/\/www.mes-allocs.fr\/guides\/wp-content\/uploads\/2021\/02\/teacher-3765909_1280.jpg?wsr\" \/>\n\t<meta property=\"og:image:width\" content=\"1280\" \/>\n\t<meta property=\"og:image:height\" content=\"854\" \/>\n<meta name=\"twitter:card\" content=\"summary_large_image\" \/>\n<script type=\"application\/ld+json\" class=\"yoast-schema-graph\">{\"@context\":\"https:\/\/schema.org\",\"@graph\":[{\"@type\":\"WebSite\",\"@id\":\"https:\/\/www.mes-allocs.fr\/guides\/#website\",\"url\":\"https:\/\/www.mes-allocs.fr\/guides\/\",\"name\":\"Mes-Allocs.fr\",\"description\":\"\",\"potentialAction\":[{\"@type\":\"SearchAction\",\"target\":\"https:\/\/www.mes-allocs.fr\/guides\/?s={search_term_string}\",\"query-input\":\"required name=search_term_string\"}],\"inLanguage\":\"fr-FR\"},{\"@type\":\"ImageObject\",\"@id\":\"https:\/\/www.mes-allocs.fr\/guides\/reconversion-professionnelle\/reconversion-professionnelle-quel-metier\/reconversion-professionnelle-professeur-des-ecoles\/#primaryimage\",\"inLanguage\":\"fr-FR\",\"url\":\"https:\/\/www.mes-allocs.fr\/guides\/wp-content\/uploads\/2021\/02\/teacher-3765909_1280.jpg?wsr\",\"width\":1280,\"height\":854,\"caption\":\"reconversion professionnelle professeur des ecoles\"},{\"@type\":\"WebPage\",\"@id\":\"https:\/\/www.mes-allocs.fr\/guides\/reconversion-professionnelle\/reconversion-professionnelle-quel-metier\/reconversion-professionnelle-professeur-des-ecoles\/#webpage\",\"url\":\"https:\/\/www.mes-allocs.fr\/guides\/reconversion-professionnelle\/reconversion-professionnelle-quel-metier\/reconversion-professionnelle-professeur-des-ecoles\/\",\"name\":\"Reconversion professionnelle : comment devenir professeur des \\u00e9coles ?\",\"isPartOf\":{\"@id\":\"https:\/\/www.mes-allocs.fr\/guides\/#website\"},\"primaryImageOfPage\":{\"@id\":\"https:\/\/www.mes-allocs.fr\/guides\/reconversion-professionnelle\/reconversion-professionnelle-quel-metier\/reconversion-professionnelle-professeur-des-ecoles\/#primaryimage\"},\"datePublished\":\"2021-03-29T14:51:04+00:00\",\"dateModified\":\"2026-03-03T17:09:53+00:00\",\"author\":{\"@id\":\"https:\/\/www.mes-allocs.fr\/guides\/#\/schema\/person\/1c4837d5703727cb02ce84583b5a44aa\"},\"description\":\"Plusieurs concours vous permettent de devenir professeur des \\u00e9coles. Mes Allocs vous explique comment faire dans le cadre d'une reconversion.\",\"inLanguage\":\"fr-FR\"},{\"@type\":\"Person\",\"@id\":\"https:\/\/www.mes-allocs.fr\/guides\/#\/schema\/person\/1c4837d5703727cb02ce84583b5a44aa\",\"name\":\"Fabiola\",\"image\":{\"@type\":\"ImageObject\",\"@id\":\"https:\/\/www.mes-allocs.fr\/guides\/#personlogo\",\"inLanguage\":\"fr-FR\",\"url\":\"https:\/\/www.mes-allocs.fr\/guides\/wp-content\/uploads\/2021\/06\/fabiola-150x150.png\",\"caption\":\"Fabiola\"},\"description\":\"Fabiola est r\\u00e9dactrice au sein de l'\\u00e9quipe Mes Allocs, sp\\u00e9cialis\\u00e9e en sciences politiques et affaires publiques. Dipl\\u00f4m\\u00e9e de l'HEIP, elle rejoint Mes Allocs apr\\u00e8s une premi\\u00e8re exp\\u00e9rience \\u00e0 l'Assembl\\u00e9e Nationale.\",\"sameAs\":[\"https:\/\/www.linkedin.com\/in\/cecilia-philippe-b-8a8085195\"]}]}<\/script>\n<!-- \/ Yoast SEO plugin. -->","amp_validity":null,"acf":{"faq":{"1":{"question":"Quel dipl\u00f4me pour \u00eatre professeur des \u00e9coles ?","answer":"Pour devenir professeur des \u00e9coles, vous devez, apr\u00e8s une licence, de suivre la formation du master MEEF sp\u00e9cialis\u00e9e dans les m\u00e9tiers de l'enseignement de l'\u00e9ducation et de la formation"},"2":{"question":" Comment se reconvertir dans l'enseignement ?","answer":"Il faut passer un concours de professeur d'universit\u00e9 ouvert aux titulaires d'un doctorat"},"3":{"question":" Quel est le salaire d'un prof des \u00e9coles ?","answer":"Un professeur des \u00e9coles est r\u00e9mun\u00e9r\u00e9 en d\u00e9but de carri\u00e8re \u00e0 2 067 \u20ac brut. "},"4":{"question":"Comment devenir professeur dans l'enseignement priv\u00e9 ?","answer":"Pour enseigner dans une \u00e9cole maternelle ou \u00e9l\u00e9mentaire de l'enseignement priv\u00e9 sous contrat, vous devez obtenir un certificat d'aptitude au professorat des \u00e9coles des \u00e9tablissements priv\u00e9s."},"5":{"question":"Comment devenir enseignant sans dipl\u00f4me ?","answer":"Dans l'enseignement public, l'acc\u00e8s \u00e0 un poste de professeur contractuel du premier ou du second degr\u00e9 est possible avec un dipl\u00f4me de niveau bac + 3 voire, depuis le d\u00e9cret du 29 ao\u00fbt 2016 et en cas de difficult\u00e9s de recrutement, bac + 2."},"6":{"question":" Comment se cumulent les heures CPF ?","answer":"C'est en travaillant que vous cumulez des heures CPF, converties en euros et utilisables pour financer des formations. \u00c0 l'inverse, au ch\u00f4mage, vous ne cumulez plus d'heures mais pouvez toujours utiliser celles acquises auparavant."},"7":{"question":"","answer":""},"8":{"question":"","answer":""},"9":{"question":"","answer":""},"10":{"question":"","answer":""},"11":{"question":"","answer":""},"12":{"question":"","answer":""},"13":{"question":"","answer":""},"14":{"question":"","answer":""},"15":{"question":"","answer":""},"16":{"question":"","answer":""}}},"_links":{"self":[{"href":"https:\/\/www.mes-allocs.fr\/guides\/wp-json\/wp\/v2\/posts\/19767","targetHints":{"allow":["GET"]}}],"collection":[{"href":"https:\/\/www.mes-allocs.fr\/guides\/wp-json\/wp\/v2\/posts"}],"about":[{"href":"https:\/\/www.mes-allocs.fr\/guides\/wp-json\/wp\/v2\/types\/post"}],"author":[{"embeddable":true,"href":"https:\/\/www.mes-allocs.fr\/guides\/wp-json\/wp\/v2\/users\/7"}],"replies":[{"embeddable":true,"href":"https:\/\/www.mes-allocs.fr\/guides\/wp-json\/wp\/v2\/comments?post=19767"}],"version-history":[{"count":24,"href":"https:\/\/www.mes-allocs.fr\/guides\/wp-json\/wp\/v2\/posts\/19767\/revisions"}],"predecessor-version":[{"id":110026,"href":"https:\/\/www.mes-allocs.fr\/guides\/wp-json\/wp\/v2\/posts\/19767\/revisions\/110026"}],"wp:featuredmedia":[{"embeddable":true,"href":"https:\/\/www.mes-allocs.fr\/guides\/wp-json\/wp\/v2\/media\/19854"}],"wp:attachment":[{"href":"https:\/\/www.mes-allocs.fr\/guides\/wp-json\/wp\/v2\/media?parent=19767"}],"wp:term":[{"taxonomy":"category","embeddable":true,"href":"https:\/\/www.mes-allocs.fr\/guides\/wp-json\/wp\/v2\/categories?post=19767"},{"taxonomy":"post_tag","embeddable":true,"href":"https:\/\/www.mes-allocs.fr\/guides\/wp-json\/wp\/v2\/tags?post=19767"}],"curies":[{"name":"wp","href":"https:\/\/api.w.org\/{rel}","templated":true}]}}