{"id":19735,"date":"2021-02-12T14:39:02","date_gmt":"2021-02-12T14:39:02","guid":{"rendered":"https:\/\/www.mes-allocs.fr\/guides\/?p=19735"},"modified":"2026-04-02T14:32:01","modified_gmt":"2026-04-02T13:32:01","slug":"prime-activite-interimaire","status":"publish","type":"post","link":"https:\/\/www.mes-allocs.fr\/guides\/prime-d-activite\/prime-activite-conditions\/prime-activite-interimaire\/","title":{"rendered":"Prime d&rsquo;activit\u00e9 int\u00e9rimaire 2026 : conditions, montants, d\u00e9marches"},"content":{"rendered":"<p><img loading=\"lazy\" decoding=\"async\" class=\"alignnone wp-image-19744 size-full\" title=\"prime d activit\u00e9 pour interimaire\" src=\"https:\/\/www.mes-allocs.fr\/guides\/wp-content\/uploads\/2021\/02\/receptionists-5975962_1920-2-e1684918409323.jpg\" alt=\"prime d activit\u00e9 pour interimaire\" width=\"1920\" height=\"292\" srcset=\"https:\/\/www.mes-allocs.fr\/guides\/wp-content\/uploads\/2021\/02\/receptionists-5975962_1920-2-e1684918409323.jpg 1920w, https:\/\/www.mes-allocs.fr\/guides\/wp-content\/uploads\/2021\/02\/receptionists-5975962_1920-2-e1684918409323-300x46.jpg 300w, https:\/\/www.mes-allocs.fr\/guides\/wp-content\/uploads\/2021\/02\/receptionists-5975962_1920-2-e1684918409323-1024x156.jpg 1024w, https:\/\/www.mes-allocs.fr\/guides\/wp-content\/uploads\/2021\/02\/receptionists-5975962_1920-2-e1684918409323-768x117.jpg 768w, https:\/\/www.mes-allocs.fr\/guides\/wp-content\/uploads\/2021\/02\/receptionists-5975962_1920-2-e1684918409323-1536x234.jpg 1536w, https:\/\/www.mes-allocs.fr\/guides\/wp-content\/uploads\/2021\/02\/receptionists-5975962_1920-2-e1684918409323-600x91.jpg 600w\" sizes=\"auto, (max-width: 1920px) 100vw, 1920px\" \/><\/p>\n<p align=\"justify\"><span style=\"font-size: medium;\"><span style=\"font-weight: 400;\">[Mis \u00e0 jour le 02\/04\/2026] <\/span> La <a href=\"https:\/\/www.mes-allocs.fr\/guides\/prime-d-activite\" target=\"_blank\" rel=\"noopener noreferrer\">prime d\u2019activit\u00e9<\/a> est un compl\u00e9ment de revenu. Cette aide est destin\u00e9e aux travailleurs et aux fonctionnaires dont les revenus sont modestes. Elle vise \u00e0 leur garantir un niveau de vie convenable, apr\u00e8s une p\u00e9riode de ch\u00f4mage, entre autres. <\/span><span style=\"font-size: medium;\">Qu&rsquo;est-ce que peut attendre un int\u00e9rimaire de cette aide ? L&rsquo;\u00e9quipe de Mes-Allocs vous explique si vous \u00eates \u00e9ligible en 2026.<\/span><\/p>\n<div class='cta-block'><div class='text'>Simulez votre prime d&rsquo;activit\u00e9 en 2 min. <\/div><a href='https:\/\/www.mes-allocs.fr\/ab-app?origin=guides\/wp-json\/wp\/v2\/posts\/19735' class='app-button fit'>Simulation gratuite<\/a><\/div>\n<hr \/>\n<h1 data-ui-name=\"Tag\">Qu&rsquo;est-ce que la prime d&rsquo;activit\u00e9 ?<\/h1>\n<p>C&rsquo;est une <a href=\"https:\/\/www.mes-allocs.fr\/guides\/prime-d-activite\/simulation-prime-d-activite\/\">aide<\/a> qui vise \u00e0 soutenir l&rsquo;activit\u00e9 professionnelle ou le retour \u00e0 l&rsquo;activit\u00e9, de personnes aux ressources modestes, faibles ou irr\u00e9guliers.\u00a0Elle donc est destin\u00e9e aux salari\u00e9s (int\u00e9rimaires ou non) ou ind\u00e9pendants.<\/p>\n<p>Faisant partie des prestations sociales, la prime d&rsquo;activit\u00e9 n&rsquo;est pas imposable.<\/p>\n<p><iframe loading=\"lazy\" title=\"La prime d&#039;activit\u00e9\" width=\"500\" height=\"281\" src=\"https:\/\/www.youtube.com\/embed\/uavbovK5ZXc?feature=oembed\" frameborder=\"0\" allow=\"accelerometer; autoplay; clipboard-write; encrypted-media; gyroscope; picture-in-picture; web-share\" referrerpolicy=\"strict-origin-when-cross-origin\" allowfullscreen><\/iframe><\/p>\n<h2>Les b\u00e9n\u00e9ficiaires<\/h2>\n<p>Pour pouvoir b\u00e9n\u00e9ficier de la prime d&rsquo;activit\u00e9, vous devez :<\/p>\n<ul>\n<li><span class=\"amp-wp-b9d98c2\" data-amp-original-style=\"font-size: medium;\">Avoir 18 ans,<\/span><\/li>\n<li><span class=\"amp-wp-b9d98c2\" data-amp-original-style=\"font-size: medium;\">R\u00e9sider en France de fa\u00e7on stable, c\u2019est-\u00e0-dire ne pas s\u00e9journer plus de 3 mois par ann\u00e9e civile, hors de France,<\/span><\/li>\n<li><span class=\"amp-wp-b9d98c2\" data-amp-original-style=\"font-size: medium;\">\u00catre fran\u00e7ais ou citoyen de l\u2019Espace \u00e9conomique europ\u00e9en <\/span><span class=\"amp-wp-b9d98c2\" data-amp-original-style=\"font-size: medium;\">ou \u00eatre suisse,<\/span><\/li>\n<li><span class=\"amp-wp-b9d98c2\" data-amp-original-style=\"font-size: medium;\">ou r\u00e9sider de fa\u00e7on r\u00e9guli\u00e8re en France depuis au moins 5 ans,<\/span><\/li>\n<li><span class=\"amp-wp-b9d98c2\" data-amp-original-style=\"font-size: medium;\">\u00catre salari\u00e9 ou ind\u00e9pendant,<\/span><\/li>\n<li><span class=\"amp-wp-b9d98c2\" data-amp-original-style=\"font-size: medium;\">Percevoir des revenus modestes,<\/span><\/li>\n<\/ul>\n<p>Si vous \u00eates dans l&rsquo;une des situations suivantes, vous ne pourrez pas b\u00e9n\u00e9ficier de la prime :<\/p>\n<ul>\n<li><span class=\"amp-wp-b9d98c2\" data-amp-original-style=\"font-size: medium;\">En cong\u00e9 parental, sabbatique sans solde,<\/span><\/li>\n<li><span class=\"amp-wp-b9d98c2\" data-amp-original-style=\"font-size: medium;\">Les travailleurs d\u00e9tach\u00e9s exer\u00e7ant de fa\u00e7on temporaire en France,<\/span><\/li>\n<li><span class=\"amp-wp-b9d98c2\" data-amp-original-style=\"font-size: medium;\">Les \u00e9tudiants ou apprentis percevant mensuellement un revenu sup\u00e9rieur ou \u00e9gal \u00e0 1 117,26 \u20ac<\/span><\/li>\n<\/ul>\n<p>Tous les travailleurs quel que soit leur <a href=\"https:\/\/www.mes-allocs.fr\/guides\/prime-d-activite\/prime-d-activite-statut\/\" target=\"_blank\" rel=\"noopener noreferrer\">statut<\/a> peuvent b\u00e9n\u00e9ficier de cette aide. Ainsi, peuvent en b\u00e9n\u00e9ficier les :<\/p>\n<ul class=\"list-9\">\n<li>Salari\u00e9s et les fonctionnaires,<\/li>\n<li>Auto-entrepreneurs,<\/li>\n<li>Travailleurs ind\u00e9pendants,<\/li>\n<li>\u00c9tudiants, apprentis et stagiaires,<\/li>\n<li>B\u00e9n\u00e9ficiaires de l\u2019AAH qui per\u00e7oivent des revenus salari\u00e9s.<\/li>\n<\/ul>\n<h2>Les conditions d&rsquo;attribution<\/h2>\n<p style=\"text-align: justify;\">L&rsquo;attribution de la prime d&rsquo;activit\u00e9 est possible \u00e0 condition de r\u00e9pondre \u00e0 <b>certains crit\u00e8res<\/b>. En effet, la prime d&rsquo;activit\u00e9 est soumise \u00e0 des conditions de ressources et d\u00e9pend de la composition de votre foyer.<\/p>\n<p style=\"text-align: justify;\">Ainsi, l&rsquo;ensemble des revenus des membres de votre foyer est pris en compte dans le calcul de la prime.<\/p>\n<p style=\"text-align: justify;\">Pour b\u00e9n\u00e9ficier de la prime d&rsquo;activit\u00e9, vous ne devez pas d\u00e9passer un certain montant de revenus. Les\u00a0salari\u00e9s dont les revenus sont compris entre 0,5 fois et 1,3 fois le Smic peuvent potentiellement en b\u00e9n\u00e9ficier.<\/p>\n<p>Ces plafonds de ressources varient selon les situations. Ils sont, \u00e0 titre indicatif.<\/p>\n<ul>\n<li>2.098 \u00a0euros par mois pour un travailleur salari\u00e9 c\u00e9libataire sans allocation logement<\/li>\n<li>3.105 \u00a0euros par mois pour un couple avec un enfant \u00e0 charge, avec une seule personne qui travaille.<\/li>\n<\/ul>\n<p>Ces montants ne sont pas exhaustifs. Ils sont repr\u00e9sentatifs des situations les plus simples. Ils peuvent varier suivant votre situation personnelle. Ils ne sont en outre valables que si les ressources du foyers sont uniquement d&rsquo;origine professionnelle.<\/p>\n<h2>Montant de la prime d&rsquo;activit\u00e9<\/h2>\n<p>Le calcul de la prime est effectu\u00e9, selon la formule suivante :<\/p>\n<p align=\"justify\"><strong><span class=\"amp-wp-b9d98c2\" data-amp-original-style=\"font-size: medium;\">Prime d\u2019activit\u00e9 = (montant forfaitaire* + 59,85 % des revenus professionnels + bonifications individuelles) \u2013 les ressources prises en compte du foyer<\/span><\/strong><\/p>\n<p align=\"justify\"><span class=\"amp-wp-b9d98c2\" data-amp-original-style=\"font-size: medium;\">* le montant forfaitaire est de<b> <strong>638,28\u20ac<\/strong> <\/b>pour une personne vivant seule et sans enfant \u00e0 charge. Il est major\u00e9 en fonction de la composition du foyer.<\/span><\/p>\n<p align=\"justify\"><em>Exemple : une personne seule sans enfant per\u00e7oit un salaire de 1400\u20ac et des APL. Sa prime d\u2019activit\u00e9 sera calcul\u00e9e ainsi : <strong>638,28\u20ac<\/strong> (montant forfaitaire) + 854 (<strong><span class=\"amp-wp-b9d98c2\" data-amp-original-style=\"font-size: medium;\">59,85 %<\/span><\/strong> des revenus) + 184,27 (bonification individuelle) \u2013 77,58 (forfait logement) \u2013 1400 (ressources du foyers) = <b>193,9<\/b>\u00a0\u20ac<\/em>.<\/p>\n<p>Ce calcul tient compte des revenus issus de vos :<\/p>\n<ul class=\"list-9\">\n<li>Revenus professionnels (salaire, chiffre d\u2019affaires)<\/li>\n<li>Indemnit\u00e9s de remplacement comme le ch\u00f4mage<\/li>\n<li>De votre Allocation Adulte Handicap\u00e9<\/li>\n<li>Prestations familiales (allocations logement, etc.)<\/li>\n<li>Revenus imposables (capitaux, patrimoine)<\/li>\n<li>Les pensions alimentaires per\u00e7ues<\/li>\n<\/ul>\n<p>Cependant, ces aides ne sont pas prises en compte, dans ce calcul :<\/p>\n<ul class=\"list-9\">\n<li>Les prestations sociales comme l\u2019Allocation de Rentr\u00e9e Scolaire, la prime \u00e0 la naissance, le RSA ou bien encore l\u2019allocation de base (servant \u00e0 entretenir et assurer les besoins de l\u2019enfant),<\/li>\n<li>L\u2019Allocation d\u2019\u00c9ducation de l\u2019Enfant Handicap\u00e9 ainsi que ses compl\u00e9ments (destin\u00e9s \u00e0 prendre en charge les frais li\u00e9s au handicap de l\u2019enfant),<\/li>\n<li>La bourse \u00e9tudiante<\/li>\n<\/ul>\n<div class='cta-block'><div class='text'>Simulez votre prime d&rsquo;activit\u00e9 en 2 min. <\/div><a href='https:\/\/www.mes-allocs.fr\/ab-app?origin=guides\/wp-json\/wp\/v2\/posts\/19735' class='app-button fit'>Simulation gratuite<\/a><\/div>\n<h1 align=\"justify\">La prime d&rsquo;activit\u00e9 pour un int\u00e9rimaire<\/h1>\n<div data-ui-name=\"Tag\">\n<h2>Le statut d&rsquo;int\u00e9rimaire<\/h2>\n<p>Ce statut est d\u00e9fini est encadr\u00e9 par le code du travail. Le travail temporaire correspond au travail effectu\u00e9 par une personne engag\u00e9e par entreprise de travail temporaire (ETT).<\/p>\n<p>Cette personne est mise \u00e0 la disposition d\u2019une autre entreprise dite entreprise utilisatrice (EU), afin d\u2019ex\u00e9cuter une t\u00e2che pr\u00e9cise et temporaire. L&rsquo;ETT est donc l&#8217;employeur de cette personne. Les deux parties sont li\u00e9es par un contrat de mission.<\/p>\n<h2>Int\u00e9rimaire : quel droit \u00e0 la prime d&rsquo;activit\u00e9 ?<\/h2>\n<p>Tout comme les travailleurs ind\u00e9pendants et les fonctionnaires, les int\u00e9rimaires peuvent b\u00e9n\u00e9ficier de la prime d&rsquo;activit\u00e9.<\/p>\n<p>Vous \u00eates soumis aux m\u00eames conditions d&rsquo;\u00e9ligibilit\u00e9 et d&rsquo;attribution que les personnes exer\u00e7ant toute autre activit\u00e9 professionnelle.<\/p>\n<p>Ainsi, pour les int\u00e9rimaires, la CAF tient compte de l\u2019ensemble des ressources suivantes (per\u00e7ues lors des 3 derniers mois), les :<\/p>\n<ul>\n<li>Revenus professionnels. La r\u00e9mun\u00e9ration mensuelle per\u00e7ue li\u00e9e \u00e0 l\u2019activit\u00e9 int\u00e9rimaire<\/li>\n<li>Avantages en nature<\/li>\n<li>Revenus de remplacement. Les pensions alimentaires, indemnit\u00e9s journali\u00e8res de maladie (arr\u00eat maladie), les allocations ch\u00f4mage.<\/li>\n<li>Autres prestations familiales et sociales que vous avez per\u00e7u de la Caf : les allocations logement (APL), les allocations de soutien familial, etc<\/li>\n<li>Autres revenus soumis \u00e0 l\u2019imp\u00f4t sur le revenu (revenus du patrimoine et capitaux)<\/li>\n<\/ul>\n<\/div>\n<div data-ui-name=\"Tag\">\n<p>Le calcul du montant de la prime d&rsquo;activit\u00e9 d&rsquo;un int\u00e9rimaire est identique \u00e0 celui d&rsquo;un salari\u00e9. Ainsi, \u00e0 revenus \u00e9gaux, un salari\u00e9 et un int\u00e9rimaire aux revenus modestes, per\u00e7oivent la m\u00eame aide.<\/p>\n<\/div>\n<h2 align=\"justify\">La demande de prime d&rsquo;activit\u00e9<\/h2>\n<p>Gr\u00e2ce aux services en ligne de la CAF ou de la MSA (suivant votre affiliation), vous pouvez effectuer votre demande en ligne.<\/p>\n<p>Une fois votre demande accept\u00e9e, vous aurez l\u2019obligation de remplir une d\u00e9claration trimestrielle de ressources (DTR) tous les 3 mois. Cette d\u00e9claration permettra \u00e0 la CAF (ou la MSA) de recalculer vos droits et le montant de votre aide pour les trois mois qui suivent.<\/p>\n<p data-start=\"0\" data-end=\"164\">Depuis le 1\u1d49\u02b3 mars 2025, la d\u00e9claration trimestrielle de l<strong>a prime d\u2019activit\u00e9 devient pr\u00e9-remplie<\/strong>, ce qui simplifie le processus. La CAF reprend automatiquement certaines informations \u00e0 partir des revenus d\u00e9clar\u00e9s auparavant, r\u00e9duisant ainsi les erreurs et acc\u00e9l\u00e9rant le traitement de votre demande. Toutefois, il reste important de v\u00e9rifier et de valider les informations pour \u00e9viter toute erreur qui pourrait affecter le montant de l\u2019aide.<\/p>\n<p data-start=\"0\" data-end=\"164\">Depuis mars 2025, la p\u00e9riode \u00e0 d\u00e9clarer correspond aux tr<strong>ois mois pr\u00e9c\u00e9dant la demande : par exemple, en mars, vous devez d\u00e9clarer vos revenus des mois de novembre, d\u00e9cembre et janvier (et non plus d\u00e9cembre, janvier, f\u00e9vrier)<\/strong>. Cette nouvelle organisation facilite la gestion de votre dossier et rend la d\u00e9claration plus pr\u00e9cise.<\/p>\n<p>Le versement de la prime est effectu\u00e9 mensuellement, tous les 5 du mois.<\/p>\n<p><strong>\u00c0 noter : <\/strong>la prime d&rsquo;activit\u00e9 n&rsquo;est pas r\u00e9troactive. Vous devez donc en faire la\u00a0demande d\u00e8s que vous en avez besoin.<\/p>\n<p align=\"justify\"><span class=\"amp-wp-b9d98c2\" data-amp-original-style=\"font-size: medium;\">Toutefois, vous devez savoir que tout changement de situation (changement du statut social, etc.) devra \u00eatre signal\u00e9 imm\u00e9diatement aux services comp\u00e9tents.<\/span><\/p>\n<p align=\"justify\"><span class=\"amp-wp-b9d98c2\" data-amp-original-style=\"font-size: medium;\">Cette mise \u00e0 jour ne viendra pas modifier les droits dont vous b\u00e9n\u00e9ficiez d\u00e9j\u00e0. Elle viendra apporter des modifications au versement de votre prime (<\/span><span class=\"amp-wp-b9d98c2\" data-amp-original-style=\"font-size: medium;\">si la situation l\u2019impose) lors du recalcul de vos droits.<\/span><\/p>\n<div data-ui-name=\"Tag\">\n<div class='cta-block'><div class='text'>Simulez votre prime d&rsquo;activit\u00e9 en 2 min. <\/div><a href='https:\/\/www.mes-allocs.fr\/ab-app?origin=guides\/wp-json\/wp\/v2\/posts\/19735' class='app-button fit'>Simulation gratuite<\/a><\/div>\n<\/div>\n","protected":false},"excerpt":{"rendered":"<p>[Mis \u00e0 jour le 02\/04\/2026] La prime d\u2019activit\u00e9 est un compl\u00e9ment de revenu. Cette aide est destin\u00e9e aux travailleurs et aux fonctionnaires dont les revenus sont modestes. Elle vise \u00e0 leur garantir un niveau de vie convenable, apr\u00e8s une p\u00e9riode de ch\u00f4mage, entre autres. Qu&rsquo;est-ce que peut attendre un int\u00e9rimaire de cette aide ? L&rsquo;\u00e9quipe [&hellip;]<\/p>\n","protected":false},"author":7,"featured_media":19744,"comment_status":"open","ping_status":"open","sticky":false,"template":"","format":"standard","meta":{"amp_status":"","footnotes":""},"categories":[20,3130],"tags":[],"class_list":["post-19735","post","type-post","status-publish","format-standard","has-post-thumbnail","hentry","category-prime-d-activite","category-prime-activite-conditions"],"yoast_head":"<!-- This site is optimized with the Yoast SEO plugin v14.9 - https:\/\/yoast.com\/wordpress\/plugins\/seo\/ -->\n<title>Prime d&#039;activit\u00e9 int\u00e9rimaire 2026 : conditions, montants, d\u00e9marches<\/title>\n<meta name=\"description\" content=\"La prime d\u2019activit\u00e9 est destin\u00e9 aux travailleurs et aux int\u00e9rimaires. D\u00e9couvrez votre \u00e9gibilit\u00e9 en 2026 avec notre simulateur Mes Allocs.\" \/>\n<meta name=\"robots\" content=\"index, follow, max-snippet:-1, max-image-preview:large, max-video-preview:-1\" \/>\n<link rel=\"canonical\" href=\"https:\/\/www.mes-allocs.fr\/guides\/prime-d-activite\/prime-activite-conditions\/prime-activite-interimaire\/\" \/>\n<meta property=\"og:locale\" content=\"fr_FR\" \/>\n<meta property=\"og:type\" content=\"article\" \/>\n<meta property=\"og:title\" content=\"Prime d&#039;activit\u00e9 int\u00e9rimaire 2026 : conditions, montants, d\u00e9marches\" \/>\n<meta property=\"og:description\" content=\"La prime d\u2019activit\u00e9 est destin\u00e9 aux travailleurs et aux int\u00e9rimaires. D\u00e9couvrez votre \u00e9gibilit\u00e9 en 2026 avec notre simulateur Mes Allocs.\" \/>\n<meta property=\"og:url\" content=\"https:\/\/www.mes-allocs.fr\/guides\/prime-d-activite\/prime-activite-conditions\/prime-activite-interimaire\/\" \/>\n<meta property=\"og:site_name\" content=\"Mes-Allocs.fr\" \/>\n<meta property=\"article:published_time\" content=\"2021-02-12T14:39:02+00:00\" \/>\n<meta property=\"article:modified_time\" content=\"2026-04-02T13:32:01+00:00\" \/>\n<meta property=\"og:image\" content=\"https:\/\/www.mes-allocs.fr\/guides\/wp-content\/uploads\/2021\/02\/receptionists-5975962_1920-2-e1684918409323.jpg?wsr\" \/>\n\t<meta property=\"og:image:width\" content=\"1920\" \/>\n\t<meta property=\"og:image:height\" content=\"292\" \/>\n<meta name=\"twitter:card\" content=\"summary_large_image\" \/>\n<script type=\"application\/ld+json\" class=\"yoast-schema-graph\">{\"@context\":\"https:\/\/schema.org\",\"@graph\":[{\"@type\":\"WebSite\",\"@id\":\"https:\/\/www.mes-allocs.fr\/guides\/#website\",\"url\":\"https:\/\/www.mes-allocs.fr\/guides\/\",\"name\":\"Mes-Allocs.fr\",\"description\":\"\",\"potentialAction\":[{\"@type\":\"SearchAction\",\"target\":\"https:\/\/www.mes-allocs.fr\/guides\/?s={search_term_string}\",\"query-input\":\"required name=search_term_string\"}],\"inLanguage\":\"fr-FR\"},{\"@type\":\"ImageObject\",\"@id\":\"https:\/\/www.mes-allocs.fr\/guides\/prime-d-activite\/prime-activite-conditions\/prime-activite-interimaire\/#primaryimage\",\"inLanguage\":\"fr-FR\",\"url\":\"https:\/\/www.mes-allocs.fr\/guides\/wp-content\/uploads\/2021\/02\/receptionists-5975962_1920-2-e1684918409323.jpg?wsr\",\"width\":1920,\"height\":292,\"caption\":\"prime d activit\\u00e9 pour interimaire\"},{\"@type\":\"WebPage\",\"@id\":\"https:\/\/www.mes-allocs.fr\/guides\/prime-d-activite\/prime-activite-conditions\/prime-activite-interimaire\/#webpage\",\"url\":\"https:\/\/www.mes-allocs.fr\/guides\/prime-d-activite\/prime-activite-conditions\/prime-activite-interimaire\/\",\"name\":\"Prime d'activit\\u00e9 int\\u00e9rimaire 2026 : conditions, montants, d\\u00e9marches\",\"isPartOf\":{\"@id\":\"https:\/\/www.mes-allocs.fr\/guides\/#website\"},\"primaryImageOfPage\":{\"@id\":\"https:\/\/www.mes-allocs.fr\/guides\/prime-d-activite\/prime-activite-conditions\/prime-activite-interimaire\/#primaryimage\"},\"datePublished\":\"2021-02-12T14:39:02+00:00\",\"dateModified\":\"2026-04-02T13:32:01+00:00\",\"author\":{\"@id\":\"https:\/\/www.mes-allocs.fr\/guides\/#\/schema\/person\/1c4837d5703727cb02ce84583b5a44aa\"},\"description\":\"La prime d\\u2019activit\\u00e9 est destin\\u00e9 aux travailleurs et aux int\\u00e9rimaires. D\\u00e9couvrez votre \\u00e9gibilit\\u00e9 en 2026 avec notre simulateur Mes Allocs.\",\"inLanguage\":\"fr-FR\"},{\"@type\":\"Person\",\"@id\":\"https:\/\/www.mes-allocs.fr\/guides\/#\/schema\/person\/1c4837d5703727cb02ce84583b5a44aa\",\"name\":\"Fabiola\",\"image\":{\"@type\":\"ImageObject\",\"@id\":\"https:\/\/www.mes-allocs.fr\/guides\/#personlogo\",\"inLanguage\":\"fr-FR\",\"url\":\"https:\/\/www.mes-allocs.fr\/guides\/wp-content\/uploads\/2021\/06\/fabiola-150x150.png\",\"caption\":\"Fabiola\"},\"description\":\"Fabiola est r\\u00e9dactrice au sein de l'\\u00e9quipe Mes Allocs, sp\\u00e9cialis\\u00e9e en sciences politiques et affaires publiques. Dipl\\u00f4m\\u00e9e de l'HEIP, elle rejoint Mes Allocs apr\\u00e8s une premi\\u00e8re exp\\u00e9rience \\u00e0 l'Assembl\\u00e9e Nationale.\",\"sameAs\":[\"https:\/\/www.linkedin.com\/in\/cecilia-philippe-b-8a8085195\"]}]}<\/script>\n<!-- \/ Yoast SEO plugin. -->","amp_validity":null,"acf":{"faq":{"1":{"question":"Est-ce que les int\u00e9rimaires ont droit \u00e0 la prime d'activit\u00e9 ?","answer":"Toute personne exer\u00e7ant une activit\u00e9 professionnelle quel qu'elle soit peut b\u00e9n\u00e9ficier de la prime d'activit\u00e9 \u00e0 condition de remplir les conditions n\u00e9cessaires \u00e0 l'obtention de cette aide sociale. "},"2":{"question":"Est-ce qu'un ch\u00f4meur peut toucher la prime d'activit\u00e9 ?","answer":" La prime d'activit\u00e9 est une aide destin\u00e9 aux personnes exer\u00e7ant une activit\u00e9 professionnelle. Les ch\u00f4meurs ne sont donc pas concern\u00e9s."},"3":{"question":"Quel salaire minimum pour toucher la prime d'activit\u00e9 ?","answer":"Le salaire minimum pour b\u00e9n\u00e9ficier de la prime d'activit\u00e9 d\u00e9pend de votre situation personnelle, de vos ressources et de celles des membres de votre foyer. La composition de votre foyer entre aussi en compte dans votre \u00e9ligibilit\u00e9, ou non \u00e0 la prime."},"4":{"question":"Pourquoi je n'ai pas le droit \u00e0 la prime d'activit\u00e9 ?","answer":"L'octroi de la prime d'activit\u00e9 est soumis \u00e0 de nombreuses conditions dont des conditions de ressources. Si vous ne remplissez pas les conditions n\u00e9cessaires \u00e0 l'obtention de la prime, celle-ci vous sera refus\u00e9e."},"5":{"question":"Comment est calcul\u00e9e la prime d'activit\u00e9 ?","answer":"La prime d'activit\u00e9 est attribu\u00e9e aux travailleurs, sous conditions de revenus et suivant la composition de leur foyer. Le calcul de la prime tient compte de vos revenus qui sont additionn\u00e9s \u00e0 un montant forfaitaire et d'\u00e9ventuelles bonifications.<br> <a href=\"https:\/\/www.mes-allocs.fr\/guides\/prime-d-activite\/prime-dactivite-statut\/prime-d-activite-interimaire\/\">Lire la suite<\/a>"},"6":{"question":"Qui a droit \u00e0 la prime d'activit\u00e9 ?","answer":"La prime d'activit\u00e9 est une aide qui vient en compl\u00e9ment de revenus. Elle soutient les travailleurs et les fonctionnaires. Toute personne \u00e2g\u00e9e d'au moins 18 ans, r\u00e9sidant de mani\u00e8re stable et effective et r\u00e9pondant \u00e0 d'autres crit\u00e8res peut en b\u00e9n\u00e9ficier."},"7":{"question":"","answer":""},"8":{"question":"","answer":""},"9":{"question":"","answer":""},"10":{"question":"","answer":""},"11":{"question":"","answer":""},"12":{"question":"","answer":""},"13":{"question":"","answer":""},"14":{"question":"","answer":""},"15":{"question":"","answer":""},"16":{"question":"","answer":""}}},"_links":{"self":[{"href":"https:\/\/www.mes-allocs.fr\/guides\/wp-json\/wp\/v2\/posts\/19735","targetHints":{"allow":["GET"]}}],"collection":[{"href":"https:\/\/www.mes-allocs.fr\/guides\/wp-json\/wp\/v2\/posts"}],"about":[{"href":"https:\/\/www.mes-allocs.fr\/guides\/wp-json\/wp\/v2\/types\/post"}],"author":[{"embeddable":true,"href":"https:\/\/www.mes-allocs.fr\/guides\/wp-json\/wp\/v2\/users\/7"}],"replies":[{"embeddable":true,"href":"https:\/\/www.mes-allocs.fr\/guides\/wp-json\/wp\/v2\/comments?post=19735"}],"version-history":[{"count":36,"href":"https:\/\/www.mes-allocs.fr\/guides\/wp-json\/wp\/v2\/posts\/19735\/revisions"}],"predecessor-version":[{"id":111387,"href":"https:\/\/www.mes-allocs.fr\/guides\/wp-json\/wp\/v2\/posts\/19735\/revisions\/111387"}],"wp:featuredmedia":[{"embeddable":true,"href":"https:\/\/www.mes-allocs.fr\/guides\/wp-json\/wp\/v2\/media\/19744"}],"wp:attachment":[{"href":"https:\/\/www.mes-allocs.fr\/guides\/wp-json\/wp\/v2\/media?parent=19735"}],"wp:term":[{"taxonomy":"category","embeddable":true,"href":"https:\/\/www.mes-allocs.fr\/guides\/wp-json\/wp\/v2\/categories?post=19735"},{"taxonomy":"post_tag","embeddable":true,"href":"https:\/\/www.mes-allocs.fr\/guides\/wp-json\/wp\/v2\/tags?post=19735"}],"curies":[{"name":"wp","href":"https:\/\/api.w.org\/{rel}","templated":true}]}}