{"id":19680,"date":"2021-02-17T08:49:58","date_gmt":"2021-02-17T08:49:58","guid":{"rendered":"https:\/\/www.mes-allocs.fr\/guides\/?p=19680"},"modified":"2025-07-17T10:15:37","modified_gmt":"2025-07-17T08:15:37","slug":"aide-au-transport-scolaire-finistere","status":"publish","type":"post","link":"https:\/\/www.mes-allocs.fr\/guides\/aide-au-transport\/aide-au-transport-conseil-regional\/aide-au-transport-scolaire-finistere\/","title":{"rendered":"Aides au transport scolaire dans le Finist\u00e8re : conditions, montants, d\u00e9marches"},"content":{"rendered":"<p><img loading=\"lazy\" decoding=\"async\" class=\"aligncenter wp-image-19682\" title=\"aide au transport scolaire finistere\" src=\"https:\/\/www.mes-allocs.fr\/guides\/wp-content\/uploads\/2021\/02\/ecole--e1694087306337.jpg\" alt=\"aide au transport scolaire finistere\" width=\"788\" height=\"161\" srcset=\"https:\/\/www.mes-allocs.fr\/guides\/wp-content\/uploads\/2021\/02\/ecole--e1694087306337.jpg 500w, https:\/\/www.mes-allocs.fr\/guides\/wp-content\/uploads\/2021\/02\/ecole--e1694087306337-300x61.jpg 300w\" sizes=\"auto, (max-width: 788px) 100vw, 788px\" \/><\/p>\n<p style=\"text-align: justify;\"><strong>Le Finist\u00e8re est un d\u00e9partement de la Bretagne. L&rsquo;acad\u00e9mie de Rennes, qui r\u00e9git l&rsquo;ensemble de la r\u00e9gion, d\u00e9nombre environ 606 000 \u00e9l\u00e8ves, coll\u00e9giens et lyc\u00e9ens. L&rsquo;enti\u00e8ret\u00e9 de ces \u00e9l\u00e8ves sont susceptibles d&#8217;emprunter les transports scolaires ou publics pour se rendre dans leurs diff\u00e9rentes \u00e9coles. On vous explique les diff\u00e9rentes <a href=\"https:\/\/www.mes-allocs.fr\/guides\/aide-au-transport\/\">aides au transport<\/a> scolaire qui sont propos\u00e9es dans le Finist\u00e8re.<\/strong><\/p>\n<div class='cta-block'><div class='text'>Simulez toutes vos aides au transport en 2 min. <\/div><a href='https:\/\/www.mes-allocs.fr\/ab-app?origin=guides\/wp-json\/wp\/v2\/posts\/19680' class='app-button fit'>Simulation gratuite<\/a><\/div>\n<h1>Quelles sont les aides au transport scolaire dans le Finist\u00e8re ?<\/h1>\n<p>Depuis quelques ann\u00e9es maintenant, il existe des <a href=\"https:\/\/www.mes-allocs.fr\/guides\/aide-au-transport\/aide-au-transport-conseil-regional\/\">aides au transport mises en place par les r\u00e9gions<\/a> pour all\u00e9ger les frais li\u00e9s au transport des enfants.<\/p>\n<h2>Description des aides sp\u00e9cifiques propos\u00e9es aux \u00e9l\u00e8ves finist\u00e9riens<\/h2>\n<p>Dans le d\u00e9partement du Finist\u00e8re, plusieurs aides au transport scolaire sont mises en place pour faciliter le d\u00e9placement des \u00e9l\u00e8ves vers leur \u00e9tablissement \u00e9ducatif. Ces aides visent \u00e0 soutenir les familles et \u00e0 garantir l&rsquo;accessibilit\u00e9 \u00e0 l&rsquo;\u00e9ducation pour tous. Voici un aper\u00e7u des principales aides au transport scolaire disponibles :<\/p>\n<ol>\n<li><strong>R\u00e9ductions tarifaires :<\/strong> les \u00e9l\u00e8ves finist\u00e9riens b\u00e9n\u00e9ficient de r\u00e9ductions tarifaires significatives sur les trajets en transport en commun, notamment les bus et les trains. Ces r\u00e9ductions sont accord\u00e9es pour encourager la fr\u00e9quentation r\u00e9guli\u00e8re de l&rsquo;\u00e9cole et r\u00e9duire la charge financi\u00e8re pour les familles.<\/li>\n<li><strong>Cartes de transport scolaire :<\/strong> des cartes de transport sp\u00e9ciales sont d\u00e9livr\u00e9es aux \u00e9l\u00e8ves, en fonction de leur niveau scolaire (primaire, coll\u00e8ge, lyc\u00e9e). Ces cartes permettent aux \u00e9l\u00e8ves de voyager \u00e0 tarif r\u00e9duit sur les lignes de bus et les r\u00e9seaux ferroviaires du d\u00e9partement. Elles sont un moyen pratique pour les \u00e9l\u00e8ves de se d\u00e9placer en toute s\u00e9curit\u00e9 vers leur \u00e9cole.<\/li>\n<li><strong>Transport adapt\u00e9 pour les \u00e9l\u00e8ves handicap\u00e9s :<\/strong> les \u00e9l\u00e8ves en situation de handicap ou ayant des besoins particuliers b\u00e9n\u00e9ficient de services de transport adapt\u00e9. Cela peut inclure des v\u00e9hicules sp\u00e9cialement \u00e9quip\u00e9s, des accompagnateurs form\u00e9s, et des itin\u00e9raires adapt\u00e9s pour assurer leur mobilit\u00e9 en toute s\u00e9curit\u00e9.<\/li>\n<li><strong>Services de covoiturage \u00e9tudiant :<\/strong> dans certains cas, des initiatives de covoiturage \u00e9tudiant sont encourag\u00e9es pour r\u00e9duire le nombre de v\u00e9hicules sur les routes et promouvoir le partage des trajets entre \u00e9l\u00e8ves vivant \u00e0 proximit\u00e9.<\/li>\n<\/ol>\n<p>Ces aides au transport scolaire visent \u00e0 garantir que les \u00e9l\u00e8ves finist\u00e9riens puissent acc\u00e9der \u00e0 l&rsquo;\u00e9ducation dans les meilleures conditions possibles, tout en all\u00e9geant la charge financi\u00e8re des familles. Elles contribuent \u00e9galement \u00e0 promouvoir la mobilit\u00e9 durable en encourageant l&rsquo;utilisation des transports en commun et du covoiturage.<\/p>\n<p><iframe loading=\"lazy\" title=\"Les aides au transport\" width=\"500\" height=\"281\" src=\"https:\/\/www.youtube.com\/embed\/zRZFzrnwvEs?feature=oembed\" frameborder=\"0\" allow=\"accelerometer; autoplay; clipboard-write; encrypted-media; gyroscope; picture-in-picture; web-share\" referrerpolicy=\"strict-origin-when-cross-origin\" allowfullscreen><\/iframe><\/p>\n<h2>Quelles sont les diff\u00e9rentes cat\u00e9gories d&rsquo;\u00e9l\u00e8ves \u00e9ligibles \u00e0 ces aides ?<\/h2>\n<p>Les aides au transport scolaire dans le d\u00e9partement du Finist\u00e8re sont adapt\u00e9es aux besoins sp\u00e9cifiques des \u00e9l\u00e8ves en fonction de leur niveau d&rsquo;\u00e9ducation et de leurs besoins particuliers. Voici des pr\u00e9cisions sur les diff\u00e9rentes cat\u00e9gories d&rsquo;\u00e9l\u00e8ves \u00e9ligibles \u00e0 ces aides, ainsi que des exemples de mesures sp\u00e9ciales pour les \u00e9l\u00e8ves en situation de handicap ou ayant des besoins particuliers :<\/p>\n<ol>\n<li><strong>\u00c9l\u00e8ves du primaire :<\/strong> les \u00e9l\u00e8ves du primaire, g\u00e9n\u00e9ralement \u00e2g\u00e9s de 6 \u00e0 11 ans, b\u00e9n\u00e9ficient de cartes de transport scolaire adapt\u00e9es \u00e0 leur tranche d&rsquo;\u00e2ge. Ces cartes permettent aux \u00e9l\u00e8ves de prendre le bus ou le train pour se rendre \u00e0 l&rsquo;\u00e9cole primaire de mani\u00e8re \u00e9conomique et s\u00e9curis\u00e9e.<\/li>\n<li><strong>\u00c9l\u00e8ves du coll\u00e8ge :<\/strong> les \u00e9l\u00e8ves du coll\u00e8ge, \u00e2g\u00e9s de 11 \u00e0 15 ans, sont \u00e9galement \u00e9ligibles aux aides au transport scolaire. Ils re\u00e7oivent des cartes sp\u00e9cifiques qui leur offrent des r\u00e9ductions tarifaires significatives sur les transports en commun, notamment les lignes de bus et les trains desservant les \u00e9tablissements scolaires du coll\u00e8ge.<\/li>\n<li><strong>\u00c9l\u00e8ves du lyc\u00e9e :<\/strong> les \u00e9l\u00e8ves du lyc\u00e9e, g\u00e9n\u00e9ralement \u00e2g\u00e9s de 15 \u00e0 18 ans, ont \u00e9galement droit aux aides au transport scolaire. Ils b\u00e9n\u00e9ficient de cartes de transport adapt\u00e9es \u00e0 leur niveau d&rsquo;\u00e9ducation, ce qui leur permet de se rendre au lyc\u00e9e de mani\u00e8re pratique et abordable.<\/li>\n<li><strong>\u00c9l\u00e8ves en situation de handicap :<\/strong> les \u00e9l\u00e8ves en situation de handicap ou ayant des besoins particuliers re\u00e7oivent une attention particuli\u00e8re en mati\u00e8re de transport scolaire. Des mesures sp\u00e9ciales sont mises en place, telles que des v\u00e9hicules adapt\u00e9s, des accompagnateurs form\u00e9s, et des itin\u00e9raires personnalis\u00e9s pour garantir leur s\u00e9curit\u00e9 et leur confort lors des trajets vers leur \u00e9tablissement scolaire. Ces mesures visent \u00e0 assurer l&rsquo;inclusion de tous les \u00e9l\u00e8ves, quelles que soient leurs capacit\u00e9s.<\/li>\n<li><strong>Services de covoiturage \u00e9tudiant :<\/strong> Les services de covoiturage \u00e9tudiant sont disponibles pour tous les niveaux d&rsquo;\u00e9ducation, du primaire au lyc\u00e9e, ainsi que pour les \u00e9tudiants en situation de handicap. Le covoiturage permet de r\u00e9duire le nombre de v\u00e9hicules sur les routes et de promouvoir la mobilit\u00e9 durable.<\/li>\n<\/ol>\n<p>En adaptant les aides au transport aux besoins sp\u00e9cifiques des \u00e9l\u00e8ves, le d\u00e9partement du Finist\u00e8re favorise l&rsquo;acc\u00e8s \u00e0 l&rsquo;\u00e9ducation pour tous, tout en r\u00e9pondant aux exigences de mobilit\u00e9 des diff\u00e9rentes cat\u00e9gories d&rsquo;\u00e9l\u00e8ves. Cette approche contribue \u00e0 garantir que chaque \u00e9l\u00e8ve puisse se rendre \u00e0 l&rsquo;\u00e9cole en toute s\u00e9curit\u00e9 et dans les meilleures conditions possibles.<\/p>\n<div class='cta-block'><div class='text'>Simulez toutes vos aides en 2 min.<\/div><a href='https:\/\/www.mes-allocs.fr\/ab-app?origin=guides\/wp-json\/wp\/v2\/posts\/19680' class='app-button fit'>Simulation gratuite<\/a><\/div>\n<h1>Les diff\u00e9rents types de transport<\/h1>\n<h2>Le transport scolaire des \u00e9l\u00e8ves en situation de handicap<\/h2>\n<p style=\"text-align: justify;\">Depuis le 1er septembre 2017 et la r\u00e9forme territoriale, le conseil r\u00e9gional finance les transports scolaires et publics. Le nouveau r\u00e9seau r\u00e9gional se nomme le R\u00e9seau Breizhgo. Cependant, cela n&#8217;emp\u00eache pas les d\u00e9partements de mettre en place des aides.<\/p>\n<p style=\"text-align: justify;\">L&rsquo;une d&rsquo;elles concerne les \u00e9l\u00e8ves et \u00e9tudiants en situation de handicap. Le conseil d\u00e9partemental a d\u00e9cider une prise en charge compl\u00e8te des frais de transport pour les \u00e9l\u00e8ves. Pour b\u00e9n\u00e9ficier de la subvention, il faut que la Maison D\u00e9partementale des Personnes Handicap\u00e9es (MDPH) \u00e9tablisse une incapacit\u00e9 \u00e0 prendre les transports publics pour l&rsquo;\u00e9l\u00e8ve.<\/p>\n<p style=\"text-align: justify;\">En ce qui concerne la prise en charge, elle se d\u00e9cline sous deux formes:<\/p>\n<ul>\n<li>Les parents de l&rsquo;\u00e9l\u00e8ve assure le transport: l&rsquo;aide se fait alors sous forme de remboursement kilom\u00e9trique<\/li>\n<li>Le transport se fait par l&rsquo;Unit\u00e9 transport des \u00e9l\u00e8ves handicap\u00e9s du conseil r\u00e9gional<\/li>\n<\/ul>\n<p style=\"text-align: justify;\">L&rsquo;ensemble du circuit scolaire est con\u00e7u en fonction des horaires de l&rsquo;\u00e9tablissement et non pas des horaires individuels des \u00e9l\u00e8ves. Pour tout renseignement ou souscription, il passer un appel local au: 02.98.76.24.16<\/p>\n<h2>Le transport scolaire Breizhgo<\/h2>\n<p style=\"text-align: justify;\">La <a href=\"https:\/\/www.mes-allocs.fr\/guides\/aide-au-transport\/aide-au-transport-conseil-regional\/aides-au-transport-bretagne\/\">R\u00e9gion Bretagne<\/a>, en lien avec le service de transport, a mis en place une grille tarifaire sp\u00e9ciale pour les \u00e9l\u00e8ves, coll\u00e9giens et lyc\u00e9ens. En 2022, les tarifs sont harmonis\u00e9s pour les quatre d\u00e9partements ( C\u00f4tes-d&rsquo;Armor, Finist\u00e8re, Ille et Vilaine et le Morbihan). Dans le d\u00e9tail, cette \u00a0nouvelle grille tarifaire stipule qu&rsquo;une famille paiera 120\u20ac\/an est par enfant. Au bout du troisi\u00e8me enfant, la famille paiera uniquement 50\u20ac et pour le quatri\u00e8me enfant, les transports sont gratuits.<\/p>\n<p>Pour que cette tarification soit effective, il faut utiliser les transports r\u00e9gionaux (TER, bus &#8230;).<\/p>\n<p>Vous \u00eates \u00e9tudiants ? D\u00e9couvrez les <a href=\"https:\/\/www.mes-allocs.fr\/guides\/aide-au-transport\/aide-au-transport-conseil-regional\/aide-transport-etudiant-bretagne\/\">aides disponibles<\/a> en Bretagne !<\/p>\n<div class='cta-block'><div class='text'>Simulez toutes vos aides en 2 min.<\/div><a href='https:\/\/www.mes-allocs.fr\/ab-app?origin=guides\/wp-json\/wp\/v2\/posts\/19680' class='app-button fit'>Simulation gratuite<\/a><\/div>\n","protected":false},"excerpt":{"rendered":"<p>Le Finist\u00e8re est un d\u00e9partement de la Bretagne. L&rsquo;acad\u00e9mie de Rennes, qui r\u00e9git l&rsquo;ensemble de la r\u00e9gion, d\u00e9nombre environ 606 000 \u00e9l\u00e8ves, coll\u00e9giens et lyc\u00e9ens. L&rsquo;enti\u00e8ret\u00e9 de ces \u00e9l\u00e8ves sont susceptibles d&#8217;emprunter les transports scolaires ou publics pour se rendre dans leurs diff\u00e9rentes \u00e9coles. On vous explique les diff\u00e9rentes aides au transport scolaire qui sont [&hellip;]<\/p>\n","protected":false},"author":6,"featured_media":19688,"comment_status":"open","ping_status":"open","sticky":false,"template":"","format":"standard","meta":{"amp_status":"","footnotes":""},"categories":[5332,5421],"tags":[],"class_list":["post-19680","post","type-post","status-publish","format-standard","has-post-thumbnail","hentry","category-aide-au-transport","category-aide-au-transport-conseil-regional"],"yoast_head":"<!-- This site is optimized with the Yoast SEO plugin v14.9 - https:\/\/yoast.com\/wordpress\/plugins\/seo\/ -->\n<title>Aides transport scolaire dans le Finist\u00e8re : conditions, montants, d\u00e9marches<\/title>\n<meta name=\"description\" content=\"Dans le Finist\u00e8re, les enfants utilisent souvent les transports scolaires. Voici les diff\u00e9rentes aides au transport pour les \u00e9l\u00e8ves.\" \/>\n<meta name=\"robots\" content=\"index, follow, max-snippet:-1, max-image-preview:large, max-video-preview:-1\" \/>\n<link rel=\"canonical\" href=\"https:\/\/www.mes-allocs.fr\/guides\/aide-au-transport\/aide-au-transport-conseil-regional\/aide-au-transport-scolaire-finistere\/\" \/>\n<meta property=\"og:locale\" content=\"fr_FR\" \/>\n<meta property=\"og:type\" content=\"article\" \/>\n<meta property=\"og:title\" content=\"Aides transport scolaire dans le Finist\u00e8re : conditions, montants, d\u00e9marches\" \/>\n<meta property=\"og:description\" content=\"Dans le Finist\u00e8re, les enfants utilisent souvent les transports scolaires. Voici les diff\u00e9rentes aides au transport pour les \u00e9l\u00e8ves.\" \/>\n<meta property=\"og:url\" content=\"https:\/\/www.mes-allocs.fr\/guides\/aide-au-transport\/aide-au-transport-conseil-regional\/aide-au-transport-scolaire-finistere\/\" \/>\n<meta property=\"og:site_name\" content=\"Mes-Allocs.fr\" \/>\n<meta property=\"article:published_time\" content=\"2021-02-17T08:49:58+00:00\" \/>\n<meta property=\"article:modified_time\" content=\"2025-07-17T08:15:37+00:00\" \/>\n<meta property=\"og:image\" content=\"https:\/\/www.mes-allocs.fr\/guides\/wp-content\/uploads\/2021\/02\/transport-finistere-.jpg?wsr\" \/>\n\t<meta property=\"og:image:width\" content=\"750\" \/>\n\t<meta property=\"og:image:height\" content=\"400\" \/>\n<meta name=\"twitter:card\" content=\"summary_large_image\" \/>\n<script type=\"application\/ld+json\" class=\"yoast-schema-graph\">{\"@context\":\"https:\/\/schema.org\",\"@graph\":[{\"@type\":\"WebSite\",\"@id\":\"https:\/\/www.mes-allocs.fr\/guides\/#website\",\"url\":\"https:\/\/www.mes-allocs.fr\/guides\/\",\"name\":\"Mes-Allocs.fr\",\"description\":\"\",\"potentialAction\":[{\"@type\":\"SearchAction\",\"target\":\"https:\/\/www.mes-allocs.fr\/guides\/?s={search_term_string}\",\"query-input\":\"required name=search_term_string\"}],\"inLanguage\":\"fr-FR\"},{\"@type\":\"ImageObject\",\"@id\":\"https:\/\/www.mes-allocs.fr\/guides\/aide-au-transport\/aide-au-transport-conseil-regional\/aide-au-transport-scolaire-finistere\/#primaryimage\",\"inLanguage\":\"fr-FR\",\"url\":\"https:\/\/www.mes-allocs.fr\/guides\/wp-content\/uploads\/2021\/02\/transport-finistere-.jpg?wsr\",\"width\":750,\"height\":400,\"caption\":\"aide au transport scolaire finistere\"},{\"@type\":\"WebPage\",\"@id\":\"https:\/\/www.mes-allocs.fr\/guides\/aide-au-transport\/aide-au-transport-conseil-regional\/aide-au-transport-scolaire-finistere\/#webpage\",\"url\":\"https:\/\/www.mes-allocs.fr\/guides\/aide-au-transport\/aide-au-transport-conseil-regional\/aide-au-transport-scolaire-finistere\/\",\"name\":\"Aides transport scolaire dans le Finist\\u00e8re : conditions, montants, d\\u00e9marches\",\"isPartOf\":{\"@id\":\"https:\/\/www.mes-allocs.fr\/guides\/#website\"},\"primaryImageOfPage\":{\"@id\":\"https:\/\/www.mes-allocs.fr\/guides\/aide-au-transport\/aide-au-transport-conseil-regional\/aide-au-transport-scolaire-finistere\/#primaryimage\"},\"datePublished\":\"2021-02-17T08:49:58+00:00\",\"dateModified\":\"2025-07-17T08:15:37+00:00\",\"author\":{\"@id\":\"https:\/\/www.mes-allocs.fr\/guides\/#\/schema\/person\/0ecd61a8600573914d00d970a588c024\"},\"description\":\"Dans le Finist\\u00e8re, les enfants utilisent souvent les transports scolaires. Voici les diff\\u00e9rentes aides au transport pour les \\u00e9l\\u00e8ves.\",\"inLanguage\":\"fr-FR\"},{\"@type\":\"Person\",\"@id\":\"https:\/\/www.mes-allocs.fr\/guides\/#\/schema\/person\/0ecd61a8600573914d00d970a588c024\",\"name\":\"Jonathan\",\"image\":{\"@type\":\"ImageObject\",\"@id\":\"https:\/\/www.mes-allocs.fr\/guides\/#personlogo\",\"inLanguage\":\"fr-FR\",\"url\":\"https:\/\/www.mes-allocs.fr\/guides\/wp-content\/uploads\/2021\/06\/jonathan-150x150.png\",\"caption\":\"Jonathan\"},\"description\":\"Jonathan est r\\u00e9dacteur au sein de l'\\u00e9quipe Mes Allocs, sp\\u00e9cialis\\u00e9 sur les sujets li\\u00e9s au handicap. Dipl\\u00f4m\\u00e9e de l'UPEM, il rejoint Mes Allocs apr\\u00e8s avoir travaill\\u00e9 \\u00e0 l'association AEDE qui accompagne les adultes en situation de handicap. Quand il n'\\u00e9crit pas, on peut le retrouver sur un terrain de basket.\",\"sameAs\":[\"https:\/\/www.linkedin.com\/in\/jonathan-bambela-8637861b7\"]}]}<\/script>\n<!-- \/ Yoast SEO plugin. -->","amp_validity":null,"acf":{"faq":{"1":{"question":"Existe-t-il des indemnit\u00e9s kilom\u00e9triques ? ","answer":"Oui, pour les parents accompagnant leurs enfants en voiture, il existe des indemnit\u00e9s kilom\u00e9triques. Cependant elles sont r\u00e9serv\u00e9s aux \u00e9l\u00e8ves en situation de handicap."},"2":{"question":"Qu'en est-il des \u00e9tudiants ? ","answer":"Pour les \u00e9tudiants, les aides sont g\u00e9r\u00e9es soit par la r\u00e9gion, soit par le CROUS r\u00e9gional."},"3":{"question":"Les r\u00e9ductions concernent-t-elles les trains ? ","answer":"Oui tout les r\u00e9seaux de trains sont concern\u00e9s par ces r\u00e9duction tout comme les autres transports publics. "},"4":{"question":"Qui finance le transport scolaire ?","answer":"L'article L. 1221-12 du code des transports pr\u00e9voit que le service a vocation \u00e0 \u00eatre financ\u00e9 par les usagers, mais qu'il peut l'\u00eatre aussi par la collectivit\u00e9."},"5":{"question":"Comment fonctionne le transport scolaire ?","answer":"Quels sont les moyens de transport scolaire ? Les transports scolaires permettent aux \u00e9l\u00e8ves d'effectuer les trajets entre leur domicile et leur \u00e9tablissement scolaire. Il peut s'agir de transports ouverts \u00e0 tous les voyageurs (m\u00e9tro, bus, tramway) ou d\u00e9di\u00e9s au transport des \u00e9l\u00e8ves (car scolaire)."},"6":{"question":"Comment faire une demande de transport MDPH ?","answer":"La demande de transport scolaire se fait directement aupr\u00e8s de \u00cele-de-France mobilit\u00e9s (anciennement STIF) en remplissant le formulaire \u00e0 cet effet. \u00cele-de-France mobilit\u00e9s se charge ensuite de contacter la MDPH qui rend un avis favorable ou d\u00e9favorable."},"7":{"question":"","answer":""},"8":{"question":"","answer":""},"9":{"question":"","answer":""},"10":{"question":"","answer":""},"11":{"question":"","answer":""},"12":{"question":"","answer":""},"13":{"question":"","answer":""},"14":{"question":"","answer":""},"15":{"question":"","answer":""},"16":{"question":"","answer":""}}},"_links":{"self":[{"href":"https:\/\/www.mes-allocs.fr\/guides\/wp-json\/wp\/v2\/posts\/19680","targetHints":{"allow":["GET"]}}],"collection":[{"href":"https:\/\/www.mes-allocs.fr\/guides\/wp-json\/wp\/v2\/posts"}],"about":[{"href":"https:\/\/www.mes-allocs.fr\/guides\/wp-json\/wp\/v2\/types\/post"}],"author":[{"embeddable":true,"href":"https:\/\/www.mes-allocs.fr\/guides\/wp-json\/wp\/v2\/users\/6"}],"replies":[{"embeddable":true,"href":"https:\/\/www.mes-allocs.fr\/guides\/wp-json\/wp\/v2\/comments?post=19680"}],"version-history":[{"count":19,"href":"https:\/\/www.mes-allocs.fr\/guides\/wp-json\/wp\/v2\/posts\/19680\/revisions"}],"predecessor-version":[{"id":102424,"href":"https:\/\/www.mes-allocs.fr\/guides\/wp-json\/wp\/v2\/posts\/19680\/revisions\/102424"}],"wp:featuredmedia":[{"embeddable":true,"href":"https:\/\/www.mes-allocs.fr\/guides\/wp-json\/wp\/v2\/media\/19688"}],"wp:attachment":[{"href":"https:\/\/www.mes-allocs.fr\/guides\/wp-json\/wp\/v2\/media?parent=19680"}],"wp:term":[{"taxonomy":"category","embeddable":true,"href":"https:\/\/www.mes-allocs.fr\/guides\/wp-json\/wp\/v2\/categories?post=19680"},{"taxonomy":"post_tag","embeddable":true,"href":"https:\/\/www.mes-allocs.fr\/guides\/wp-json\/wp\/v2\/tags?post=19680"}],"curies":[{"name":"wp","href":"https:\/\/api.w.org\/{rel}","templated":true}]}}