{"id":19642,"date":"2021-02-17T08:58:37","date_gmt":"2021-02-17T08:58:37","guid":{"rendered":"https:\/\/www.mes-allocs.fr\/guides\/?p=19642"},"modified":"2026-03-04T14:36:46","modified_gmt":"2026-03-04T13:36:46","slug":"reconversion-professionnelle-coiffure","status":"publish","type":"post","link":"https:\/\/www.mes-allocs.fr\/guides\/reconversion-professionnelle\/reconversion-professionnelle-quel-metier\/reconversion-professionnelle-coiffure\/","title":{"rendered":"Reconversion professionnelle : apprenez la coiffure !"},"content":{"rendered":"<p><a href=\"https:\/\/www.mes-allocs.fr\/guides\/wp-content\/uploads\/2021\/02\/pexels-engin-akyurt-3356170.jpg\"><img loading=\"lazy\" decoding=\"async\" class=\"aligncenter wp-image-19652 size-full\" title=\"reconversion professionnelle cuisine\" src=\"https:\/\/www.mes-allocs.fr\/guides\/wp-content\/uploads\/2021\/02\/pexels-engin-akyurt-3356170-e1612990982306.jpg\" alt=\"reconversion professionnelle cuisine\" width=\"1280\" height=\"428\" srcset=\"https:\/\/www.mes-allocs.fr\/guides\/wp-content\/uploads\/2021\/02\/pexels-engin-akyurt-3356170-e1612990982306.jpg 1280w, https:\/\/www.mes-allocs.fr\/guides\/wp-content\/uploads\/2021\/02\/pexels-engin-akyurt-3356170-e1612990982306-300x100.jpg 300w, https:\/\/www.mes-allocs.fr\/guides\/wp-content\/uploads\/2021\/02\/pexels-engin-akyurt-3356170-e1612990982306-1024x342.jpg 1024w, https:\/\/www.mes-allocs.fr\/guides\/wp-content\/uploads\/2021\/02\/pexels-engin-akyurt-3356170-e1612990982306-768x257.jpg 768w, https:\/\/www.mes-allocs.fr\/guides\/wp-content\/uploads\/2021\/02\/pexels-engin-akyurt-3356170-e1612990982306-600x201.jpg 600w\" sizes=\"auto, (max-width: 1280px) 100vw, 1280px\" \/><\/a><\/p>\n<p style=\"text-align: justify;\">[Mis \u00e0 jour le 04\/03\/2026] La reconversion professionnelle est une \u00e9tape indispensable pour acqu\u00e9rir de nouvelles comp\u00e9tences si vous souhaitez changer de m\u00e9tier. Il n&rsquo;y a pas d&rsquo;\u00e2ge pour la <a href=\"https:\/\/www.mes-allocs.fr\/guides\/reconversion-professionnelle\/\">reconversion professionnelle<\/a>, de nombreuses formations existent pour vous permettre d&rsquo;exercer le m\u00e9tier qui vous convient le mieux ! Mes Allocs vous explique comment vous orienter vers la <strong>coiffure dans le cadre de votre reconversion professionnelle<\/strong>.<\/p>\n<div class='cta-block'><div class='text'>Besoin d\u2019aide dans votre reconversion ?<\/div><a href='https:\/\/www.formademia.fr\/formulaire\/coaching' class='app-button fit'>Simuler mon \u00e9ligibilit\u00e9 au coaching<\/a><\/div>\n<h1>Quelles formations pour devenir coiffeur(euse) ?<\/h1>\n<p>Pour r\u00e9ussir votre reconversion professionnelle et <a href=\"https:\/\/www.mes-allocs.fr\/guides\/reconversion-professionnelle\/reconversion-professionnelle-quel-metier\/\">choisir le m\u00e9tier qui vous convient<\/a>, vous pouvez r\u00e9aliser des stages de mise en pratique professionnelle. Cela afin d&rsquo;apprendre tout le savoir-faire des salons de coiffure. En revanche, si vous \u00eates inscrit comme candidat libre en CAP coiffure, le stage n&rsquo;est pas obligatoire.<\/p>\n<p><iframe loading=\"lazy\" title=\"La reconversion professionnelle\" width=\"500\" height=\"281\" src=\"https:\/\/www.youtube.com\/embed\/EiVUthswxl0?feature=oembed\" frameborder=\"0\" allow=\"accelerometer; autoplay; clipboard-write; encrypted-media; gyroscope; picture-in-picture; web-share\" referrerpolicy=\"strict-origin-when-cross-origin\" allowfullscreen><\/iframe><\/p>\n<h2>Le CAP<\/h2>\n<ul>\n<li>CAP m\u00e9tiers de la\u00a0<strong>coiffure<\/strong>,<\/li>\n<li>MC coiffure coupe couleur (accessible apr\u00e8s un CAP coiffure)<\/li>\n<\/ul>\n<p><strong>Une fois votre dipl\u00f4me en poche, diff\u00e9rentes sp\u00e9cialit\u00e9s s&rsquo;offrent \u00e0 vous, notamment :\u00a0<\/strong><\/p>\n<ul>\n<li><strong>Sp\u00e9cialit\u00e9 dans les colorations :<\/strong> devenir coiffure coloriste. Ce m\u00e9tier \u00a0consiste \u00e0 conseiller le client sur son choix de couleur ainsi qu\u2019\u00e0 r\u00e9aliser colorations, d\u00e9colorations, balayages, m\u00e8ches et reflets.<\/li>\n<li><strong>Styliste visagiste :<\/strong> Vous observez et cr\u00e9ez, analysez les traits du visage de vos clients et clientes. Cela afin de leur proposer la coupe, le style ou la couleur leur correspondant le mieux.<\/li>\n<li><strong>Hair designer :\u00a0<\/strong>Vous mettez en valeur vos clients gr\u00e2ce au graphismes et motifs r\u00e9alis\u00e9s sur leurs cheveux.<\/li>\n<\/ul>\n<h2>Niveau BAC<\/h2>\n<ul>\n<li>BP (brevet professionnel)\u00a0<strong>coiffure\u00a0<\/strong>se pr\u00e9pare en un an apr\u00e8s le CAP, en formation continue ou en apprentissage,<\/li>\n<li>Bac pro perruquier-posticheur : fabrication et pose de perruques en cheveux naturels ou synth\u00e9tiques. Permet de travailler pour le cin\u00e9ma ou le th\u00e9\u00e2tre,<\/li>\n<\/ul>\n<h2>Niveau Bac + 2<\/h2>\n<ul>\n<li>BM (brevet de ma\u00eetrise) coiffeur : permet d\u2019assurer la gestion d\u2019un salon de coiffure. Mais \u00e9galement d\u2019enseigner aux apprentis et d\u2019obtenir plus facilement des pr\u00eats aupr\u00e8s des banques. La ma\u00eetrise BM est d\u00e9livr\u00e9e par les chambres de m\u00e9tiers. Ce dipl\u00f4me se pr\u00e9pare en 2 ann\u00e9es. Pour cela, vous devez avoir au moins 19 ans et \u00eatre titulaire du BP ou bien justifier de 5 ans d\u2019activit\u00e9 professionnelle.<\/li>\n<li>BTS m\u00e9tiers de la coiffure : apr\u00e8s un bac orient\u00e9 scientifique et technique, apr\u00e8s le BP, vous pouvez \u00e9galement suivre des mentions compl\u00e9mentaires.<\/li>\n<\/ul>\n<p>Pour vous aider dans votre d\u00e9marche, Mes Allocs vous proposera sous peu de temps son service d\u00e9di\u00e9 \u00e0 la reconversion professionnelle !<\/p>\n<div class='cta-block'><div class='text'>Besoin d\u2019aide dans votre reconversion ?<\/div><a href='https:\/\/www.formademia.fr\/formulaire\/coaching' class='app-button fit'>Simuler mon \u00e9ligibilit\u00e9 au coaching<\/a><\/div>\n<h1>Quelles comp\u00e9tences avoir pour devenir coiffeur(euse) ?<\/h1>\n<p>\u2022 Chimie : l\u2019utilisation de produits de coloration, mais \u00e9galement de r\u00e9ducteurs de frisag. Cela vous oblige \u00e0 conna\u00eetre sa composition et son effet.<br \/>\n\u2022 Physique : l\u2019utilisation des mat\u00e9riaux \u00e9lectriques, vous devez maitriser et avoir de bonnes\u00a0notions sur l\u2019\u00e9lectricit\u00e9, l\u2019entretien, les normes de s\u00e9curit\u00e9.<br \/>\n\u2022 Biologie : vous devez avoir une bonne connaissance de la peau et du cheveu.<br \/>\n\u2022 Colorim\u00e9trie : vous devez \u00eatre capable de cr\u00e9er des couleurs adapt\u00e9es aux demandes de vos clients.<br \/>\n\u2022 Hygi\u00e8ne capillaire : vous devez \u00eatre capable d\u2019utiliser ou de conseiller un soin ou un traitement adapt\u00e9 \u00e0 votre client\u00e8le.<\/p>\n<h1>Financez votre formation de coiffure<\/h1>\n<p>Le CPF a remplac\u00e9 le DIF en 2015. Chaque salari\u00e9 poss\u00e8de un CFP.\u00a0 Il a \u00e9t\u00e9 mis en place pour permettre \u00e0 toute personne salari\u00e9e ou non de r\u00e9aliser une formation professionnelle qualifiante. Vous pouvez donc utiliser les euros cumul\u00e9s pour financer votre formation de coiffure.<\/p>\n<p>Dans certaines situations, France Travail propose des prises en charge de formations professionnelles pour les demandeurs d&#8217;emploi. Le projet professionnel doit avant \u00eatre valid\u00e9 par le conseiller qui suit votre dossier.<\/p>\n<p>Un <a href=\"https:\/\/www.formademia.fr\/formulaire\/coaching\">conseiller Mes Allocs<\/a> vous accompagne dans votre projet de reconversion et trouve des solutions de financement pour vous. Contactez-nous !<\/p>\n<h1>Le salaire dans la coiffure<\/h1>\n<p>Pour un premier poste dans le secteur de la coiffure, un salaire \u00e9quivalent au Smic vous sera assur\u00e9. Le salaire d&rsquo;un coiffure exp\u00e9riment\u00e9 peut atteindre 1 600 \u20ac brut par mois auquel peut s&rsquo;ajouter les pourboires.<\/p>\n<p><strong>\u00c0 noter :\u00a0 le statut de coiffure \u00e0 domicile, ind\u00e9pendant peut vous permettre de d\u00e9cider vous-m\u00eame de vos horaires. Et de fixer vos tarifs.<\/strong><\/p>\n<h1>Les d\u00e9bouch\u00e9s du m\u00e9tier de coiffeur \/ coiffeuse<\/h1>\n<p>Le m\u00e9tier de coiffeur est tr\u00e8s recherch\u00e9, avec pr\u00e8s de 85 000 \u00e9tablissements en France, il occupe le second rang des activit\u00e9s artisanales. La grande majorit\u00e9 des \u00e9tablissements sont ind\u00e9pendants.<\/p>\n<p>Ceux qui sont sous franchise ou bien licence emploient g\u00e9n\u00e9ralement un plus grand nombre de salari\u00e9s. Et ont un chiffre d\u2019affaires plus important. Et ainsi peuvent proposer des services suppl\u00e9mentaires tels que styliste visagiste, ou coloriste permanentiste.<\/p>\n<p><strong>Vous pouvez \u00e9galement r\u00e9aliser des formations compl\u00e9mentaires afin d&rsquo;apprendre de nouvelles techniques pour couper les cheveux, ou bien tester de nouveaux produits capillaires.<\/strong><\/p>\n<p class=\"p1\"><div class='cta-block'><div class='text'>Besoin d\u2019aide dans votre reconversion ?<\/div><a href='https:\/\/www.formademia.fr\/formulaire\/coaching' class='app-button fit'>Simuler mon \u00e9ligibilit\u00e9 au coaching<\/a><\/div><\/p>\n","protected":false},"excerpt":{"rendered":"<p>[Mis \u00e0 jour le 04\/03\/2026] La reconversion professionnelle est une \u00e9tape indispensable pour acqu\u00e9rir de nouvelles comp\u00e9tences si vous souhaitez changer de m\u00e9tier. Il n&rsquo;y a pas d&rsquo;\u00e2ge pour la reconversion professionnelle, de nombreuses formations existent pour vous permettre d&rsquo;exercer le m\u00e9tier qui vous convient le mieux ! Mes Allocs vous explique comment vous orienter [&hellip;]<\/p>\n","protected":false},"author":7,"featured_media":19652,"comment_status":"open","ping_status":"open","sticky":false,"template":"","format":"standard","meta":{"amp_status":"","footnotes":""},"categories":[5081,5165],"tags":[],"class_list":["post-19642","post","type-post","status-publish","format-standard","has-post-thumbnail","hentry","category-reconversion-professionnelle","category-reconversion-professionnelle-quel-metier"],"yoast_head":"<!-- This site is optimized with the Yoast SEO plugin v14.9 - https:\/\/yoast.com\/wordpress\/plugins\/seo\/ -->\n<title>Reconversion professionnelle : apprenez la coiffure ! | Mes-Allocs.fr<\/title>\n<meta name=\"description\" content=\"La coiffure vous int\u00e9resse et vous envisagez de changer de m\u00e9tier dans le cadre d&#039;une reconversion professionnelle ? Devenez coiffeur !\" \/>\n<meta name=\"robots\" content=\"index, follow, max-snippet:-1, max-image-preview:large, max-video-preview:-1\" \/>\n<link rel=\"canonical\" href=\"https:\/\/www.mes-allocs.fr\/guides\/reconversion-professionnelle\/reconversion-professionnelle-quel-metier\/reconversion-professionnelle-coiffure\/\" \/>\n<meta property=\"og:locale\" content=\"fr_FR\" \/>\n<meta property=\"og:type\" content=\"article\" \/>\n<meta property=\"og:title\" content=\"Reconversion professionnelle : apprenez la coiffure ! | Mes-Allocs.fr\" \/>\n<meta property=\"og:description\" content=\"La coiffure vous int\u00e9resse et vous envisagez de changer de m\u00e9tier dans le cadre d&#039;une reconversion professionnelle ? Devenez coiffeur !\" \/>\n<meta property=\"og:url\" content=\"https:\/\/www.mes-allocs.fr\/guides\/reconversion-professionnelle\/reconversion-professionnelle-quel-metier\/reconversion-professionnelle-coiffure\/\" \/>\n<meta property=\"og:site_name\" content=\"Mes-Allocs.fr\" \/>\n<meta property=\"article:published_time\" content=\"2021-02-17T08:58:37+00:00\" \/>\n<meta property=\"article:modified_time\" content=\"2026-03-04T13:36:46+00:00\" \/>\n<meta property=\"og:image\" content=\"https:\/\/www.mes-allocs.fr\/guides\/wp-content\/uploads\/2021\/02\/pexels-engin-akyurt-3356170-e1612990982306.jpg?wsr\" \/>\n\t<meta property=\"og:image:width\" content=\"1280\" \/>\n\t<meta property=\"og:image:height\" content=\"428\" \/>\n<meta name=\"twitter:card\" content=\"summary_large_image\" \/>\n<script type=\"application\/ld+json\" class=\"yoast-schema-graph\">{\"@context\":\"https:\/\/schema.org\",\"@graph\":[{\"@type\":\"WebSite\",\"@id\":\"https:\/\/www.mes-allocs.fr\/guides\/#website\",\"url\":\"https:\/\/www.mes-allocs.fr\/guides\/\",\"name\":\"Mes-Allocs.fr\",\"description\":\"\",\"potentialAction\":[{\"@type\":\"SearchAction\",\"target\":\"https:\/\/www.mes-allocs.fr\/guides\/?s={search_term_string}\",\"query-input\":\"required name=search_term_string\"}],\"inLanguage\":\"fr-FR\"},{\"@type\":\"ImageObject\",\"@id\":\"https:\/\/www.mes-allocs.fr\/guides\/reconversion-professionnelle\/reconversion-professionnelle-quel-metier\/reconversion-professionnelle-coiffure\/#primaryimage\",\"inLanguage\":\"fr-FR\",\"url\":\"https:\/\/www.mes-allocs.fr\/guides\/wp-content\/uploads\/2021\/02\/pexels-engin-akyurt-3356170-e1612990982306.jpg?wsr\",\"width\":1280,\"height\":428,\"caption\":\"reconversion professionnelle cuisine\"},{\"@type\":\"WebPage\",\"@id\":\"https:\/\/www.mes-allocs.fr\/guides\/reconversion-professionnelle\/reconversion-professionnelle-quel-metier\/reconversion-professionnelle-coiffure\/#webpage\",\"url\":\"https:\/\/www.mes-allocs.fr\/guides\/reconversion-professionnelle\/reconversion-professionnelle-quel-metier\/reconversion-professionnelle-coiffure\/\",\"name\":\"Reconversion professionnelle : apprenez la coiffure ! | Mes-Allocs.fr\",\"isPartOf\":{\"@id\":\"https:\/\/www.mes-allocs.fr\/guides\/#website\"},\"primaryImageOfPage\":{\"@id\":\"https:\/\/www.mes-allocs.fr\/guides\/reconversion-professionnelle\/reconversion-professionnelle-quel-metier\/reconversion-professionnelle-coiffure\/#primaryimage\"},\"datePublished\":\"2021-02-17T08:58:37+00:00\",\"dateModified\":\"2026-03-04T13:36:46+00:00\",\"author\":{\"@id\":\"https:\/\/www.mes-allocs.fr\/guides\/#\/schema\/person\/1c4837d5703727cb02ce84583b5a44aa\"},\"description\":\"La coiffure vous int\\u00e9resse et vous envisagez de changer de m\\u00e9tier dans le cadre d'une reconversion professionnelle ? Devenez coiffeur !\",\"inLanguage\":\"fr-FR\"},{\"@type\":\"Person\",\"@id\":\"https:\/\/www.mes-allocs.fr\/guides\/#\/schema\/person\/1c4837d5703727cb02ce84583b5a44aa\",\"name\":\"Fabiola\",\"image\":{\"@type\":\"ImageObject\",\"@id\":\"https:\/\/www.mes-allocs.fr\/guides\/#personlogo\",\"inLanguage\":\"fr-FR\",\"url\":\"https:\/\/www.mes-allocs.fr\/guides\/wp-content\/uploads\/2021\/06\/fabiola-150x150.png\",\"caption\":\"Fabiola\"},\"description\":\"Fabiola est r\\u00e9dactrice au sein de l'\\u00e9quipe Mes Allocs, sp\\u00e9cialis\\u00e9e en sciences politiques et affaires publiques. Dipl\\u00f4m\\u00e9e de l'HEIP, elle rejoint Mes Allocs apr\\u00e8s une premi\\u00e8re exp\\u00e9rience \\u00e0 l'Assembl\\u00e9e Nationale.\",\"sameAs\":[\"https:\/\/www.linkedin.com\/in\/cecilia-philippe-b-8a8085195\"]}]}<\/script>\n<!-- \/ Yoast SEO plugin. -->","amp_validity":null,"acf":{"faq":{"1":{"question":"Peut-on devenir coiffeur sans dipl\u00f4me ? ","answer":"Certains salons acceptent d'embauche sans avoir de dipl\u00f4me."},"2":{"question":"Quel est le salaire moyen d'une coiffeuse ?","answer":"Un coiffeur gagne entre 1 107 \u20ac bruts et 3 739 \u20ac bruts par mois en France."},"3":{"question":"Quel statut pour la coiffure \u00e0 domicile ?","answer":"Lorsque vous exercez \u00e0 domicile, 3 statuts s'offrent \u00e0 vous :\r\nAuto-entrepreneur en entreprise individuelle, artisan en entreprise individuelle, artisan g\u00e9rant en EURL ou Entreprise Unipersonnelle \u00e0 Responsabilit\u00e9 Limit\u00e9e."},"4":{"question":"Comment devenir coiffeur \u00e0 domicile ind\u00e9pendant ?","answer":"Vous devez obtenir une carte d'artisan ambulant valable 4 ans est n\u00e9cessaire pour devenir coiffeuse \u00e0 domicile ind\u00e9pendant. "},"5":{"question":"Qu'est-ce que le CAP coiffure ? ","answer":"Il s'agit d'un dipl\u00f4me national de niveau V, le CAP coiffure permet \u00e0 ses titulaires de se lancer dans les m\u00e9tiers de la coiffure. Cela en leur apprenant les techniques professionnelles li\u00e9es \u00e0 la pratique de la coiffure."},"6":{"question":"Quand est cr\u00e9dit\u00e9 le compte CPF ?","answer":"Il est aliment\u00e9 automatiquement en fin d'ann\u00e9e, en fonction de vos heures travaill\u00e9es. Vos droits demeurent, m\u00eame en cas de perte d'emploi. "},"7":{"question":"","answer":""},"8":{"question":"","answer":""},"9":{"question":"","answer":""},"10":{"question":"","answer":""},"11":{"question":"","answer":""},"12":{"question":"","answer":""},"13":{"question":"","answer":""},"14":{"question":"","answer":""},"15":{"question":"","answer":""},"16":{"question":"","answer":""}}},"_links":{"self":[{"href":"https:\/\/www.mes-allocs.fr\/guides\/wp-json\/wp\/v2\/posts\/19642","targetHints":{"allow":["GET"]}}],"collection":[{"href":"https:\/\/www.mes-allocs.fr\/guides\/wp-json\/wp\/v2\/posts"}],"about":[{"href":"https:\/\/www.mes-allocs.fr\/guides\/wp-json\/wp\/v2\/types\/post"}],"author":[{"embeddable":true,"href":"https:\/\/www.mes-allocs.fr\/guides\/wp-json\/wp\/v2\/users\/7"}],"replies":[{"embeddable":true,"href":"https:\/\/www.mes-allocs.fr\/guides\/wp-json\/wp\/v2\/comments?post=19642"}],"version-history":[{"count":18,"href":"https:\/\/www.mes-allocs.fr\/guides\/wp-json\/wp\/v2\/posts\/19642\/revisions"}],"predecessor-version":[{"id":110052,"href":"https:\/\/www.mes-allocs.fr\/guides\/wp-json\/wp\/v2\/posts\/19642\/revisions\/110052"}],"wp:featuredmedia":[{"embeddable":true,"href":"https:\/\/www.mes-allocs.fr\/guides\/wp-json\/wp\/v2\/media\/19652"}],"wp:attachment":[{"href":"https:\/\/www.mes-allocs.fr\/guides\/wp-json\/wp\/v2\/media?parent=19642"}],"wp:term":[{"taxonomy":"category","embeddable":true,"href":"https:\/\/www.mes-allocs.fr\/guides\/wp-json\/wp\/v2\/categories?post=19642"},{"taxonomy":"post_tag","embeddable":true,"href":"https:\/\/www.mes-allocs.fr\/guides\/wp-json\/wp\/v2\/tags?post=19642"}],"curies":[{"name":"wp","href":"https:\/\/api.w.org\/{rel}","templated":true}]}}