{"id":19622,"date":"2021-02-12T14:43:34","date_gmt":"2021-02-12T14:43:34","guid":{"rendered":"https:\/\/www.mes-allocs.fr\/guides\/?p=19622"},"modified":"2026-03-03T17:23:41","modified_gmt":"2026-03-03T16:23:41","slug":"reconversion-professionnelle-orthophoniste","status":"publish","type":"post","link":"https:\/\/www.mes-allocs.fr\/guides\/reconversion-professionnelle\/reconversion-professionnelle-quel-metier\/reconversion-professionnelle-orthophoniste\/","title":{"rendered":"Reconversion professionnelle  : comment devenir orthophoniste ?"},"content":{"rendered":"<p><a href=\"https:\/\/www.mes-allocs.fr\/guides\/wp-content\/uploads\/2021\/02\/pexels-alex-green-5699480.jpg\"><img loading=\"lazy\" decoding=\"async\" class=\"aligncenter wp-image-19638 size-full\" title=\"reconversion professionnelle orthophoniste\" src=\"https:\/\/www.mes-allocs.fr\/guides\/wp-content\/uploads\/2021\/02\/pexels-alex-green-5699480-e1612981420278.jpg\" alt=\"reconversion professionnelle orthophoniste\" width=\"1280\" height=\"480\" \/><\/a><\/p>\n<p style=\"text-align: justify;\">[Mis \u00e0 jour le 03\/03\/2026] La <a href=\"https:\/\/www.mes-allocs.fr\/guides\/reconversion-professionnelle\/\">reconversion professionnelle<\/a> concerne pr\u00e8s de 20 % des Fran\u00e7ais. Aujourd&rsquo;hui, la recherche de l&rsquo;\u00e9panouissement personnel dans un environnement professionnel est devenue indispensable. Dans cet article, Mes Allocs vous explique tout sur le m\u00e9tier d&rsquo;orthophoniste si vous souhaitez l&rsquo;exercer dans le cadre d&rsquo;une reconversion professionnelle.<\/p>\n<h1>Qu\u2019est-ce qu\u2019un orthophoniste ?<\/h1>\n<p style=\"text-align: justify;\">La <a href=\"https:\/\/www.mes-allocs.fr\/guides\/reconversion-professionnelle\/reconversion-professionnelle-quel-metier\/\">recherche d&rsquo;un m\u00e9tier lors d&rsquo;une reconversion<\/a> est fondamentale. Si vous souhaitez devenir orthophoniste, vous devez avant tout savoir que ce professionnel est un auxiliaire de la sant\u00e9. G\u00e9n\u00e9ralement, choisir de devenir orthophoniste est une vocation. Sa mission premi\u00e8re est d&rsquo;analyser, de conseiller et de corriger \u00e0 la fois des retards de langage, d&rsquo;apprentissage. Mais \u00e9galement corriger des d\u00e9fauts de prononciations tels que : dyslexie, dysphasie, b\u00e9gaiement, zozotement.<\/p>\n<p style=\"text-align: justify;\">En tant que professionnel de la sant\u00e9, l&rsquo; orthophoniste peut \u00eatre amen\u00e9 \u00e0 travailler en collaboration avec des m\u00e9decins g\u00e9n\u00e9ralistes ou sp\u00e9cialistes. Il intervient sur prescription m\u00e9dicale aupr\u00e8s des enfants, adultes, personnes \u00e2g\u00e9es, parfois aupr\u00e8s de la fonction publique.<\/p>\n<p style=\"text-align: justify;\">Avant d&rsquo;entamer votre reconversion et de vouloir faire une \u00e9cole d&rsquo;orthophoniste, vous devez bien vous renseigner. R\u00e9alise un bilan de comp\u00e9tences peut \u00e9galement vous aider \u00e0 analyser le m\u00e9tier qui vous apportera un \u00e9quilibre personnel et professionnel.<\/p>\n<p style=\"text-align: justify;\">Vous pouvez \u00e9galement b\u00e9n\u00e9ficier d&rsquo;un accompagnement de Mes Allocs gr\u00e2ce \u00e0 son service d\u00e9di\u00e9 \u00e0 la reconversion professionnelle !<\/p>\n<div class='cta-block'><div class='text'>Besoin d\u2019aide dans votre reconversion ?<\/div><a href='https:\/\/www.formademia.fr\/formulaire\/coaching' class='app-button fit'>Simuler mon \u00e9ligibilit\u00e9 au coaching<\/a><\/div>\n<h1>Quelle est la mission d&rsquo;un orthophoniste ?<\/h1>\n<ul>\n<li>D\u00e9terminer les difficult\u00e9s de ses patients (trouble de la communication, troubles du langage, etc.)<\/li>\n<li>Faire des bilans orthophoniques lors de la premi\u00e8re visite et transmettre ses conclusions au m\u00e9decin ayant dirig\u00e9 le patient vers l\u2019orthophoniste<\/li>\n<li>Pr\u00e9ciser les troubles dont souffre son patient<\/li>\n<li>Mettre en place des exercices adapt\u00e9s pour r\u00e9\u00e9duquer son patient sur prescription m\u00e9dicale<\/li>\n<li>Mettre en place des traitements des troubles de ses patients<\/li>\n<li>\u00c9tablir un bilan<\/li>\n<li>D\u00e9finir un programme de r\u00e9\u00e9ducation au besoin<\/li>\n<li>En tant que professionnel de la sant\u00e9, avoir un r\u00f4le de pr\u00e9vention aupr\u00e8s des patients<\/li>\n<\/ul>\n<p><iframe loading=\"lazy\" title=\"La reconversion professionnelle\" width=\"500\" height=\"281\" src=\"https:\/\/www.youtube.com\/embed\/EiVUthswxl0?feature=oembed\" frameborder=\"0\" allow=\"accelerometer; autoplay; clipboard-write; encrypted-media; gyroscope; picture-in-picture; web-share\" referrerpolicy=\"strict-origin-when-cross-origin\" allowfullscreen><\/iframe><\/p>\n<h1>Comment devenir orthophoniste ?<\/h1>\n<p>Dans le cadre d&rsquo;une r\u00e9orientation professionnelle, vous pouvez devenir orthophonistes par la voie de la formation continue. Cela pour adultes en pr\u00e9parant le certificat de capacit\u00e9 d&rsquo;orthophoniste.<\/p>\n<p>Pour pouvoir exercer en tant qu&rsquo;orthophoniste, vous devez passer par une formation d\u2019une dur\u00e9e de cinq ans. Qui est rattach\u00e9e \u00e0 une UFR de m\u00e9decine. \u00c0 l\u2019issue de laquelle un certificat de capacit\u00e9 d\u2019orthophoniste (CCO) vous est d\u00e9livr\u00e9.<\/p>\n<p>Il existe 19 instituts d\u2019orthophonie en France. Ces \u00e9coles ont un nombre de places limit\u00e9 et les candidats \u00e0 la formation sont d\u00e9partag\u00e9s par un concours.<\/p>\n<p>\u00c0 noter : en revanche cette formation pour exercer le m\u00e9tier d&rsquo; orthophoniste ne peut se r\u00e9aliser ni en alternance, ni \u00e0 distance, et n\u00e9cessite de passer un concours. Un <a href=\"https:\/\/www.formademia.fr\/formulaire\/coaching\">conseiller Mes Allocs<\/a> peut vous accompagner dans votre projet de reconversion !<\/p>\n<h2><strong>Le programme de la classe pr\u00e9paratoire\u00a0<\/strong><\/h2>\n<p><strong>Pour pr\u00e9parer le concours, les enseignements seront les suivants :<\/strong><\/p>\n<ul>\n<li><strong>\u00e9preuves \u00e9crites<\/strong> : dict\u00e9e, exercices d\u2019orthographe, de grammaire et de vocabulaire, dissertation, contraction de texte. Parfois m\u00eame une \u00e9preuve de synth\u00e8se et tests psychotechniques.<\/li>\n<li><strong>\u00e9preuves orales<\/strong>\u00a0: oral de motivation.<\/li>\n<\/ul>\n<h2>\u00c9volutions et d\u00e9bouch\u00e9s<\/h2>\n<p>Une fois le dipl\u00f4me valid\u00e9, un orthophoniste trouve du travail facilement. Que ce soit dans un h\u00f4pital ou dans une structure d\u2019accueil pour des enfants et des adultes handicap\u00e9s ou des personnes \u00e2g\u00e9es.<\/p>\n<p>Le salaire mensuel moyen net d\u2019un Orthophoniste est d\u2019environ 2060 \u20ac pour un homme. Et 2 000\u20ac pour une femme (environ 33000 professionnels en France dont 5000 en \u00cele de France).<\/p>\n<h2>Comment financer ses \u00e9tudes d&rsquo;orthophonie ?<\/h2>\n<p>Ces \u00e9tudes ne sont pas prises en charge enti\u00e8rement par le Conseil R\u00e9gional, contrairement \u00e0 d&rsquo;autres formations. Les frais d&rsquo;inscription sont de 550 euros en moyenne, mais les \u00e9tudiants boursiers sont dispens\u00e9s de ces frais.<\/p>\n<p><strong>Cependant, il est possible d&rsquo;obtenir des aides financi\u00e8res par certains organismes :<\/strong><\/p>\n<ul>\n<li>L&rsquo;AFR (Allocation de Formation Professionnelle).<\/li>\n<li>La\u00a0<strong>mission locale<\/strong>\u00a0pour les jeunes ayant moins de 26 ans.<\/li>\n<li>France Travail pour les demandeurs d\u2019emploi.<\/li>\n<li>L\u2019ARS (Agence r\u00e9gionale de sant\u00e9).<\/li>\n<li><strong>Fong\u00e9cif<\/strong>\u00a0pour les salari\u00e9s. Par contre, concernant cet organisme, il ne prend en charge uniquement que la premi\u00e8re ann\u00e9e de formation de la candidate.<\/li>\n<li>Bourses d&rsquo;\u00e9tudes pour les \u00e9tudiants dont les ressources des parents ne d\u00e9passent pas un certain seuil.<\/li>\n<li>Le Conseil D\u00e9partemental ou R\u00e9gional.<\/li>\n<\/ul>\n<p><strong>\u00c0 noter : vous devez faire votre demande de financement obligatoirement au moment de votre inscription au concours. M\u00eame si vous n&rsquo;avez aucune certitude de r\u00e9ussite.<\/strong><\/p>\n<div class='cta-block'><div class='text'>Besoin d\u2019aide dans votre reconversion ?<\/div><a href='https:\/\/www.formademia.fr\/formulaire\/coaching' class='app-button fit'>Simuler mon \u00e9ligibilit\u00e9 au coaching<\/a><\/div>\n","protected":false},"excerpt":{"rendered":"<p>[Mis \u00e0 jour le 03\/03\/2026] La reconversion professionnelle concerne pr\u00e8s de 20 % des Fran\u00e7ais. Aujourd&rsquo;hui, la recherche de l&rsquo;\u00e9panouissement personnel dans un environnement professionnel est devenue indispensable. Dans cet article, Mes Allocs vous explique tout sur le m\u00e9tier d&rsquo;orthophoniste si vous souhaitez l&rsquo;exercer dans le cadre d&rsquo;une reconversion professionnelle. Qu\u2019est-ce qu\u2019un orthophoniste ? La [&hellip;]<\/p>\n","protected":false},"author":7,"featured_media":19638,"comment_status":"open","ping_status":"open","sticky":false,"template":"","format":"standard","meta":{"amp_status":"","footnotes":""},"categories":[5081,5165],"tags":[],"class_list":["post-19622","post","type-post","status-publish","format-standard","has-post-thumbnail","hentry","category-reconversion-professionnelle","category-reconversion-professionnelle-quel-metier"],"yoast_head":"<!-- This site is optimized with the Yoast SEO plugin v14.9 - https:\/\/yoast.com\/wordpress\/plugins\/seo\/ -->\n<title>Reconversion professionnelle : comment devenir orthophoniste ?<\/title>\n<meta name=\"description\" content=\"Comment devenir orthophoniste ? Mes Allocs vous explique tout sur le parcours \u00e0 suivre dans le cadre d&#039;une reconversion professionnelle !\" \/>\n<meta name=\"robots\" content=\"index, follow, max-snippet:-1, max-image-preview:large, max-video-preview:-1\" \/>\n<link rel=\"canonical\" href=\"https:\/\/www.mes-allocs.fr\/guides\/reconversion-professionnelle\/reconversion-professionnelle-quel-metier\/reconversion-professionnelle-orthophoniste\/\" \/>\n<meta property=\"og:locale\" content=\"fr_FR\" \/>\n<meta property=\"og:type\" content=\"article\" \/>\n<meta property=\"og:title\" content=\"Reconversion professionnelle : comment devenir orthophoniste ?\" \/>\n<meta property=\"og:description\" content=\"Comment devenir orthophoniste ? Mes Allocs vous explique tout sur le parcours \u00e0 suivre dans le cadre d&#039;une reconversion professionnelle !\" \/>\n<meta property=\"og:url\" content=\"https:\/\/www.mes-allocs.fr\/guides\/reconversion-professionnelle\/reconversion-professionnelle-quel-metier\/reconversion-professionnelle-orthophoniste\/\" \/>\n<meta property=\"og:site_name\" content=\"Mes-Allocs.fr\" \/>\n<meta property=\"article:published_time\" content=\"2021-02-12T14:43:34+00:00\" \/>\n<meta property=\"article:modified_time\" content=\"2026-03-03T16:23:41+00:00\" \/>\n<meta property=\"og:image\" content=\"https:\/\/www.mes-allocs.fr\/guides\/wp-content\/uploads\/2021\/02\/pexels-alex-green-5699480.jpg?wsr\" \/>\n\t<meta property=\"og:image:width\" content=\"1280\" \/>\n\t<meta property=\"og:image:height\" content=\"853\" \/>\n<meta name=\"twitter:card\" content=\"summary_large_image\" \/>\n<script type=\"application\/ld+json\" class=\"yoast-schema-graph\">{\"@context\":\"https:\/\/schema.org\",\"@graph\":[{\"@type\":\"WebSite\",\"@id\":\"https:\/\/www.mes-allocs.fr\/guides\/#website\",\"url\":\"https:\/\/www.mes-allocs.fr\/guides\/\",\"name\":\"Mes-Allocs.fr\",\"description\":\"\",\"potentialAction\":[{\"@type\":\"SearchAction\",\"target\":\"https:\/\/www.mes-allocs.fr\/guides\/?s={search_term_string}\",\"query-input\":\"required name=search_term_string\"}],\"inLanguage\":\"fr-FR\"},{\"@type\":\"ImageObject\",\"@id\":\"https:\/\/www.mes-allocs.fr\/guides\/reconversion-professionnelle\/reconversion-professionnelle-quel-metier\/reconversion-professionnelle-orthophoniste\/#primaryimage\",\"inLanguage\":\"fr-FR\",\"url\":\"https:\/\/www.mes-allocs.fr\/guides\/wp-content\/uploads\/2021\/02\/pexels-alex-green-5699480.jpg?wsr\",\"width\":1280,\"height\":853,\"caption\":\"reconversion professionnelle orthophoniste\"},{\"@type\":\"WebPage\",\"@id\":\"https:\/\/www.mes-allocs.fr\/guides\/reconversion-professionnelle\/reconversion-professionnelle-quel-metier\/reconversion-professionnelle-orthophoniste\/#webpage\",\"url\":\"https:\/\/www.mes-allocs.fr\/guides\/reconversion-professionnelle\/reconversion-professionnelle-quel-metier\/reconversion-professionnelle-orthophoniste\/\",\"name\":\"Reconversion professionnelle : comment devenir orthophoniste ?\",\"isPartOf\":{\"@id\":\"https:\/\/www.mes-allocs.fr\/guides\/#website\"},\"primaryImageOfPage\":{\"@id\":\"https:\/\/www.mes-allocs.fr\/guides\/reconversion-professionnelle\/reconversion-professionnelle-quel-metier\/reconversion-professionnelle-orthophoniste\/#primaryimage\"},\"datePublished\":\"2021-02-12T14:43:34+00:00\",\"dateModified\":\"2026-03-03T16:23:41+00:00\",\"author\":{\"@id\":\"https:\/\/www.mes-allocs.fr\/guides\/#\/schema\/person\/1c4837d5703727cb02ce84583b5a44aa\"},\"description\":\"Comment devenir orthophoniste ? Mes Allocs vous explique tout sur le parcours \\u00e0 suivre dans le cadre d'une reconversion professionnelle !\",\"inLanguage\":\"fr-FR\"},{\"@type\":\"Person\",\"@id\":\"https:\/\/www.mes-allocs.fr\/guides\/#\/schema\/person\/1c4837d5703727cb02ce84583b5a44aa\",\"name\":\"Fabiola\",\"image\":{\"@type\":\"ImageObject\",\"@id\":\"https:\/\/www.mes-allocs.fr\/guides\/#personlogo\",\"inLanguage\":\"fr-FR\",\"url\":\"https:\/\/www.mes-allocs.fr\/guides\/wp-content\/uploads\/2021\/06\/fabiola-150x150.png\",\"caption\":\"Fabiola\"},\"description\":\"Fabiola est r\\u00e9dactrice au sein de l'\\u00e9quipe Mes Allocs, sp\\u00e9cialis\\u00e9e en sciences politiques et affaires publiques. Dipl\\u00f4m\\u00e9e de l'HEIP, elle rejoint Mes Allocs apr\\u00e8s une premi\\u00e8re exp\\u00e9rience \\u00e0 l'Assembl\\u00e9e Nationale.\",\"sameAs\":[\"https:\/\/www.linkedin.com\/in\/cecilia-philippe-b-8a8085195\"]}]}<\/script>\n<!-- \/ Yoast SEO plugin. -->","amp_validity":null,"acf":{"faq":{"1":{"question":"Comment se reconvertir en orthophoniste ?","answer":"Pour devenir orthophoniste vous devez obtenir un certificat de capacit\u00e9 d'orthophoniste que l'on obtient dans un cursus d'\u00e9tudes post-bac apr\u00e8s un concours d'acc\u00e8s qui comprend des \u00e9preuves \u00e9crites, des tests psychotechniques et un entretien avec un jury. "},"2":{"question":"Quelles sont les \u00e9tudes pour devenir orthophoniste ?","answer":"Pour devenir orthophoniste, il faut \u00eatre titulaire du certificat de capacit\u00e9 d'orthophoniste (CCO), qui se pr\u00e9pare en 5 ans (master) dans un centre de formation rattach\u00e9 \u00e0 une UFR de m\u00e9decine."},"3":{"question":" Quel bac pour devenir orthoptiste ?","answer":"Pour devenir orthoptiste, il faut obtenir le certificat de capacit\u00e9 d'orthoptiste, qui se pr\u00e9pare en 3 ans (de pr\u00e9f\u00e9rence apr\u00e8s un bac scientifique) dans un des 16 instituts de formation rattach\u00e9s \u00e0 une UFR de m\u00e9decine."},"4":{"question":"Quel est le r\u00f4le de la mission locale ?","answer":"Son but est de soutenir les jeunes dans leur recherche d'emploi ainsi que dans leurs d\u00e9marches d'orientation professionnelle, d'acc\u00e8s \u00e0 la formation, \u00e0 la sant\u00e9, au logement, aux droits, \u00e0 la citoyennet\u00e9 et \u00e0 la mobilit\u00e9."},"5":{"question":"Est-ce que la mission locale prend en charge le permis ?","answer":"La Mission Locale peut proposer des aides au financement du permis de conduire pour des jeunes entre 18 et 25 ans, ne disposant pas de ressources suffisantes"},"6":{"question":"Quelle formation avec le CPF ?","answer":"Avec le CPF, vous pouvez passer des certifications d'anglais afin d'\u00e9valuer votre pratique dans le monde professionnel. \u00c0 cela s'ajoute des formations ax\u00e9es sur le num\u00e9rique et la ma\u00eetrise des logiciels de bureautique."},"7":{"question":"","answer":""},"8":{"question":"","answer":""},"9":{"question":"","answer":""},"10":{"question":"","answer":""},"11":{"question":"","answer":""},"12":{"question":"","answer":""},"13":{"question":"","answer":""},"14":{"question":"","answer":""},"15":{"question":"","answer":""},"16":{"question":"","answer":""}}},"_links":{"self":[{"href":"https:\/\/www.mes-allocs.fr\/guides\/wp-json\/wp\/v2\/posts\/19622","targetHints":{"allow":["GET"]}}],"collection":[{"href":"https:\/\/www.mes-allocs.fr\/guides\/wp-json\/wp\/v2\/posts"}],"about":[{"href":"https:\/\/www.mes-allocs.fr\/guides\/wp-json\/wp\/v2\/types\/post"}],"author":[{"embeddable":true,"href":"https:\/\/www.mes-allocs.fr\/guides\/wp-json\/wp\/v2\/users\/7"}],"replies":[{"embeddable":true,"href":"https:\/\/www.mes-allocs.fr\/guides\/wp-json\/wp\/v2\/comments?post=19622"}],"version-history":[{"count":17,"href":"https:\/\/www.mes-allocs.fr\/guides\/wp-json\/wp\/v2\/posts\/19622\/revisions"}],"predecessor-version":[{"id":110020,"href":"https:\/\/www.mes-allocs.fr\/guides\/wp-json\/wp\/v2\/posts\/19622\/revisions\/110020"}],"wp:featuredmedia":[{"embeddable":true,"href":"https:\/\/www.mes-allocs.fr\/guides\/wp-json\/wp\/v2\/media\/19638"}],"wp:attachment":[{"href":"https:\/\/www.mes-allocs.fr\/guides\/wp-json\/wp\/v2\/media?parent=19622"}],"wp:term":[{"taxonomy":"category","embeddable":true,"href":"https:\/\/www.mes-allocs.fr\/guides\/wp-json\/wp\/v2\/categories?post=19622"},{"taxonomy":"post_tag","embeddable":true,"href":"https:\/\/www.mes-allocs.fr\/guides\/wp-json\/wp\/v2\/tags?post=19622"}],"curies":[{"name":"wp","href":"https:\/\/api.w.org\/{rel}","templated":true}]}}