{"id":19612,"date":"2021-03-03T16:18:44","date_gmt":"2021-03-03T16:18:44","guid":{"rendered":"https:\/\/www.mes-allocs.fr\/guides\/?p=19612"},"modified":"2025-10-14T17:57:17","modified_gmt":"2025-10-14T15:57:17","slug":"aide-au-transport-nouvelle-aquitaine","status":"publish","type":"post","link":"https:\/\/www.mes-allocs.fr\/guides\/aide-au-transport\/aide-au-transport-conseil-regional\/aide-au-transport-nouvelle-aquitaine\/","title":{"rendered":"Aides au transport en Nouvelle Aquitaine : conditions, montants, d\u00e9marches"},"content":{"rendered":"<p><img loading=\"lazy\" decoding=\"async\" class=\"aligncenter wp-image-19615 size-full\" title=\"aide au transport nouvelle aquitaine\" src=\"https:\/\/www.mes-allocs.fr\/guides\/wp-content\/uploads\/2021\/02\/bus-e1694087276284.jpg\" alt=\"aide au transport nouvelle aquitaine\" width=\"867\" height=\"179\" \/><\/p>\n<p style=\"text-align: justify;\"><strong>Le 1er Septembre 2017, les anciennes r\u00e9gions qu&rsquo;\u00e9taient l&rsquo;Aquitaine, le Limousin et Les Poitou Charentes ont disparues au profit de la nouvelle r\u00e9gion qu&rsquo;est la Nouvelle Aquitaine. Cette nouvelle d\u00e9coupe administrative a provoqu\u00e9 une d\u00e9localisation de comp\u00e9tences des d\u00e9partements vers les r\u00e9gions. Une des comp\u00e9tences touch\u00e9es par cette d\u00e9localisation est la gestion des transports publics et des <a href=\"https:\/\/www.mes-allocs.fr\/guides\/aide-au-transport\/\">aides au transport<\/a>. On vous montre comment tout cela s&rsquo;articule et surtout quelles sont les aides au transport disponibles en Nouvelle Aquitaine.<\/strong><\/p>\n<div class='cta-block'><div class='text'>Simulez toutes vos aides au transport en 2 min. <\/div><a href='https:\/\/www.mes-allocs.fr\/ab-app?origin=guides\/wp-json\/wp\/v2\/posts\/19612' class='app-button fit'>Simulation gratuite<\/a><\/div>\n<h1>Les transformations autour de la nouvelle r\u00e9gion<\/h1>\n<h2>L&rsquo;historique des transformations<\/h2>\n<p style=\"text-align: justify;\">Lorsque la r\u00e9forme territoriale en 2017 a \u00e9t\u00e9 accept\u00e9, de nombreuses r\u00e9gion administratives ont fusionn\u00e9 pour donner un nouvel espace. Ces fusions ont aussi entrain\u00e9 un nombre important de changements. Le changement sur lequel nous allons nous focaliser concerne les transports.<\/p>\n<p style=\"text-align: justify;\">En effet, le service de transport effectif jusqu&rsquo;\u00e0 pr\u00e9sent \u00e9tait le Transgironde. Avec cette r\u00e9forme territoriale, l&rsquo;ensemble du service de transport a \u00e9t\u00e9 ferm\u00e9. La fermeture du site transgironde.fr a aussi \u00e9t\u00e9 d\u00e9cr\u00e9t\u00e9e.<\/p>\n<p style=\"text-align: justify;\">Le \u00a0site Transgironde \u00e9tant maintenant \u00a0ferm\u00e9, les usagers de la Gironde trouveront dor\u00e9navant les informations et perturbations concernant les transports r\u00e9gionaux sur le site de la r\u00e9gion. Le support t\u00e9l\u00e9phonique est disponible du Lundi au Vendredi de 9h00 \u00e0 18h00.<\/p>\n<p style=\"text-align: justify;\">Sur ce nouveau site, vous pourrez retrouver l&rsquo;ensemble des flash info\/service flash concernant les perturbations de trafic. Les parents de lyc\u00e9ens et de coll\u00e9giens pourront aussi recevoir des informations relatives au transport scolaire des enfants sur la r\u00e9gion.<\/p>\n<h2>L&rsquo;aide au transport pour les \u00e9tudiants de Nouvelle Aquitaine<\/h2>\n<p style=\"text-align: justify;\">Concernant les \u00e9tudiants, la Nouvelle Aquitaine a mis en place de nombreux dispositifs visant \u00e0 une meilleure mobilit\u00e9 des \u00e9tudiants.<\/p>\n<p style=\"text-align: justify;\">La premi\u00e8re subvention disponible pour les \u00e9tudiants concerne exclusivement les demi-pensionnaires et les internes de chaque \u00e9tablissement. La subvention permet de b\u00e9n\u00e9ficier d&rsquo;une r\u00e9duction de moiti\u00e9 concernant les billets des trajets hebdomadaires domicile-\u00e9tablissement. Pour les externes, ce trajet est gratuit et illimit\u00e9.<\/p>\n<p style=\"text-align: justify;\">Un dispositif similaire est aussi disponible uniquement pour les internes. Il autorise les internes des \u00e9tablissements \u00e0 b\u00e9n\u00e9ficier d&rsquo;une r\u00e9duction de moiti\u00e9 sur les trajets hebdomadaire entre le domicile et l&rsquo;\u00e9tablissement. Cette aide individuelle au transport est\u00a0disponible au prix de 30 euros par an.<\/p>\n<p style=\"text-align: justify;\">Le Pass &#8211; 28 ans est un titre de transport qui permet aux personnes \u00e2g\u00e9es de moins de 28 ans de b\u00e9n\u00e9ficier d&rsquo;un pourcentage de r\u00e9duction de 33% compar\u00e9 \u00e0 un pass classique. Le dispositif est \u00e9ligible \u00e0 l&rsquo;aide obligatoire pr\u00e9vue par le Code du Travail qui stipule que l&#8217;employeur s&rsquo;engage \u00e0 rembourser la moiti\u00e9 des frais de transports de l&#8217;employ\u00e9. Ce dispositif se d\u00e9cline de plusieurs fa\u00e7ons:<\/p>\n<ul>\n<li>Hebdomadaire<\/li>\n<li>Mensuelle<\/li>\n<li>Anuelle<\/li>\n<\/ul>\n<p style=\"text-align: justify;\">Le Fond Social Formation est un fond de solidarit\u00e9 permettant de faire face \u00e0 un impr\u00e9vu financier qui pourrait paralyser la continuit\u00e9 d&rsquo;une formation. Le but \u00e9tant de garantir la continuit\u00e9 \u00a0la formation malgr\u00e9 l&rsquo;impr\u00e9vu.<\/p>\n<p>Les personnes pouvant en \u00eatre b\u00e9n\u00e9ficiaires sont:<\/p>\n<ul>\n<li>les stagiaires<\/li>\n<li>des apprentis en formation sanitaire et sociale<\/li>\n<li>des salari\u00e9s en formation dans une structure d&rsquo;insertion<\/li>\n<\/ul>\n<p style=\"text-align: justify;\">Le montant de l&rsquo;aide varie entre 100 et 1000 euros par an et par demandeur. La prise en charge des frais de transport et de logement est pr\u00e9vue par cette subvention. Pour cette aide, il existe des crit\u00e8res de s\u00e9lection:<\/p>\n<ul>\n<li>la survenance d&rsquo;un impr\u00e9vu qui engendre une difficult\u00e9 financi\u00e8re<\/li>\n<li>Un r\u00e9el risque d&rsquo;abandon de la formation<\/li>\n<\/ul>\n<p style=\"text-align: justify;\">Les autres dispositifs mis en place \u00e0 l&rsquo;\u00e9chelle national sont aussi envisageables sur l&rsquo;ensemble de la r\u00e9gion.<\/p>\n<p>En cas de besoin, un expert de l&rsquo;\u00e9quipe Mes Allocs peut <a href=\"https:\/\/www.mes-allocs.fr\/souscription\" target=\"_blank\" rel=\"noopener\">vous accompagner<\/a> dans ces d\u00e9marches pour vous faire gagner du temps et de l&rsquo;argent.<\/p>\n<p><iframe loading=\"lazy\" title=\"Les aides au transport\" width=\"500\" height=\"281\" src=\"https:\/\/www.youtube.com\/embed\/zRZFzrnwvEs?feature=oembed\" frameborder=\"0\" allow=\"accelerometer; autoplay; clipboard-write; encrypted-media; gyroscope; picture-in-picture; web-share\" referrerpolicy=\"strict-origin-when-cross-origin\" allowfullscreen><\/iframe><\/p>\n<h1>Emploi et mobilit\u00e9 en Nouvelle Aquitaine<\/h1>\n<p>Depuis quelques ann\u00e9es maintenant, il existe des <a href=\"https:\/\/www.mes-allocs.fr\/guides\/aide-au-transport\/aide-au-transport-conseil-regional\/\">aides au transport mises en place par les r\u00e9gions<\/a> pour soutenir financi\u00e8rement les travailleurs.<\/p>\n<h2>Quelles sont les conditions pur obtenir l&rsquo;aide au transport en Nouvelle Aquitaine ?<\/h2>\n<p style=\"text-align: justify;\">La mobilit\u00e9 des personnes en recherche ou en reprise d&rsquo;activit\u00e9 est un r\u00e9el enjeu pour la r\u00e9gion. Pour les aider dans les diff\u00e9rents d\u00e9placements, elle a mis en place diff\u00e9rentes aides.<\/p>\n<p style=\"text-align: justify;\">Le fond d &lsquo;aide \u00e0 la mobilit\u00e9 a \u00e9t\u00e9 \u00e9labor\u00e9 dans ce sens. Il permet de s\u00e9curiser l&rsquo;acc\u00e8s vers un emploi et de participer aux \u00e9ventuelles d\u00e9penses li\u00e9es au transport et au logement.<\/p>\n<p style=\"text-align: justify;\">Pour en b\u00e9n\u00e9ficier, il faut \u00eatre titulaire d&rsquo;un CDD d&rsquo;au moins trois mois ou d&rsquo;un CDI. Il faut aussi sortir d&rsquo;une formation \u00a0depuis moins de 6 mois.<\/p>\n<p style=\"text-align: justify;\">Dans la forme, l&rsquo;aide est de 1000 euros pour les frais de transport et de 1000 euros pour les frais de logement. Le versement se fait en deux fois. Le premier versement correspond \u00e0 60% de la somme allou\u00e9 et le deuxi\u00e8me vient compl\u00e9ter le premier. Cette aide n&rsquo;est pas cumulable avec d&rsquo;autre aides.<\/p>\n<h2>Qu&rsquo;est-ce que la carte solidaire en Nouvelle Aquitaine ?<\/h2>\n<p style=\"text-align: justify;\">Cette carte est uniquement r\u00e9serv\u00e9 aux personne domicili\u00e9s en Nouvelle Aquitaine avec un quotient familial inf\u00e9rieur \u00e0 860 euros. Les personnes b\u00e9n\u00e9ficiant de l&rsquo;allocation adulte handicap\u00e9 ou de l&rsquo;allocation pour les demandeurs d&rsquo;asile sont aussi \u00e9ligibles.<\/p>\n<p style=\"text-align: justify;\">La carte solidaire permet de voyager \u00e0 tarif r\u00e9duit sur l&rsquo;ensemble du territoire. La r\u00e9duction sur le prix d&rsquo;origine est de 90% du co\u00fbt. Cette carte est nominative, gratuite et valable sur un an.<\/p>\n<p style=\"text-align: justify;\">Pour en b\u00e9n\u00e9ficier, il faut faire la demande sur le site de transport de la r\u00e9gion. Pour les questions les plus fr\u00e9quentes, il faut s&rsquo;adresser au m\u00eame site de transport.<\/p>\n<h1><strong>Quels sont les avantages et les limites des aides au transport en Nouvelle-Aquitaine ?\u00a0<\/strong><\/h1>\n<h2><strong> Les avantages pour les \u00e9tudiants<\/strong><\/h2>\n<p>Les aides au transport en Nouvelle-Aquitaine offrent de nombreux avantages aux \u00e9tudiants de la r\u00e9gion. Tout d&rsquo;abord, elles garantissent un acc\u00e8s plus facile aux \u00e9tablissements d&rsquo;enseignement sup\u00e9rieur, r\u00e9duisant ainsi les contraintes li\u00e9es \u00e0 la distance g\u00e9ographique.<\/p>\n<p>Cela permet aux \u00e9tudiants de choisir des formations qui correspondent le mieux \u00e0 leurs objectifs acad\u00e9miques, plut\u00f4t que de se limiter en fonction de la proximit\u00e9. De plus, ces aides contribuent \u00e0 all\u00e9ger la charge financi\u00e8re des \u00e9tudiants, car elles r\u00e9duisent les co\u00fbts de d\u00e9placement. Cela peut se traduire par des \u00e9conomies significatives au fil du temps, aidant ainsi les \u00e9tudiants \u00e0 g\u00e9rer leur budget tout en poursuivant leurs \u00e9tudes.<\/p>\n<p>Enfin, l&rsquo;acc\u00e8s \u00e0 des r\u00e9ductions sur les transports en commun ou \u00e0 des cartes sp\u00e9ciales favorise la mobilit\u00e9 et la d\u00e9couverte de la r\u00e9gion, ce qui peut enrichir l&rsquo;exp\u00e9rience \u00e9ducative et personnelle des \u00e9tudiants.<\/p>\n<h2><strong>Les inconv\u00e9nients potentiels et les consid\u00e9rations<\/strong><\/h2>\n<p>Malgr\u00e9 les avantages, il est important de reconna\u00eetre certaines limites et consid\u00e9rations li\u00e9es aux aides au transport en Nouvelle-Aquitaine. Tout d&rsquo;abord, ces aides peuvent ne pas couvrir tous les frais de d\u00e9placement, en particulier pour les \u00e9tudiants vivant dans des zones \u00e9loign\u00e9es ou rurales.<\/p>\n<p>Les horaires et les itin\u00e9raires des transports en commun peuvent \u00e9galement ne pas convenir \u00e0 tous les \u00e9tudiants, ce qui peut cr\u00e9er des inconv\u00e9nients en termes de flexibilit\u00e9 et de temps de trajet.<\/p>\n<p>De plus, la demande \u00e9lev\u00e9e d&rsquo;aides au transport peut entra\u00eener des d\u00e9lais dans le traitement des demandes, ce qui n\u00e9cessite une planification pr\u00e9alable. Enfin, il est essentiel de consid\u00e9rer l&rsquo;impact environnemental des d\u00e9placements, m\u00eame s&rsquo;ils sont subventionn\u00e9s, et de favoriser des modes de transport durables lorsque cela est possible.<\/p>\n<p>D\u00e9couvrez les <a href=\"https:\/\/www.mes-allocs.fr\/guides\/aide-au-transport\/aide-au-transport-conseil-regional\/aide-au-transport-apprenti-nouvelle-aquitaine\/\">aides au transport pour les apprentis de Nouvelle Aquitaine<\/a> !<\/p>\n<p><span data-token-index=\"0\" data-reactroot=\"\"><div class='cta-block'><div class='text'>Simulez vos aides au transport en 2 min.<\/div><a href='' class='app-button fit'>Simulation gratuite<\/a><\/div><\/span><\/p>\n","protected":false},"excerpt":{"rendered":"<p>Le 1er Septembre 2017, les anciennes r\u00e9gions qu&rsquo;\u00e9taient l&rsquo;Aquitaine, le Limousin et Les Poitou Charentes ont disparues au profit de la nouvelle r\u00e9gion qu&rsquo;est la Nouvelle Aquitaine. Cette nouvelle d\u00e9coupe administrative a provoqu\u00e9 une d\u00e9localisation de comp\u00e9tences des d\u00e9partements vers les r\u00e9gions. Une des comp\u00e9tences touch\u00e9es par cette d\u00e9localisation est la gestion des transports publics [&hellip;]<\/p>\n","protected":false},"author":6,"featured_media":19615,"comment_status":"open","ping_status":"open","sticky":false,"template":"","format":"standard","meta":{"amp_status":"","footnotes":""},"categories":[5332,5421],"tags":[],"class_list":["post-19612","post","type-post","status-publish","format-standard","has-post-thumbnail","hentry","category-aide-au-transport","category-aide-au-transport-conseil-regional"],"yoast_head":"<!-- This site is optimized with the Yoast SEO plugin v14.9 - https:\/\/yoast.com\/wordpress\/plugins\/seo\/ -->\n<title>Aides au transport Nouvelle Aquitaine : conditions, montants, d\u00e9marches<\/title>\n<meta name=\"description\" content=\"La politique des transports en Nouvelle Aquitaine a \u00e9volu\u00e9 avec la r\u00e9cente d\u00e9coupe administrative. Voici les diff\u00e9rentes aides au transport.\" \/>\n<meta name=\"robots\" content=\"index, follow, max-snippet:-1, max-image-preview:large, max-video-preview:-1\" \/>\n<link rel=\"canonical\" href=\"https:\/\/www.mes-allocs.fr\/guides\/aide-au-transport\/aide-au-transport-conseil-regional\/aide-au-transport-nouvelle-aquitaine\/\" \/>\n<meta property=\"og:locale\" content=\"fr_FR\" \/>\n<meta property=\"og:type\" content=\"article\" \/>\n<meta property=\"og:title\" content=\"Aides au transport Nouvelle Aquitaine : conditions, montants, d\u00e9marches\" \/>\n<meta property=\"og:description\" content=\"La politique des transports en Nouvelle Aquitaine a \u00e9volu\u00e9 avec la r\u00e9cente d\u00e9coupe administrative. Voici les diff\u00e9rentes aides au transport.\" \/>\n<meta property=\"og:url\" content=\"https:\/\/www.mes-allocs.fr\/guides\/aide-au-transport\/aide-au-transport-conseil-regional\/aide-au-transport-nouvelle-aquitaine\/\" \/>\n<meta property=\"og:site_name\" content=\"Mes-Allocs.fr\" \/>\n<meta property=\"article:published_time\" content=\"2021-03-03T16:18:44+00:00\" \/>\n<meta property=\"article:modified_time\" content=\"2025-10-14T15:57:17+00:00\" \/>\n<meta property=\"og:image\" content=\"https:\/\/www.mes-allocs.fr\/guides\/wp-content\/uploads\/2021\/02\/bus-e1760457433423.jpg?wsr\" \/>\n\t<meta property=\"og:image:width\" content=\"867\" \/>\n\t<meta property=\"og:image:height\" content=\"683\" \/>\n<meta name=\"twitter:card\" content=\"summary_large_image\" \/>\n<script type=\"application\/ld+json\" class=\"yoast-schema-graph\">{\"@context\":\"https:\/\/schema.org\",\"@graph\":[{\"@type\":\"WebSite\",\"@id\":\"https:\/\/www.mes-allocs.fr\/guides\/#website\",\"url\":\"https:\/\/www.mes-allocs.fr\/guides\/\",\"name\":\"Mes-Allocs.fr\",\"description\":\"\",\"potentialAction\":[{\"@type\":\"SearchAction\",\"target\":\"https:\/\/www.mes-allocs.fr\/guides\/?s={search_term_string}\",\"query-input\":\"required name=search_term_string\"}],\"inLanguage\":\"fr-FR\"},{\"@type\":\"ImageObject\",\"@id\":\"https:\/\/www.mes-allocs.fr\/guides\/aide-au-transport\/aide-au-transport-conseil-regional\/aide-au-transport-nouvelle-aquitaine\/#primaryimage\",\"inLanguage\":\"fr-FR\",\"url\":\"https:\/\/www.mes-allocs.fr\/guides\/wp-content\/uploads\/2021\/02\/bus-e1760457433423.jpg?wsr\",\"width\":867,\"height\":683,\"caption\":\"aide au transport nouvelle aquitaine\"},{\"@type\":\"WebPage\",\"@id\":\"https:\/\/www.mes-allocs.fr\/guides\/aide-au-transport\/aide-au-transport-conseil-regional\/aide-au-transport-nouvelle-aquitaine\/#webpage\",\"url\":\"https:\/\/www.mes-allocs.fr\/guides\/aide-au-transport\/aide-au-transport-conseil-regional\/aide-au-transport-nouvelle-aquitaine\/\",\"name\":\"Aides au transport Nouvelle Aquitaine : conditions, montants, d\\u00e9marches\",\"isPartOf\":{\"@id\":\"https:\/\/www.mes-allocs.fr\/guides\/#website\"},\"primaryImageOfPage\":{\"@id\":\"https:\/\/www.mes-allocs.fr\/guides\/aide-au-transport\/aide-au-transport-conseil-regional\/aide-au-transport-nouvelle-aquitaine\/#primaryimage\"},\"datePublished\":\"2021-03-03T16:18:44+00:00\",\"dateModified\":\"2025-10-14T15:57:17+00:00\",\"author\":{\"@id\":\"https:\/\/www.mes-allocs.fr\/guides\/#\/schema\/person\/0ecd61a8600573914d00d970a588c024\"},\"description\":\"La politique des transports en Nouvelle Aquitaine a \\u00e9volu\\u00e9 avec la r\\u00e9cente d\\u00e9coupe administrative. Voici les diff\\u00e9rentes aides au transport.\",\"inLanguage\":\"fr-FR\"},{\"@type\":\"Person\",\"@id\":\"https:\/\/www.mes-allocs.fr\/guides\/#\/schema\/person\/0ecd61a8600573914d00d970a588c024\",\"name\":\"Jonathan\",\"image\":{\"@type\":\"ImageObject\",\"@id\":\"https:\/\/www.mes-allocs.fr\/guides\/#personlogo\",\"inLanguage\":\"fr-FR\",\"url\":\"https:\/\/www.mes-allocs.fr\/guides\/wp-content\/uploads\/2021\/06\/jonathan-150x150.png\",\"caption\":\"Jonathan\"},\"description\":\"Jonathan est r\\u00e9dacteur au sein de l'\\u00e9quipe Mes Allocs, sp\\u00e9cialis\\u00e9 sur les sujets li\\u00e9s au handicap. Dipl\\u00f4m\\u00e9e de l'UPEM, il rejoint Mes Allocs apr\\u00e8s avoir travaill\\u00e9 \\u00e0 l'association AEDE qui accompagne les adultes en situation de handicap. Quand il n'\\u00e9crit pas, on peut le retrouver sur un terrain de basket.\",\"sameAs\":[\"https:\/\/www.linkedin.com\/in\/jonathan-bambela-8637861b7\"]}]}<\/script>\n<!-- \/ Yoast SEO plugin. -->","amp_validity":null,"acf":{"faq":{"1":{"question":"O\u00f9 me renseigner pour les transports scolaires ?","answer":"Depuis 2017, les renseignements concernant les transports se font sur le site de la r\u00e9gion. "},"2":{"question":"Existe-t-il des aides d\u00e9partementales ?","answer":"Pour savoir si des aides d\u00e9partementales existent, il faut se rapprocher de ces collectivit\u00e9s."},"3":{"question":"Les bourses d'\u00e9tudes sont-elles compatibles avec les aides ?","answer":"Oui absolument, les bourses sont compatibles. Cependant pour certaine aides, on peut peut cumuler les deux. "},"4":{"question":"Quels organismes versent les aides ? ","answer":"Les aides sous forme de subvention (et non de r\u00e9duction) sont vers\u00e9s par les collectivit\u00e9s ou par le P\u00f4le Emploi si l'aide vient de ce dispositif"},"5":{"question":"L'aide au transport varie-t-elle selon les d\u00e9partements ? ","answer":"Oui, tous les d\u00e9partements n'ont pas les m\u00eames aides. Cependant, il y a les aides r\u00e9gionales pour tout les habitants de la r\u00e9gion."},"6":{"question":"Les aides sont-elles uniquement d\u00e9di\u00e9es aux salari\u00e9s ?","answer":"Non absolument pas. Les \u00e9tudiants, les salari\u00e9s et les demandeurs d'emploi peuvent en b\u00e9n\u00e9ficier. "},"7":{"question":"","answer":""},"8":{"question":"","answer":""},"9":{"question":"","answer":""},"10":{"question":"","answer":""},"11":{"question":"","answer":""},"12":{"question":"","answer":""},"13":{"question":"","answer":""},"14":{"question":"","answer":""},"15":{"question":"","answer":""},"16":{"question":"","answer":""}}},"_links":{"self":[{"href":"https:\/\/www.mes-allocs.fr\/guides\/wp-json\/wp\/v2\/posts\/19612","targetHints":{"allow":["GET"]}}],"collection":[{"href":"https:\/\/www.mes-allocs.fr\/guides\/wp-json\/wp\/v2\/posts"}],"about":[{"href":"https:\/\/www.mes-allocs.fr\/guides\/wp-json\/wp\/v2\/types\/post"}],"author":[{"embeddable":true,"href":"https:\/\/www.mes-allocs.fr\/guides\/wp-json\/wp\/v2\/users\/6"}],"replies":[{"embeddable":true,"href":"https:\/\/www.mes-allocs.fr\/guides\/wp-json\/wp\/v2\/comments?post=19612"}],"version-history":[{"count":18,"href":"https:\/\/www.mes-allocs.fr\/guides\/wp-json\/wp\/v2\/posts\/19612\/revisions"}],"predecessor-version":[{"id":102423,"href":"https:\/\/www.mes-allocs.fr\/guides\/wp-json\/wp\/v2\/posts\/19612\/revisions\/102423"}],"wp:featuredmedia":[{"embeddable":true,"href":"https:\/\/www.mes-allocs.fr\/guides\/wp-json\/wp\/v2\/media\/19615"}],"wp:attachment":[{"href":"https:\/\/www.mes-allocs.fr\/guides\/wp-json\/wp\/v2\/media?parent=19612"}],"wp:term":[{"taxonomy":"category","embeddable":true,"href":"https:\/\/www.mes-allocs.fr\/guides\/wp-json\/wp\/v2\/categories?post=19612"},{"taxonomy":"post_tag","embeddable":true,"href":"https:\/\/www.mes-allocs.fr\/guides\/wp-json\/wp\/v2\/tags?post=19612"}],"curies":[{"name":"wp","href":"https:\/\/api.w.org\/{rel}","templated":true}]}}