{"id":19528,"date":"2021-03-29T14:45:09","date_gmt":"2021-03-29T14:45:09","guid":{"rendered":"https:\/\/www.mes-allocs.fr\/guides\/?p=19528"},"modified":"2026-03-03T17:07:07","modified_gmt":"2026-03-03T16:07:07","slug":"reconversion-professionnelle-fonctionnaire","status":"publish","type":"post","link":"https:\/\/www.mes-allocs.fr\/guides\/reconversion-professionnelle\/reconversion-professionnelle-quel-metier\/reconversion-professionnelle-fonctionnaire\/","title":{"rendered":"La reconversion professionnelle pour un fonctionnaire"},"content":{"rendered":"<p><a href=\"https:\/\/www.mes-allocs.fr\/guides\/wp-content\/uploads\/2021\/02\/pexels-oleg-magni-2058147.jpg\"><img loading=\"lazy\" decoding=\"async\" class=\"aligncenter wp-image-19551 size-full\" title=\"reconversion professionnelle fonctionnaire\" src=\"https:\/\/www.mes-allocs.fr\/guides\/wp-content\/uploads\/2021\/02\/pexels-oleg-magni-2058147-e1612888161462.jpg\" alt=\"reconversion professionnelle fonctionnaire\" width=\"1280\" height=\"473\" srcset=\"https:\/\/www.mes-allocs.fr\/guides\/wp-content\/uploads\/2021\/02\/pexels-oleg-magni-2058147-e1612888161462.jpg 1280w, https:\/\/www.mes-allocs.fr\/guides\/wp-content\/uploads\/2021\/02\/pexels-oleg-magni-2058147-e1612888161462-300x111.jpg 300w, https:\/\/www.mes-allocs.fr\/guides\/wp-content\/uploads\/2021\/02\/pexels-oleg-magni-2058147-e1612888161462-1024x378.jpg 1024w, https:\/\/www.mes-allocs.fr\/guides\/wp-content\/uploads\/2021\/02\/pexels-oleg-magni-2058147-e1612888161462-768x284.jpg 768w, https:\/\/www.mes-allocs.fr\/guides\/wp-content\/uploads\/2021\/02\/pexels-oleg-magni-2058147-e1612888161462-600x222.jpg 600w\" sizes=\"auto, (max-width: 1280px) 100vw, 1280px\" \/><\/a><\/p>\n<p style=\"text-align: justify;\">[Mis \u00e0 jour le 03\/03\/2026] Le changement de carri\u00e8re est devenu courant. Un bon nombre de dispositifs, de formations existent pour vous aider \u00e0 r\u00e9ussir votre <a href=\"https:\/\/www.mes-allocs.fr\/guides\/reconversion-professionnelle\/\">reconversion professionnelle<\/a>. Mais avant de vous lancer, vous devez tout savoir sur le m\u00e9tier envisag\u00e9. Mes Allocs vous explique tout sur la <strong>reconversion professionnelle pour devenir fonctionnaire<\/strong>.<\/p>\n<h1>Quelles sont les conditions pour devenir fonctionnaire ?<\/h1>\n<p>Les <a href=\"https:\/\/www.mes-allocs.fr\/guides\/reconversion-professionnelle\/reconversion-professionnelle-quel-metier\/\">m\u00e9tiers dans le cadre d&rsquo;une reconversion professionnelle<\/a> sont nombreux. Mais pour pouvoir entrer dans la fonction publique vous devez respecter quelques conditions :<\/p>\n<ul>\n<li>justifier d\u2019une exp\u00e9rience professionnelle dans le secteur priv\u00e9 en tant que salari\u00e9s, ind\u00e9pendants,<\/li>\n<li style=\"text-align: justify;\">ou avoir occup\u00e9 des responsabilit\u00e9s au sein d\u2019une association, ou encore avoir \u00e9t\u00e9 titulaires d\u2019un mandat d\u2019\u00e9lu local (maire, conseiller municipal, g\u00e9n\u00e9ral ou r\u00e9gional).<\/li>\n<li style=\"text-align: justify;\">La dur\u00e9e minimale cumul\u00e9e de ces activit\u00e9s est fix\u00e9e \u00e0 quatre ans (parfois davantage pour certains concours). Aucune limite d\u2019\u00e2ge n\u2019est impos\u00e9e (\u00e0 de rares exceptions), aucune condition de dipl\u00f4me n\u2019est requise.<\/li>\n<\/ul>\n<p style=\"text-align: justify;\">Avant d&rsquo;entamer votre reconversion professionnelle dans la fonction publique, il est conseill\u00e9 de r\u00e9aliser un bilan de comp\u00e9tences afin de faire un point sur votre carri\u00e8re et les comp\u00e9tences n\u00e9cessaires pour le m\u00e9tier que vous envisagez.<\/p>\n<div class='cta-block'><div class='text'>Envie de changer de m\u00e9tier ?<\/div><a href='https:\/\/www.formademia.fr\/coaching' class='app-button fit'>En savoir plus sur notre programme<\/a><\/div>\n<h2>Quelles sont les qualit\u00e9s indispensables ?<\/h2>\n<p style=\"text-align: justify;\">Il est possible d&rsquo;effectuer des stages en tant que fonctionnaires stagiaires, cela dans le but de comprendre les modes de fonctionnement et les ressources humaines n\u00e9cessaires au m\u00e9tier.<\/p>\n<p><strong>Il peut s&rsquo;agir\u00a0:<\/strong><\/p>\n<ul>\n<li>d&rsquo;une 1<sup>re<\/sup>\u00a0nomination dans la fonction publique suite \u00e0\u00a0concours\u00a0ou par\u00a0recrutement direct,<\/li>\n<li>ou de l&rsquo;acc\u00e8s \u00e0 un nouveau corps, pour un fonctionnaire en cours de carri\u00e8re, suite \u00e0 concours ou\u00a0promotion interne.<\/li>\n<\/ul>\n<h2>Le concours de la fonction publique<\/h2>\n<p style=\"text-align: justify;\">Pour avoir le statut de fonctionnaire, vous devez dans un premier temps r\u00e9aliser le concours. \u00a0Il existe ainsi des concours pour\u00a0tous les niveaux d&rsquo;\u00e9tudes,\u00a0donnant acc\u00e8s \u00e0 l&rsquo;une des\u00a0trois cat\u00e9gories hi\u00e9rarchiques des fonctionnaires, A, B ou C (voir plus bas), vient ensuite la formation des agents.<\/p>\n<p style=\"text-align: justify;\">\u00c0 noter : Certains\u00a0concours (externes et internes)\u00a0permettent d&rsquo;acc\u00e9der directement \u00e0 un corps ou un cadre d&#8217;emplois et \u00e0 un grade. D\u2019autres donnent acc\u00e8s \u00e0 l&rsquo;une des nombreuses\u00a0\u00e9coles de la <a href=\"https:\/\/www.mes-allocs.fr\/guides\/reconversion-professionnelle\/reconversion-professionnelle-quel-metier\/reconversion-professionnelle-fonction-publique\/\">fonction publique<\/a> (imp\u00f4ts, douanes, magistrature, \u00e9coles d&rsquo;infirmi\u00e8res, par exemple).<\/p>\n<p><iframe loading=\"lazy\" title=\"La reconversion professionnelle\" width=\"500\" height=\"281\" src=\"https:\/\/www.youtube.com\/embed\/EiVUthswxl0?feature=oembed\" frameborder=\"0\" allow=\"accelerometer; autoplay; clipboard-write; encrypted-media; gyroscope; picture-in-picture; web-share\" referrerpolicy=\"strict-origin-when-cross-origin\" allowfullscreen><\/iframe><\/p>\n<h2>Le concours de la FPT<\/h2>\n<p>Les agents de la fonction publique territoriale (FPT) sont le plus souvent recrut\u00e9s apr\u00e8s un concours. La FPT regroupe les personnels des collectivit\u00e9s territoriales : communes, conseils g\u00e9n\u00e9raux, conseils r\u00e9gionaux, communaut\u00e9s d\u2019agglom\u00e9ration, etc.<\/p>\n<ul>\n<li>Les\u00a0<strong>concours externes<\/strong>\u00a0sont ouverts aux candidats dipl\u00f4m\u00e9s (ou prouvant l\u2019accomplissement de certaines \u00e9tudes).<\/li>\n<li>Les\u00a0<strong>concours internes\u00a0<\/strong>sont r\u00e9serv\u00e9s aux agents de la fonction publique ayant d\u00e9j\u00e0 une certaine anciennet\u00e9.<\/li>\n<li>Les\u00a0<strong>troisi\u00e8mes concours<\/strong>\u00a0visent les candidats qui justifient d\u2019une activit\u00e9 professionnelle dans le secteur priv\u00e9, d\u2019un ou de plusieurs mandats d&rsquo;\u00e9lu local ou d&rsquo;une ou de plusieurs activit\u00e9s en qualit\u00e9 de responsable d\u2019une association, pendant une certaine dur\u00e9e.<\/li>\n<\/ul>\n<div class='cta-block'><div class='text'>Envie de changer de m\u00e9tier ?<\/div><a href='https:\/\/www.formademia.fr\/coaching' class='app-button fit'>En savoir plus sur notre programme<\/a><\/div>\n<h1>Quels sont les postes de fonctionnaire ?<\/h1>\n<p style=\"text-align: justify;\">Si vous avez r\u00e9ussi le concours de agents de la fonction publique territoriale, vous devrez suivre une formation de 6 \u00e0 31 mois, cela peut vous amener \u00e0 \u00eatre \u00e9loign\u00e9 de votre domicile. De m\u00eame, il faut parfois accepter d\u2019\u00eatre mobile g\u00e9ographiquement, l\u2019affectation \u00e9tant li\u00e9e au classement.<\/p>\n<p style=\"text-align: justify;\">En revanche, dans la fonction publique territoriale vous n&rsquo;aurez pas acc\u00e8s dans l&rsquo;imm\u00e9diat \u00e0 un poste. Vous serez inscrit sur une liste d\u2019aptitude qui vous permet de postuler. CV et lettre de motivation \u00e0 l\u2019appui, dans toute la France aupr\u00e8s des collectivit\u00e9s territoriales.<\/p>\n<ul>\n<li style=\"text-align: justify;\">Des \u00e9tudes sup\u00e9rieures sont n\u00e9cessaires pour la cat\u00e9gorie A : inspecteur du travail des services publics, <a href=\"https:\/\/www.mes-allocs.fr\/guides\/reconversion-professionnelle\/reconversion-professionnelle-quel-metier\/reconversion-professionnelle-professeur-des-ecoles\/\">professeur des \u00e9coles<\/a>, ing\u00e9nieur territorial\u2026<\/li>\n<li style=\"text-align: justify;\">Le niveau Bac est n\u00e9cessaire pour la cat\u00e9gorie B :\u00a0gardien de la paix, secr\u00e9taire administratif, infirmier de la fonction publique hospitali\u00e8re, technicien territorial\u2026<\/li>\n<li>Les cat\u00e9gories C proposent des postes dans qualification particuli\u00e8re : adjoint administratif (agent non titulaire), surveillant de l\u2019administration p\u00e9nitentiaire, agent de ma\u00eetrise\u2026<\/li>\n<\/ul>\n<h1>Le cong\u00e9 de formation professionnelle (CFP)<\/h1>\n<p>Le cong\u00e9 de formation professionnelle permet de r\u00e9aliser des formations dans le cadre d&rsquo;une demande personnelle. La formation en question n&rsquo;est pas oblig\u00e9e d&rsquo;avoir un rapport avec votre activit\u00e9 professionnelle actuelle, en revanche, elle doit r\u00e9pondre \u00e0 un projet bien d\u00e9fini.<\/p>\n<h2>Qui peut en b\u00e9n\u00e9ficier ?<\/h2>\n<p><strong>Peuvent b\u00e9n\u00e9ficier du CFP :<\/strong><\/p>\n<ul>\n<li>Les fonctionnaires territoriaux employ\u00e9s \u00e0 temps complet ou temps partiel qui justifient de 3 ans de services effectifs<\/li>\n<li>Les agents non titulaires qui justifient de 36 mois ou de l\u2019\u00e9quivalent de 36 mois de services effectifs. Cons\u00e9cutifs ou non, au titre de contrats de droit public, dont 12 mois, cons\u00e9cutifs ou non, dans la collectivit\u00e9 ou l\u2019\u00e9tablissement auquel est demand\u00e9 le cong\u00e9 de formation.<\/li>\n<\/ul>\n<p>Pendant votre formation, vous percevrez une indemnit\u00e9 mensuelle forfaitaire, cela pendant les 12 premiers mois. Au-del\u00e0 des 12 premiers mois, vous ne percevez plus d\u2019indemnit\u00e9. Conditions g\u00e9n\u00e9rales d&rsquo;utilisation professionnelle tout au long.<\/p>\n<p>Prenez rendez-vous avec un <a href=\"https:\/\/www.formademia.fr\/formulaire\/coaching\">conseiller Mes Allocs<\/a> pour d\u00e9buter votre projet de reconversion et r\u00e9aliser le m\u00e9tier de votre choix !<\/p>\n<h2>Quelle est la dur\u00e9e du CFP ?<\/h2>\n<p style=\"text-align: justify;\">Vous pouvez faire une demande de cong\u00e9 de formation professionnelle, en revanche, ce dernier ne peut pas exc\u00e9der 3 ans. Le cong\u00e9 peut \u00eatre utilis\u00e9 en une seule fois. Ou \u00eatre r\u00e9parti sur toute la dur\u00e9e de la carri\u00e8re en p\u00e9riodes de stages d\u2019une dur\u00e9e minimale \u00e9quivalent \u00e0 1 mois \u00e0 temps plein (30 jours) qui peuvent \u00eatre fractionn\u00e9es en semaines, journ\u00e9es, demi-journ\u00e9es.<\/p>\n<p style=\"text-align: justify;\">\u00c0 noter : Cette dur\u00e9e est port\u00e9e \u00e0 24 mois pour les salari\u00e9s du secteur priv\u00e9 si la formation est d&rsquo;une dur\u00e9e de deux ans au moins.<\/p>\n<h2 class=\"titre-article-body\">Compte \u00e9pargne-temps (CET) dans la fonction publique territoriale (FPT)<\/h2>\n<div class=\"cas\">\n<p style=\"text-align: justify;\">Vous pouvez faire une demande d\u2019ouverture d&rsquo;un compte \u00e9pargne temps (CET). Cela que vous occupiez un emploi \u00e0 temps complet ou non complet. Mais vous devez respecter les conditions suivantes :<\/p>\n<div class=\"liste\">\n<ul style=\"text-align: justify;\">\n<li>\u00catre employ\u00e9 de mani\u00e8re continue<\/li>\n<li>Avoir accompli\u00a0<span class=\"miseenevidence\">au moins 1\u00a0an<\/span>\u00a0de service<\/li>\n<li>Ne pas \u00eatre soumis \u00e0 des obligations de service fix\u00e9es par le\u00a0<span class=\"glossaire tooltip-glossaire\" data-tip=\"\" data-for=\"glossaire-R17710\" data-event=\"click\" data-event-off=\"mouseleave\">statut particulier<\/span>\u00a0de son\u00a0<span class=\"glossaire tooltip-glossaire\" data-tip=\"\" data-for=\"glossaire-R53649\" data-event=\"click\" data-event-off=\"mouseleave\">cadre d&#8217;emplois<\/span>\u00a0(cas des professeurs et des assistants d&rsquo;enseignement artistique).<\/li>\n<\/ul>\n<p style=\"text-align: justify;\">Si avant d&rsquo;\u00eatre nomm\u00e9 stagiaire, vous aviez un CET, en tant que fonctionnaire titulaire ou contractuel, vous ne pouvez pas utiliser les jours \u00e9pargn\u00e9s, ni en accumuler de nouveaux, pendant votre stage.<\/p>\n<p>\u00c0 votre titularisation, vous pourrez de nouveau utiliser les jours \u00e9pargn\u00e9s sur votre CET et en \u00e9pargner de nouveaux.<\/p>\n<p>Le CET peut comporter 60 jours maximum. En revanche, suite \u00e0 la crise de Covid-19, ce plafond a \u00e9t\u00e9 port\u00e9 \u00e0 70 jours maximum.<\/p>\n<div class='cta-block'><div class='text'>Envie de changer de m\u00e9tier ?<\/div><a href='https:\/\/www.formademia.fr\/coaching' class='app-button fit'>En savoir plus sur notre programme<\/a><\/div>\n<\/div>\n<\/div>\n","protected":false},"excerpt":{"rendered":"<p>[Mis \u00e0 jour le 03\/03\/2026] Le changement de carri\u00e8re est devenu courant. Un bon nombre de dispositifs, de formations existent pour vous aider \u00e0 r\u00e9ussir votre reconversion professionnelle. Mais avant de vous lancer, vous devez tout savoir sur le m\u00e9tier envisag\u00e9. Mes Allocs vous explique tout sur la reconversion professionnelle pour devenir fonctionnaire. Quelles sont [&hellip;]<\/p>\n","protected":false},"author":7,"featured_media":19551,"comment_status":"open","ping_status":"open","sticky":false,"template":"","format":"standard","meta":{"amp_status":"","footnotes":""},"categories":[5081,5165],"tags":[],"class_list":["post-19528","post","type-post","status-publish","format-standard","has-post-thumbnail","hentry","category-reconversion-professionnelle","category-reconversion-professionnelle-quel-metier"],"yoast_head":"<!-- This site is optimized with the Yoast SEO plugin v14.9 - https:\/\/yoast.com\/wordpress\/plugins\/seo\/ -->\n<title>La reconversion professionnelle pour un fonctionnaire | Mes-Allocs.fr<\/title>\n<meta name=\"description\" content=\"Comment devenir fonctionnaire dans le cadre d&#039;une reconversion professionnelle ? Mes Allocs vous explique tout en d\u00e9tail ici !\" \/>\n<meta name=\"robots\" content=\"index, follow, max-snippet:-1, max-image-preview:large, max-video-preview:-1\" \/>\n<link rel=\"canonical\" href=\"https:\/\/www.mes-allocs.fr\/guides\/reconversion-professionnelle\/reconversion-professionnelle-quel-metier\/reconversion-professionnelle-fonctionnaire\/\" \/>\n<meta property=\"og:locale\" content=\"fr_FR\" \/>\n<meta property=\"og:type\" content=\"article\" \/>\n<meta property=\"og:title\" content=\"La reconversion professionnelle pour un fonctionnaire | Mes-Allocs.fr\" \/>\n<meta property=\"og:description\" content=\"Comment devenir fonctionnaire dans le cadre d&#039;une reconversion professionnelle ? Mes Allocs vous explique tout en d\u00e9tail ici !\" \/>\n<meta property=\"og:url\" content=\"https:\/\/www.mes-allocs.fr\/guides\/reconversion-professionnelle\/reconversion-professionnelle-quel-metier\/reconversion-professionnelle-fonctionnaire\/\" \/>\n<meta property=\"og:site_name\" content=\"Mes-Allocs.fr\" \/>\n<meta property=\"article:published_time\" content=\"2021-03-29T14:45:09+00:00\" \/>\n<meta property=\"article:modified_time\" content=\"2026-03-03T16:07:07+00:00\" \/>\n<meta property=\"og:image\" content=\"https:\/\/www.mes-allocs.fr\/guides\/wp-content\/uploads\/2021\/02\/pexels-oleg-magni-2058147-e1612888161462.jpg?wsr\" \/>\n\t<meta property=\"og:image:width\" content=\"1280\" \/>\n\t<meta property=\"og:image:height\" content=\"473\" \/>\n<meta name=\"twitter:card\" content=\"summary_large_image\" \/>\n<script type=\"application\/ld+json\" class=\"yoast-schema-graph\">{\"@context\":\"https:\/\/schema.org\",\"@graph\":[{\"@type\":\"WebSite\",\"@id\":\"https:\/\/www.mes-allocs.fr\/guides\/#website\",\"url\":\"https:\/\/www.mes-allocs.fr\/guides\/\",\"name\":\"Mes-Allocs.fr\",\"description\":\"\",\"potentialAction\":[{\"@type\":\"SearchAction\",\"target\":\"https:\/\/www.mes-allocs.fr\/guides\/?s={search_term_string}\",\"query-input\":\"required name=search_term_string\"}],\"inLanguage\":\"fr-FR\"},{\"@type\":\"ImageObject\",\"@id\":\"https:\/\/www.mes-allocs.fr\/guides\/reconversion-professionnelle\/reconversion-professionnelle-quel-metier\/reconversion-professionnelle-fonctionnaire\/#primaryimage\",\"inLanguage\":\"fr-FR\",\"url\":\"https:\/\/www.mes-allocs.fr\/guides\/wp-content\/uploads\/2021\/02\/pexels-oleg-magni-2058147-e1612888161462.jpg?wsr\",\"width\":1280,\"height\":473,\"caption\":\"reconversion professionnelle fonctionnaire\"},{\"@type\":\"WebPage\",\"@id\":\"https:\/\/www.mes-allocs.fr\/guides\/reconversion-professionnelle\/reconversion-professionnelle-quel-metier\/reconversion-professionnelle-fonctionnaire\/#webpage\",\"url\":\"https:\/\/www.mes-allocs.fr\/guides\/reconversion-professionnelle\/reconversion-professionnelle-quel-metier\/reconversion-professionnelle-fonctionnaire\/\",\"name\":\"La reconversion professionnelle pour un fonctionnaire | Mes-Allocs.fr\",\"isPartOf\":{\"@id\":\"https:\/\/www.mes-allocs.fr\/guides\/#website\"},\"primaryImageOfPage\":{\"@id\":\"https:\/\/www.mes-allocs.fr\/guides\/reconversion-professionnelle\/reconversion-professionnelle-quel-metier\/reconversion-professionnelle-fonctionnaire\/#primaryimage\"},\"datePublished\":\"2021-03-29T14:45:09+00:00\",\"dateModified\":\"2026-03-03T16:07:07+00:00\",\"author\":{\"@id\":\"https:\/\/www.mes-allocs.fr\/guides\/#\/schema\/person\/1c4837d5703727cb02ce84583b5a44aa\"},\"description\":\"Comment devenir fonctionnaire dans le cadre d'une reconversion professionnelle ? Mes Allocs vous explique tout en d\\u00e9tail ici !\",\"inLanguage\":\"fr-FR\"},{\"@type\":\"Person\",\"@id\":\"https:\/\/www.mes-allocs.fr\/guides\/#\/schema\/person\/1c4837d5703727cb02ce84583b5a44aa\",\"name\":\"Fabiola\",\"image\":{\"@type\":\"ImageObject\",\"@id\":\"https:\/\/www.mes-allocs.fr\/guides\/#personlogo\",\"inLanguage\":\"fr-FR\",\"url\":\"https:\/\/www.mes-allocs.fr\/guides\/wp-content\/uploads\/2021\/06\/fabiola-150x150.png\",\"caption\":\"Fabiola\"},\"description\":\"Fabiola est r\\u00e9dactrice au sein de l'\\u00e9quipe Mes Allocs, sp\\u00e9cialis\\u00e9e en sciences politiques et affaires publiques. Dipl\\u00f4m\\u00e9e de l'HEIP, elle rejoint Mes Allocs apr\\u00e8s une premi\\u00e8re exp\\u00e9rience \\u00e0 l'Assembl\\u00e9e Nationale.\",\"sameAs\":[\"https:\/\/www.linkedin.com\/in\/cecilia-philippe-b-8a8085195\"]}]}<\/script>\n<!-- \/ Yoast SEO plugin. -->","amp_validity":null,"acf":{"faq":{"1":{"question":"Comment se reconvertir lorsque l'on est fonctionnaire ?","answer":"La fonction publique met \u00e0 la disposition de ses agents un dispositif sp\u00e9cifique pour la reconversion professionnelle, appel\u00e9 le CPF."},"2":{"question":"Comment devenir fonctionnaire cat\u00e9gorie C ?","answer":"Vous pouvez devenir fonctionnaire sans passer de concours, ni passer par la case pr\u00e9alable \"contractuel\"."},"3":{"question":"Comment \u00eatre titulaire sans concours ?","answer":"Un fonctionnaire peut \u00eatre recrut\u00e9 sans concours dans certains corps ou cadres d'emplois de cat\u00e9gorie C. "},"4":{"question":"Comment quitter la fonction publique et toucher le ch\u00f4mage ?","answer":"Dans le secteur public comme dans le secteur priv\u00e9, celui qui d\u00e9missionne n'a pas droit aux allocations ch\u00f4mage, sauf en cas de d\u00e9mission l\u00e9gitime."},"5":{"question":"Qui peut \u00eatre fonctionnaire ?","answer":"Pour \u00eatre fonctionnaire dans l'une des 3 fonctions publiques, il faut \u00eatre fran\u00e7ais ou europ\u00e9en . Les emplois dits de souverainet\u00e9 ne sont, en revanche, accessibles qu'aux Fran\u00e7ais"},"6":{"question":"Quel dipl\u00f4me pour \u00eatre fonctionnaire ?","answer":"Le bac g\u00e9n\u00e9ral, le bac techno, le bac pro et le brevet professionnel (BP) sont des dipl\u00f4mes de niveau IV. "},"7":{"question":"","answer":""},"8":{"question":"","answer":""},"9":{"question":"","answer":""},"10":{"question":"","answer":""},"11":{"question":"","answer":""},"12":{"question":"","answer":""},"13":{"question":"","answer":""},"14":{"question":"","answer":""},"15":{"question":"","answer":""},"16":{"question":"","answer":""}}},"_links":{"self":[{"href":"https:\/\/www.mes-allocs.fr\/guides\/wp-json\/wp\/v2\/posts\/19528","targetHints":{"allow":["GET"]}}],"collection":[{"href":"https:\/\/www.mes-allocs.fr\/guides\/wp-json\/wp\/v2\/posts"}],"about":[{"href":"https:\/\/www.mes-allocs.fr\/guides\/wp-json\/wp\/v2\/types\/post"}],"author":[{"embeddable":true,"href":"https:\/\/www.mes-allocs.fr\/guides\/wp-json\/wp\/v2\/users\/7"}],"replies":[{"embeddable":true,"href":"https:\/\/www.mes-allocs.fr\/guides\/wp-json\/wp\/v2\/comments?post=19528"}],"version-history":[{"count":21,"href":"https:\/\/www.mes-allocs.fr\/guides\/wp-json\/wp\/v2\/posts\/19528\/revisions"}],"predecessor-version":[{"id":110012,"href":"https:\/\/www.mes-allocs.fr\/guides\/wp-json\/wp\/v2\/posts\/19528\/revisions\/110012"}],"wp:featuredmedia":[{"embeddable":true,"href":"https:\/\/www.mes-allocs.fr\/guides\/wp-json\/wp\/v2\/media\/19551"}],"wp:attachment":[{"href":"https:\/\/www.mes-allocs.fr\/guides\/wp-json\/wp\/v2\/media?parent=19528"}],"wp:term":[{"taxonomy":"category","embeddable":true,"href":"https:\/\/www.mes-allocs.fr\/guides\/wp-json\/wp\/v2\/categories?post=19528"},{"taxonomy":"post_tag","embeddable":true,"href":"https:\/\/www.mes-allocs.fr\/guides\/wp-json\/wp\/v2\/tags?post=19528"}],"curies":[{"name":"wp","href":"https:\/\/api.w.org\/{rel}","templated":true}]}}