{"id":19526,"date":"2021-02-17T08:46:02","date_gmt":"2021-02-17T08:46:02","guid":{"rendered":"https:\/\/www.mes-allocs.fr\/guides\/?p=19526"},"modified":"2025-10-13T09:01:20","modified_gmt":"2025-10-13T07:01:20","slug":"aide-au-transport-grand-est","status":"publish","type":"post","link":"https:\/\/www.mes-allocs.fr\/guides\/aide-au-transport\/aide-au-transport-conseil-regional\/aide-au-transport-grand-est\/","title":{"rendered":"Aides au transport Grand Est : conditions, montants, d\u00e9marches"},"content":{"rendered":"<p><img loading=\"lazy\" decoding=\"async\" class=\"aligncenter wp-image-19533\" title=\"aide au transport grand est\" src=\"https:\/\/www.mes-allocs.fr\/guides\/wp-content\/uploads\/2021\/02\/tram-reims--e1612873923654.jpg\" alt=\"aide au transport grand est\" width=\"1200\" height=\"549\" \/><\/p>\n<p style=\"text-align: justify;\" data-amp-original-style=\"text-align: justify;\"><strong>La r\u00e9gion du Grand-Est transporte chaque jour pr\u00e8s de 165 000 voyageurs. La collectivit\u00e9 a fait de sa politique de transports une de ses priorit\u00e9s et c&rsquo;est pour cette raison qu&rsquo;elle prose des <a href=\"https:\/\/www.mes-allocs.fr\/guides\/aide-au-transport\/\">aides au transport<\/a>. Depuis le 1er Juillet 2017 et la r\u00e9forme territoriale, cette comp\u00e9tence d&rsquo;action qui \u00e9tait avant r\u00e9serv\u00e9e aux d\u00e9partements, fait partie du champ d&rsquo;action du Conseil r\u00e9gional. D\u00e9couvrons donc quelles sont les aides au transport disponibles dans le Grand Est.<\/strong><\/p>\n<p data-amp-original-style=\"text-align: justify;\"><div class='cta-block'><div class='text'>Simulez toutes vos aides au transport en 2 min. <\/div><a href='https:\/\/www.mes-allocs.fr\/ab-app?origin=guides\/wp-json\/wp\/v2\/posts\/19526' class='app-button fit'>Simulation gratuite<\/a><\/div><\/p>\n<h1 data-amp-original-style=\"text-align: justify;\"><strong>La r\u00e9gion Grand Est : contexte g\u00e9n\u00e9ral<\/strong><\/h1>\n<h2>Pr\u00e9sentation de la r\u00e9gion Grand Est<\/h2>\n<p>Avec une superficie de plus de 57 000 kilom\u00e8tres carr\u00e9s, la r\u00e9gion Grand Est, situ\u00e9e dans le nord-est de la France, est l&rsquo;une des plus vastes du pays. Elle est le r\u00e9sultat de la fusion des anciennes r\u00e9gions Alsace, Champagne-Ardenne, et Lorraine. Cette r\u00e9gion pr\u00e9sente une diversit\u00e9 g\u00e9ographique remarquable, allant des montagnes des Vosges \u00e0 l&rsquo;ouest, aux vastes plaines de la Champagne \u00e0 l&rsquo;est, et aux fronti\u00e8res internationales avec l&rsquo;Allemagne, la Belgique, et le Luxembourg. Cette vari\u00e9t\u00e9 g\u00e9ographique se refl\u00e8te \u00e9galement dans sa richesse culturelle, historique, et \u00e9conomique.<\/p>\n<h2><strong>L&rsquo;importance des transports pour les \u00e9tudiants<\/strong><\/h2>\n<p>Au c\u0153ur de l&rsquo;Europe, la r\u00e9gion Grand Est est un lieu d&rsquo;\u00e9tudes pris\u00e9 pour de nombreux \u00e9tudiants nationaux et internationaux. Les \u00e9tablissements d&rsquo;enseignement sup\u00e9rieur, les universit\u00e9s, et les \u00e9coles sup\u00e9rieures sont r\u00e9partis dans les diff\u00e9rentes villes de la r\u00e9gion, offrant une vari\u00e9t\u00e9 de programmes acad\u00e9miques.<\/p>\n<p>Cependant, pour les \u00e9tudiants, l&rsquo;acc\u00e8s aux transports est essentiel pour faciliter leurs d\u00e9placements entre les campus, les logements \u00e9tudiants, et les lieux de loisirs. Les aides aux transports \u00e9tudiants jouent donc un r\u00f4le crucial pour garantir la mobilit\u00e9 et l&rsquo;accessibilit\u00e9 financi\u00e8re aux \u00e9tudes sup\u00e9rieures.<\/p>\n<p><iframe loading=\"lazy\" title=\"Les aides au transport\" width=\"500\" height=\"281\" src=\"https:\/\/www.youtube.com\/embed\/zRZFzrnwvEs?feature=oembed\" frameborder=\"0\" allow=\"accelerometer; autoplay; clipboard-write; encrypted-media; gyroscope; picture-in-picture; web-share\" referrerpolicy=\"strict-origin-when-cross-origin\" allowfullscreen><\/iframe><\/p>\n<h1><strong>Quelles sont les aides aux transports \u00e9tudiants en Grand Est ?<\/strong><\/h1>\n<p>Depuis quelques ann\u00e9es maintenant, il existe des <a href=\"https:\/\/www.mes-allocs.fr\/guides\/aide-au-transport\/aide-au-transport-conseil-regional\/\">aides au transport mises en place par les r\u00e9gions<\/a>. D\u00e9couvrons ce qu&rsquo;il en est dans la r\u00e9gion Grand Est !<\/p>\n<h2><strong>Les diff\u00e9rentes aides disponibles pour les \u00e9tudiants<\/strong><\/h2>\n<ol>\n<li><em>La Carte Lorraine TGV<\/em>: cette carte offre aux \u00e9tudiants l&rsquo;acc\u00e8s \u00e0 des r\u00e9ductions significatives sur les trajets en train, notamment sur les lignes \u00e0 grande vitesse. Elle facilite les d\u00e9placements entre les villes et les campus.<\/li>\n<li><em>Le Pass&rsquo;Alsace<\/em>: cette carte permet aux \u00e9tudiants de b\u00e9n\u00e9ficier d&rsquo;un acc\u00e8s illimit\u00e9 aux transports en commun dans la r\u00e9gion Alsace. Elle inclut les bus et les trams, facilitant ainsi les d\u00e9placements locaux.<\/li>\n<li><em>Le Pass Lorraine \u00c9tudiant<\/em>: ce pass propose des tarifs avantageux sur les transports en commun dans la r\u00e9gion Lorraine. Il est valable sur les bus, les trams, et les TER, favorisant la mobilit\u00e9 des \u00e9tudiants.<\/li>\n<\/ol>\n<h2><strong>Les conditions d&rsquo;\u00e9ligibilit\u00e9\u00a0<\/strong><\/h2>\n<p>Pour b\u00e9n\u00e9ficier de ces aides aux transports, les \u00e9tudiants doivent g\u00e9n\u00e9ralement remplir certaines conditions. Celles-ci peuvent inclure l&rsquo;inscription dans un \u00e9tablissement d&rsquo;enseignement sup\u00e9rieur de la r\u00e9gion, le respect de crit\u00e8res de ressources, ou encore la pr\u00e9sentation de justificatifs acad\u00e9miques.<\/p>\n<h2><strong>Les d\u00e9marches pour b\u00e9n\u00e9ficier de l&rsquo;aide au transport\u00a0<\/strong><\/h2>\n<p>Les \u00e9tudiants d\u00e9sirant profiter de ces aides aux transports doivent suivre des d\u00e9marches sp\u00e9cifiques. Cela peut impliquer la constitution d&rsquo;un dossier, la pr\u00e9sentation de justificatifs acad\u00e9miques ou de ressources, ainsi que l&rsquo;inscription aupr\u00e8s des autorit\u00e9s r\u00e9gionales comp\u00e9tentes.<\/p>\n<p>Les modalit\u00e9s varient d&rsquo;une aide \u00e0 l&rsquo;autre, mais elles visent toutes \u00e0 simplifier l&rsquo;acc\u00e8s des \u00e9tudiants aux transports r\u00e9gionaux, contribuant ainsi \u00e0 leur r\u00e9ussite acad\u00e9mique et \u00e0 leur qualit\u00e9 de vie.<\/p>\n<h1 data-amp-original-style=\"text-align: justify;\">Les aides au transport dans le Grand Est par cas particuliers<\/h1>\n<h2 data-amp-original-style=\"text-align: justify;\">Les aides au transport pour les \u00e9tudiants<\/h2>\n<p style=\"text-align: justify;\">Pour les \u00e9tudiants du sup\u00e9rieur ou non, il existe de nombreuses offres concernant les transports au niveau national. Dans le Grand-Est, les coll\u00e9giens et les lyc\u00e9ens peuvent souscrire \u00e0 un abonnement sp\u00e9cial. Il s&rsquo;agit de l&rsquo;abonnement scolaire r\u00e9gional. Il autorise les \u00e9tudiants \u00e0 utiliser les transports scolaires et publics de l&rsquo;ensemble de la r\u00e9gion sans aucune restriction.<\/p>\n<p style=\"text-align: justify;\">Ce forfait est financ\u00e9 partiellement ou enti\u00e8rement par les multiples collectivit\u00e9s territoriales. En ce qui concerne la grille tarifaire de l&rsquo;abonnement, il faut se rapprocher du lieu de scolarisation de votre enfant ou du site internet de la collectivit\u00e9 territoriale. Le formulaire d&rsquo;inscription est aussi disponible dans l&rsquo;ensemble des gares SNCF de la r\u00e9gion.<\/p>\n<p style=\"text-align: justify;\">Pour les personnes ayant moins de 26 ans, il existe la carte Primo. Ce titre de transport vous permet de b\u00e9n\u00e9ficier de \u00a050% sur l&rsquo;ensemble du r\u00e9seau TER du Grand-Est. Et pendant les week-ends, la r\u00e9duction est de 75%. L&rsquo;abonnement peut \u00eatre hebdomadaire, mensuel ou annuel.<\/p>\n<p style=\"text-align: justify;\">Si vous avez plus de 26 ans, cette carte est aussi valable mais \u00e0 un prix plus \u00e9lev\u00e9.<\/p>\n<p style=\"text-align: justify;\">Les diff\u00e9rentes compagnies de transports en commun ont aussi mis en place des tarifs avantageux pour les \u00e9tudiants. Voici la liste des villes:<\/p>\n<ul>\n<li>Troyes<\/li>\n<li>Reims<\/li>\n<li>Metz<\/li>\n<li>Strasbourg<\/li>\n<li>Mulhouse<\/li>\n<li>Nancy<\/li>\n<\/ul>\n<p><span data-token-index=\"0\" data-reactroot=\"\"><div class='cta-block'><div class='text'>Simulez vos aides au transport en 2 min. Gratuit.<\/div><a href='' class='app-button fit'>Simulation gratuite<\/a><\/div><\/span><\/p>\n<h2>Les aides au transport pour les apprentis<\/h2>\n<p style=\"text-align: justify;\">Le conseil r\u00e9gional a mis en place un ensemble de mesures pour aider les \u00e9l\u00e8ves titulaires d&rsquo;un contrat d&rsquo;apprentissage. Les jeunes doivent \u00eatre inscrits dans un des Centres de Formation d&rsquo;Apprentis (CFA) du Grand-Est. Il faut notamment \u00eatre:<\/p>\n<ul>\n<li>du dispositif d&rsquo;initiation aux m\u00e9tiers par l&rsquo;alternance<\/li>\n<li>du dispositif d&rsquo;int\u00e9gration vers l&rsquo;apprentissage<\/li>\n<li>en rupture de contrat et accueillis en CFA pour une dur\u00e9e maximale de 3 mois<\/li>\n<\/ul>\n<p style=\"text-align: justify;\">Le montant de l&rsquo;aide est de 0,065\u20ac\/km parcouru. Cependant, elle varie selon la forme du CFA. Si le CFA n&rsquo;a pas d&rsquo;internat, il faut pouvoir justifier d&rsquo;un aller-retour par jour de pr\u00e9sence au CFA.\u00a0Si le CFA ne contient pas d&rsquo;internat:<\/p>\n<ul>\n<li>Pour les internes: un aller-retour par jour d&rsquo;alternance<\/li>\n<li>Pour les demi-pensionnaires: un aller-retour par jour de pr\u00e9sence au CFA<\/li>\n<li>En tant qu&rsquo;externe: un aller-retour par jour de pr\u00e9sence au CFA \u00e0 partir de 6km parcouru<\/li>\n<\/ul>\n<p style=\"text-align: justify;\">Les apprentis qui r\u00e9sident dans la r\u00e9gion mais dont le CFA se trouvent en dehors pourront aussi b\u00e9n\u00e9ficier de cette offre.<\/p>\n<h2>Les aides au transport pour les ch\u00f4meurs<\/h2>\n<p style=\"text-align: justify;\">En tant que demandeur d&#8217;emploi ou ch\u00f4meurs, il est possible d&rsquo;acc\u00e9der \u00e0 des offres d&rsquo; aides \u00e0 la mobilit\u00e9. La Compagnie des transports du Bas-Rhin \u00a0permet aux demandeurs d\u2019emploi de voyager gratuitement via ses bus, tramways et TER. Ses voyages se font sans conditions de ressources et pour une dur\u00e9e de six mois. Pour pouvoir en b\u00e9n\u00e9ficier, il faut se rendre \u00e0 l&rsquo;agence commerciale, situ\u00e9e \u00e0 Strasbourg.<\/p>\n<p style=\"text-align: justify;\">Une deuxi\u00e8me offre disponible est le Billet Emploi-Formation. Pour un entretien d&#8217;embauche ou un concours, vous pouvez b\u00e9n\u00e9ficier d&rsquo;une r\u00e9duction de 80 euros sur les billets de TER. Pour en b\u00e9n\u00e9ficier, il faut se rendre en gare avec un justificatif.<\/p>\n<p>En cas de besoin, un expert de l&rsquo;\u00e9quipe Mes Allocs peut <a href=\"https:\/\/www.mes-allocs.fr\/souscription\" target=\"_blank\" rel=\"noopener\">vous accompagner<\/a> dans ces d\u00e9marches pour vous faire gagner du temps et de l&rsquo;argent.<\/p>\n<p class=\"amp-wp-7d27179\" data-amp-original-style=\"text-align: justify;\"><span data-token-index=\"0\" data-reactroot=\"\"><div class='cta-block'><div class='text'>Simulez vos aides au transport en 2 min. Gratuit.<\/div><a href='' class='app-button fit'>Simulation gratuite<\/a><\/div><\/span><\/p>\n","protected":false},"excerpt":{"rendered":"<p>La r\u00e9gion du Grand-Est transporte chaque jour pr\u00e8s de 165 000 voyageurs. La collectivit\u00e9 a fait de sa politique de transports une de ses priorit\u00e9s et c&rsquo;est pour cette raison qu&rsquo;elle prose des aides au transport. Depuis le 1er Juillet 2017 et la r\u00e9forme territoriale, cette comp\u00e9tence d&rsquo;action qui \u00e9tait avant r\u00e9serv\u00e9e aux d\u00e9partements, fait [&hellip;]<\/p>\n","protected":false},"author":6,"featured_media":19533,"comment_status":"open","ping_status":"open","sticky":false,"template":"","format":"standard","meta":{"amp_status":"","footnotes":""},"categories":[5332,5421],"tags":[],"class_list":["post-19526","post","type-post","status-publish","format-standard","has-post-thumbnail","hentry","category-aide-au-transport","category-aide-au-transport-conseil-regional"],"yoast_head":"<!-- This site is optimized with the Yoast SEO plugin v14.9 - https:\/\/yoast.com\/wordpress\/plugins\/seo\/ -->\n<title>Aides au transport Grand Est : conditions, montants, d\u00e9marches<\/title>\n<meta name=\"description\" content=\"Ayant fait des transports en commun sa priorit\u00e9, la r\u00e9gion du Grand-Est a mis en place des aides au transport. On vous explique tout !\" \/>\n<meta name=\"robots\" content=\"index, follow, max-snippet:-1, max-image-preview:large, max-video-preview:-1\" \/>\n<link rel=\"canonical\" href=\"https:\/\/www.mes-allocs.fr\/guides\/aide-au-transport\/aide-au-transport-conseil-regional\/aide-au-transport-grand-est\/\" \/>\n<meta property=\"og:locale\" content=\"fr_FR\" \/>\n<meta property=\"og:type\" content=\"article\" \/>\n<meta property=\"og:title\" content=\"Aides au transport Grand Est : conditions, montants, d\u00e9marches\" \/>\n<meta property=\"og:description\" content=\"Ayant fait des transports en commun sa priorit\u00e9, la r\u00e9gion du Grand-Est a mis en place des aides au transport. On vous explique tout !\" \/>\n<meta property=\"og:url\" content=\"https:\/\/www.mes-allocs.fr\/guides\/aide-au-transport\/aide-au-transport-conseil-regional\/aide-au-transport-grand-est\/\" \/>\n<meta property=\"og:site_name\" content=\"Mes-Allocs.fr\" \/>\n<meta property=\"article:published_time\" content=\"2021-02-17T08:46:02+00:00\" \/>\n<meta property=\"article:modified_time\" content=\"2025-10-13T07:01:20+00:00\" \/>\n<meta property=\"og:image\" content=\"https:\/\/www.mes-allocs.fr\/guides\/wp-content\/uploads\/2021\/02\/tram-reims-.jpg?wsr\" \/>\n\t<meta property=\"og:image:width\" content=\"960\" \/>\n\t<meta property=\"og:image:height\" content=\"720\" \/>\n<meta name=\"twitter:card\" content=\"summary_large_image\" \/>\n<script type=\"application\/ld+json\" class=\"yoast-schema-graph\">{\"@context\":\"https:\/\/schema.org\",\"@graph\":[{\"@type\":\"WebSite\",\"@id\":\"https:\/\/www.mes-allocs.fr\/guides\/#website\",\"url\":\"https:\/\/www.mes-allocs.fr\/guides\/\",\"name\":\"Mes-Allocs.fr\",\"description\":\"\",\"potentialAction\":[{\"@type\":\"SearchAction\",\"target\":\"https:\/\/www.mes-allocs.fr\/guides\/?s={search_term_string}\",\"query-input\":\"required name=search_term_string\"}],\"inLanguage\":\"fr-FR\"},{\"@type\":\"ImageObject\",\"@id\":\"https:\/\/www.mes-allocs.fr\/guides\/aide-au-transport\/aide-au-transport-conseil-regional\/aide-au-transport-grand-est\/#primaryimage\",\"inLanguage\":\"fr-FR\",\"url\":\"https:\/\/www.mes-allocs.fr\/guides\/wp-content\/uploads\/2021\/02\/tram-reims-.jpg?wsr\",\"width\":960,\"height\":720,\"caption\":\"aide au transport grand est\"},{\"@type\":\"WebPage\",\"@id\":\"https:\/\/www.mes-allocs.fr\/guides\/aide-au-transport\/aide-au-transport-conseil-regional\/aide-au-transport-grand-est\/#webpage\",\"url\":\"https:\/\/www.mes-allocs.fr\/guides\/aide-au-transport\/aide-au-transport-conseil-regional\/aide-au-transport-grand-est\/\",\"name\":\"Aides au transport Grand Est : conditions, montants, d\\u00e9marches\",\"isPartOf\":{\"@id\":\"https:\/\/www.mes-allocs.fr\/guides\/#website\"},\"primaryImageOfPage\":{\"@id\":\"https:\/\/www.mes-allocs.fr\/guides\/aide-au-transport\/aide-au-transport-conseil-regional\/aide-au-transport-grand-est\/#primaryimage\"},\"datePublished\":\"2021-02-17T08:46:02+00:00\",\"dateModified\":\"2025-10-13T07:01:20+00:00\",\"author\":{\"@id\":\"https:\/\/www.mes-allocs.fr\/guides\/#\/schema\/person\/0ecd61a8600573914d00d970a588c024\"},\"description\":\"Ayant fait des transports en commun sa priorit\\u00e9, la r\\u00e9gion du Grand-Est a mis en place des aides au transport. On vous explique tout !\",\"inLanguage\":\"fr-FR\"},{\"@type\":\"Person\",\"@id\":\"https:\/\/www.mes-allocs.fr\/guides\/#\/schema\/person\/0ecd61a8600573914d00d970a588c024\",\"name\":\"Jonathan\",\"image\":{\"@type\":\"ImageObject\",\"@id\":\"https:\/\/www.mes-allocs.fr\/guides\/#personlogo\",\"inLanguage\":\"fr-FR\",\"url\":\"https:\/\/www.mes-allocs.fr\/guides\/wp-content\/uploads\/2021\/06\/jonathan-150x150.png\",\"caption\":\"Jonathan\"},\"description\":\"Jonathan est r\\u00e9dacteur au sein de l'\\u00e9quipe Mes Allocs, sp\\u00e9cialis\\u00e9 sur les sujets li\\u00e9s au handicap. Dipl\\u00f4m\\u00e9e de l'UPEM, il rejoint Mes Allocs apr\\u00e8s avoir travaill\\u00e9 \\u00e0 l'association AEDE qui accompagne les adultes en situation de handicap. Quand il n'\\u00e9crit pas, on peut le retrouver sur un terrain de basket.\",\"sameAs\":[\"https:\/\/www.linkedin.com\/in\/jonathan-bambela-8637861b7\"]}]}<\/script>\n<!-- \/ Yoast SEO plugin. -->","amp_validity":null,"acf":{"faq":{"1":{"question":"Qu'en est-il des \u00e9tudiants en alternance mais pas inscrit dans un CFA ? ","answer":"Pour ces \u00e9tudiants, ils b\u00e9n\u00e9ficient des aides r\u00e9gionales classiques et des aides de l'employeur."},"2":{"question":"Les aides sont-elles cumulables ?","answer":"Pour savoir si les offres sont cumulables, il faut se rapprocher des organismes qui proposent cette aide. "},"3":{"question":"Les salari\u00e9s sont-ils concern\u00e9s ?","answer":"Les salari\u00e9s b\u00e9n\u00e9ficient des aides li\u00e9s \u00e0 leur statut. Mais il n'y a pas d'aide r\u00e9gionale qui leurs sont sp\u00e9cialement d\u00e9di\u00e9s"},"4":{"question":"Les aides d\u00e9passent-elles le cadre de la r\u00e9gion? ","answer":"Dans certains cas, les aides peuvent d\u00e9passer le cadre de la r\u00e9gion \u00e0 partir du moment o\u00f9 le b\u00e9n\u00e9ficiaire r\u00e9side dans la r\u00e9gion. "},"5":{"question":"Est-ce la r\u00e9gion qu verse les aides ?","answer":"Pour certaines aides, la r\u00e9gion va se charge de verser les aides. pour les aides sous formes de r\u00e9ductions, la r\u00e9gion ne verse pas de somme d'argent."},"6":{"question":"","answer":""},"7":{"question":"","answer":""},"8":{"question":"","answer":""},"9":{"question":"","answer":""},"10":{"question":"","answer":""},"11":{"question":"","answer":""},"12":{"question":"","answer":""},"13":{"question":"","answer":""},"14":{"question":"","answer":""},"15":{"question":"","answer":""},"16":{"question":"","answer":""}}},"_links":{"self":[{"href":"https:\/\/www.mes-allocs.fr\/guides\/wp-json\/wp\/v2\/posts\/19526","targetHints":{"allow":["GET"]}}],"collection":[{"href":"https:\/\/www.mes-allocs.fr\/guides\/wp-json\/wp\/v2\/posts"}],"about":[{"href":"https:\/\/www.mes-allocs.fr\/guides\/wp-json\/wp\/v2\/types\/post"}],"author":[{"embeddable":true,"href":"https:\/\/www.mes-allocs.fr\/guides\/wp-json\/wp\/v2\/users\/6"}],"replies":[{"embeddable":true,"href":"https:\/\/www.mes-allocs.fr\/guides\/wp-json\/wp\/v2\/comments?post=19526"}],"version-history":[{"count":19,"href":"https:\/\/www.mes-allocs.fr\/guides\/wp-json\/wp\/v2\/posts\/19526\/revisions"}],"predecessor-version":[{"id":102419,"href":"https:\/\/www.mes-allocs.fr\/guides\/wp-json\/wp\/v2\/posts\/19526\/revisions\/102419"}],"wp:featuredmedia":[{"embeddable":true,"href":"https:\/\/www.mes-allocs.fr\/guides\/wp-json\/wp\/v2\/media\/19533"}],"wp:attachment":[{"href":"https:\/\/www.mes-allocs.fr\/guides\/wp-json\/wp\/v2\/media?parent=19526"}],"wp:term":[{"taxonomy":"category","embeddable":true,"href":"https:\/\/www.mes-allocs.fr\/guides\/wp-json\/wp\/v2\/categories?post=19526"},{"taxonomy":"post_tag","embeddable":true,"href":"https:\/\/www.mes-allocs.fr\/guides\/wp-json\/wp\/v2\/tags?post=19526"}],"curies":[{"name":"wp","href":"https:\/\/api.w.org\/{rel}","templated":true}]}}