{"id":19421,"date":"2021-03-29T14:43:23","date_gmt":"2021-03-29T14:43:23","guid":{"rendered":"https:\/\/www.mes-allocs.fr\/guides\/?p=19421"},"modified":"2026-03-03T17:04:47","modified_gmt":"2026-03-03T16:04:47","slug":"reconversion-professionnelle-en-informatique","status":"publish","type":"post","link":"https:\/\/www.mes-allocs.fr\/guides\/reconversion-professionnelle\/reconversion-professionnelle-quel-metier\/reconversion-professionnelle-en-informatique\/","title":{"rendered":"La reconversion professionnelle en informatique"},"content":{"rendered":"<p><a href=\"https:\/\/www.mes-allocs.fr\/guides\/wp-content\/uploads\/2021\/02\/laptop-2620118_1280.jpg\"><img loading=\"lazy\" decoding=\"async\" class=\"aligncenter wp-image-19478 size-full\" title=\"reconversion professionnelle informatique\" src=\"https:\/\/www.mes-allocs.fr\/guides\/wp-content\/uploads\/2021\/02\/laptop-2620118_1280-e1612801495319.jpg\" alt=\"reconversion professionnelle informatique\" width=\"1280\" height=\"406\" srcset=\"https:\/\/www.mes-allocs.fr\/guides\/wp-content\/uploads\/2021\/02\/laptop-2620118_1280-e1612801495319.jpg 1280w, https:\/\/www.mes-allocs.fr\/guides\/wp-content\/uploads\/2021\/02\/laptop-2620118_1280-e1612801495319-300x95.jpg 300w, https:\/\/www.mes-allocs.fr\/guides\/wp-content\/uploads\/2021\/02\/laptop-2620118_1280-e1612801495319-1024x325.jpg 1024w, https:\/\/www.mes-allocs.fr\/guides\/wp-content\/uploads\/2021\/02\/laptop-2620118_1280-e1612801495319-768x244.jpg 768w, https:\/\/www.mes-allocs.fr\/guides\/wp-content\/uploads\/2021\/02\/laptop-2620118_1280-e1612801495319-600x190.jpg 600w\" sizes=\"auto, (max-width: 1280px) 100vw, 1280px\" \/><\/a>[Mis \u00e0 jour le 03\/03\/2026] La <a href=\"https:\/\/www.mes-allocs.fr\/guides\/reconversion-professionnelle\/\">reconversion professionnelle<\/a> devient de plus en plus courante. En moyenne un actif change de secteur d&rsquo;activit\u00e9 au moins 2 fois dans sa vie. L&rsquo;informatique est un secteur prometteur ou les demandes sont grandes et pointues. Mes Allocs vous explique tout sur la <strong>reconversion professionnelle en informatique<\/strong>.<\/p>\n<h1>Les formations \u00e0 suivre<\/h1>\n<p>Vous \u00eates en pleine r\u00e9flexion sur <a href=\"https:\/\/www.mes-allocs.fr\/guides\/reconversion-professionnelle\/reconversion-professionnelle-metier-envisager\/\">le choix d&rsquo;un m\u00e9tier dans le cadre de votre reconversion professionnelle<\/a> ? Si vous souhaitez changer de m\u00e9tier pour le secteur d&rsquo;activit\u00e9 de l&rsquo;informatique, la formation continue peut \u00eatre r\u00e9alis\u00e9e dans un centre expert. Parmi eux, on retrouve notamment les centres de formation pour adultes tels que l\u2019AFPA, le CNAM ou encore les r\u00e9seaux GRETA.<\/p>\n<p>La dur\u00e9e moyenne de ces cursus varie g\u00e9n\u00e9ralement de 3 \u00e0 8 mois pendant lesquels les apprentis b\u00e9n\u00e9ficient d\u2019un encadrement et de contenus d\u00e9di\u00e9s. \u00c0 l\u2019issue de la formation, une certification ou un dipl\u00f4me reconnu par l\u2019\u00c9tat sont g\u00e9n\u00e9ralement d\u00e9livr\u00e9s.<\/p>\n<ul class=\"contentul zeta py0p5\">\n<li>Organismes de formation priv\u00e9s ou publics : Global Knowledge, IB Formation, M2I Formation, Orsys, Demos, PLB Consultant, ENI Service, Adiscos, Cegos, Gefi, Afpa ;<\/li>\n<li><span class=\"link-wrapper\">Cursus universitaire (n\u00e9cessite le niveau BAC)<\/span>\u00a0: DUT, BTS, titres professionnels, ou \u00e9tudes plus longues \u00e0 partir de la licence professionnelle suivie d&rsquo;un\u00a0<span class=\"link-wrapper\">master 1 et 2<\/span>\u00a0;<\/li>\n<li>Formation d&rsquo;entreprise : de plus en plus d&rsquo;entreprises de services du\u00a0<span class=\"link-wrapper\">num\u00e9rique<\/span>\u00a0(ESN) forment en interne leurs futures recrues\u00a0et candidats \u00e0 la\u00a0reconversion\u00a0;<\/li>\n<li><span class=\"link-wrapper\">MOOC<\/span>, ou Massive open online course, qui, en fran\u00e7ais se traduit par Formation en ligne ouverte \u00e0 tous.<\/li>\n<\/ul>\n<div class='cta-block'><div class='text'>Besoin d&rsquo;aide dans votre reconversion ?<\/div><a href='https:\/\/www.formademia.fr\/coaching' class='app-button fit'>En savoir plus sur notre programme<\/a><\/div>\n<h1>Pr\u00e9parer sa reconversion dans l&rsquo;informatique<\/h1>\n<p style=\"text-align: justify;\">Avant de vous lancer dans une reconversion, il est indispensable de bien se renseigner sur les d\u00e9bouch\u00e9s de ces \u00e9tudes, le dipl\u00f4me d\u00e9livr\u00e9, le salaire, etc. Mais vous devez \u00e9galement faire un point sur vos comp\u00e9tences professionnelles. Pour savoir si vous avez le niveau pour travailler dans les services informatiques, il est conseill\u00e9 de faire un bilan de comp\u00e9tences.<\/p>\n<p style=\"text-align: justify;\">Il n&rsquo;y a pas d&rsquo;\u00e2ge pour changer de m\u00e9tier, que vous ayez 40 ans, 50 ans, des formations courtes donnant acc\u00e8s \u00e0 un certificat existe. Pour vous aider dans votre reconversion professionnelle, Mes Allocs vous proposera sous peu son service d\u00e9di\u00e9 !<\/p>\n<p>Un <a href=\"https:\/\/www.formademia.fr\/formulaire\/coaching\">conseiller Mes Allocs<\/a> vous accompagne dans votre projet de reconversion pour vous faire gagner du temps et vous permettre d&rsquo;acc\u00e9der au m\u00e9tier de votre choix ! Contactez-nous.<\/p>\n<p><iframe loading=\"lazy\" title=\"La reconversion professionnelle\" width=\"500\" height=\"281\" src=\"https:\/\/www.youtube.com\/embed\/EiVUthswxl0?feature=oembed\" frameborder=\"0\" allow=\"accelerometer; autoplay; clipboard-write; encrypted-media; gyroscope; picture-in-picture; web-share\" referrerpolicy=\"strict-origin-when-cross-origin\" allowfullscreen><\/iframe><\/p>\n<h1>M\u00e9tiers qui recrutent dans l&rsquo;informatique<\/h1>\n<ul>\n<li>Data analyst : Big data<\/li>\n<li>Responsable de cyber-s\u00e9curit\u00e9<\/li>\n<li>Community Manager : gestion des r\u00e9seaux sociaux, site internet<\/li>\n<li>Expert en r\u00e9f\u00e9rencement<\/li>\n<li>D\u00e9veloppeur informatique\/ d\u00e9veloppeur web<\/li>\n<li>Directeur des services de l&rsquo;informatique<\/li>\n<li>Chef de projet<\/li>\n<\/ul>\n<h1>Dispositifs d&rsquo;aides \u00e0 la reconversion professionnelle<\/h1>\n<h2>La VAE<\/h2>\n<div>\n<p style=\"text-align: justify;\">Si vous avez les comp\u00e9tences n\u00e9cessaires pour le m\u00e9tier de l&rsquo; informatique, mais pas le dipl\u00f4me vous pouvez r\u00e9aliser la VAE, Validation des Acquis de l\u2019Exp\u00e9rience. Cela vous permettra de valider les comp\u00e9tences et d\u2019obtenir une certification \u00e0 condition d\u2019avoir une exp\u00e9rience d\u2019au moins un an dans le domaine ou vous souhaitez effectuer une reconversion.<br \/>\nIl faut environ un an pour r\u00e9aliser la d\u00e9marche. Votre entreprise dans laquelle vous travailler peut payer la VAE gr\u00e2ce \u00e0 l\u2019Opco qui la remboursera. Si vous ne travaillez pas pour le moment, vous pouvez utiliser votre CPF.<\/p>\n<div class='cta-block'><div class='text'>Besoin d&rsquo;aide dans votre reconversion ?<\/div><a href='https:\/\/www.formademia.fr\/coaching' class='app-button fit'>En savoir plus sur notre programme<\/a><\/div>\n<h2>Le CPF<\/h2>\n<p>Les CPF peuvent vous aider \u00e0 financer votre reconversion professionnelle. Et cela quelle que soit votre situation, vous poss\u00e9der un compte personnel de formation (CPF).reconversion professionnelle informatique<\/p>\n<ul>\n<li>En tant que salari\u00e9, vous contractez 500\u20ac par ann\u00e9e avec un plafond de 5000\u20ac.<\/li>\n<li>Pour les salari\u00e9s de niveau BEP ou CAP, vous acqu\u00e9rez 800\u20ac par ann\u00e9e avec un plafond de 8000\u20ac.<\/li>\n<li>A temps partiel, le compte est aliment\u00e9 en fonction du pourcentage du temps travaill\u00e9 (si vous travaillez \u00e0 30% d\u2019un temps complet, vous recevrez 150\u20ac par ann\u00e9e).<\/li>\n<li>Pour les personnes en situation de handicap, vous contractez 800\u20ac par an avec un plafond de 8000\u20ac.<\/li>\n<\/ul>\n<h2>Le Projet de Transition Professionnelle (PTP)<\/h2>\n<p>Autrefois appel\u00e9 le CPF de transition, le PTP permet aux salari\u00e9s la possibilit\u00e9 de suivre une formation pour se reconvertir. Cette d\u00e9marche est propos\u00e9e aux salari\u00e9s, mais n&rsquo;est pas obligatoire. Il est accord\u00e9 par l&#8217;employeur et le salari\u00e9 continu de percevoir sa r\u00e9mun\u00e9ration pendant toute la dur\u00e9e de la formation.<\/p>\n<p>\u00c0 l&rsquo;inverse du PDC qui oblige \u00e0 suivre une formation en rapport avec le domaine d&rsquo;activit\u00e9 suivie actuellement par le salari\u00e9. Le Compte Personnel de Formation de transition professionnelle peut concerner un domaine de formation diff\u00e9rent.<\/p>\n<div class='cta-block'><div class='text'>Besoin d&rsquo;aide dans votre reconversion ?<\/div><a href='https:\/\/www.formademia.fr\/coaching' class='app-button fit'>En savoir plus sur notre programme<\/a><\/div>\n<\/div>\n","protected":false},"excerpt":{"rendered":"<p>[Mis \u00e0 jour le 03\/03\/2026] La reconversion professionnelle devient de plus en plus courante. En moyenne un actif change de secteur d&rsquo;activit\u00e9 au moins 2 fois dans sa vie. L&rsquo;informatique est un secteur prometteur ou les demandes sont grandes et pointues. Mes Allocs vous explique tout sur la reconversion professionnelle en informatique. Les formations \u00e0 [&hellip;]<\/p>\n","protected":false},"author":7,"featured_media":19478,"comment_status":"open","ping_status":"open","sticky":false,"template":"","format":"standard","meta":{"amp_status":"","footnotes":""},"categories":[5081,5165],"tags":[],"class_list":["post-19421","post","type-post","status-publish","format-standard","has-post-thumbnail","hentry","category-reconversion-professionnelle","category-reconversion-professionnelle-quel-metier"],"yoast_head":"<!-- This site is optimized with the Yoast SEO plugin v14.9 - https:\/\/yoast.com\/wordpress\/plugins\/seo\/ -->\n<title>La reconversion professionnelle en informatique | Mes-Allocs.fr<\/title>\n<meta name=\"description\" content=\"La reconversion professionnelle est de plus en plus courante. Mes Allocs vous explique tout en d\u00e9tail sur la reconversion en informatique !\" \/>\n<meta name=\"robots\" content=\"index, follow, max-snippet:-1, max-image-preview:large, max-video-preview:-1\" \/>\n<link rel=\"canonical\" href=\"https:\/\/www.mes-allocs.fr\/guides\/reconversion-professionnelle\/reconversion-professionnelle-quel-metier\/reconversion-professionnelle-en-informatique\/\" \/>\n<meta property=\"og:locale\" content=\"fr_FR\" \/>\n<meta property=\"og:type\" content=\"article\" \/>\n<meta property=\"og:title\" content=\"La reconversion professionnelle en informatique | Mes-Allocs.fr\" \/>\n<meta property=\"og:description\" content=\"La reconversion professionnelle est de plus en plus courante. Mes Allocs vous explique tout en d\u00e9tail sur la reconversion en informatique !\" \/>\n<meta property=\"og:url\" content=\"https:\/\/www.mes-allocs.fr\/guides\/reconversion-professionnelle\/reconversion-professionnelle-quel-metier\/reconversion-professionnelle-en-informatique\/\" \/>\n<meta property=\"og:site_name\" content=\"Mes-Allocs.fr\" \/>\n<meta property=\"article:published_time\" content=\"2021-03-29T14:43:23+00:00\" \/>\n<meta property=\"article:modified_time\" content=\"2026-03-03T16:04:47+00:00\" \/>\n<meta property=\"og:image\" content=\"https:\/\/www.mes-allocs.fr\/guides\/wp-content\/uploads\/2021\/02\/laptop-2620118_1280-e1612801495319.jpg?wsr\" \/>\n\t<meta property=\"og:image:width\" content=\"1280\" \/>\n\t<meta property=\"og:image:height\" content=\"406\" \/>\n<meta name=\"twitter:card\" content=\"summary_large_image\" \/>\n<script type=\"application\/ld+json\" class=\"yoast-schema-graph\">{\"@context\":\"https:\/\/schema.org\",\"@graph\":[{\"@type\":\"WebSite\",\"@id\":\"https:\/\/www.mes-allocs.fr\/guides\/#website\",\"url\":\"https:\/\/www.mes-allocs.fr\/guides\/\",\"name\":\"Mes-Allocs.fr\",\"description\":\"\",\"potentialAction\":[{\"@type\":\"SearchAction\",\"target\":\"https:\/\/www.mes-allocs.fr\/guides\/?s={search_term_string}\",\"query-input\":\"required name=search_term_string\"}],\"inLanguage\":\"fr-FR\"},{\"@type\":\"ImageObject\",\"@id\":\"https:\/\/www.mes-allocs.fr\/guides\/reconversion-professionnelle\/reconversion-professionnelle-quel-metier\/reconversion-professionnelle-en-informatique\/#primaryimage\",\"inLanguage\":\"fr-FR\",\"url\":\"https:\/\/www.mes-allocs.fr\/guides\/wp-content\/uploads\/2021\/02\/laptop-2620118_1280-e1612801495319.jpg?wsr\",\"width\":1280,\"height\":406,\"caption\":\"fiche metier informatique\"},{\"@type\":\"WebPage\",\"@id\":\"https:\/\/www.mes-allocs.fr\/guides\/reconversion-professionnelle\/reconversion-professionnelle-quel-metier\/reconversion-professionnelle-en-informatique\/#webpage\",\"url\":\"https:\/\/www.mes-allocs.fr\/guides\/reconversion-professionnelle\/reconversion-professionnelle-quel-metier\/reconversion-professionnelle-en-informatique\/\",\"name\":\"La reconversion professionnelle en informatique | Mes-Allocs.fr\",\"isPartOf\":{\"@id\":\"https:\/\/www.mes-allocs.fr\/guides\/#website\"},\"primaryImageOfPage\":{\"@id\":\"https:\/\/www.mes-allocs.fr\/guides\/reconversion-professionnelle\/reconversion-professionnelle-quel-metier\/reconversion-professionnelle-en-informatique\/#primaryimage\"},\"datePublished\":\"2021-03-29T14:43:23+00:00\",\"dateModified\":\"2026-03-03T16:04:47+00:00\",\"author\":{\"@id\":\"https:\/\/www.mes-allocs.fr\/guides\/#\/schema\/person\/1c4837d5703727cb02ce84583b5a44aa\"},\"description\":\"La reconversion professionnelle est de plus en plus courante. Mes Allocs vous explique tout en d\\u00e9tail sur la reconversion en informatique !\",\"inLanguage\":\"fr-FR\"},{\"@type\":\"Person\",\"@id\":\"https:\/\/www.mes-allocs.fr\/guides\/#\/schema\/person\/1c4837d5703727cb02ce84583b5a44aa\",\"name\":\"Fabiola\",\"image\":{\"@type\":\"ImageObject\",\"@id\":\"https:\/\/www.mes-allocs.fr\/guides\/#personlogo\",\"inLanguage\":\"fr-FR\",\"url\":\"https:\/\/www.mes-allocs.fr\/guides\/wp-content\/uploads\/2021\/06\/fabiola-150x150.png\",\"caption\":\"Fabiola\"},\"description\":\"Fabiola est r\\u00e9dactrice au sein de l'\\u00e9quipe Mes Allocs, sp\\u00e9cialis\\u00e9e en sciences politiques et affaires publiques. Dipl\\u00f4m\\u00e9e de l'HEIP, elle rejoint Mes Allocs apr\\u00e8s une premi\\u00e8re exp\\u00e9rience \\u00e0 l'Assembl\\u00e9e Nationale.\",\"sameAs\":[\"https:\/\/www.linkedin.com\/in\/cecilia-philippe-b-8a8085195\"]}]}<\/script>\n<!-- \/ Yoast SEO plugin. -->","amp_validity":null,"acf":{"faq":{"1":{"question":" Comment se reconvertir dans l'informatique ?","answer":"Les profils bienvenus sont ceux issus d'une fili\u00e8re scientifique bac +5 \u00e0 bac +8 "},"2":{"question":"Quelles sont les formations en informatique ? ","answer":"Le Bac Pro (Syst\u00e8mes Num\u00e9riques), le BTS SIO et le DUT Informatique sont les principales formations dipl\u00f4mantes du secteur de l'informatique."},"3":{"question":"Comment travailler dans l'informatique sans dipl\u00f4me ?","answer":"La formation la plus connue est celle de l'\u00e9cole 42. L'\u00e9cole 42 a \u00e9t\u00e9 cr\u00e9\u00e9e par *Xavier Niel* (fondateur du l'op\u00e9rateur t\u00e9l\u00e9phonique Free) et elle a pour but de former des informaticiens. Pour y entrer il faut r\u00e9ussir un examen."},"4":{"question":"Comment fonctionne le CPF ?","answer":"Que ce soit \u00e0 titre individuel ou avec l'accord de son employeur, un salari\u00e9 peut b\u00e9n\u00e9ficier de son compte de formation de fa\u00e7on autonome."},"5":{"question":"Quelle formation \u00e9ligible au CPF ?","answer":"Les formations \u00e9ligibles CPF doivent d\u00e9livrer un dipl\u00f4me d'Etat, il s'agit par exemple d'un dipl\u00f4me national comme le CAP, le BTS, le DUT, la Licence pro ou encore le Master."},"6":{"question":"Comment demander un CPF de transition ?","answer":"Pour b\u00e9n\u00e9ficier d'un CPF de transition, vous devez imp\u00e9rativement demander une autorisation d'absence \u00e0 votre employeur."},"7":{"question":"","answer":""},"8":{"question":"","answer":""},"9":{"question":"","answer":""},"10":{"question":"","answer":""},"11":{"question":"","answer":""},"12":{"question":"","answer":""},"13":{"question":"","answer":""},"14":{"question":"","answer":""},"15":{"question":"","answer":""},"16":{"question":"","answer":""}}},"_links":{"self":[{"href":"https:\/\/www.mes-allocs.fr\/guides\/wp-json\/wp\/v2\/posts\/19421","targetHints":{"allow":["GET"]}}],"collection":[{"href":"https:\/\/www.mes-allocs.fr\/guides\/wp-json\/wp\/v2\/posts"}],"about":[{"href":"https:\/\/www.mes-allocs.fr\/guides\/wp-json\/wp\/v2\/types\/post"}],"author":[{"embeddable":true,"href":"https:\/\/www.mes-allocs.fr\/guides\/wp-json\/wp\/v2\/users\/7"}],"replies":[{"embeddable":true,"href":"https:\/\/www.mes-allocs.fr\/guides\/wp-json\/wp\/v2\/comments?post=19421"}],"version-history":[{"count":23,"href":"https:\/\/www.mes-allocs.fr\/guides\/wp-json\/wp\/v2\/posts\/19421\/revisions"}],"predecessor-version":[{"id":110010,"href":"https:\/\/www.mes-allocs.fr\/guides\/wp-json\/wp\/v2\/posts\/19421\/revisions\/110010"}],"wp:featuredmedia":[{"embeddable":true,"href":"https:\/\/www.mes-allocs.fr\/guides\/wp-json\/wp\/v2\/media\/19478"}],"wp:attachment":[{"href":"https:\/\/www.mes-allocs.fr\/guides\/wp-json\/wp\/v2\/media?parent=19421"}],"wp:term":[{"taxonomy":"category","embeddable":true,"href":"https:\/\/www.mes-allocs.fr\/guides\/wp-json\/wp\/v2\/categories?post=19421"},{"taxonomy":"post_tag","embeddable":true,"href":"https:\/\/www.mes-allocs.fr\/guides\/wp-json\/wp\/v2\/tags?post=19421"}],"curies":[{"name":"wp","href":"https:\/\/api.w.org\/{rel}","templated":true}]}}