{"id":19332,"date":"2021-06-04T15:12:39","date_gmt":"2021-06-04T15:12:39","guid":{"rendered":"https:\/\/www.mes-allocs.fr\/guides\/?p=19332"},"modified":"2025-09-10T11:38:22","modified_gmt":"2025-09-10T09:38:22","slug":"financements-de-formation-pole-emploi","status":"publish","type":"post","link":"https:\/\/www.mes-allocs.fr\/guides\/aide-formation\/financement-formation\/financements-de-formation-pole-emploi\/","title":{"rendered":"Quels sont les financements de formation P\u00f4le Emploi ?"},"content":{"rendered":"<p><img loading=\"lazy\" decoding=\"async\" class=\"wp-image-26174 \" src=\"https:\/\/www.mes-allocs.fr\/guides\/wp-content\/uploads\/2021\/05\/pouce-en-lair--e1622572364957-1024x297.jpg\" alt=\"Quels sont les financements de formation P\u00f4le Emploi ?\" width=\"1617\" height=\"469\" srcset=\"https:\/\/www.mes-allocs.fr\/guides\/wp-content\/uploads\/2021\/05\/pouce-en-lair--e1622572364957-1024x297.jpg 1024w, https:\/\/www.mes-allocs.fr\/guides\/wp-content\/uploads\/2021\/05\/pouce-en-lair--e1622572364957-300x87.jpg 300w, https:\/\/www.mes-allocs.fr\/guides\/wp-content\/uploads\/2021\/05\/pouce-en-lair--e1622572364957-768x223.jpg 768w, https:\/\/www.mes-allocs.fr\/guides\/wp-content\/uploads\/2021\/05\/pouce-en-lair--e1622572364957-600x174.jpg 600w, https:\/\/www.mes-allocs.fr\/guides\/wp-content\/uploads\/2021\/05\/pouce-en-lair--e1622572364957.jpg 1125w\" sizes=\"auto, (max-width: 1617px) 100vw, 1617px\" \/><\/p>\n<p><strong>Vous souhaitez acqu\u00e9rir de nouvelles comp\u00e9tences ? Tenter une reconversion professionnelle ? P\u00f4le Emploi vous propose des <a href=\"https:\/\/www.mes-allocs.fr\/guides\/aide-formation\/\">aides \u00e0 la formations<\/a> pour vous aider \u00e0 financer votre projet.<\/strong><\/p>\n<div class='cta-block'><div class='text'>Simulez toutes vos aides en 2 min.<\/div><a href='https:\/\/www.mes-allocs.fr\/ab-app?origin=guides\/wp-json\/wp\/v2\/posts\/19332' class='app-button fit'>Simulation gratuite<\/a><\/div>\n<h1>Financement de votre formation par P\u00f4le Emploi<\/h1>\n<p>Si vous \u00eates demandeur d&#8217;emploi, vous pouvez b\u00e9n\u00e9ficier d&rsquo;un accompagnement pour financer votre formation professionnelle. L&rsquo;agence P\u00f4le Emploi propose des aides pour les demandeurs d\u2019emploi, sous certaines conditions ; vous devrez par exemple, proc\u00e9der \u00e0 la validation de votre projet de formation avec un conseiller P\u00f4le Emploi.<\/p>\n<p>\u00c0 noter, P\u00f4le Emploi ne finance pas la totalit\u00e9 de votre formation professionnelle. Vous pouvez la financer avec votre Compte Personnel de Formation, et P\u00f4le Emploi va compl\u00e9ter le co\u00fbt de la formation avec des aides.<\/p>\n<h2><span id=\"Qui-peut-beneficier-dune-formation-par-Pole-emploi\"><strong>Qui peut b\u00e9n\u00e9ficier d\u2019une formation par P\u00f4le emploi ?<\/strong><\/span><\/h2>\n<p>Pour effectuer une demande de formation, vous devez :<\/p>\n<ul>\n<li>\u00catre \u00e2g\u00e9 de 16 au moins<\/li>\n<li>\u00catre inscrit en tant que demandeur d\u2019emploi.<\/li>\n<\/ul>\n<p>Quel que soit votre \u00e2ge et votre niveau d&rsquo;exp\u00e9rience, vous pourrez demander le financement de votre formation professionnelle \u00e0 P\u00f4le Emploi.<\/p>\n<p><iframe loading=\"lazy\" title=\"Les aides \u00e0 la formation\" width=\"500\" height=\"281\" src=\"https:\/\/www.youtube.com\/embed\/gs3ZRHqtzmY?feature=oembed\" frameborder=\"0\" allow=\"accelerometer; autoplay; clipboard-write; encrypted-media; gyroscope; picture-in-picture; web-share\" referrerpolicy=\"strict-origin-when-cross-origin\" allowfullscreen><\/iframe><\/p>\n<h2><span id=\"Quelle-formation-Pole-emploi-finance\"><strong>Quelles sont les formations financ\u00e9es par P\u00f4le Emploi ? <\/strong><\/span><\/h2>\n<p>P\u00f4le Emploi peut financer plusieurs types de formations, \u00e0 savoir :<\/p>\n<ul>\n<li>Formations certifiantes : Elles peuvent durer entre<strong> 300<\/strong> et <strong>1800 <\/strong>heures. Elles\u00a0permettent d\u2019obtenir un dipl\u00f4me ou un titre professionnel<\/li>\n<\/ul>\n<ul>\n<li>Les formations de pr\u00e9paration \u00e0 la qualification, elles ont pour but de compl\u00e9ter vos comp\u00e9tences si vous souhaitez acc\u00e9der \u00e0 une formation certifiante ou suivre un contrat de professionnalisation. Ces formations sont plus courtes, elles sont en g\u00e9n\u00e9ral comprises entre <strong>160<\/strong> et <strong>450 <\/strong>heures<\/li>\n<\/ul>\n<ul>\n<li>Les formations d\u2019adaptation, qui ont pour but de d\u00e9velopper vos comp\u00e9tences dans un m\u00e9tier ou domaine sp\u00e9cifique.<\/li>\n<\/ul>\n<p>Ces formations peuvent \u00eatre suivies pour compenser un manque d\u2019exp\u00e9rience professionnelle dans un domaine particulier. Elles sont courtes \u00e9galement et durent entre <strong>40<\/strong> heures et<strong> 300<\/strong> heures.<\/p>\n<h1>Quelles sont les aides propos\u00e9es par P\u00f4le Emploi pour financer votre formation professionnelle ?<\/h1>\n<p>Vous vous demandez <a href=\"https:\/\/www.mes-allocs.fr\/guides\/aide-formation\/financement-formation\/comment-financer-une-formation\/\">comment financer une formation<\/a>\u00a0lorsqu&rsquo;on est demandeurs d&#8217;emploi ? Vous pouvez b\u00e9n\u00e9ficier d&rsquo;aides telles que :<\/p>\n<ul>\n<li>L&rsquo;aide Individuelle \u00e0 la Formation<\/li>\n<li>L&rsquo;Action de Formation Conventionn\u00e9e par P\u00f4le Emploi<\/li>\n<li>L\u2019Allocation d\u2019aide au\u00a0retour \u00e0 l\u2019emploi formation.<\/li>\n<\/ul>\n<h2>L\u2019Aide Individuelle \u00e0 la Formation (AIF)<\/h2>\n<p>Il s\u2019agit d\u2019une aide vers\u00e9e par P\u00f4le Emploi \u00e0 l\u2019organisme de formation, et qui est limit\u00e9e \u00e0 une dur\u00e9e de 3 ans. Cette aide\u00a0 est r\u00e9serv\u00e9e aux demandeurs d\u2019emploi qui ont besoin de se former apr\u00e8s un concours ou parce que leur m\u00e9tier le demande, ou \u00e0 ceux qui souhaitent r\u00e9aliser une Validation des Acquis d\u2019Exp\u00e9rience (VAE).<\/p>\n<p>Pour l\u2019obtenir, il faut demander le formulaire d\u00e9di\u00e9 \u00e0 son agence P\u00f4le Emploi et le compl\u00e9ter avant de le faire compl\u00e9ter par l\u2019organisme de formation. Vous devez ensuite remettre ce formulaire compl\u00e9t\u00e9 \u00e0 votre agence P\u00f4le Emploi, au minimum 15 jours avant le d\u00e9but de la formation.<\/p>\n<h2>L\u2019Action de Formation Conventionn\u00e9e par P\u00f4le Emploi (AFC)<\/h2>\n<p>Cette aide financi\u00e8re vise \u00e0 aider le demandeur d\u2019emploi \u00e0 retrouver rapidement un emploi gr\u00e2ce \u00e0 une formation. L\u2019objectif est ainsi d\u2019acqu\u00e9rir des connaissances, comp\u00e9tences et qualifications demand\u00e9es sur le march\u00e9 du travail, comme le passage d\u2019un permis de conduire sp\u00e9cifique ou l\u2019apprentissage d\u2019une langue \u00e9trang\u00e8re.<\/p>\n<h2>La\u00a0Pr\u00e9paration Op\u00e9rationnelle \u00e0 l\u2019Emploi individuelle (POEI)<\/h2>\n<p>Cette aide financi\u00e8re est r\u00e9serv\u00e9e aux demandeurs d\u2019emploi ayant re\u00e7u une proposition d\u2019embauche mais qui ont besoin d\u2019acqu\u00e9rir de nouvelles comp\u00e9tences pour acc\u00e9der au poste propos\u00e9.<\/p>\n<h2>L\u2019Allocation d\u2019aide au\u00a0retour \u00e0 l\u2019emploi formation (AREF)<\/h2>\n<p>Cette aide financi\u00e8re concerne les demandeurs d\u2019emploi qui per\u00e7oivent l\u2019allocation d\u2019aide au retour \u00e0 l\u2019emploi (ARE) et qui souhaitent effectuer une formation dans le cadre de leur PPAE. Ils vont alors recevoir les m\u00eames montants qu\u2019avec l\u2019ARE (seules les charges sont diff\u00e9rentes) ;<\/p>\n<h2>La R\u00e9mun\u00e9ration des Formations de P\u00f4le emploi (RFPE)<\/h2>\n<p>Cette aide est destin\u00e9e aux demandeurs d\u2019emplois qui ne per\u00e7oivent pas ou plus l\u2019Allocation d&rsquo;aide au retour \u00e0 l&#8217;emploi et qui souhaitent suivre une formation r\u00e9mun\u00e9r\u00e9e.<\/p>\n<p>Pour compl\u00e9ter ces aides, vous pouvez aussi vous adresser au Conseil R\u00e9gional qui peut lui aussi financer des formations dipl\u00f4mantes.<\/p>\n<p>Vous pouvez aussi choisir de suivre une formation gratuite aupr\u00e8s de P\u00f4le Emploi\u00a0: l\u2019organisme propose des ateliers et forums gratuits qui vous permettront d\u2019acqu\u00e9rir des comp\u00e9tences basiques ou d\u2019affiner votre projet professionnel.<\/p>\n<div class='cta-block'><div class='text'>Simulez toutes vos aides en 2 min.<\/div><a href='https:\/\/www.mes-allocs.fr\/ab-app?origin=guides\/wp-json\/wp\/v2\/posts\/19332' class='app-button fit'>Simulation gratuite<\/a><\/div>\n","protected":false},"excerpt":{"rendered":"<p>Vous souhaitez acqu\u00e9rir de nouvelles comp\u00e9tences ? Tenter une reconversion professionnelle ? P\u00f4le Emploi vous propose des aides \u00e0 la formations pour vous aider \u00e0 financer votre projet. Financement de votre formation par P\u00f4le Emploi Si vous \u00eates demandeur d&#8217;emploi, vous pouvez b\u00e9n\u00e9ficier d&rsquo;un accompagnement pour financer votre formation professionnelle. L&rsquo;agence P\u00f4le Emploi propose des [&hellip;]<\/p>\n","protected":false},"author":7,"featured_media":20711,"comment_status":"open","ping_status":"open","sticky":false,"template":"","format":"standard","meta":{"amp_status":"","footnotes":""},"categories":[2045,5605],"tags":[],"class_list":["post-19332","post","type-post","status-publish","format-standard","has-post-thumbnail","hentry","category-aide-formation","category-financement-formation"],"yoast_head":"<!-- This site is optimized with the Yoast SEO plugin v14.9 - https:\/\/yoast.com\/wordpress\/plugins\/seo\/ -->\n<title>Quels sont les financements de formation P\u00f4le Emploi ? | Mes-Allocs.fr<\/title>\n<meta name=\"description\" content=\"Vous \u00eates demandeur d&#039;emploi et vous souhaitez vous former ? D\u00e9couvrez les aides au financement de formation P\u00f4le Emploi.\" \/>\n<meta name=\"robots\" content=\"index, follow, max-snippet:-1, max-image-preview:large, max-video-preview:-1\" \/>\n<link rel=\"canonical\" href=\"https:\/\/www.mes-allocs.fr\/guides\/aide-formation\/financement-formation\/financements-de-formation-pole-emploi\/\" \/>\n<meta property=\"og:locale\" content=\"fr_FR\" \/>\n<meta property=\"og:type\" content=\"article\" \/>\n<meta property=\"og:title\" content=\"Quels sont les financements de formation P\u00f4le Emploi ? | Mes-Allocs.fr\" \/>\n<meta property=\"og:description\" content=\"Vous \u00eates demandeur d&#039;emploi et vous souhaitez vous former ? D\u00e9couvrez les aides au financement de formation P\u00f4le Emploi.\" \/>\n<meta property=\"og:url\" content=\"https:\/\/www.mes-allocs.fr\/guides\/aide-formation\/financement-formation\/financements-de-formation-pole-emploi\/\" \/>\n<meta property=\"og:site_name\" content=\"Mes-Allocs.fr\" \/>\n<meta property=\"article:published_time\" content=\"2021-06-04T15:12:39+00:00\" \/>\n<meta property=\"article:modified_time\" content=\"2025-09-10T09:38:22+00:00\" \/>\n<meta property=\"og:image\" content=\"https:\/\/www.mes-allocs.fr\/guides\/wp-content\/uploads\/2021\/03\/emploi--e1614604505258.jpg?wsr\" \/>\n\t<meta property=\"og:image:width\" content=\"1125\" \/>\n\t<meta property=\"og:image:height\" content=\"750\" \/>\n<meta name=\"twitter:card\" content=\"summary_large_image\" \/>\n<script type=\"application\/ld+json\" class=\"yoast-schema-graph\">{\"@context\":\"https:\/\/schema.org\",\"@graph\":[{\"@type\":\"WebSite\",\"@id\":\"https:\/\/www.mes-allocs.fr\/guides\/#website\",\"url\":\"https:\/\/www.mes-allocs.fr\/guides\/\",\"name\":\"Mes-Allocs.fr\",\"description\":\"\",\"potentialAction\":[{\"@type\":\"SearchAction\",\"target\":\"https:\/\/www.mes-allocs.fr\/guides\/?s={search_term_string}\",\"query-input\":\"required name=search_term_string\"}],\"inLanguage\":\"fr-FR\"},{\"@type\":\"ImageObject\",\"@id\":\"https:\/\/www.mes-allocs.fr\/guides\/aide-formation\/financement-formation\/financements-de-formation-pole-emploi\/#primaryimage\",\"inLanguage\":\"fr-FR\",\"url\":\"https:\/\/www.mes-allocs.fr\/guides\/wp-content\/uploads\/2021\/03\/emploi--e1614604505258.jpg?wsr\",\"width\":1125,\"height\":750,\"caption\":\"emploi e1614604505258\"},{\"@type\":\"WebPage\",\"@id\":\"https:\/\/www.mes-allocs.fr\/guides\/aide-formation\/financement-formation\/financements-de-formation-pole-emploi\/#webpage\",\"url\":\"https:\/\/www.mes-allocs.fr\/guides\/aide-formation\/financement-formation\/financements-de-formation-pole-emploi\/\",\"name\":\"Quels sont les financements de formation P\\u00f4le Emploi ? | Mes-Allocs.fr\",\"isPartOf\":{\"@id\":\"https:\/\/www.mes-allocs.fr\/guides\/#website\"},\"primaryImageOfPage\":{\"@id\":\"https:\/\/www.mes-allocs.fr\/guides\/aide-formation\/financement-formation\/financements-de-formation-pole-emploi\/#primaryimage\"},\"datePublished\":\"2021-06-04T15:12:39+00:00\",\"dateModified\":\"2025-09-10T09:38:22+00:00\",\"author\":{\"@id\":\"https:\/\/www.mes-allocs.fr\/guides\/#\/schema\/person\/1c4837d5703727cb02ce84583b5a44aa\"},\"description\":\"Vous \\u00eates demandeur d'emploi et vous souhaitez vous former ? D\\u00e9couvrez les aides au financement de formation P\\u00f4le Emploi.\",\"inLanguage\":\"fr-FR\"},{\"@type\":\"Person\",\"@id\":\"https:\/\/www.mes-allocs.fr\/guides\/#\/schema\/person\/1c4837d5703727cb02ce84583b5a44aa\",\"name\":\"Fabiola\",\"image\":{\"@type\":\"ImageObject\",\"@id\":\"https:\/\/www.mes-allocs.fr\/guides\/#personlogo\",\"inLanguage\":\"fr-FR\",\"url\":\"https:\/\/www.mes-allocs.fr\/guides\/wp-content\/uploads\/2021\/06\/fabiola-150x150.png\",\"caption\":\"Fabiola\"},\"description\":\"Fabiola est r\\u00e9dactrice au sein de l'\\u00e9quipe Mes Allocs, sp\\u00e9cialis\\u00e9e en sciences politiques et affaires publiques. Dipl\\u00f4m\\u00e9e de l'HEIP, elle rejoint Mes Allocs apr\\u00e8s une premi\\u00e8re exp\\u00e9rience \\u00e0 l'Assembl\\u00e9e Nationale.\",\"sameAs\":[\"https:\/\/www.linkedin.com\/in\/cecilia-philippe-b-8a8085195\"]}]}<\/script>\n<!-- \/ Yoast SEO plugin. -->","amp_validity":null,"acf":{"faq":{"1":{"question":"Comment demander une prise en charge de formation \u00e0 P\u00f4le emploi ?","answer":"Pour demander une prise en charge de formation \u00e0 P\u00f4le emploi en 2025, il faut construire avec son conseiller son Projet Personnalis\u00e9 d'Acc\u00e8s \u00e0 l'Emploi (PPAE) qui formalise le projet professionnel et sert de base \u00e0 la validation des formations financ\u00e9es."},"2":{"question":"Quelles sont les aides propos\u00e9es par P\u00f4le Emploi ?","answer":"Pour financer votre formation, vous pouvez b\u00e9n\u00e9ficier des aides suivantes :\r\n-L\u2019Aide Individuelle \u00e0 la Formation (AIF) ; \r\n-L\u2019Action de Formation Conventionn\u00e9e par P\u00f4le Emploi (AFC)\u00a0;\r\n-La\u00a0Pr\u00e9paration Op\u00e9rationnelle \u00e0 l\u2019Emploi individuelle (POEI) ; \r\n-L\u2019Allocation d\u2019aide au\u00a0retour \u00e0 l\u2019emploi formation (AREF) ; \r\n-etc."},"3":{"question":"Quels sont les types de formations financ\u00e9s par P\u00f4le Emploi ?","answer":"P\u00f4le Emploi peut financer plusieurs types de formations, \u00e0 savoir :\r\n-Les formations certifiantes ; \r\n-Les formations d'adaptation ; \r\n-Les formations de qualification."},"4":{"question":"Qui peut b\u00e9n\u00e9ficier d\u2019une formation par P\u00f4le emploi ?","answer":"Pour effectuer une demande de formation, vous devez \u00eatre \u00e2g\u00e9 de 16 au moins et \u00eatre inscrit en tant que demandeur d\u2019emploi.\r\n"},"5":{"question":"Qu'est-ce qu'une formation certifiante ?","answer":"Les formations certifiantes sont celles qui m\u00e8nent \u00e0 \u00ab un dipl\u00f4me d'Etat, un titre ou une certification de qualification professionnelle."},"6":{"question":"Qu'est-ce que l'aide individuelle \u00e0 la formation ?","answer":"Cette aide\u00a0 est r\u00e9serv\u00e9e aux demandeurs d\u2019emploi qui ont besoin de se former apr\u00e8s un concours ou parce que leur m\u00e9tier le demande, ou \u00e0 ceux qui souhaitent r\u00e9aliser une Validation des Acquis d\u2019Exp\u00e9rience."},"7":{"question":"","answer":""},"8":{"question":"","answer":""},"9":{"question":"","answer":""},"10":{"question":"","answer":""},"11":{"question":"","answer":""},"12":{"question":"","answer":""},"13":{"question":"","answer":""},"14":{"question":"","answer":""},"15":{"question":"","answer":""},"16":{"question":"","answer":""}}},"_links":{"self":[{"href":"https:\/\/www.mes-allocs.fr\/guides\/wp-json\/wp\/v2\/posts\/19332","targetHints":{"allow":["GET"]}}],"collection":[{"href":"https:\/\/www.mes-allocs.fr\/guides\/wp-json\/wp\/v2\/posts"}],"about":[{"href":"https:\/\/www.mes-allocs.fr\/guides\/wp-json\/wp\/v2\/types\/post"}],"author":[{"embeddable":true,"href":"https:\/\/www.mes-allocs.fr\/guides\/wp-json\/wp\/v2\/users\/7"}],"replies":[{"embeddable":true,"href":"https:\/\/www.mes-allocs.fr\/guides\/wp-json\/wp\/v2\/comments?post=19332"}],"version-history":[{"count":10,"href":"https:\/\/www.mes-allocs.fr\/guides\/wp-json\/wp\/v2\/posts\/19332\/revisions"}],"predecessor-version":[{"id":103835,"href":"https:\/\/www.mes-allocs.fr\/guides\/wp-json\/wp\/v2\/posts\/19332\/revisions\/103835"}],"wp:featuredmedia":[{"embeddable":true,"href":"https:\/\/www.mes-allocs.fr\/guides\/wp-json\/wp\/v2\/media\/20711"}],"wp:attachment":[{"href":"https:\/\/www.mes-allocs.fr\/guides\/wp-json\/wp\/v2\/media?parent=19332"}],"wp:term":[{"taxonomy":"category","embeddable":true,"href":"https:\/\/www.mes-allocs.fr\/guides\/wp-json\/wp\/v2\/categories?post=19332"},{"taxonomy":"post_tag","embeddable":true,"href":"https:\/\/www.mes-allocs.fr\/guides\/wp-json\/wp\/v2\/tags?post=19332"}],"curies":[{"name":"wp","href":"https:\/\/api.w.org\/{rel}","templated":true}]}}