{"id":19322,"date":"2021-02-08T09:18:10","date_gmt":"2021-02-08T09:18:10","guid":{"rendered":"https:\/\/www.mes-allocs.fr\/guides\/?p=19322"},"modified":"2026-04-03T10:53:25","modified_gmt":"2026-04-03T09:53:25","slug":"comment-financer-une-formation","status":"publish","type":"post","link":"https:\/\/www.mes-allocs.fr\/guides\/aide-formation\/financement-formation\/comment-financer-une-formation\/","title":{"rendered":"Comment financer une formation ? Explication !"},"content":{"rendered":"<p><a href=\"https:\/\/www.mes-allocs.fr\/guides\/wp-content\/uploads\/2021\/02\/business-2717066_1280.jpg\"><img loading=\"lazy\" decoding=\"async\" class=\"aligncenter wp-image-19327 size-full\" src=\"https:\/\/www.mes-allocs.fr\/guides\/wp-content\/uploads\/2021\/02\/business-2717066_1280-e1612535478701.jpg\" alt=\"Comment financer une formation ? Explication !\" width=\"1280\" height=\"396\" \/><\/a><\/p>\n<p>[Mis \u00e0 jour le 03\/04\/2026] <strong>Que vous souhaitiez effectuer une reconversion professionnelle ou souhaitez simplement vous former pour acqu\u00e9rir de nouvelles comp\u00e9tences en rapport avec votre poste actuelle, des dispositifs peuvent financer votre projet. Mes Allocs vous explique tout en d\u00e9tail sur les aides permettant le financement de votre formation.<\/strong><\/p>\n<div class='cta-block'><div class='text'>Simulez toutes vos aides en 2 min.<\/div><a href='https:\/\/www.mes-allocs.fr\/ab-app?origin=guides\/wp-json\/wp\/v2\/posts\/19322' class='app-button fit'>Simulation gratuite<\/a><\/div>\n<h1><span id=\"Laide_individuelle_a_la_formation_AIF\">L\u2019aide individuelle \u00e0 la formation (AIF)<\/span><\/h1>\n<p>Vous pouvez faire financer votre formation certifiante avec l&rsquo;AIF. Il s&rsquo;agit d&rsquo;un dispositif dont vous pouvez b\u00e9n\u00e9ficier si aucun autre dispositif n&rsquo;est en mesure de financer votre projet de formation.<\/p>\n<p>En revanche, pour b\u00e9n\u00e9ficier de cette prise en charge, la formation doit permettre de combler un \u00e9cart entre les comp\u00e9tences d\u00e9tenues par le demandeur d&#8217;emploi et les exigences du march\u00e9 du travail.<\/p>\n<p><strong>\u00c0 noter : L&rsquo;AIF est vers\u00e9e directement \u00e0 l&rsquo; organisme de formation<\/strong><\/p>\n<h2>Qui peut en b\u00e9n\u00e9ficier ?<\/h2>\n<p>Ce dispositif est accessible \u00e0 tous les demandeurs d&rsquo; emploi inscrits chez P\u00f4le Emploi dans le cadre d&rsquo;un plan de formation. Et cela sans condition d&rsquo;indemnisation, \u00eatre accompagn\u00e9 au titre d\u2019un contrat de s\u00e9curisation professionnelle (CSP) et ne pas pouvoir\u00a0 b\u00e9n\u00e9ficier de la POE ou de l\u2019AFPR.<\/p>\n<h2>Formations prises en charge par l&rsquo;AIF<\/h2>\n<ul>\n<li>le compl\u00e9ment de financement accord\u00e9 par Op\u00e9rateur de comp\u00e9tences (Opco) ;<\/li>\n<li>la contribution au financement d\u2019une formation du secteur sanitaire et social dont l&rsquo;acc\u00e8s r\u00e9sulte de la r\u00e9ussite \u00e0 un concours;<\/li>\n<li>le stage obligatoire de pr\u00e9paration \u00e0 l\u2019installation d\u2019un futur artisan ;<\/li>\n<li>le compl\u00e9ment de financement d\u2019une formation initi\u00e9e dans le cadre du\u00a0Compte personnel de formation CPF<\/li>\n<li>une formation non couverte par les achats de formations de P\u00f4le emploi ou du Conseil r\u00e9gional ;<\/li>\n<li>une formation compl\u00e9mentaire dans le cadre d\u2019une Validation des acquis de l\u2019exp\u00e9rience(VAE) pour les personnes ayant d\u00e9j\u00e0 un contrat de travail<\/li>\n<li>un Bilan de comp\u00e9tences ;<\/li>\n<li>la garantie qu\u2019un projet de formation port\u00e9 par le demandeur d\u2019emploi et inscrit au PPAE.<\/li>\n<\/ul>\n<p><iframe loading=\"lazy\" title=\"Les aides \u00e0 la formation\" width=\"500\" height=\"281\" src=\"https:\/\/www.youtube.com\/embed\/gs3ZRHqtzmY?feature=oembed\" frameborder=\"0\" allow=\"accelerometer; autoplay; clipboard-write; encrypted-media; gyroscope; picture-in-picture; web-share\" referrerpolicy=\"strict-origin-when-cross-origin\" allowfullscreen><\/iframe><\/p>\n<h1 id=\"afpr\">L&rsquo;AFPR<\/h1>\n<p>L&rsquo;AFPR ou Action de Formation Pr\u00e9alable au Recrutement. Il s&rsquo;agit d&rsquo;un dispositif de P\u00f4le Emploi qui permet \u00e0 un demandeur d\u2019emploi de compl\u00e9ter ses comp\u00e9tences afin de r\u00e9pondre aux exigences d\u2019un emploi pour lequel il postule.<\/p>\n<p><strong>Pour pouvoir pr\u00e9tendre \u00e0 une AFPR, le contrat propos\u00e9 doit \u00eatre\u00a0:<\/strong><\/p>\n<ul>\n<li>Un CDD entre 6 et 12 mois<\/li>\n<li>Un contrat de professionnalisation \u00e0 dur\u00e9e d\u00e9termin\u00e9e<\/li>\n<li>Une mission d\u2019int\u00e9rim d\u2019au moins 6 mois dans les neuf prochains mois et mois de 24 mois<\/li>\n<\/ul>\n<p>La formation ne doit pas d\u00e9passer une dur\u00e9e de 400 heures. Elle peut se d\u00e9rouler en interne ou en externe.<\/p>\n<h1><span id=\"Le_dispositif_daide_a_la_formation_professionnelle\">Le dispositif d\u2019aide \u00e0 la formation professionnelle<\/span><\/h1>\n<p>Le dispositif d\u2019aide est relativement large, certaines d\u2019entre elles sont accessibles via P\u00f4le emploi, d\u2019autre par les Conseils r\u00e9gionaux.<\/p>\n<p>Selon votre situation, demandeur d\u2019emploi, salari\u00e9, transition professionnelle, les modalit\u00e9s d\u2019attribution ainsi que le montant per\u00e7u pendant la formation peuvent varier. Il est fortement conseill\u00e9 de se renseigner sur les aides prises en charge avant de formuler votre dossier de formation, car les frais de formations ne sont pas toujours pris totalement en charge par l\u2019organisme comp\u00e9tent, le montant varie selon votre statut au moment de la demande.<\/p>\n<p>\u00c0 noter : Les travailleurs non salari\u00e9s et ind\u00e9pendants\u00a0versent leurs contributions \u00e0 la formation professionnelle \u00e0 un\u00a0Fonds d\u2019Assurance Formation (FAF).<\/p>\n<h1><span id=\"Le_compte_personnel_de_formation_CPF\">Le compte personnel de formation CPF<\/span><\/h1>\n<p>C\u2019est l\u2019agence France Comp\u00e9tences qui prend en charge les formations, lorsque celle-ci est demand\u00e9e par un demandeur d\u2019emploi ayant cumul\u00e9 un solde d\u2019euros suffisant \u00e0 sa r\u00e9alisation.<\/p>\n<p>Pour les jeunes dipl\u00f4m\u00e9s ou les demandeurs d\u2019emploi n\u2019ayant pas cumul\u00e9 assez, ce sont d\u2019autres organismes d\u2019aide \u00e0 la formation et l\u2019insertion professionnelle comme P\u00f4le emploi, qui financent les formations. Vous trouverez sur le site officiel toutes les modalit\u00e9s.<\/p>\n<p>Un d\u00e9cret pr\u00e9cise les conditions du financement par la Caisse des d\u00e9p\u00f4ts et consignations des actions de formation suivies dans le cadre du compte personnel de formation (CPF).<\/p>\n<p>Attention, toutefois, une participation financi\u00e8re de 150\u20ac vous est demand\u00e9e depuis le 2 avril 2026 si vous souhaitez mobiliser votre CPF (sauf pour certains publics comme les demandeurs d&#8217;emploi).<\/p>\n<h3><span id=\"Les_aides_des_conseils_regionaux\">Les aides des conseils r\u00e9gionaux<\/span><\/h3>\n<p>Le Conseil r\u00e9gional peut prendre en charge les frais li\u00e9s \u00e0 la formation. Par exemple pour le Grand Est c\u2019est l\u2019Aide Individuelle R\u00e9gionale \u00e0 la Formation (<strong>ARIF<\/strong>)<\/p>\n<h1>R\u00e9mun\u00e9ration pendant votre temps de formation<\/h1>\n<h2><span id=\"Si_vous_ne_percevez_pas_dallocation_chomage_ARE\">Si vous ne percevez pas d\u2019allocation ch\u00f4mage ARE<\/span><\/h2>\n<p>Si votre temps de travail li\u00e9 \u00e0 la formation est de 40h et que vous n\u2019\u00eates pas en mesure de travailler simultan\u00e9ment, votre allocation d\u2019 Aide au retour \u00e0 l\u2019emploi\u00a0 (ARE) devient\u00a0 l\u2019ARE Formation (AREF), et cela pendant toute la dur\u00e9e de votre formation.<\/p>\n<p>L\u2019AREF est vers\u00e9e dans la limite des droits ARE. Son montant ne peut pas \u00eatre inf\u00e9rieur \u00e0 22,88 euros par jour<\/p>\n<div class='cta-block'><div class='text'>Simulez toutes vos aides en 2 min.<\/div><a href='https:\/\/www.mes-allocs.fr\/ab-app?origin=guides\/wp-json\/wp\/v2\/posts\/19322' class='app-button fit'>Simulation gratuite<\/a><\/div>\n","protected":false},"excerpt":{"rendered":"<p>[Mis \u00e0 jour le 03\/04\/2026] Que vous souhaitiez effectuer une reconversion professionnelle ou souhaitez simplement vous former pour acqu\u00e9rir de nouvelles comp\u00e9tences en rapport avec votre poste actuelle, des dispositifs peuvent financer votre projet. Mes Allocs vous explique tout en d\u00e9tail sur les aides permettant le financement de votre formation. L\u2019aide individuelle \u00e0 la formation [&hellip;]<\/p>\n","protected":false},"author":7,"featured_media":19327,"comment_status":"open","ping_status":"open","sticky":false,"template":"","format":"standard","meta":{"amp_status":"","footnotes":""},"categories":[2045,5605],"tags":[],"class_list":["post-19322","post","type-post","status-publish","format-standard","has-post-thumbnail","hentry","category-aide-formation","category-financement-formation"],"yoast_head":"<!-- This site is optimized with the Yoast SEO plugin v14.9 - https:\/\/yoast.com\/wordpress\/plugins\/seo\/ -->\n<title>Comment financer une formation ? Explication ! | Mes-Allocs.fr<\/title>\n<meta name=\"description\" content=\"Un certain nombre de dispositifs sont en vigueur et peuvent financer votre formation. Mes Allocs vous explique en d\u00e9tail ici !\" \/>\n<meta name=\"robots\" content=\"index, follow, max-snippet:-1, max-image-preview:large, max-video-preview:-1\" \/>\n<link rel=\"canonical\" href=\"https:\/\/www.mes-allocs.fr\/guides\/aide-formation\/financement-formation\/comment-financer-une-formation\/\" \/>\n<meta property=\"og:locale\" content=\"fr_FR\" \/>\n<meta property=\"og:type\" content=\"article\" \/>\n<meta property=\"og:title\" content=\"Comment financer une formation ? Explication ! | Mes-Allocs.fr\" \/>\n<meta property=\"og:description\" content=\"Un certain nombre de dispositifs sont en vigueur et peuvent financer votre formation. Mes Allocs vous explique en d\u00e9tail ici !\" \/>\n<meta property=\"og:url\" content=\"https:\/\/www.mes-allocs.fr\/guides\/aide-formation\/financement-formation\/comment-financer-une-formation\/\" \/>\n<meta property=\"og:site_name\" content=\"Mes-Allocs.fr\" \/>\n<meta property=\"article:published_time\" content=\"2021-02-08T09:18:10+00:00\" \/>\n<meta property=\"article:modified_time\" content=\"2026-04-03T09:53:25+00:00\" \/>\n<meta property=\"og:image\" content=\"https:\/\/www.mes-allocs.fr\/guides\/wp-content\/uploads\/2021\/02\/business-2717066_1280.jpg?wsr\" \/>\n\t<meta property=\"og:image:width\" content=\"1280\" \/>\n\t<meta property=\"og:image:height\" content=\"847\" \/>\n<meta name=\"twitter:card\" content=\"summary_large_image\" \/>\n<script type=\"application\/ld+json\" class=\"yoast-schema-graph\">{\"@context\":\"https:\/\/schema.org\",\"@graph\":[{\"@type\":\"WebSite\",\"@id\":\"https:\/\/www.mes-allocs.fr\/guides\/#website\",\"url\":\"https:\/\/www.mes-allocs.fr\/guides\/\",\"name\":\"Mes-Allocs.fr\",\"description\":\"\",\"potentialAction\":[{\"@type\":\"SearchAction\",\"target\":\"https:\/\/www.mes-allocs.fr\/guides\/?s={search_term_string}\",\"query-input\":\"required name=search_term_string\"}],\"inLanguage\":\"fr-FR\"},{\"@type\":\"ImageObject\",\"@id\":\"https:\/\/www.mes-allocs.fr\/guides\/aide-formation\/financement-formation\/comment-financer-une-formation\/#primaryimage\",\"inLanguage\":\"fr-FR\",\"url\":\"https:\/\/www.mes-allocs.fr\/guides\/wp-content\/uploads\/2021\/02\/business-2717066_1280.jpg?wsr\",\"width\":1280,\"height\":847,\"caption\":\"financement-formation\"},{\"@type\":\"WebPage\",\"@id\":\"https:\/\/www.mes-allocs.fr\/guides\/aide-formation\/financement-formation\/comment-financer-une-formation\/#webpage\",\"url\":\"https:\/\/www.mes-allocs.fr\/guides\/aide-formation\/financement-formation\/comment-financer-une-formation\/\",\"name\":\"Comment financer une formation ? Explication ! | Mes-Allocs.fr\",\"isPartOf\":{\"@id\":\"https:\/\/www.mes-allocs.fr\/guides\/#website\"},\"primaryImageOfPage\":{\"@id\":\"https:\/\/www.mes-allocs.fr\/guides\/aide-formation\/financement-formation\/comment-financer-une-formation\/#primaryimage\"},\"datePublished\":\"2021-02-08T09:18:10+00:00\",\"dateModified\":\"2026-04-03T09:53:25+00:00\",\"author\":{\"@id\":\"https:\/\/www.mes-allocs.fr\/guides\/#\/schema\/person\/1c4837d5703727cb02ce84583b5a44aa\"},\"description\":\"Un certain nombre de dispositifs sont en vigueur et peuvent financer votre formation. Mes Allocs vous explique en d\\u00e9tail ici !\",\"inLanguage\":\"fr-FR\"},{\"@type\":\"Person\",\"@id\":\"https:\/\/www.mes-allocs.fr\/guides\/#\/schema\/person\/1c4837d5703727cb02ce84583b5a44aa\",\"name\":\"Fabiola\",\"image\":{\"@type\":\"ImageObject\",\"@id\":\"https:\/\/www.mes-allocs.fr\/guides\/#personlogo\",\"inLanguage\":\"fr-FR\",\"url\":\"https:\/\/www.mes-allocs.fr\/guides\/wp-content\/uploads\/2021\/06\/fabiola-150x150.png\",\"caption\":\"Fabiola\"},\"description\":\"Fabiola est r\\u00e9dactrice au sein de l'\\u00e9quipe Mes Allocs, sp\\u00e9cialis\\u00e9e en sciences politiques et affaires publiques. Dipl\\u00f4m\\u00e9e de l'HEIP, elle rejoint Mes Allocs apr\\u00e8s une premi\\u00e8re exp\\u00e9rience \\u00e0 l'Assembl\\u00e9e Nationale.\",\"sameAs\":[\"https:\/\/www.linkedin.com\/in\/cecilia-philippe-b-8a8085195\"]}]}<\/script>\n<!-- \/ Yoast SEO plugin. -->","amp_validity":null,"acf":{"faq":{"1":{"question":"Quel organisme peut aider \u00e0 financer une formation ?","answer":"Le financement se fait par le biais du Fongecif, l'Opacif ou l'OPCA de votre employeur. Peu importe l'organisme utilis\u00e9, votre employeur y a cotis\u00e9 au titre de la formation."},"2":{"question":"Comment demander un financement de formation au conseil r\u00e9gional ?","answer":"Le co-financement du Conseil R\u00e9gional est accord\u00e9 sur demande \u00e0 d\u00e9poser uniquement aupr\u00e8s de votre centre d'inscription CNAM. "},"3":{"question":"Comment financer une formation en tant que demandeur d'emploi ?","answer":"P\u00f4le emploi finance prioritairement les formations des demandeurs d'emploi. La condition est d'\u00eatre inscrit \u00e0 P\u00f4le emploi et d'avoir valid\u00e9 son projet de formation avec un conseiller P\u00f4le emploi. "},"4":{"question":"Comment beneficier de l'AIF ?","answer":"Pour acc\u00e9der au dispositif, il faut \u00eatre inscrit en tant que demandeur d'emploi, sans condition d'indemnisation, \u00eatre accompagn\u00e9 au titre d'un contrat de s\u00e9curisation professionnelle (CSP) et ne pas pouvoir b\u00e9n\u00e9ficier de la POE ou de l'AFPR."},"5":{"question":"Comment obtenir AIF P\u00f4le emploi ?","answer":"Vous devez faire valider votre projet de formation par votre conseiller avant tout financement possible par P\u00f4le emploi. Votre d\u00e9marche de formation doit \u00eatre coh\u00e9rente et pertinente avec un projet de reprise d'emploi ou d'activit\u00e9."},"6":{"question":"Comment fonctionne le CPF ?","answer":"Que ce soit \u00e0 titre individuel ou avec l'accord de son employeur, un salari\u00e9 peut b\u00e9n\u00e9ficier de son compte de formation de fa\u00e7on autonome."},"7":{"question":"","answer":""},"8":{"question":"","answer":""},"9":{"question":"","answer":""},"10":{"question":"","answer":""},"11":{"question":"","answer":""},"12":{"question":"","answer":""},"13":{"question":"","answer":""},"14":{"question":"","answer":""},"15":{"question":"","answer":""},"16":{"question":"","answer":""}}},"_links":{"self":[{"href":"https:\/\/www.mes-allocs.fr\/guides\/wp-json\/wp\/v2\/posts\/19322","targetHints":{"allow":["GET"]}}],"collection":[{"href":"https:\/\/www.mes-allocs.fr\/guides\/wp-json\/wp\/v2\/posts"}],"about":[{"href":"https:\/\/www.mes-allocs.fr\/guides\/wp-json\/wp\/v2\/types\/post"}],"author":[{"embeddable":true,"href":"https:\/\/www.mes-allocs.fr\/guides\/wp-json\/wp\/v2\/users\/7"}],"replies":[{"embeddable":true,"href":"https:\/\/www.mes-allocs.fr\/guides\/wp-json\/wp\/v2\/comments?post=19322"}],"version-history":[{"count":9,"href":"https:\/\/www.mes-allocs.fr\/guides\/wp-json\/wp\/v2\/posts\/19322\/revisions"}],"predecessor-version":[{"id":111486,"href":"https:\/\/www.mes-allocs.fr\/guides\/wp-json\/wp\/v2\/posts\/19322\/revisions\/111486"}],"wp:featuredmedia":[{"embeddable":true,"href":"https:\/\/www.mes-allocs.fr\/guides\/wp-json\/wp\/v2\/media\/19327"}],"wp:attachment":[{"href":"https:\/\/www.mes-allocs.fr\/guides\/wp-json\/wp\/v2\/media?parent=19322"}],"wp:term":[{"taxonomy":"category","embeddable":true,"href":"https:\/\/www.mes-allocs.fr\/guides\/wp-json\/wp\/v2\/categories?post=19322"},{"taxonomy":"post_tag","embeddable":true,"href":"https:\/\/www.mes-allocs.fr\/guides\/wp-json\/wp\/v2\/tags?post=19322"}],"curies":[{"name":"wp","href":"https:\/\/api.w.org\/{rel}","templated":true}]}}