{"id":19082,"date":"2021-02-05T13:35:24","date_gmt":"2021-02-05T13:35:24","guid":{"rendered":"https:\/\/www.mes-allocs.fr\/guides\/?p=19082"},"modified":"2025-10-24T08:58:24","modified_gmt":"2025-10-24T06:58:24","slug":"aide-au-transport-des-salaries","status":"publish","type":"post","link":"https:\/\/www.mes-allocs.fr\/guides\/aide-au-transport\/aide-au-transport-par-statut\/aide-au-transport-des-salaries\/","title":{"rendered":"Comment obtenir des aides au transport en tant que salari\u00e9 ?"},"content":{"rendered":"<p><img loading=\"lazy\" decoding=\"async\" class=\"aligncenter wp-image-19083 size-full\" title=\"aide au transport des salari\u00e9s\" src=\"https:\/\/www.mes-allocs.fr\/guides\/wp-content\/uploads\/2021\/02\/employes-e1694087519433.jpg\" alt=\"aide au transport des salari\u00e9s\" width=\"1880\" height=\"352\" \/><\/p>\n<p style=\"text-align: justify;\"><strong>Parmi les 23,2 millions de salari\u00e9s r\u00e9sidant ou travaillant en France, pr\u00e8s de 70% d&rsquo;entre eux se rendent sur leur lieu de travail en utilisant leur v\u00e9hicule personnel. Cela peut vite repr\u00e9senter un budget cons\u00e9quent, m\u00eame quand vous avez recours aux transports en commun. On vous explique comment b\u00e9n\u00e9ficier des <a href=\"https:\/\/www.mes-allocs.fr\/guides\/aide-au-transport\/\">aides au transport<\/a> en occupant le statut de salari\u00e9 !<\/strong><\/p>\n<div class='cta-block'><div class='text'>Simulez toutes vos aides au transport en 2 min. <\/div><a href='https:\/\/www.mes-allocs.fr\/ab-app?origin=guides\/wp-json\/wp\/v2\/posts\/19082' class='app-button fit'>Simulation gratuite<\/a><\/div>\n<h1>Les aides aux transports en commun pour les salari\u00e9s<\/h1>\n<p>Les aides au transport d\u00e9pendent souvent du <a href=\"https:\/\/www.mes-allocs.fr\/guides\/aide-au-transport\/aide-au-transport-par-statut\/\">statut du demandeur<\/a>. D\u00e9couvrons ensemble quelles sont les aides accord\u00e9es aux salari\u00e9s pour les transports en commun.<\/p>\n<h2>Quelles sont les aides aux transports en commun pour les salari\u00e9s ?<\/h2>\n<p style=\"text-align: justify;\">Pour les transports en commun, il existe une r\u00e8glementation. En effet, depuis 2009, l&#8217;employeur (qu&rsquo;il soit du secteur priv\u00e9 ou public) se doit de prendre en charge les frais de transports publics de ses employ\u00e9s (Article L.3261-2 du Code du Travail). Cette offre concerne les abonnements des diff\u00e9rents titres de transports.<\/p>\n<p style=\"text-align: justify;\">La l\u00e9gislation prend donc en compte les trains, les cars, les bus, tramways et les services publics de location de v\u00e9los. Cette prise en charge obligatoire des frais de transport fait partie des droits en tant que salari\u00e9.<\/p>\n<p style=\"text-align: justify;\">Le remboursement des frais de transports s&rsquo;effectue \u00e0 hauteur de 50% \u00a0du prix total de l&rsquo;abonnement.<\/p>\n<p style=\"text-align: justify;\"><em>Exemple: Si votre abonnement vous co\u00fbte 35 euros \/ mois, selon la l\u00e9gislation, votre employeur doit prendre en charge 17,50 euros.\u00a0<\/em><\/p>\n<p style=\"text-align: justify;\">Les diff\u00e9rents titres de transports achet\u00e9s \u00e0 l&rsquo;unit\u00e9 ne sont pas compris dans cette aide.<\/p>\n<p style=\"text-align: justify;\">En ce qui concerne les multiples formes de contrat de travail (CDI, CDD, int\u00e9rim ou <a href=\"https:\/\/www.mes-allocs.fr\/guides\/aide-au-transport\/aide-au-transport-par-statut\/aide-transport-apprenti\/\">apprentissage<\/a>), cela n&rsquo;affecte en rien l&rsquo;aide per\u00e7ue.<\/p>\n<p style=\"text-align: justify;\">Le temps de travail dans la semaine n&rsquo;influe pas sur l&rsquo;aide que vous recevez. Cependant, si vous \u00eatre en-de\u00e7\u00e0 des 35 heures, la subvention que vous allez percevoir sera calcul\u00e9 en fonction de vos horaires de travail.<\/p>\n<p style=\"text-align: justify;\">La participation (sous forme d&rsquo;aide) de votre employeur est exon\u00e9r\u00e9 d&rsquo;imp\u00f4ts. De fait, cette somme sera per\u00e7ue comme \u00ab\u00a0net\u00a0\u00bb.<\/p>\n<div class='cta-block'><div class='text'>Simulez toutes vos aides en 2 min.<\/div><a href='https:\/\/www.mes-allocs.fr\/ab-app?origin=guides\/wp-json\/wp\/v2\/posts\/19082' class='app-button fit'>Simulation gratuite<\/a><\/div>\n<h2>Les transports personnels<\/h2>\n<p style=\"text-align: justify;\">Focalisons-nous maintenant sur les transports personnels. Nous entendons par l\u00e0 l&rsquo;ensemble des v\u00e9hicules personnels qui sont utilis\u00e9s pour rallier le domicile et le lieu de travail. Pour ces derniers, l&#8217;employeur n&rsquo;a aucune obligation \u00e0 rembourser les frais engag\u00e9s par le salari\u00e9. Il peut cependant s&rsquo;engager \u00e0 prendre en charge une partie ou l&rsquo;int\u00e9gralit\u00e9 des frais de transports personnels (frais de carburant ou d&rsquo; \u00e9lectricit\u00e9).<\/p>\n<p style=\"text-align: justify;\">Cependant, cette indemnisation est r\u00e9glement\u00e9e :<\/p>\n<ul>\n<li>Soit elle est pr\u00e9vue par les accords collectifs entre l&rsquo;entreprise et les repr\u00e9sentants de salari\u00e9s<\/li>\n<li>Soit elle survient apr\u00e8s une d\u00e9cision unilat\u00e9rale de l&#8217;employeur<\/li>\n<\/ul>\n<p style=\"text-align: justify;\">Si l&rsquo;aide est effective, son montant sera notifi\u00e9 sur la fiche de paie. En compl\u00e9ment de ces conditions, il faut que l&#8217;employ\u00e9 puisse justifier que l&rsquo;usage de son v\u00e9hicule soit une n\u00e9cessit\u00e9 absolue en raison d&rsquo;un manque de transport en commun pouvant rallier son domicile \u00e0 son lieu de travail ou que ses horaires de travail ne permettent l&rsquo;usage des transports publics. Il faut aussi que son lieu de r\u00e9sidence habituel ou son lieu de travail soit en dehors de l&rsquo;\u00cele-de-France.<\/p>\n<p>Il existe cependant d&rsquo;autres aides facultatives pour l&#8217;employeur:<\/p>\n<ul>\n<li style=\"text-align: justify;\">Les indemnit\u00e9s kilom\u00e9triques: les diff\u00e9rentes entreprises peuvent d\u00e9cider de rembourser les frais de d\u00e9placements professionnels de leurs employ\u00e9s. Ce montant est calcul\u00e9 selon une grille sp\u00e9cifique \u00e0 l&rsquo;administration fiscale.<\/li>\n<li style=\"text-align: justify;\">Les indemnit\u00e9s kilom\u00e9triques v\u00e9los: depuis 2016, les entreprises du secteur priv\u00e9 peuvent, de la m\u00eame mani\u00e8re que pour les indemnit\u00e9s kilom\u00e8tres classiques, prendre en charge une partie ou l&rsquo;int\u00e9gralit\u00e9 des frais li\u00e9s au d\u00e9placement en v\u00e9lo classique ou \u00e0 assistance \u00e9lectrique des employ\u00e9s. Le montant de l&rsquo;indemnit\u00e9 est calcul\u00e9 \u00e0 parti de la distance parcourue par l&#8217;employ\u00e9.<\/li>\n<\/ul>\n<h2>Le forfait mobilit\u00e9s durables<\/h2>\n<p style=\"text-align: justify;\">Le forfait Mobilit\u00e9s Durables est un dispositif mis en place par l&rsquo;Etat. Il offre aux employeurs la possibilit\u00e9 d&rsquo;accorder une indemnit\u00e9 exon\u00e9r\u00e9e de toute forme d&rsquo;imposition aux salari\u00e9s qui utilisent un moyen de transport \u00ab\u00a0doux\u00a0\u00bb (respectueux de l&rsquo;environnement) pour se rendre sur leur lieu de travail. Cette indemnit\u00e9 a pour but d&rsquo;encourager les salari\u00e9s (et les entreprises) \u00e0 avoir recours \u00e0 des moyens de transport respectueux de l&rsquo;environnement.<\/p>\n<p>Ce dispositif s&rsquo;applique aux moyens ci-dessous:<\/p>\n<ul>\n<li style=\"text-align: justify;\">V\u00e9los avec ou sans assistance \u00e9lectrique<\/li>\n<li>Le covoiturage, en tant que conducteur ou passager<\/li>\n<li style=\"text-align: justify;\">Les transports publics de personnes (sont exclus ceux concern\u00e9s par la prise en charge obligatoire des frais d&rsquo;abonnement).<\/li>\n<\/ul>\n<p style=\"text-align: justify;\">Ce forfait, tout comme les aides non obligatoires, doivent \u00eatre pr\u00e9vus par des accords collectifs entre les partenaires sociaux (syndicats et entreprises). S&rsquo;il n&rsquo;y a pas d&rsquo;accord collectif, l&#8217;employeur peut d\u00e9cider unilat\u00e9ralement d&rsquo;appliquer ces indemnit\u00e9s.<\/p>\n<p style=\"text-align: justify;\">Cette aide se mat\u00e9rialise sous forme d&rsquo;allocation. Elle est exon\u00e9r\u00e9 de cotisations sociales et son plafond est de 500\u20ac.<\/p>\n<p style=\"text-align: justify;\">Cette aide est soumise \u00e0 une forme de contr\u00f4le. En effet, \u00e0 la fin de chaque ann\u00e9e civile, l&#8217;employ\u00e9 doit \u00eatre en mesure de signer une attestation sur l&rsquo;honneur et de fournir des justificatifs prouvant l&rsquo;utilisation de cette somme dans le cadre de ses d\u00e9placements professionnels.<\/p>\n<p style=\"text-align: justify;\">Cette aide est non cumulable avec les autres aides au transport pour les salari\u00e9s.<\/p>\n<p><iframe loading=\"lazy\" title=\"Les aides au transport\" width=\"500\" height=\"281\" src=\"https:\/\/www.youtube.com\/embed\/zRZFzrnwvEs?feature=oembed\" frameborder=\"0\" allow=\"accelerometer; autoplay; clipboard-write; encrypted-media; gyroscope; picture-in-picture; web-share\" referrerpolicy=\"strict-origin-when-cross-origin\" allowfullscreen><\/iframe><\/p>\n<h1>Quelles sont conditions d&rsquo;\u00e9ligibilit\u00e9 pour l&rsquo;aide au transport ?<\/h1>\n<h2>Exigences pour b\u00e9n\u00e9ficier des aides aux transports en commun<\/h2>\n<ol>\n<li>Statut de salari\u00e9 : g\u00e9n\u00e9ralement, pour \u00eatre \u00e9ligible \u00e0 une aide aux transports en commun, le demandeur doit \u00eatre un salari\u00e9 en activit\u00e9.<\/li>\n<li>Justification d&rsquo;utilisation : souvent, il est n\u00e9cessaire de fournir des preuves d&rsquo;utilisation r\u00e9guli\u00e8re des transports en commun, telles que des titres de transport ou des relev\u00e9s de fr\u00e9quentation.<\/li>\n<li>Zone g\u00e9ographique : certaines aides aux transports en commun sont sp\u00e9cifiques \u00e0 une r\u00e9gion ou \u00e0 une ville, ce qui peut influencer l&rsquo;\u00e9ligibilit\u00e9.<\/li>\n<\/ol>\n<h2>Crit\u00e8res pour obtenir des aides li\u00e9es \u00e0 l&rsquo;utilisation du v\u00e9hicule personnel<\/h2>\n<ol>\n<li>Distance domicile-travail : les aides li\u00e9es \u00e0 l&rsquo;utilisation du v\u00e9hicule personnel peuvent \u00eatre conditionn\u00e9es par la distance entre le domicile et le lieu de travail.<\/li>\n<li>Nombre de trajets : certaines aides sont octroy\u00e9es en fonction du nombre de trajets effectu\u00e9s par semaine ou par mois.<\/li>\n<li>Type de v\u00e9hicule : dans le cas de ch\u00e8ques carburant ou d&rsquo;indemnit\u00e9s kilom\u00e9triques, le type de v\u00e9hicule utilis\u00e9 peut \u00eatre pris en compte, notamment s&rsquo;il s&rsquo;agit d&rsquo;un v\u00e9hicule \u00e9lectrique ou peu polluant.<\/li>\n<\/ol>\n<h2>Conditions pour b\u00e9n\u00e9ficier des aides au covoiturage et au v\u00e9lo<\/h2>\n<ol>\n<li>Participation au covoiturage : pour obtenir des aides au covoiturage, il est g\u00e9n\u00e9ralement n\u00e9cessaire de participer r\u00e9guli\u00e8rement au covoiturage avec d&rsquo;autres travailleurs.<\/li>\n<li>Utilisation du v\u00e9lo : pour b\u00e9n\u00e9ficier des aides li\u00e9es au v\u00e9lo, il faut souvent prouver l&rsquo;utilisation r\u00e9guli\u00e8re de ce moyen de transport, que ce soit pour le trajet domicile-travail ou d&rsquo;autres d\u00e9placements.<\/li>\n<li>Adh\u00e9sion \u00e0 des plateformes sp\u00e9cifiques : certaines aides au covoiturage ou au v\u00e9lo peuvent exiger l&rsquo;inscription sur des plateformes d\u00e9di\u00e9es.<\/li>\n<\/ol>\n<p>En cas de besoin, un expert de l&rsquo;\u00e9quipe Mes Allocs peut <a href=\"https:\/\/www.mes-allocs.fr\/souscription\" target=\"_blank\" rel=\"noopener\">vous accompagner<\/a> dans ces d\u00e9marches pour vous faire gagner du temps et de l&rsquo;argent.<\/p>\n<div class='cta-block'><div class='text'>Simulez toutes vos aides en 2 min.<\/div><a href='https:\/\/www.mes-allocs.fr\/ab-app?origin=guides\/wp-json\/wp\/v2\/posts\/19082' class='app-button fit'>Simulation gratuite<\/a><\/div>\n","protected":false},"excerpt":{"rendered":"<p>Parmi les 23,2 millions de salari\u00e9s r\u00e9sidant ou travaillant en France, pr\u00e8s de 70% d&rsquo;entre eux se rendent sur leur lieu de travail en utilisant leur v\u00e9hicule personnel. Cela peut vite repr\u00e9senter un budget cons\u00e9quent, m\u00eame quand vous avez recours aux transports en commun. On vous explique comment b\u00e9n\u00e9ficier des aides au transport en occupant [&hellip;]<\/p>\n","protected":false},"author":6,"featured_media":19083,"comment_status":"open","ping_status":"open","sticky":false,"template":"","format":"standard","meta":{"amp_status":"","footnotes":""},"categories":[5332,5432],"tags":[],"class_list":["post-19082","post","type-post","status-publish","format-standard","has-post-thumbnail","hentry","category-aide-au-transport","category-aide-au-transport-par-statut"],"yoast_head":"<!-- This site is optimized with the Yoast SEO plugin v14.9 - https:\/\/yoast.com\/wordpress\/plugins\/seo\/ -->\n<title>Comment obtenir des aides au transport en tant que salari\u00e9 ?<\/title>\n<meta name=\"description\" content=\"En tant que salari\u00e9s, vous utilisez tr\u00e8s souvent les transports pour vous rendre sur votre lieu de travail. Voici les d&#039;aides disponibles !\" \/>\n<meta name=\"robots\" content=\"index, follow, max-snippet:-1, max-image-preview:large, max-video-preview:-1\" \/>\n<link rel=\"canonical\" href=\"https:\/\/www.mes-allocs.fr\/guides\/aide-au-transport\/aide-au-transport-par-statut\/aide-au-transport-des-salaries\/\" \/>\n<meta property=\"og:locale\" content=\"fr_FR\" \/>\n<meta property=\"og:type\" content=\"article\" \/>\n<meta property=\"og:title\" content=\"Comment obtenir des aides au transport en tant que salari\u00e9 ?\" \/>\n<meta property=\"og:description\" content=\"En tant que salari\u00e9s, vous utilisez tr\u00e8s souvent les transports pour vous rendre sur votre lieu de travail. Voici les d&#039;aides disponibles !\" \/>\n<meta property=\"og:url\" content=\"https:\/\/www.mes-allocs.fr\/guides\/aide-au-transport\/aide-au-transport-par-statut\/aide-au-transport-des-salaries\/\" \/>\n<meta property=\"og:site_name\" content=\"Mes-Allocs.fr\" \/>\n<meta property=\"article:published_time\" content=\"2021-02-05T13:35:24+00:00\" \/>\n<meta property=\"article:modified_time\" content=\"2025-10-24T06:58:24+00:00\" \/>\n<meta property=\"og:image\" content=\"https:\/\/www.mes-allocs.fr\/guides\/wp-content\/uploads\/2021\/02\/employes.jpg?wsr\" \/>\n\t<meta property=\"og:image:width\" content=\"1880\" \/>\n\t<meta property=\"og:image:height\" content=\"1255\" \/>\n<meta name=\"twitter:card\" content=\"summary_large_image\" \/>\n<script type=\"application\/ld+json\" class=\"yoast-schema-graph\">{\"@context\":\"https:\/\/schema.org\",\"@graph\":[{\"@type\":\"WebSite\",\"@id\":\"https:\/\/www.mes-allocs.fr\/guides\/#website\",\"url\":\"https:\/\/www.mes-allocs.fr\/guides\/\",\"name\":\"Mes-Allocs.fr\",\"description\":\"\",\"potentialAction\":[{\"@type\":\"SearchAction\",\"target\":\"https:\/\/www.mes-allocs.fr\/guides\/?s={search_term_string}\",\"query-input\":\"required name=search_term_string\"}],\"inLanguage\":\"fr-FR\"},{\"@type\":\"ImageObject\",\"@id\":\"https:\/\/www.mes-allocs.fr\/guides\/aide-au-transport\/aide-au-transport-par-statut\/aide-au-transport-des-salaries\/#primaryimage\",\"inLanguage\":\"fr-FR\",\"url\":\"https:\/\/www.mes-allocs.fr\/guides\/wp-content\/uploads\/2021\/02\/employes.jpg?wsr\",\"width\":1880,\"height\":1255,\"caption\":\"aide au transport des salari\\u00e9s\"},{\"@type\":\"WebPage\",\"@id\":\"https:\/\/www.mes-allocs.fr\/guides\/aide-au-transport\/aide-au-transport-par-statut\/aide-au-transport-des-salaries\/#webpage\",\"url\":\"https:\/\/www.mes-allocs.fr\/guides\/aide-au-transport\/aide-au-transport-par-statut\/aide-au-transport-des-salaries\/\",\"name\":\"Comment obtenir des aides au transport en tant que salari\\u00e9 ?\",\"isPartOf\":{\"@id\":\"https:\/\/www.mes-allocs.fr\/guides\/#website\"},\"primaryImageOfPage\":{\"@id\":\"https:\/\/www.mes-allocs.fr\/guides\/aide-au-transport\/aide-au-transport-par-statut\/aide-au-transport-des-salaries\/#primaryimage\"},\"datePublished\":\"2021-02-05T13:35:24+00:00\",\"dateModified\":\"2025-10-24T06:58:24+00:00\",\"author\":{\"@id\":\"https:\/\/www.mes-allocs.fr\/guides\/#\/schema\/person\/0ecd61a8600573914d00d970a588c024\"},\"description\":\"En tant que salari\\u00e9s, vous utilisez tr\\u00e8s souvent les transports pour vous rendre sur votre lieu de travail. Voici les d'aides disponibles !\",\"inLanguage\":\"fr-FR\"},{\"@type\":\"Person\",\"@id\":\"https:\/\/www.mes-allocs.fr\/guides\/#\/schema\/person\/0ecd61a8600573914d00d970a588c024\",\"name\":\"Jonathan\",\"image\":{\"@type\":\"ImageObject\",\"@id\":\"https:\/\/www.mes-allocs.fr\/guides\/#personlogo\",\"inLanguage\":\"fr-FR\",\"url\":\"https:\/\/www.mes-allocs.fr\/guides\/wp-content\/uploads\/2021\/06\/jonathan-150x150.png\",\"caption\":\"Jonathan\"},\"description\":\"Jonathan est r\\u00e9dacteur au sein de l'\\u00e9quipe Mes Allocs, sp\\u00e9cialis\\u00e9 sur les sujets li\\u00e9s au handicap. Dipl\\u00f4m\\u00e9e de l'UPEM, il rejoint Mes Allocs apr\\u00e8s avoir travaill\\u00e9 \\u00e0 l'association AEDE qui accompagne les adultes en situation de handicap. Quand il n'\\u00e9crit pas, on peut le retrouver sur un terrain de basket.\",\"sameAs\":[\"https:\/\/www.linkedin.com\/in\/jonathan-bambela-8637861b7\"]}]}<\/script>\n<!-- \/ Yoast SEO plugin. -->","amp_validity":null,"acf":{"faq":{"1":{"question":"L'aide au transport pour les salari\u00e9s concerne-t-elle tous les transports? ","answer":"Les aides obligatoires ne concernent pas tous les transports mais certaines facultatives oui."},"2":{"question":"Vers qui se tourner pour le forfait Mobilit\u00e9s Durables ?","answer":"Pour le forfait Mobilit\u00e9s Durables, il faut se tourner vers votre entreprise ou votre syndicat."},"3":{"question":"Les diff\u00e9rentes aides sont-elles cumulables ?","answer":"Non, les aides au transport ne sont pas cumulables entre elles."},"4":{"question":"Les salari\u00e9s ont-ils les m\u00eames aides que les apprentis ?","answer":"Les aides peuvent varier selon le statut de travailleur. Mais il existe des aides pour chaque statut."},"5":{"question":"Comment se passe le versement de l'aide au transport par r\u00e9gion ?","answer":"Pour le versement, il faut se r\u00e9f\u00e9rer au conseil g\u00e9n\u00e9ral de votre r\u00e9gion. L'admission se fait souvent sous forme de dossier."},"6":{"question":"O\u00f9 peut-on demander les aides au transport?","answer":"Pour pouvoir b\u00e9n\u00e9ficier de l'aide au transport, il faut se rapprocher des services de transports que nous utilisons ( RATP, SNCF...) ou des diff\u00e9rentes collectivit\u00e9s territoriales. <br> <a href=\"https:\/\/www.mes-allocs.fr\/guides\/aide-au-transport\">Lire la suite<\/a>"},"7":{"question":"","answer":""},"8":{"question":"","answer":""},"9":{"question":"","answer":""},"10":{"question":"","answer":""},"11":{"question":"","answer":""},"12":{"question":"","answer":""},"13":{"question":"","answer":""},"14":{"question":"","answer":""},"15":{"question":"","answer":""},"16":{"question":"","answer":""}}},"_links":{"self":[{"href":"https:\/\/www.mes-allocs.fr\/guides\/wp-json\/wp\/v2\/posts\/19082","targetHints":{"allow":["GET"]}}],"collection":[{"href":"https:\/\/www.mes-allocs.fr\/guides\/wp-json\/wp\/v2\/posts"}],"about":[{"href":"https:\/\/www.mes-allocs.fr\/guides\/wp-json\/wp\/v2\/types\/post"}],"author":[{"embeddable":true,"href":"https:\/\/www.mes-allocs.fr\/guides\/wp-json\/wp\/v2\/users\/6"}],"replies":[{"embeddable":true,"href":"https:\/\/www.mes-allocs.fr\/guides\/wp-json\/wp\/v2\/comments?post=19082"}],"version-history":[{"count":14,"href":"https:\/\/www.mes-allocs.fr\/guides\/wp-json\/wp\/v2\/posts\/19082\/revisions"}],"predecessor-version":[{"id":102410,"href":"https:\/\/www.mes-allocs.fr\/guides\/wp-json\/wp\/v2\/posts\/19082\/revisions\/102410"}],"wp:featuredmedia":[{"embeddable":true,"href":"https:\/\/www.mes-allocs.fr\/guides\/wp-json\/wp\/v2\/media\/19083"}],"wp:attachment":[{"href":"https:\/\/www.mes-allocs.fr\/guides\/wp-json\/wp\/v2\/media?parent=19082"}],"wp:term":[{"taxonomy":"category","embeddable":true,"href":"https:\/\/www.mes-allocs.fr\/guides\/wp-json\/wp\/v2\/categories?post=19082"},{"taxonomy":"post_tag","embeddable":true,"href":"https:\/\/www.mes-allocs.fr\/guides\/wp-json\/wp\/v2\/tags?post=19082"}],"curies":[{"name":"wp","href":"https:\/\/api.w.org\/{rel}","templated":true}]}}