{"id":19066,"date":"2021-02-17T08:56:57","date_gmt":"2021-02-17T08:56:57","guid":{"rendered":"https:\/\/www.mes-allocs.fr\/guides\/?p=19066"},"modified":"2025-10-21T10:04:02","modified_gmt":"2025-10-21T08:04:02","slug":"aif-montant-maximum","status":"publish","type":"post","link":"https:\/\/www.mes-allocs.fr\/guides\/aide-formation\/aif-montant-maximum\/","title":{"rendered":"AIF : montant maximum de l&rsquo;allocation"},"content":{"rendered":"<p><a href=\"https:\/\/www.mes-allocs.fr\/guides\/wp-content\/uploads\/2021\/02\/pexels-thisisengineering-3862370-1.jpg\"><img loading=\"lazy\" decoding=\"async\" class=\"aligncenter wp-image-19252 size-large\" src=\"https:\/\/www.mes-allocs.fr\/guides\/wp-content\/uploads\/2021\/02\/pexels-thisisengineering-3862370-1-e1612474789294-1024x274.jpg\" alt=\"AIF : montant maximum de l'allocation\" width=\"1024\" height=\"274\" \/><\/a><\/p>\n<p style=\"text-align: justify;\"><strong>L&rsquo;AIF est un dispositif mis en place par P\u00f4le Emploi. Vous pouvez en faire la demande si aucun autre dispositif n&rsquo;est en mesure de financer votre formation professionnelle. Pour en b\u00e9n\u00e9ficier, un certain nombre de conditions sont \u00e0 respecter. Mes Allocs vous dit tout sur le montant de l&rsquo;AIF ici.<\/strong><\/p>\n<div class='cta-block'><div class='text'>Simulez toutes vos aides en 2 min.<\/div><a href='https:\/\/www.mes-allocs.fr\/ab-app?origin=guides\/wp-json\/wp\/v2\/posts\/19066' class='app-button fit'>Simulation gratuite<\/a><\/div>\n<h1>Montant de l&rsquo;AIF<\/h1>\n<p>L\u2019Aide individuelle \u00e0 la formation couvre l\u2019int\u00e9gralit\u00e9 du co\u00fbt de la formation restant \u00e0 votre charge, suite \u00e0 l\u2019intervention des autres financeurs. Elle est vers\u00e9e directement \u00e0 l&rsquo;organisme de formation par P\u00f4le Emploi.<\/p>\n<p>Vous pouvez \u00e9galement b\u00e9n\u00e9ficier d&rsquo;une prise en charge des frais de d\u00e9placement, de repas (transport, restauration, h\u00e9bergement). En revanche, l&rsquo;AIF ne peut couvrir les frais d\u2019inscription \u00e0 la formation envisag\u00e9e, l\u2019achat de mat\u00e9riel, ou encore l\u2019inscription \u00e0 un examen ou un concours.<\/p>\n<p><strong>\u00c0 noter : Le montant de cette prise en charge ne doit pas d\u00e9passer 8.000 euros.<\/strong><\/p>\n<h1>Qu&rsquo;est-ce que l&rsquo;AIF ?<\/h1>\n<p style=\"text-align: justify;\">L\u2019AIF (Aide Individuelle \u00e0 la Formation)\u00a0 est \u00a0aide particuli\u00e8re mobilis\u00e9e par P\u00f4le emploi dont vous pouvez b\u00e9n\u00e9ficier si vous \u00eates demandeur d&#8217;emploi. Vous pouvez en faire la demande lorsqu\u2019aucun autre dispositif ne peut venir financer les frais d\u2019une formation en coh\u00e9rence avec un projet professionnel ou une reconversion professionnelle.<\/p>\n<p style=\"text-align: justify;\">Le but de cette formation est de combler la diff\u00e9rence entre vos comp\u00e9tences et les exigences du march\u00e9 du travail et ainsi de prendre en charge les frais de votre organisme de formation.<\/p>\n<h1>Qui peut en b\u00e9n\u00e9ficier ?<\/h1>\n<p>Pour pouvoir b\u00e9n\u00e9ficier de l&rsquo; aide individuelle \u00e0 la formation AIF vous devez respecter certaines conditions.<\/p>\n<ul class=\"spip\">\n<li>Vous \u00eates demandeur d\u2019emploi inscrit \u00e0 P\u00f4le emploi, quelle que soit votre cat\u00e9gorie d\u2019inscription.<\/li>\n<li>La formation professionnelle vis\u00e9e a \u00e9t\u00e9 valid\u00e9e par votre conseiller P\u00f4le emploi dans le cadre de votre PPAE.<\/li>\n<li>Vous \u00eates accompagn\u00e9 au titre d\u2019un contrat de s\u00e9curisation professionnelle (CSP).<\/li>\n<li>Vous ne pouvez pas b\u00e9n\u00e9ficier de la POE.<\/li>\n<li>Vous ne pouvez pas b\u00e9n\u00e9ficier de l\u2019AFPR.<\/li>\n<\/ul>\n<p><iframe loading=\"lazy\" title=\"Les aides \u00e0 la formation\" width=\"500\" height=\"281\" src=\"https:\/\/www.youtube.com\/embed\/gs3ZRHqtzmY?feature=oembed\" frameborder=\"0\" allow=\"accelerometer; autoplay; clipboard-write; encrypted-media; gyroscope; picture-in-picture; web-share\" referrerpolicy=\"strict-origin-when-cross-origin\" allowfullscreen><\/iframe><\/p>\n<h1>Combien de temps peut-on b\u00e9n\u00e9ficier de l&rsquo;AIF ?<\/h1>\n<p>La dur\u00e9e de la formation prise en charge par l&rsquo;AIF peut \u00eatre exceptionnellement sup\u00e9rieure \u00e0 un an, mais ne doit en aucun cas \u00eatre d\u2019une dur\u00e9e sup\u00e9rieure \u00e0 3 ann\u00e9es (redoublement compris, un seul redoublement peut \u00eatre tol\u00e9r\u00e9).<\/p>\n<h1>Quelles sont les formations prises en charge par l&rsquo;AIF ?<\/h1>\n<ul>\n<li style=\"text-align: justify;\">le compl\u00e9ment de financement accord\u00e9 par Op\u00e9rateur de comp\u00e9tences (Opco) ;<\/li>\n<li style=\"text-align: justify;\">la contribution au financement d\u2019une formation du secteur sanitaire et social dont l&rsquo;acc\u00e8s r\u00e9sulte de la r\u00e9ussite \u00e0 un concours;<\/li>\n<li style=\"text-align: justify;\">le stage obligatoire de pr\u00e9paration \u00e0 l\u2019installation d\u2019un futur artisan ;<\/li>\n<li style=\"text-align: justify;\">le compl\u00e9ment de financement d\u2019une formation initi\u00e9e dans le cadre du\u00a0Compte personnel de formation\u00a0\u00a0;<\/li>\n<li style=\"text-align: justify;\">une formation non couverte par les achats de formations de P\u00f4le emploi ou du Conseil r\u00e9gional ;<\/li>\n<li style=\"text-align: justify;\">une formation compl\u00e9mentaire dans le cadre d\u2019une\u00a0Validation des acquis de l\u2019exp\u00e9rience(VAE) ;<\/li>\n<li style=\"text-align: justify;\">un Bilan de comp\u00e9tences ;<\/li>\n<li style=\"text-align: justify;\">la garantie qu\u2019un projet de formation port\u00e9 par le demandeur d\u2019emploi et inscrit au PPAE.<\/li>\n<\/ul>\n<h1>Comment faire une demande d&rsquo;AIF ?<\/h1>\n<p>Pour proc\u00e9der \u00e0 la demande d&rsquo;aide, le b\u00e9n\u00e9ficiaire doit monter un\u00a0<b>dossier<\/b>\u00a0comprenant un\u00a0CV, une\u00a0lettre de motivation, mais \u00e9galement au moins deux devis nominatifs. La formation du demandeur d&#8217;emploi doit \u00eatre valid\u00e9e par le conseiller P\u00f4le emploi.<\/p>\n<p>\u00c0 noter : votre dossier doit \u00eatre d\u00e9pos\u00e9 15 jours avant le d\u00e9but de votre formation.\u00a0<strong>Votre dossier devra \u00eatre sign\u00e9<\/strong>\u00a0par :<\/p>\n<ul class=\"spip\">\n<li>l\u2019organisme de formation prestataire de la formation pour laquelle l\u2019aide individuelle \u00e0 la formation est demand\u00e9e\u00a0;<\/li>\n<li>le repr\u00e9sentant de P\u00f4le emploi, avant le premier jour de la formation.<\/li>\n<\/ul>\n<p>Vous pouvez \u00e9galement demander \u00e0 Mes Allocs de faire toutes les d\u00e9marches administratives \u00e0 votre place !<\/p>\n<h1><span id=\"Remuneration\">R\u00e9mun\u00e9ration<\/span><\/h1>\n<p><strong>La r\u00e9mun\u00e9ration que vous percevrez d\u00e9pendra de votre situation :\u00a0<\/strong><\/p>\n<ul class=\"spip\">\n<li style=\"text-align: justify;\">L\u2019allocation d\u2019aide au retour \u00e0 l\u2019emploi formation (AREF), si vous \u00eates indemnis\u00e9 au titre de l\u2019allocation d\u2019aide au retour \u00e0 l\u2019emploi (ARE)<\/li>\n<li style=\"text-align: justify;\">La r\u00e9mun\u00e9ration de fin de formation (RFF), si vous avez \u00e9puis\u00e9 vos droits \u00e0 l\u2019ARE ou \u00e0 l\u2019allocation de s\u00e9curisation professionnelle (ASP), au cours de la formation financ\u00e9e dans le cadre de l\u2019AIF<\/li>\n<li style=\"text-align: justify;\">La r\u00e9mun\u00e9ration de formation de P\u00f4le emploi (RFPE), dans les autres cas<\/li>\n<\/ul>\n<p style=\"text-align: justify;\"><div class='cta-block'><div class='text'>Simulez toutes vos aides en 2 min.<\/div><a href='https:\/\/www.mes-allocs.fr\/ab-app?origin=guides\/wp-json\/wp\/v2\/posts\/19066' class='app-button fit'>Simulation gratuite<\/a><\/div><\/p>\n","protected":false},"excerpt":{"rendered":"<p>L&rsquo;AIF est un dispositif mis en place par P\u00f4le Emploi. Vous pouvez en faire la demande si aucun autre dispositif n&rsquo;est en mesure de financer votre formation professionnelle. Pour en b\u00e9n\u00e9ficier, un certain nombre de conditions sont \u00e0 respecter. Mes Allocs vous dit tout sur le montant de l&rsquo;AIF ici. Montant de l&rsquo;AIF L\u2019Aide individuelle [&hellip;]<\/p>\n","protected":false},"author":7,"featured_media":19252,"comment_status":"open","ping_status":"open","sticky":false,"template":"","format":"standard","meta":{"amp_status":"","footnotes":""},"categories":[2045,2868],"tags":[],"class_list":["post-19066","post","type-post","status-publish","format-standard","has-post-thumbnail","hentry","category-aide-formation","category-aif-aide-formation"],"yoast_head":"<!-- This site is optimized with the Yoast SEO plugin v14.9 - https:\/\/yoast.com\/wordpress\/plugins\/seo\/ -->\n<title>AIF : montant maximum de l&#039;allocation | Mes-Allocs.fr<\/title>\n<meta name=\"description\" content=\"L&#039;AIF ou aide individuelle \u00e0 l&#039;emploi attribu\u00e9e par P\u00f4le Emploi vous permet de financer votre formation. Mes Allocs vous explique en d\u00e9tail !\" \/>\n<meta name=\"robots\" content=\"index, follow, max-snippet:-1, max-image-preview:large, max-video-preview:-1\" \/>\n<link rel=\"canonical\" href=\"https:\/\/www.mes-allocs.fr\/guides\/aide-formation\/aif-montant-maximum\/\" \/>\n<meta property=\"og:locale\" content=\"fr_FR\" \/>\n<meta property=\"og:type\" content=\"article\" \/>\n<meta property=\"og:title\" content=\"AIF : montant maximum de l&#039;allocation | Mes-Allocs.fr\" \/>\n<meta property=\"og:description\" content=\"L&#039;AIF ou aide individuelle \u00e0 l&#039;emploi attribu\u00e9e par P\u00f4le Emploi vous permet de financer votre formation. Mes Allocs vous explique en d\u00e9tail !\" \/>\n<meta property=\"og:url\" content=\"https:\/\/www.mes-allocs.fr\/guides\/aide-formation\/aif-montant-maximum\/\" \/>\n<meta property=\"og:site_name\" content=\"Mes-Allocs.fr\" \/>\n<meta property=\"article:published_time\" content=\"2021-02-17T08:56:57+00:00\" \/>\n<meta property=\"article:modified_time\" content=\"2025-10-21T08:04:02+00:00\" \/>\n<meta property=\"og:image\" content=\"https:\/\/www.mes-allocs.fr\/guides\/wp-content\/uploads\/2021\/02\/pexels-thisisengineering-3862370-1.jpg?wsr\" \/>\n\t<meta property=\"og:image:width\" content=\"1280\" \/>\n\t<meta property=\"og:image:height\" content=\"853\" \/>\n<meta name=\"twitter:card\" content=\"summary_large_image\" \/>\n<script type=\"application\/ld+json\" class=\"yoast-schema-graph\">{\"@context\":\"https:\/\/schema.org\",\"@graph\":[{\"@type\":\"WebSite\",\"@id\":\"https:\/\/www.mes-allocs.fr\/guides\/#website\",\"url\":\"https:\/\/www.mes-allocs.fr\/guides\/\",\"name\":\"Mes-Allocs.fr\",\"description\":\"\",\"potentialAction\":[{\"@type\":\"SearchAction\",\"target\":\"https:\/\/www.mes-allocs.fr\/guides\/?s={search_term_string}\",\"query-input\":\"required name=search_term_string\"}],\"inLanguage\":\"fr-FR\"},{\"@type\":\"ImageObject\",\"@id\":\"https:\/\/www.mes-allocs.fr\/guides\/aide-formation\/aif-montant-maximum\/#primaryimage\",\"inLanguage\":\"fr-FR\",\"url\":\"https:\/\/www.mes-allocs.fr\/guides\/wp-content\/uploads\/2021\/02\/pexels-thisisengineering-3862370-1.jpg?wsr\",\"width\":1280,\"height\":853,\"caption\":\"pexels thisisengineering 3862370 1 e1612474789294\"},{\"@type\":\"WebPage\",\"@id\":\"https:\/\/www.mes-allocs.fr\/guides\/aide-formation\/aif-montant-maximum\/#webpage\",\"url\":\"https:\/\/www.mes-allocs.fr\/guides\/aide-formation\/aif-montant-maximum\/\",\"name\":\"AIF : montant maximum de l'allocation | Mes-Allocs.fr\",\"isPartOf\":{\"@id\":\"https:\/\/www.mes-allocs.fr\/guides\/#website\"},\"primaryImageOfPage\":{\"@id\":\"https:\/\/www.mes-allocs.fr\/guides\/aide-formation\/aif-montant-maximum\/#primaryimage\"},\"datePublished\":\"2021-02-17T08:56:57+00:00\",\"dateModified\":\"2025-10-21T08:04:02+00:00\",\"author\":{\"@id\":\"https:\/\/www.mes-allocs.fr\/guides\/#\/schema\/person\/1c4837d5703727cb02ce84583b5a44aa\"},\"description\":\"L'AIF ou aide individuelle \\u00e0 l'emploi attribu\\u00e9e par P\\u00f4le Emploi vous permet de financer votre formation. Mes Allocs vous explique en d\\u00e9tail !\",\"inLanguage\":\"fr-FR\"},{\"@type\":\"Person\",\"@id\":\"https:\/\/www.mes-allocs.fr\/guides\/#\/schema\/person\/1c4837d5703727cb02ce84583b5a44aa\",\"name\":\"Fabiola\",\"image\":{\"@type\":\"ImageObject\",\"@id\":\"https:\/\/www.mes-allocs.fr\/guides\/#personlogo\",\"inLanguage\":\"fr-FR\",\"url\":\"https:\/\/www.mes-allocs.fr\/guides\/wp-content\/uploads\/2021\/06\/fabiola-150x150.png\",\"caption\":\"Fabiola\"},\"description\":\"Fabiola est r\\u00e9dactrice au sein de l'\\u00e9quipe Mes Allocs, sp\\u00e9cialis\\u00e9e en sciences politiques et affaires publiques. Dipl\\u00f4m\\u00e9e de l'HEIP, elle rejoint Mes Allocs apr\\u00e8s une premi\\u00e8re exp\\u00e9rience \\u00e0 l'Assembl\\u00e9e Nationale.\",\"sameAs\":[\"https:\/\/www.linkedin.com\/in\/cecilia-philippe-b-8a8085195\"]}]}<\/script>\n<!-- \/ Yoast SEO plugin. -->","amp_validity":null,"acf":{"faq":{"1":{"question":"Comment se faire rembourser frais d\u00e9placement P\u00f4le emploi ?","answer":"Votre demande doit \u00eatre effectu\u00e9e directement sur le site P\u00f4le Emploi. Dans votre espace personnel, rubrique Mes Aides : avant le d\u00e9placement pour un entretien d'embauche, un concours public ou une prestation P\u00f4le emploi et jusqu'\u00e0 7 jours calendaires"},"2":{"question":"Comment beneficier de l'AIF ?","answer":"Pour acc\u00e9der au dispositif, il faut \u00eatre inscrit en tant que demandeur d'emploi, sans condition d'indemnisation, \u00eatre accompagn\u00e9 au titre d'un contrat de s\u00e9curisation professionnelle (CSP) et ne pas pouvoir b\u00e9n\u00e9ficier de la POE ou de l'AFPR."},"3":{"question":"Qui finance l'AIF ?","answer":"L'AIF prend en charge la totalit\u00e9 du co\u00fbt de formation qui reste \u00e0 votre charge, c'est-\u00e0-dire apr\u00e8s intervention d'autres organismes financiers. "},"4":{"question":"Comment obtenir une aide financi\u00e8re pour une formation ?","answer":"Le financement se fait par le biais du Fongecif, l'Opacif ou l'OPCA de votre employeur. Peu importe l'organisme utilis\u00e9, votre employeur y a cotis\u00e9 au titre de la formation. "},"5":{"question":"Comment b\u00e9n\u00e9ficier d'une formation professionnelle ?","answer":"Pour pouvoir acc\u00e9der \u00e0 une formation continue, le salari\u00e9 doit disposer d'un compte personnel de formation (CPF) qui consiste en la comptabilisation des heures de formation acquises durant ses ann\u00e9es de travail plafonn\u00e9es \u00e0 150 heures"},"6":{"question":"Combien de temps dure l'AIF ?","answer":"L'AIF est g\u00e9n\u00e9ralement attribu\u00e9e pour 1 an. Vous pouvez en b\u00e9n\u00e9ficier pour 3 ans maximum."},"7":{"question":"","answer":""},"8":{"question":"","answer":""},"9":{"question":"","answer":""},"10":{"question":"","answer":""},"11":{"question":"","answer":""},"12":{"question":"","answer":""},"13":{"question":"","answer":""},"14":{"question":"","answer":""},"15":{"question":"","answer":""},"16":{"question":"","answer":""}}},"_links":{"self":[{"href":"https:\/\/www.mes-allocs.fr\/guides\/wp-json\/wp\/v2\/posts\/19066","targetHints":{"allow":["GET"]}}],"collection":[{"href":"https:\/\/www.mes-allocs.fr\/guides\/wp-json\/wp\/v2\/posts"}],"about":[{"href":"https:\/\/www.mes-allocs.fr\/guides\/wp-json\/wp\/v2\/types\/post"}],"author":[{"embeddable":true,"href":"https:\/\/www.mes-allocs.fr\/guides\/wp-json\/wp\/v2\/users\/7"}],"replies":[{"embeddable":true,"href":"https:\/\/www.mes-allocs.fr\/guides\/wp-json\/wp\/v2\/comments?post=19066"}],"version-history":[{"count":11,"href":"https:\/\/www.mes-allocs.fr\/guides\/wp-json\/wp\/v2\/posts\/19066\/revisions"}],"predecessor-version":[{"id":102312,"href":"https:\/\/www.mes-allocs.fr\/guides\/wp-json\/wp\/v2\/posts\/19066\/revisions\/102312"}],"wp:featuredmedia":[{"embeddable":true,"href":"https:\/\/www.mes-allocs.fr\/guides\/wp-json\/wp\/v2\/media\/19252"}],"wp:attachment":[{"href":"https:\/\/www.mes-allocs.fr\/guides\/wp-json\/wp\/v2\/media?parent=19066"}],"wp:term":[{"taxonomy":"category","embeddable":true,"href":"https:\/\/www.mes-allocs.fr\/guides\/wp-json\/wp\/v2\/categories?post=19066"},{"taxonomy":"post_tag","embeddable":true,"href":"https:\/\/www.mes-allocs.fr\/guides\/wp-json\/wp\/v2\/tags?post=19066"}],"curies":[{"name":"wp","href":"https:\/\/api.w.org\/{rel}","templated":true}]}}