{"id":19050,"date":"2021-02-03T14:15:10","date_gmt":"2021-02-03T14:15:10","guid":{"rendered":"https:\/\/www.mes-allocs.fr\/guides\/?p=19050"},"modified":"2025-07-17T10:07:56","modified_gmt":"2025-07-17T08:07:56","slug":"aide-au-transport-aux-particuliers","status":"publish","type":"post","link":"https:\/\/www.mes-allocs.fr\/guides\/aide-au-transport\/aide-au-transport-par-statut\/aide-au-transport-aux-particuliers\/","title":{"rendered":"Aide au transport pour les particuliers : conditions, montants, d\u00e9marches"},"content":{"rendered":"<p><img loading=\"lazy\" decoding=\"async\" class=\"aligncenter wp-image-19053 size-full\" title=\"aide au transport aux particuliers \" src=\"https:\/\/www.mes-allocs.fr\/guides\/wp-content\/uploads\/2021\/02\/famille--e1694087466292.jpg\" alt=\"aide au transport aux particuliers \" width=\"1880\" height=\"390\" srcset=\"https:\/\/www.mes-allocs.fr\/guides\/wp-content\/uploads\/2021\/02\/famille--e1694087466292.jpg 1880w, https:\/\/www.mes-allocs.fr\/guides\/wp-content\/uploads\/2021\/02\/famille--e1694087466292-300x62.jpg 300w, https:\/\/www.mes-allocs.fr\/guides\/wp-content\/uploads\/2021\/02\/famille--e1694087466292-1024x212.jpg 1024w, https:\/\/www.mes-allocs.fr\/guides\/wp-content\/uploads\/2021\/02\/famille--e1694087466292-768x159.jpg 768w, https:\/\/www.mes-allocs.fr\/guides\/wp-content\/uploads\/2021\/02\/famille--e1694087466292-1536x319.jpg 1536w, https:\/\/www.mes-allocs.fr\/guides\/wp-content\/uploads\/2021\/02\/famille--e1694087466292-600x124.jpg 600w\" sizes=\"auto, (max-width: 1880px) 100vw, 1880px\" \/><\/p>\n<p style=\"text-align: justify;\"><strong>L&rsquo;<a href=\"https:\/\/www.mes-allocs.fr\/guides\/aide-au-transport\/\">aide au transport<\/a> est disponible pour diff\u00e9rentes cat\u00e9gories de la population. On pourrait penser qu&rsquo;elle est exclusivement d\u00e9di\u00e9e aux salari\u00e9s et aux \u00e9tudiants. Mais en tant que particulier, vous pouvez aussi avoir droit \u00e0 ces aides. D\u00e9couvrez quelles sont les aides au transport destin\u00e9es aux particuliers, et comment en b\u00e9n\u00e9ficier.\u00a0<\/strong><\/p>\n<div class='cta-block'><div class='text'>Simulez toutes vos aides au transport en 2 min. <\/div><a href='https:\/\/www.mes-allocs.fr\/ab-app?origin=guides\/wp-json\/wp\/v2\/posts\/19050' class='app-button fit'>Simulation gratuite<\/a><\/div>\n<h1>Qui sont les \u00ab\u00a0particuliers\u00a0\u00bb ?<\/h1>\n<p style=\"text-align: justify;\">Le terme \u00ab\u00a0particulier\u00a0\u00bb regroupe les familles, les jeunes enfants et les adolescents jusqu&rsquo;\u00e0 18 ans qu&rsquo;ils soient scolaris\u00e9s ou pas. On les nomme de cette mani\u00e8re car il existe des aides qui sont r\u00e9serv\u00e9es aux \u00e9tudiants ou aux salari\u00e9s. Les aides au transport pour les particuliers ne sont pas forc\u00e9ment valables pour les autres cat\u00e9gories.<\/p>\n<p><iframe loading=\"lazy\" title=\"Les aides au transport\" width=\"500\" height=\"281\" src=\"https:\/\/www.youtube.com\/embed\/zRZFzrnwvEs?feature=oembed\" frameborder=\"0\" allow=\"accelerometer; autoplay; clipboard-write; encrypted-media; gyroscope; picture-in-picture; web-share\" referrerpolicy=\"strict-origin-when-cross-origin\" allowfullscreen><\/iframe><\/p>\n<h1>L&rsquo;aide aux transports publics pour les particuliers<\/h1>\n<p>Les aides au transport d\u00e9pendent souvent du <a href=\"https:\/\/www.mes-allocs.fr\/guides\/aide-au-transport\/aide-au-transport-par-statut\/\">statut du demandeur<\/a>. D\u00e9couvrons ensemble quelles sont les aides accord\u00e9es aux diff\u00e9rentes cat\u00e9gories de particuliers.<\/p>\n<h2>Les jeunes enfants<\/h2>\n<p>Au sein de la r\u00e9gion \u00cele-de-France, les aides aux transports pour les jeunes enfants sont multiples. Elles concernent principalement les titres de transport. Via le r\u00e9seau de la RATP, on observe que les enfants \u00e2g\u00e9s de moins de 4 ans circulent gratuitement sur l&rsquo;ensemble du r\u00e9seau. Cependant, ces derniers ne doivent pas occuper de place assise.<\/p>\n<p>Les enfants \u00e2g\u00e9s de 4 \u00e0 9 ans b\u00e9n\u00e9ficient de titres de transports \u00e0 demi-tarifs sur les tickets T+.<\/p>\n<p style=\"text-align: justify;\">En 2022, les jeunes parisiens de 4 \u00e0 11 ans b\u00e9n\u00e9ficient d&rsquo;un remboursement int\u00e9gral de leur abonnement s&rsquo;ils sont scolaris\u00e9s \u00e0 l&rsquo;\u00e9cole maternelle ou primaire.<\/p>\n<h2>Les familles nombreuses<\/h2>\n<p>Les familles nombreuses sont aussi \u00a0concern\u00e9s par les aides au transport pour les particuliers. La SNCF a mis en place la Carte Famille Nombreuse.<\/p>\n<p>Ce dispositif permet de voyager sur le r\u00e9seau SNCF \u00e0 tarif r\u00e9duit. Cette carte est attribu\u00e9 jusqu&rsquo;au 18 ans du dernier enfant. Voici la grille tarifaire:<\/p>\n<p><span data-token-index=\"0\" data-reactroot=\"\">Voici un tableau r\u00e9capitulatif \u00a0du taux de r\u00e9duction sur les billets de train par nombre d&rsquo;enfants : <\/span><\/p>\n<p><span data-token-index=\"0\" data-reactroot=\"\">\n<div class=\"wpdt-c row wpDataTableContainerSimpleTable wpDataTables wpDataTablesWrapper\n\"\n    >\n    <table id=\"wpdtSimpleTable-365\"\n           class=\"wpdtSimpleTable wpDataTable\"\n           data-column=\"2\"\n           data-rows=\"5\"\n           data-wpID=\"365\"\n           data-responsive=\"0\"\n           data-has-header=\"1\">\n\n                    <thead>        <tr class=\"wpdt-cell-row \" >\n                            <th class=\"wpdt-cell wpdt-bc-F3F9FE\"\n                                    data-cell-id=\"A1\"\n                data-col-index=\"0\"\n                data-row-index=\"0\"\n                style=\" width:50.884086444008%;                padding:10px;\"\n                >\n                                Nombre d'enfants mineurs                <\/th>\n                                            <th class=\"wpdt-cell wpdt-bc-F3F9FE\"\n                                    data-cell-id=\"B1\"\n                data-col-index=\"1\"\n                data-row-index=\"0\"\n                style=\" width:49.115913555992%;                padding:10px;\"\n                >\n                                Taux de r\u00e9duction sur le billet de train\u00a0                <\/th>\n                                        <\/tr>\n                    <tbody>        <tr class=\"wpdt-cell-row \" >\n                            <td class=\"wpdt-cell \"\n                                    data-cell-id=\"A2\"\n                data-col-index=\"0\"\n                data-row-index=\"1\"\n                style=\"                padding:10px;\"\n                >\n                                3 enfants                <\/td>\n                                            <td class=\"wpdt-cell \"\n                                    data-cell-id=\"B2\"\n                data-col-index=\"1\"\n                data-row-index=\"1\"\n                style=\"                padding:10px;\"\n                >\n                                30%                <\/td>\n                                        <\/tr>\n                            <tr class=\"wpdt-cell-row \" >\n                            <td class=\"wpdt-cell \"\n                                    data-cell-id=\"A3\"\n                data-col-index=\"0\"\n                data-row-index=\"2\"\n                style=\"                padding:10px;\"\n                >\n                                4 enfants                <\/td>\n                                            <td class=\"wpdt-cell \"\n                                    data-cell-id=\"B3\"\n                data-col-index=\"1\"\n                data-row-index=\"2\"\n                style=\"                padding:10px;\"\n                >\n                                \u00a040%                <\/td>\n                                        <\/tr>\n                            <tr class=\"wpdt-cell-row \" >\n                            <td class=\"wpdt-cell \"\n                                    data-cell-id=\"A4\"\n                data-col-index=\"0\"\n                data-row-index=\"3\"\n                style=\"                padding:10px;\"\n                >\n                                5 enfants                <\/td>\n                                            <td class=\"wpdt-cell \"\n                                    data-cell-id=\"B4\"\n                data-col-index=\"1\"\n                data-row-index=\"3\"\n                style=\"                padding:10px;\"\n                >\n                                50%                <\/td>\n                                        <\/tr>\n                            <tr class=\"wpdt-cell-row \" >\n                            <td class=\"wpdt-cell \"\n                                    data-cell-id=\"A5\"\n                data-col-index=\"0\"\n                data-row-index=\"4\"\n                style=\"                padding:10px;\"\n                >\n                                \u00a06 enfants ou plus\u00a0                <\/td>\n                                            <td class=\"wpdt-cell \"\n                                    data-cell-id=\"B5\"\n                data-col-index=\"1\"\n                data-row-index=\"4\"\n                style=\"                padding:10px;\"\n                >\n                                \u00a075%                <\/td>\n                                        <\/tr>\n                    <\/table>\n<\/div><style id='wpdt-custom-style-365'>\ntable#wpdtSimpleTable-365{ table-layout: fixed !important; }\n.wpdt-bc-F3F9FE { background-color: #F3F9FE !important;}\n<\/style>\n<\/span><\/p>\n<p>Pour en faire la demande, il faut se rendre sur les site: https:\/\/www.oui.sncf.<\/p>\n<p>En \u00cele-de-France, un dispositif similaire est aussi disponible pour b\u00e9n\u00e9ficier de r\u00e9ductions sur le r\u00e9seau de la RATP<\/p>\n<div class='cta-block'><div class='text'>Simulez toutes vos aides en 2 min.<\/div><a href='https:\/\/www.mes-allocs.fr\/ab-app?origin=guides\/wp-json\/wp\/v2\/posts\/19050' class='app-button fit'>Simulation gratuite<\/a><\/div>\n<h1>Aide au transport et v\u00e9hicule personnel<\/h1>\n<h2>Quand a-t-on recours \u00e0 un v\u00e9hicule personnel ?<\/h2>\n<p>L&rsquo;utilisation du v\u00e9hicule personnel est souvent une r\u00e9alit\u00e9 pour les personnes n&rsquo;ayant pas acc\u00e8s aux transports publics. Il peut \u00eatre mis \u00e0 contribution pour emmener les enfants \u00e0 l&rsquo;\u00e9cole ou pour se rendre au travail.<\/p>\n<p>Le conseil r\u00e9gional des Hauts-de-France a \u00e9labor\u00e9 un syst\u00e8me. Il s&rsquo;agit d&rsquo;une aide au transport facultative de 20 euros par mois pour aider les personnes utilisant leur v\u00e9hicules personnels. Ce montant est vers\u00e9 directement sur le compte bancaire du b\u00e9n\u00e9ficiaire sous conditions:<\/p>\n<ul>\n<li>Le trajet domicile-travail est de plus de 20 kilom\u00e8tres<\/li>\n<li>Percevoir mois du double du SMIC net<\/li>\n<li>\u00catre <a href=\"https:\/\/www.mes-allocs.fr\/guides\/aide-au-transport\/aide-au-transport-par-statut\/aide-au-transport-des-salaries\/\">salari\u00e9<\/a> ou <a href=\"https:\/\/www.mes-allocs.fr\/guides\/aide-au-transport\/aide-au-transport-par-statut\/aide-transport-apprenti\/\">apprenti<\/a><\/li>\n<\/ul>\n<h2>Comment b\u00e9n\u00e9ficier de l&rsquo;aide au transport pour un v\u00e9hicule personnel ?<\/h2>\n<p>Pour b\u00e9n\u00e9ficier de l&rsquo;aide au transport pour un v\u00e9hicule personnel, il est essentiel de suivre certaines d\u00e9marches administratives. Voici les \u00e9tapes g\u00e9n\u00e9rales \u00e0 suivre :<\/p>\n<p><strong>1. Identification des programmes d&rsquo;aide :<\/strong> tout d&rsquo;abord, renseignez-vous sur les diff\u00e9rents programmes d&rsquo;aide au transport disponibles dans votre r\u00e9gion ou pays. Ces programmes peuvent varier en fonction de la localisation et des politiques gouvernementales en vigueur.<\/p>\n<p><strong>2. V\u00e9rification des crit\u00e8res d&rsquo;\u00e9ligibilit\u00e9 :<\/strong> assurez-vous de remplir les crit\u00e8res d&rsquo;\u00e9ligibilit\u00e9 sp\u00e9cifiques \u00e0 chaque programme. Les crit\u00e8res peuvent concerner des \u00e9l\u00e9ments tels que le type de v\u00e9hicule, l&rsquo;\u00e2ge du v\u00e9hicule, les \u00e9missions polluantes, le lieu de r\u00e9sidence, et le revenu.<\/p>\n<p><strong>3. Collecte des documents n\u00e9cessaires :<\/strong> rassemblez les documents requis pour prouver votre \u00e9ligibilit\u00e9. Cela peut inclure des informations sur votre v\u00e9hicule, vos revenus, votre adresse de r\u00e9sidence, et d&rsquo;autres documents d&rsquo;identification.<\/p>\n<p><strong>4. Remplissage du formulaire de demande :<\/strong> compl\u00e9tez le formulaire de demande du programme d&rsquo;aide au transport. Assurez-vous de fournir des informations pr\u00e9cises et de joindre tous les documents n\u00e9cessaires.<\/p>\n<p><strong>5. Soumission de la demande :<\/strong> envoyez votre demande compl\u00e8te au service ou \u00e0 l&rsquo;organisme responsable du programme. Suivez les instructions fournies pour la soumission en ligne ou par voie postale.<\/p>\n<p><strong>6. Attente de la d\u00e9cision :<\/strong> une fois votre demande soumise, il peut y avoir un d\u00e9lai d&rsquo;attente pour le traitement de votre demande. Pendant cette p\u00e9riode, l&rsquo;organisme responsable examinera votre dossier.<\/p>\n<p><strong>7. R\u00e9ception de l&rsquo;aide :<\/strong> si votre demande est approuv\u00e9e, vous recevrez l&rsquo;aide au transport conform\u00e9ment aux modalit\u00e9s du programme. Il peut s&rsquo;agir d&rsquo;un versement financier, d&rsquo;un ch\u00e8que carburant, d&rsquo;une prime \u00e0 la conversion, ou d&rsquo;autres avantages pr\u00e9vus.<\/p>\n<p><strong>8. Respect des conditions :<\/strong> cssurez-vous de respecter toutes les conditions li\u00e9es \u00e0 l&rsquo;aide au transport que vous avez re\u00e7ue. Cela peut inclure des obligations telles que le maintien du v\u00e9hicule en bon \u00e9tat ou l&rsquo;utilisation de carburants respectueux de l&rsquo;environnement.<\/p>\n<p><strong>9. Renouvellement ou suivi :<\/strong> certains programmes d&rsquo;aide au transport n\u00e9cessitent un renouvellement p\u00e9riodique. Assurez-vous de suivre ces exigences pour continuer \u00e0 b\u00e9n\u00e9ficier de l&rsquo;aide.<\/p>\n<p>Il est essentiel de se tenir inform\u00e9 des changements \u00e9ventuels dans les programmes d&rsquo;aide au transport et de s&rsquo;assurer de r\u00e9pondre aux exigences pour profiter pleinement des avantages financiers et environnementaux offerts par ces programmes.<\/p>\n<h2><strong>Quels sont les avantages de l&rsquo;aide au transport pour le v\u00e9hicule personnel ?<\/strong><\/h2>\n<p>L&rsquo;aide au transport pour le v\u00e9hicule personnel offre plusieurs avantages significatifs. Tout d&rsquo;abord, elle g\u00e9n\u00e8re des \u00e9conomies financi\u00e8res substantielles pour les propri\u00e9taires de v\u00e9hicules, r\u00e9duisant ainsi leur charge budg\u00e9taire li\u00e9e aux d\u00e9placements quotidiens.<\/p>\n<p>De plus, cette aide encourage souvent la transition vers des v\u00e9hicules plus propres et respectueux de l&rsquo;environnement, contribuant ainsi \u00e0 r\u00e9duire les \u00e9missions polluantes et \u00e0 am\u00e9liorer la qualit\u00e9 de l&rsquo;air.<\/p>\n<p>En combinant ces avantages \u00e9conomiques et environnementaux, l&rsquo;aide au transport pour le v\u00e9hicule personnel joue un r\u00f4le essentiel dans la promotion de modes de d\u00e9placement plus durables et dans la r\u00e9duction de l&rsquo;impact environnemental li\u00e9 \u00e0 la mobilit\u00e9 individuelle.<\/p>\n<h1><strong> \u00c9volutions et perspectives de l&rsquo;aide au transport pour le v\u00e9hicule personnel<\/strong><\/h1>\n<h2>Les tendances actuelles de l&rsquo;aide au transport pour le v\u00e9hicule personnel<\/h2>\n<p>Actuellement, on observe une tendance croissante \u00e0 promouvoir l&rsquo;utilisation de v\u00e9hicules propres et \u00e9conomes en carburant gr\u00e2ce \u00e0 des aides financi\u00e8res. Les incitations fiscales et les subventions pour les v\u00e9hicules \u00e9lectriques, hybrides et \u00e0 faibles \u00e9missions gagnent en popularit\u00e9 pour encourager la transition vers des moyens de transport plus respectueux de l&rsquo;environnement.<\/p>\n<p>Les programmes de covoiturage sont \u00e9galement en hausse, permettant aux propri\u00e9taires de v\u00e9hicules de partager leurs trajets avec d&rsquo;autres voyageurs pour r\u00e9duire les co\u00fbts et la congestion routi\u00e8re.<\/p>\n<h2>Les perspectives d&rsquo;am\u00e9lioration de l&rsquo;aide au transport pour le v\u00e9hicule personnel<\/h2>\n<p>\u00c0 l&rsquo;avenir, les aides au transport pour le v\u00e9hicule personnel devraient continuer \u00e0 \u00e9voluer pour mieux r\u00e9pondre aux besoins changeants des citoyens et aux objectifs environnementaux. Cela pourrait inclure le d\u00e9veloppement de programmes plus sp\u00e9cifiques \u00e0 certains types de v\u00e9hicules, tels que les v\u00e9los \u00e9lectriques ou les voitures \u00e0 hydrog\u00e8ne, ainsi que des incitations pour favoriser l&rsquo;utilisation des transports en commun ou le covoiturage.<\/p>\n<p>L&rsquo;int\u00e9gration de technologies num\u00e9riques et d&rsquo;applications mobiles pour faciliter l&rsquo;acc\u00e8s \u00e0 ces aides et suivre leur utilisation pourrait \u00e9galement jouer un r\u00f4le important dans l&rsquo;am\u00e9lioration de l&rsquo;efficacit\u00e9 des programmes d&rsquo;aide au transport pour le v\u00e9hicule personnel.<\/p>\n<div class='cta-block'><div class='text'>Simulez toutes vos aides en 2 min.<\/div><a href='https:\/\/www.mes-allocs.fr\/ab-app?origin=guides\/wp-json\/wp\/v2\/posts\/19050' class='app-button fit'>Simulation gratuite<\/a><\/div>\n","protected":false},"excerpt":{"rendered":"<p>L&rsquo;aide au transport est disponible pour diff\u00e9rentes cat\u00e9gories de la population. On pourrait penser qu&rsquo;elle est exclusivement d\u00e9di\u00e9e aux salari\u00e9s et aux \u00e9tudiants. Mais en tant que particulier, vous pouvez aussi avoir droit \u00e0 ces aides. D\u00e9couvrez quelles sont les aides au transport destin\u00e9es aux particuliers, et comment en b\u00e9n\u00e9ficier.\u00a0 Qui sont les \u00ab\u00a0particuliers\u00a0\u00bb ? [&hellip;]<\/p>\n","protected":false},"author":6,"featured_media":19053,"comment_status":"open","ping_status":"open","sticky":false,"template":"","format":"standard","meta":{"amp_status":"","footnotes":""},"categories":[5332,5432],"tags":[],"class_list":["post-19050","post","type-post","status-publish","format-standard","has-post-thumbnail","hentry","category-aide-au-transport","category-aide-au-transport-par-statut"],"yoast_head":"<!-- This site is optimized with the Yoast SEO plugin v14.9 - https:\/\/yoast.com\/wordpress\/plugins\/seo\/ -->\n<title>Aide au transport des particuliers : conditions, montants, d\u00e9marches<\/title>\n<meta name=\"description\" content=\"L&#039;aide au transport est disponible pour les particuliers. Mais quelles sont les conditions ? On vous dit tout sur Mes Allocs !\" \/>\n<meta name=\"robots\" content=\"index, follow, max-snippet:-1, max-image-preview:large, max-video-preview:-1\" \/>\n<link rel=\"canonical\" href=\"https:\/\/www.mes-allocs.fr\/guides\/aide-au-transport\/aide-au-transport-par-statut\/aide-au-transport-aux-particuliers\/\" \/>\n<meta property=\"og:locale\" content=\"fr_FR\" \/>\n<meta property=\"og:type\" content=\"article\" \/>\n<meta property=\"og:title\" content=\"Aide au transport des particuliers : conditions, montants, d\u00e9marches\" \/>\n<meta property=\"og:description\" content=\"L&#039;aide au transport est disponible pour les particuliers. Mais quelles sont les conditions ? On vous dit tout sur Mes Allocs !\" \/>\n<meta property=\"og:url\" content=\"https:\/\/www.mes-allocs.fr\/guides\/aide-au-transport\/aide-au-transport-par-statut\/aide-au-transport-aux-particuliers\/\" \/>\n<meta property=\"og:site_name\" content=\"Mes-Allocs.fr\" \/>\n<meta property=\"article:published_time\" content=\"2021-02-03T14:15:10+00:00\" \/>\n<meta property=\"article:modified_time\" content=\"2025-07-17T08:07:56+00:00\" \/>\n<meta property=\"og:image\" content=\"https:\/\/www.mes-allocs.fr\/guides\/wp-content\/uploads\/2021\/02\/famille--e1694087466292.jpg?wsr\" \/>\n\t<meta property=\"og:image:width\" content=\"1880\" \/>\n\t<meta property=\"og:image:height\" content=\"390\" \/>\n<meta name=\"twitter:card\" content=\"summary_large_image\" \/>\n<script type=\"application\/ld+json\" class=\"yoast-schema-graph\">{\"@context\":\"https:\/\/schema.org\",\"@graph\":[{\"@type\":\"WebSite\",\"@id\":\"https:\/\/www.mes-allocs.fr\/guides\/#website\",\"url\":\"https:\/\/www.mes-allocs.fr\/guides\/\",\"name\":\"Mes-Allocs.fr\",\"description\":\"\",\"potentialAction\":[{\"@type\":\"SearchAction\",\"target\":\"https:\/\/www.mes-allocs.fr\/guides\/?s={search_term_string}\",\"query-input\":\"required name=search_term_string\"}],\"inLanguage\":\"fr-FR\"},{\"@type\":\"ImageObject\",\"@id\":\"https:\/\/www.mes-allocs.fr\/guides\/aide-au-transport\/aide-au-transport-par-statut\/aide-au-transport-aux-particuliers\/#primaryimage\",\"inLanguage\":\"fr-FR\",\"url\":\"https:\/\/www.mes-allocs.fr\/guides\/wp-content\/uploads\/2021\/02\/famille--e1694087466292.jpg?wsr\",\"width\":1880,\"height\":390,\"caption\":\"aide au transport aux particuliers\"},{\"@type\":\"WebPage\",\"@id\":\"https:\/\/www.mes-allocs.fr\/guides\/aide-au-transport\/aide-au-transport-par-statut\/aide-au-transport-aux-particuliers\/#webpage\",\"url\":\"https:\/\/www.mes-allocs.fr\/guides\/aide-au-transport\/aide-au-transport-par-statut\/aide-au-transport-aux-particuliers\/\",\"name\":\"Aide au transport des particuliers : conditions, montants, d\\u00e9marches\",\"isPartOf\":{\"@id\":\"https:\/\/www.mes-allocs.fr\/guides\/#website\"},\"primaryImageOfPage\":{\"@id\":\"https:\/\/www.mes-allocs.fr\/guides\/aide-au-transport\/aide-au-transport-par-statut\/aide-au-transport-aux-particuliers\/#primaryimage\"},\"datePublished\":\"2021-02-03T14:15:10+00:00\",\"dateModified\":\"2025-07-17T08:07:56+00:00\",\"author\":{\"@id\":\"https:\/\/www.mes-allocs.fr\/guides\/#\/schema\/person\/0ecd61a8600573914d00d970a588c024\"},\"description\":\"L'aide au transport est disponible pour les particuliers. Mais quelles sont les conditions ? On vous dit tout sur Mes Allocs !\",\"inLanguage\":\"fr-FR\"},{\"@type\":\"Person\",\"@id\":\"https:\/\/www.mes-allocs.fr\/guides\/#\/schema\/person\/0ecd61a8600573914d00d970a588c024\",\"name\":\"Jonathan\",\"image\":{\"@type\":\"ImageObject\",\"@id\":\"https:\/\/www.mes-allocs.fr\/guides\/#personlogo\",\"inLanguage\":\"fr-FR\",\"url\":\"https:\/\/www.mes-allocs.fr\/guides\/wp-content\/uploads\/2021\/06\/jonathan-150x150.png\",\"caption\":\"Jonathan\"},\"description\":\"Jonathan est r\\u00e9dacteur au sein de l'\\u00e9quipe Mes Allocs, sp\\u00e9cialis\\u00e9 sur les sujets li\\u00e9s au handicap. Dipl\\u00f4m\\u00e9e de l'UPEM, il rejoint Mes Allocs apr\\u00e8s avoir travaill\\u00e9 \\u00e0 l'association AEDE qui accompagne les adultes en situation de handicap. Quand il n'\\u00e9crit pas, on peut le retrouver sur un terrain de basket.\",\"sameAs\":[\"https:\/\/www.linkedin.com\/in\/jonathan-bambela-8637861b7\"]}]}<\/script>\n<!-- \/ Yoast SEO plugin. -->","amp_validity":null,"acf":{"faq":{"1":{"question":"Les aides sont-elles disponibles sur tout le territoire ? ","answer":"Les offres concernant la RATP ou tout autre organisme r\u00e9gional ne concerne que la r\u00e9gion donn\u00e9e pour l'aide "},"2":{"question":" Est-il possible de cumuler les aides ? ","answer":"A priori, aucune mesure interdit le cumul des aides, donc oui !"},"3":{"question":"Les aides sont-elles uniquement d\u00e9di\u00e9es aux parents ?","answer":"Non absolument pas, les enfants peuvent aussi en b\u00e9n\u00e9ficier "},"4":{"question":"C'est quoi l'aide au transport CAF ?","answer":"La Caf du Var vous soutient dans vos d\u00e9parts en vacances en versant une aide financi\u00e8re au transport jusqu'\u00e0 votre lieu de s\u00e9jour dans une structure labellis\u00e9e Vacaf."},"5":{"question":"Comment toucher les 200 euros de la Caf ?","answer":"Pour \u00eatre \u00e9ligible \u00e0 cette aide, il y a plusieurs crit\u00e8res \u00e0 respecter. Le b\u00e9n\u00e9ficiaire doit \u00eatre soit un \u00e9tudiant boursier, soit une personne de moins de 25 ans touchant le Revenu de Solidarit\u00e9 Active (RSA) ou la Garantie jeunes."},"6":{"question":"C'est quoi l'aide de 330 \u20ac de la CAF ?","answer":"C'est un pr\u00eat \u00e0 taux z\u00e9ro qui est destin\u00e9 aux allocataires avec au moins un enfant de moins de 20 ans (n\u00e9 ou \u00e0 na\u00eetre)."},"7":{"question":"","answer":""},"8":{"question":"","answer":""},"9":{"question":"","answer":""},"10":{"question":"","answer":""},"11":{"question":"","answer":""},"12":{"question":"","answer":""},"13":{"question":"","answer":""},"14":{"question":"","answer":""},"15":{"question":"","answer":""},"16":{"question":"","answer":""}}},"_links":{"self":[{"href":"https:\/\/www.mes-allocs.fr\/guides\/wp-json\/wp\/v2\/posts\/19050","targetHints":{"allow":["GET"]}}],"collection":[{"href":"https:\/\/www.mes-allocs.fr\/guides\/wp-json\/wp\/v2\/posts"}],"about":[{"href":"https:\/\/www.mes-allocs.fr\/guides\/wp-json\/wp\/v2\/types\/post"}],"author":[{"embeddable":true,"href":"https:\/\/www.mes-allocs.fr\/guides\/wp-json\/wp\/v2\/users\/6"}],"replies":[{"embeddable":true,"href":"https:\/\/www.mes-allocs.fr\/guides\/wp-json\/wp\/v2\/comments?post=19050"}],"version-history":[{"count":17,"href":"https:\/\/www.mes-allocs.fr\/guides\/wp-json\/wp\/v2\/posts\/19050\/revisions"}],"predecessor-version":[{"id":102409,"href":"https:\/\/www.mes-allocs.fr\/guides\/wp-json\/wp\/v2\/posts\/19050\/revisions\/102409"}],"wp:featuredmedia":[{"embeddable":true,"href":"https:\/\/www.mes-allocs.fr\/guides\/wp-json\/wp\/v2\/media\/19053"}],"wp:attachment":[{"href":"https:\/\/www.mes-allocs.fr\/guides\/wp-json\/wp\/v2\/media?parent=19050"}],"wp:term":[{"taxonomy":"category","embeddable":true,"href":"https:\/\/www.mes-allocs.fr\/guides\/wp-json\/wp\/v2\/categories?post=19050"},{"taxonomy":"post_tag","embeddable":true,"href":"https:\/\/www.mes-allocs.fr\/guides\/wp-json\/wp\/v2\/tags?post=19050"}],"curies":[{"name":"wp","href":"https:\/\/api.w.org\/{rel}","templated":true}]}}