{"id":19044,"date":"2021-02-03T14:50:41","date_gmt":"2021-02-03T14:50:41","guid":{"rendered":"https:\/\/www.mes-allocs.fr\/guides\/?p=19044"},"modified":"2025-10-23T14:27:27","modified_gmt":"2025-10-23T12:27:27","slug":"aif-pole-emploi","status":"publish","type":"post","link":"https:\/\/www.mes-allocs.fr\/guides\/aide-formation\/aif-aide-formation\/aif-pole-emploi\/","title":{"rendered":"AIF P\u00f4le Emploi : tout savoir !"},"content":{"rendered":"<p><a href=\"https:\/\/www.mes-allocs.fr\/guides\/wp-content\/uploads\/2021\/02\/pexels-fauxels-3184465.jpg\"><img loading=\"lazy\" decoding=\"async\" class=\"aligncenter wp-image-19060 \" src=\"https:\/\/www.mes-allocs.fr\/guides\/wp-content\/uploads\/2021\/02\/pexels-fauxels-3184465-e1612358100791.jpg\" alt=\"AIF P\u00f4le Emploi : tout savoir !\" width=\"1636\" height=\"478\" \/><\/a><\/p>\n<p><strong>L&rsquo;AIF ou aide individuelle \u00e0 la formation est une allocation attribu\u00e9e par P\u00f4le Emploi dont vous pouvez b\u00e9n\u00e9ficier si aucun autre dispositifs ne peuvent prendre en charge vos frais de formation. Pour en b\u00e9n\u00e9ficier, un certain nombre de conditions sont \u00e0 respecter. Mes Allocs vous explique en d\u00e9tail ici.<\/strong><\/p>\n<div class='cta-block'><div class='text'>Simulez toutes vos aides en 2 min.<\/div><a href='https:\/\/www.mes-allocs.fr\/ab-app?origin=guides\/wp-json\/wp\/v2\/posts\/19044' class='app-button fit'>Simulation gratuite<\/a><\/div>\n<h1>Qu&rsquo;est-ce que l&rsquo;AIF ?<\/h1>\n<p>L&rsquo;aide individuelle \u00e0 la formation AIF est un dispositif qui peut vous \u00eatre accord\u00e9 si vous n&rsquo;\u00eates \u00e9ligible \u00e0 aucun autre dispositif. Il contribuera au financement de votre projet. La formation financ\u00e9e doit permettre de combler un \u00e9cart entre les comp\u00e9tences d\u00e9tenues par le demandeur d&#8217;emploi et les exigences du march\u00e9 du travail.<\/p>\n<p>Pour b\u00e9n\u00e9ficier de ce financement de formation, il faut \u00eatre inscrit en tant que demandeur d&#8217;emploi, sans condition d&rsquo;indemnisation, \u00eatre accompagn\u00e9 au titre d\u2019un contrat de s\u00e9curisation professionnelle (CSP) et ne pas pouvoir\u00a0 b\u00e9n\u00e9ficier de la POE ou de l\u2019AFPR. Vous devez dans un premier temps discuter avec votre conseiller P\u00f4le Emploi de votre d\u00e9marche ainsi que du co\u00fbt de la formation.<\/p>\n<p>\u00c0 noter : votre conseiller P\u00f4le Emploi peut \u00e9galement vous proposer de faire un bilan de comp\u00e9tences, cela permet de faire un point sur votre carri\u00e8re professionnelle. Ce dernier peut \u00eatre financ\u00e9 par votre compte personnel de formation CPF.<\/p>\n<p>L&rsquo; allocation de s\u00e9curisation professionnelle (ASP) est attribu\u00e9e, sous certaines conditions, au b\u00e9n\u00e9ficiaire d&rsquo;un contrat de s\u00e9curisation professionnelle (CSP). Son montant est susceptible de varier en fonction de l&rsquo;anciennet\u00e9 du salari\u00e9 et de son salaire de r\u00e9f\u00e9rence. Son versement peut \u00eatre interrompu, sous conditions.<\/p>\n<div class='cta-block'><div class='text'>Simulez toutes vos aides en 2 min.<\/div><a href='https:\/\/www.mes-allocs.fr\/ab-app?origin=guides\/wp-json\/wp\/v2\/posts\/19044' class='app-button fit'>Simulation gratuite<\/a><\/div>\n<h1><span id=\"Qui_est_eligible_a_lAIF\">Qui est \u00e9ligible \u00e0 l\u2019AIF ?<\/span><\/h1>\n<p><strong>Vous pouvez b\u00e9n\u00e9ficier d\u2019 une aide \u00e0 la formation de P\u00f4le Emploi si vous \u00eates :<\/strong><\/p>\n<ul>\n<li>Demandeur d\u2019emploi et que votre dossier est suivi par P\u00f4le Emploi<\/li>\n<li>B\u00e9n\u00e9ficiaire de la Convention de reclassement personnalis\u00e9 (CRP), du Contrat de transition professionnelle (CTP) ou du Contrat de s\u00e9curisation professionnelle (CSP).<\/li>\n<\/ul>\n<p>Votre formation doit avoir une vis\u00e9e professionnelle, il peut s\u2019agir d\u2019un titre professionnel ou d\u2019un Master par exemple, ces derniers doivent vous permettre de d\u00e9boucher sur un emploi par la suite.<\/p>\n<p>Sa dur\u00e9e doit \u00eatre comprise\u00a0<b>entre\u00a0<\/b><b>1 et 3 ans maximum<\/b>. Il vous est \u00e9galement possible de suivre une formation \u00e0 distance ou une formation ouverte (FOAD).<\/p>\n<p><iframe loading=\"lazy\" title=\"Les aides \u00e0 la formation\" width=\"500\" height=\"281\" src=\"https:\/\/www.youtube.com\/embed\/gs3ZRHqtzmY?feature=oembed\" frameborder=\"0\" allow=\"accelerometer; autoplay; clipboard-write; encrypted-media; gyroscope; picture-in-picture; web-share\" referrerpolicy=\"strict-origin-when-cross-origin\" allowfullscreen><\/iframe><\/p>\n<h1>Formations \u00e9ligibles \u00e0 l&rsquo;AIF<\/h1>\n<p>Toutes les formations professionnelles valid\u00e9es dans le cadre du Projet Personnalis\u00e9 d\u2019Acc\u00e8s \u00e0 l\u2019Emploi (PPAE) sont \u00e9ligibles \u00e0 l\u2019AIF, \u00e0 condition qu\u2019elles aient une vis\u00e9e professionnelle et qu&rsquo;elles ne puissent pas \u00eatre financ\u00e9es par d\u2019autres dispositifs comme le CPF, l\u2019AFC ou le Conseil R\u00e9gional. Ainsi :<\/p>\n<p>&nbsp;<\/p>\n<ul>\n<li>La formation doit faire l\u2019objet d\u2019une validation explicite par le conseiller P\u00f4le Emploi dans le cadre du PPAE.<\/li>\n<li>Elle doit r\u00e9pondre \u00e0 un besoin du march\u00e9 du travail ou \u00e0 un projet professionnel.<\/li>\n<li>Les formations d\u00e9j\u00e0 financ\u00e9es par d\u2019autres dispositifs ne sont pas prises en charge par l\u2019AIF.<\/li>\n<\/ul>\n<h1>Montant de l&rsquo;AIF<\/h1>\n<p>L\u2019Aide individuelle \u00e0 la formation\u00a0 AIF peut prendre en charge l\u2019int\u00e9gralit\u00e9 du co\u00fbt de votre projet de formation restant \u00e0 votre charge. Elle est vers\u00e9e directement \u00e0 l&rsquo;organisme de formation par P\u00f4le Emploi.<\/p>\n<p>Une prise en charge d&rsquo;une partie des frais li\u00e9s \u00e0 la formation (frais de d\u00e9placement, restauration, h\u00e9bergement) est \u00e9galement possible gr\u00e2ce \u00e0 l&rsquo;aide aux frais associ\u00e9s \u00e0 la formation (AFAF).<\/p>\n<p><strong>En revanche, elle ne prend pas en charge :\u00a0<\/strong><\/p>\n<ul>\n<li>les frais d\u2019inscription \u00e0 la formation professionnelle envisag\u00e9e,<\/li>\n<li>l\u2019achat de mat\u00e9riel,<\/li>\n<li>l\u2019inscription \u00e0 un examen ou un concours.<\/li>\n<\/ul>\n<h1><span id=\"Comment_faire_une_demande_dAIF_aupres_de_Pole_Emploi\">Demande d\u2019AIF aupr\u00e8s de P\u00f4le Emploi\u00a0<\/span><\/h1>\n<p>Comme indiqu\u00e9 pr\u00e9c\u00e9demment, votre demande d&rsquo;AIF aupr\u00e8s de P\u00f4le Emploi se fait via votre conseiller P\u00f4le Emploi. Vous devez donc :<\/p>\n<ul>\n<li>Prendre contact avec votre conseiller P\u00f4le Emploi qui vous accompagnera dans la construction de votre PPAE et dans la constitution de votre dossier de demande.<\/li>\n<li>Demander un devis \u00e0 un ou plusieurs organismes de formation proposant la formation vis\u00e9e. Le ou les devis doivent \u00eatre nominatifs et pr\u00e9cis sur les frais p\u00e9dagogiques.<\/li>\n<li>Valider le ou les devis dans votre espace personnel P\u00f4le Emploi ou sur l\u2019application \u00ab Ma Formation \u00bb. Une fois approuv\u00e9, le devis est automatiquement transmis \u00e0 P\u00f4le Emploi pour \u00e9tude.<\/li>\n<li>Attendre la d\u00e9cision de P\u00f4le Emploi, qui validera ou refusera la prise en charge apr\u00e8s v\u00e9rification de la coh\u00e9rence entre formation et projet professionnel. Le d\u00e9lai moyen est g\u00e9n\u00e9ralement de 10 jours.<\/li>\n<li>Suivre la formation si la prise en charge est accept\u00e9e et actualiser mensuellement votre situation sur votre espace P\u00f4le Emploi pour maintenir votre statut.<\/li>\n<\/ul>\n<h2><span id=\"Composition_du_dossier\">La composition de votre dossier AIF<\/span><\/h2>\n<p>Pour faire votre dossier de demande d\u2019AIF, vous devez fournir certains documents comprenant un\u00a0CV, une\u00a0lettre de motivation, mais \u00e9galement au moins deux devis nominatifs<\/p>\n<div class='cta-block'><div class='text'>Simulez toutes vos aides en 2 min.<\/div><a href='https:\/\/www.mes-allocs.fr\/ab-app?origin=guides\/wp-json\/wp\/v2\/posts\/19044' class='app-button fit'>Simulation gratuite<\/a><\/div>\n","protected":false},"excerpt":{"rendered":"<p>L&rsquo;AIF ou aide individuelle \u00e0 la formation est une allocation attribu\u00e9e par P\u00f4le Emploi dont vous pouvez b\u00e9n\u00e9ficier si aucun autre dispositifs ne peuvent prendre en charge vos frais de formation. Pour en b\u00e9n\u00e9ficier, un certain nombre de conditions sont \u00e0 respecter. Mes Allocs vous explique en d\u00e9tail ici. Qu&rsquo;est-ce que l&rsquo;AIF ? L&rsquo;aide individuelle [&hellip;]<\/p>\n","protected":false},"author":7,"featured_media":19060,"comment_status":"open","ping_status":"open","sticky":false,"template":"","format":"standard","meta":{"amp_status":"","footnotes":""},"categories":[2045,2868],"tags":[],"class_list":["post-19044","post","type-post","status-publish","format-standard","has-post-thumbnail","hentry","category-aide-formation","category-aif-aide-formation"],"yoast_head":"<!-- This site is optimized with the Yoast SEO plugin v14.9 - https:\/\/yoast.com\/wordpress\/plugins\/seo\/ -->\n<title>AIF P\u00f4le Emploi : tout savoir ! | Mes-Allocs.fr<\/title>\n<meta name=\"description\" content=\"L&#039;AIF est une allocation attribu\u00e9e par P\u00f4le Emploi sous conditions. Mes Allocs vous explique tout en d\u00e9tail ici !\" \/>\n<meta name=\"robots\" content=\"index, follow, max-snippet:-1, max-image-preview:large, max-video-preview:-1\" \/>\n<link rel=\"canonical\" href=\"https:\/\/www.mes-allocs.fr\/guides\/aide-formation\/aif-aide-formation\/aif-pole-emploi\/\" \/>\n<meta property=\"og:locale\" content=\"fr_FR\" \/>\n<meta property=\"og:type\" content=\"article\" \/>\n<meta property=\"og:title\" content=\"AIF P\u00f4le Emploi : tout savoir ! | Mes-Allocs.fr\" \/>\n<meta property=\"og:description\" content=\"L&#039;AIF est une allocation attribu\u00e9e par P\u00f4le Emploi sous conditions. Mes Allocs vous explique tout en d\u00e9tail ici !\" \/>\n<meta property=\"og:url\" content=\"https:\/\/www.mes-allocs.fr\/guides\/aide-formation\/aif-aide-formation\/aif-pole-emploi\/\" \/>\n<meta property=\"og:site_name\" content=\"Mes-Allocs.fr\" \/>\n<meta property=\"article:published_time\" content=\"2021-02-03T14:50:41+00:00\" \/>\n<meta property=\"article:modified_time\" content=\"2025-10-23T12:27:27+00:00\" \/>\n<meta property=\"og:image\" content=\"https:\/\/www.mes-allocs.fr\/guides\/wp-content\/uploads\/2021\/02\/pexels-fauxels-3184465.jpg?wsr\" \/>\n\t<meta property=\"og:image:width\" content=\"1280\" \/>\n\t<meta property=\"og:image:height\" content=\"853\" \/>\n<meta name=\"twitter:card\" content=\"summary_large_image\" \/>\n<script type=\"application\/ld+json\" class=\"yoast-schema-graph\">{\"@context\":\"https:\/\/schema.org\",\"@graph\":[{\"@type\":\"WebSite\",\"@id\":\"https:\/\/www.mes-allocs.fr\/guides\/#website\",\"url\":\"https:\/\/www.mes-allocs.fr\/guides\/\",\"name\":\"Mes-Allocs.fr\",\"description\":\"\",\"potentialAction\":[{\"@type\":\"SearchAction\",\"target\":\"https:\/\/www.mes-allocs.fr\/guides\/?s={search_term_string}\",\"query-input\":\"required name=search_term_string\"}],\"inLanguage\":\"fr-FR\"},{\"@type\":\"ImageObject\",\"@id\":\"https:\/\/www.mes-allocs.fr\/guides\/aide-formation\/aif-aide-formation\/aif-pole-emploi\/#primaryimage\",\"inLanguage\":\"fr-FR\",\"url\":\"https:\/\/www.mes-allocs.fr\/guides\/wp-content\/uploads\/2021\/02\/pexels-fauxels-3184465.jpg?wsr\",\"width\":1280,\"height\":853,\"caption\":\"pexels fauxels 3184465 e1612358100791\"},{\"@type\":\"WebPage\",\"@id\":\"https:\/\/www.mes-allocs.fr\/guides\/aide-formation\/aif-aide-formation\/aif-pole-emploi\/#webpage\",\"url\":\"https:\/\/www.mes-allocs.fr\/guides\/aide-formation\/aif-aide-formation\/aif-pole-emploi\/\",\"name\":\"AIF P\\u00f4le Emploi : tout savoir ! | Mes-Allocs.fr\",\"isPartOf\":{\"@id\":\"https:\/\/www.mes-allocs.fr\/guides\/#website\"},\"primaryImageOfPage\":{\"@id\":\"https:\/\/www.mes-allocs.fr\/guides\/aide-formation\/aif-aide-formation\/aif-pole-emploi\/#primaryimage\"},\"datePublished\":\"2021-02-03T14:50:41+00:00\",\"dateModified\":\"2025-10-23T12:27:27+00:00\",\"author\":{\"@id\":\"https:\/\/www.mes-allocs.fr\/guides\/#\/schema\/person\/1c4837d5703727cb02ce84583b5a44aa\"},\"description\":\"L'AIF est une allocation attribu\\u00e9e par P\\u00f4le Emploi sous conditions. Mes Allocs vous explique tout en d\\u00e9tail ici !\",\"inLanguage\":\"fr-FR\"},{\"@type\":\"Person\",\"@id\":\"https:\/\/www.mes-allocs.fr\/guides\/#\/schema\/person\/1c4837d5703727cb02ce84583b5a44aa\",\"name\":\"Fabiola\",\"image\":{\"@type\":\"ImageObject\",\"@id\":\"https:\/\/www.mes-allocs.fr\/guides\/#personlogo\",\"inLanguage\":\"fr-FR\",\"url\":\"https:\/\/www.mes-allocs.fr\/guides\/wp-content\/uploads\/2021\/06\/fabiola-150x150.png\",\"caption\":\"Fabiola\"},\"description\":\"Fabiola est r\\u00e9dactrice au sein de l'\\u00e9quipe Mes Allocs, sp\\u00e9cialis\\u00e9e en sciences politiques et affaires publiques. Dipl\\u00f4m\\u00e9e de l'HEIP, elle rejoint Mes Allocs apr\\u00e8s une premi\\u00e8re exp\\u00e9rience \\u00e0 l'Assembl\\u00e9e Nationale.\",\"sameAs\":[\"https:\/\/www.linkedin.com\/in\/cecilia-philippe-b-8a8085195\"]}]}<\/script>\n<!-- \/ Yoast SEO plugin. -->","amp_validity":null,"acf":{"faq":{"1":{"question":"Comment beneficier de l'AIF ?","answer":"Il faut \u00eatre inscrit en tant que demandeur d'emploi, sans condition d'indemnisation, \u00eatre accompagn\u00e9 au titre d'un contrat de s\u00e9curisation professionnelle (CSP) et ne pas pouvoir b\u00e9n\u00e9ficier de la POE ou de l'AFPR."},"2":{"question":"Qu'est-ce que l'AIF ?","answer":"L'AIF est une des aides \u00e0 la formation qui est r\u00e9serv\u00e9e aux demandeurs d'emploi. Vous pouvez en faire la demande lorsque les autres dispositifs existants de financement ne peuvent pas prendre en charge votre projet de formation."},"3":{"question":"Est-ce que l'AIF prend en charge des frais de transport ?","answer":"Oui, l'AIF prend en charge des frais li\u00e9s aux transports mais \u00e9galement au logement et \u00e0 la restauration"},"4":{"question":"Quelle r\u00e9mun\u00e9ration pour une formation P\u00f4le emploi ?","answer":"Pour une formation \u00e0 taux plein, le montant de la RFPE  varie entre 220,92 \u20ac et 756,63 \u20ac"},"5":{"question":"Est-ce que les formation de l'AFPA sont remunere ?","answer":"les formations de l'AFPA sont payantes. Si vous \u00eates demandeur d'emploi, c'est lui qui prend en charge les frais de formation et qui vous r\u00e9mun\u00e8re"},"6":{"question":"Qui finance les formations AFPA ?","answer":"Votre Conseil r\u00e9gional, P\u00f4le emploi, votre compte personnel de formation (CPF), votre employeur"},"7":{"question":"","answer":""},"8":{"question":"","answer":""},"9":{"question":"","answer":""},"10":{"question":"","answer":""},"11":{"question":"","answer":""},"12":{"question":"","answer":""},"13":{"question":"","answer":""},"14":{"question":"","answer":""},"15":{"question":"","answer":""},"16":{"question":"","answer":""}}},"_links":{"self":[{"href":"https:\/\/www.mes-allocs.fr\/guides\/wp-json\/wp\/v2\/posts\/19044","targetHints":{"allow":["GET"]}}],"collection":[{"href":"https:\/\/www.mes-allocs.fr\/guides\/wp-json\/wp\/v2\/posts"}],"about":[{"href":"https:\/\/www.mes-allocs.fr\/guides\/wp-json\/wp\/v2\/types\/post"}],"author":[{"embeddable":true,"href":"https:\/\/www.mes-allocs.fr\/guides\/wp-json\/wp\/v2\/users\/7"}],"replies":[{"embeddable":true,"href":"https:\/\/www.mes-allocs.fr\/guides\/wp-json\/wp\/v2\/comments?post=19044"}],"version-history":[{"count":9,"href":"https:\/\/www.mes-allocs.fr\/guides\/wp-json\/wp\/v2\/posts\/19044\/revisions"}],"predecessor-version":[{"id":103863,"href":"https:\/\/www.mes-allocs.fr\/guides\/wp-json\/wp\/v2\/posts\/19044\/revisions\/103863"}],"wp:featuredmedia":[{"embeddable":true,"href":"https:\/\/www.mes-allocs.fr\/guides\/wp-json\/wp\/v2\/media\/19060"}],"wp:attachment":[{"href":"https:\/\/www.mes-allocs.fr\/guides\/wp-json\/wp\/v2\/media?parent=19044"}],"wp:term":[{"taxonomy":"category","embeddable":true,"href":"https:\/\/www.mes-allocs.fr\/guides\/wp-json\/wp\/v2\/categories?post=19044"},{"taxonomy":"post_tag","embeddable":true,"href":"https:\/\/www.mes-allocs.fr\/guides\/wp-json\/wp\/v2\/tags?post=19044"}],"curies":[{"name":"wp","href":"https:\/\/api.w.org\/{rel}","templated":true}]}}