{"id":18927,"date":"2021-02-03T14:31:35","date_gmt":"2021-02-03T14:31:35","guid":{"rendered":"https:\/\/www.mes-allocs.fr\/guides\/?p=18927"},"modified":"2026-04-03T13:53:03","modified_gmt":"2026-04-03T12:53:03","slug":"convocation-rsa","status":"publish","type":"post","link":"https:\/\/www.mes-allocs.fr\/guides\/rsa\/convocation-rsa\/","title":{"rendered":"RSA : pourquoi faut-il se pr\u00e9senter en cas de convocation ?"},"content":{"rendered":"<p><img loading=\"lazy\" decoding=\"async\" class=\"alignnone wp-image-18939 size-full\" title=\"RSA : Pourquoi faut-il assister aux convocations ?\" src=\"https:\/\/www.mes-allocs.fr\/guides\/wp-content\/uploads\/2021\/02\/pexels-christina-morillo-1181605-1-e1685524826643.jpg\" alt=\"Convocation RSA\" width=\"1276\" height=\"227\" \/><\/p>\n<p style=\"text-align: justify;\">[Mis \u00e0 jour le 03\/04\/2026] Le Revenu de Solidarit\u00e9 Active (<a href=\"https:\/\/www.mes-allocs.fr\/guides\/rsa\">RSA<\/a>) permet aux personnes \u00e0 tr\u00e8s faibles revenus d&rsquo;avoir un minima social. Il est vers\u00e9 par le Pr\u00e9sident du Conseil D\u00e9partemental (ou Conseil g\u00e9n\u00e9ral). Les allocataires du RSA doivent respecter certaines conditions afin de conserver leurs droits. Quelles sont ces conditions ? Pourquoi faut-il assister aux convocations pr\u00e9vues par votre r\u00e9f\u00e9rent ?<\/p>\n<div class='cta-block'><div class='text'>Simulez vos aides en 2 min.<\/div><a href='https:\/\/www.mes-allocs.fr\/ab-app?origin=guides\/wp-json\/wp\/v2\/posts\/18927' class='app-button fit'>Simulation gratuite<\/a><\/div>\n<h1>Quelles sont les obligations d&rsquo;un b\u00e9n\u00e9ficiaire du RSA ?<\/h1>\n<h2>RSA : convocations et contr\u00f4les<\/h2>\n<p style=\"text-align: justify;\">Il est important d&rsquo;assister \u00e0 toutes les convocations pr\u00e9vues par votre r\u00e9f\u00e9rent. Vous devez pr\u00e9venir votre r\u00e9f\u00e9rent si vous ne pouvez pas vous rendre \u00e0 une convocation.<\/p>\n<p style=\"text-align: justify;\">De m\u00eame, si la CAF d\u00e9cide de v\u00e9rifier les informations de votre dossier, elle peut effectuer un contr\u00f4le. Celui-ci peut \u00eatre mis en place \u00e0 n&rsquo;importe quel moment afin de v\u00e9rifier vos informations personnelles et professionnelles. Un agent qualifi\u00e9 de la Caisse d&rsquo;Allocation Familiale se rendra \u00e0 votre domicile pour analyser votre situation.<\/p>\n<h2>Signer le contrat d&rsquo;insertion et faire les d\u00e9marches d&rsquo;insertion<\/h2>\n<p style=\"text-align: justify;\">Le b\u00e9n\u00e9ficiaire du RSA a certaines obligations d\u2019insertion professionnelle s&rsquo;il est sans emploi ou si ses revenus d\u2019activit\u00e9 professionnelle sont inf\u00e9rieurs \u00e0 500 euros par mois.<\/p>\n<p style=\"text-align: justify;\">Selon le code d&rsquo; Action Sociale et des Familles, ces obligations s\u2019appliquent au b\u00e9n\u00e9ficiaire et \u00e0 son conjoint, concubin ou partenaire pacs\u00e9. Ainsi chacun peut \u00eatre amen\u00e9 \u00e0 signer un projet personnalis\u00e9 d\u2019acc\u00e8s \u00e0 l\u2019emploi (PPAE) ou un contrat d\u2019engagements r\u00e9ciproques (CER). Ces deux contrats pr\u00e9cisent le contenu de ses obligations.<\/p>\n<p style=\"text-align: justify;\">Vous devez effectuer les d\u00e9marches convenues dans votre Contrat d\u2019Insertion dans un d\u00e9lai raisonnable. Si aucun d\u00e9lai n&rsquo;a \u00e9t\u00e9 pr\u00e9vu, il est souvent n\u00e9cessaire de les effectuer en amont de votre prochain rendez-vous avec votre r\u00e9f\u00e9rent.<\/p>\n<p style=\"text-align: justify;\">La situation est examin\u00e9e en principe par les services du d\u00e9partement. Ceux-ci conviennent de l\u2019accompagnement le plus adapt\u00e9 pour faciliter son acc\u00e8s \u00e0 l\u2019emploi ou raffermir ses capacit\u00e9s professionnelles.<\/p>\n<p style=\"text-align: justify;\">Cet accompagnement social et professionnel a pour but d&rsquo;accompagner le b\u00e9n\u00e9ficiaire du RSA dans sa recherche d&#8217;emploi. Cet accompagnement est g\u00e9n\u00e9ralement confi\u00e9 \u00e0 P\u00f4le emploi, mais le conseil d\u00e9partemental peut faire appel \u00e0 un autre organisme. Il s&rsquo;agit aussi de r\u00e9soudre les difficult\u00e9s sociales du b\u00e9n\u00e9ficiaire qui compliquent son insertion professionnelle.<\/p>\n<p style=\"text-align: justify;\">Le b\u00e9n\u00e9ficiaire de RSA doit se pr\u00e9senter aupr\u00e8s du service ou de l\u2019organisme choisi par le d\u00e9partement qui d\u00e9signe un r\u00e9f\u00e9rent pour accompagner le b\u00e9n\u00e9ficiaire dans son parcours.<\/p>\n<p>En cas d\u2019orientation sociale ou socioprofessionnelle, si, apr\u00e8s un an d\u2019accompagnement, le b\u00e9n\u00e9ficiaire n\u2019a pas \u00e9t\u00e9 r\u00e9orient\u00e9 vers P\u00f4le emploi, sa situation doit \u00eatre r\u00e9examin\u00e9e par l\u2019\u00e9quipe pluridisciplinaire.<\/p>\n<h1>Dans quels cas peut-on faire une suspension du RSA ?<\/h1>\n<h2>Vous ne respectez pas vos obligations<\/h2>\n<div class=\"choice-tree-item-demarche printArea\" data-test=\"choiceTreeResult\">\n<div class=\"choice-tree-list-answer\">\n<p style=\"text-align: justify;\">Conform\u00e9ment \u00e0 la loi, les services du d\u00e9partement peuvent d\u00e9cider de r\u00e9duire votre RSA, pour les motifs valables suivants :<\/p>\n<ul>\n<li style=\"text-align: justify;\">votre projet personnalis\u00e9 d&rsquo;acc\u00e8s \u00e0 l&#8217;emploi (PPAE) ou votre contrat d&rsquo;insertion ne sont pas r\u00e9dig\u00e9s dans les d\u00e9lais demand\u00e9s sans motif l\u00e9gitime de votre part ;<\/li>\n<li style=\"text-align: justify;\">Vous ne suivez pas, sans raison l\u00e9gitime, les dispositions pr\u00e9vues dans votre PPAE ou votre contrat d&rsquo;engagements r\u00e9ciproques ;<\/li>\n<li style=\"text-align: justify;\">P\u00f4le emploi vous retire de la liste des demandeurs d&#8217;emploi ;<\/li>\n<li style=\"text-align: justify;\">Vous refusez de vous soumettre aux contr\u00f4les pr\u00e9vus sur les donn\u00e9es personnelles de votre dossier ;<\/li>\n<li>Vous n&rsquo;entreprenez pas les d\u00e9marches n\u00e9cessaires \u00e0 une meilleure insertion sociale et professionnelle.<\/li>\n<\/ul>\n<p>Si vous ne respectez pas vos obligations, vous risquez de perdre votre RSA.<\/p>\n<h2>En cas d&rsquo;hospitalisation<\/h2>\n<p style=\"text-align: justify;\">Le montant de votre RSA sera r\u00e9duit de <span class=\"prix\">50\u00a0%<\/span> si vous \u00eates dans les cas o\u00f9 vous:<\/p>\n<ul style=\"text-align: justify;\">\n<li>\u00eates hospitalis\u00e9 dans un \u00e9tablissement de sant\u00e9 pendant plus de 60 jours ;<\/li>\n<li>b\u00e9n\u00e9ficiez d&rsquo;une prise en charge par l&rsquo;assurance maladie ;<\/li>\n<li>vivez seul et vous n&rsquo;avez personne \u00e0 charge.<\/li>\n<\/ul>\n<p style=\"text-align: justify;\">Si vous \u00eates enceinte, cette r\u00e9duction ne s&rsquo;applique pas.<\/p>\n<p style=\"text-align: justify;\">Cette r\u00e9duction prend effet lors de la 2<sup>e<\/sup>\u00a0r\u00e9vision trimestrielle de votre RSA suivant le d\u00e9but de votre hospitalisation.<\/p>\n<h2>En cas d&rsquo;incarc\u00e9ration<\/h2>\n<p style=\"text-align: justify;\">Votre RSA est suspendu \u00e0 compter de la 2<sup>e<\/sup> r\u00e9vision trimestrielle suivant le d\u00e9but de votre incarc\u00e9ration si vous :<\/p>\n<ul style=\"text-align: justify;\">\n<li>\u00eates incarc\u00e9r\u00e9 pour une dur\u00e9e sup\u00e9rieure \u00e0 60 jours ;<\/li>\n<li>vivez seul et vous n&rsquo;avez aucune personne \u00e0 charge<\/li>\n<\/ul>\n<p style=\"text-align: justify;\">Si vous vivez en couple ou avez une personne \u00e0 charge, le droit au RSA de ces personnes est r\u00e9examin\u00e9. Vous n&rsquo;\u00eates alors plus consid\u00e9r\u00e9 comme membre du foyer.<\/p>\n<p style=\"text-align: justify;\">Le versement du RSA reprend \u00e0 compter du 1<sup>er<\/sup>\u00a0jour du mois au cours duquel votre incarc\u00e9ration prend fin.<\/p>\n<p>&nbsp;<\/p>\n<p style=\"text-align: center;\"><iframe loading=\"lazy\" src=\"\/\/www.youtube.com\/embed\/2aMlunSI1-U?t=32s\" width=\"560\" height=\"314\" allowfullscreen=\"allowfullscreen\" data-mce-fragment=\"1\"><\/iframe><\/p>\n<p>&nbsp;<\/p>\n<\/div>\n<\/div>\n<h1>Quelles sont les conditions pour toucher le RSA socle ?<\/h1>\n<h2>Si vous \u00eates fran\u00e7ais<\/h2>\n<p style=\"text-align: justify;\">Vous pouvez demander le RSA si vous \u00eates \u00e2g\u00e9 d&rsquo;au moins 25 ans et que vous r\u00e9sidez en France de mani\u00e8re stable et effective. Il n&rsquo;existe pas d&rsquo;\u00e2ge maximum pour b\u00e9n\u00e9ficier du RSA. Cependant, \u00e0 partir de l&rsquo;\u00e2ge l\u00e9gal de d\u00e9part \u00e0 la retraite, d&rsquo;autres aides peuvent vous \u00eatre attribu\u00e9es.<\/p>\n<p style=\"text-align: justify;\">Si vous avez moins de 25 ans vous pouvez toucher le RSA :<\/p>\n<ul>\n<li style=\"text-align: justify;\">Si vous avez au moins un enfant n\u00e9 ou \u00e0 na\u00eetre et remplissez certaines <a href=\"https:\/\/www.mes-allocs.fr\/guides\/rsa\/conditions-rsa\">conditions<\/a> de ressources (<a href=\"https:\/\/www.mes-allocs.fr\/guides\/rsa\/rsa-jeune\/rsa-jeunes-parents-tout-savoir\/\">RSA jeunes parents<\/a>).<\/li>\n<li style=\"text-align: justify;\"><strong>ou si vous avez exerc\u00e9 une activit\u00e9 professionnelle pendant au moins 2 ans \u00e0 temps plein<\/strong> au cours des 3 ans pr\u00e9c\u00e9dant la date de votre demande (<a href=\"https:\/\/www.mes-allocs.fr\/guides\/rsa\/rsa-jeune\/comment-faire-demande-rsa-jeune-actif\/\">RSA jeune actif<\/a>).<\/li>\n<\/ul>\n<p style=\"text-align: justify;\">\u00c0 moins d&rsquo;\u00eatre un parent isol\u00e9, vous ne pouvez pas obtenir le RSA si vous \u00eates \u00e9l\u00e8ve, \u00e9tudiant ou stagiaire d&rsquo;entreprise non r\u00e9mun\u00e9r\u00e9.<\/p>\n<p style=\"text-align: justify;\">Le RSA ne vous sera pas accord\u00e9 si vous \u00eates en cong\u00e9 parental (total ou partiel), en cong\u00e9 sabbatique, en cong\u00e9 sans solde\u00a0ou en\u00a0disponibilit\u00e9.<\/p>\n<p style=\"text-align: justify;\">Vous pouvez, dans certains cas, cumuler le RSA et la prime d&rsquo;activit\u00e9.<\/p>\n<h2>Si vous \u00eates \u00e9tranger<\/h2>\n<p style=\"text-align: justify;\">Pour pouvoir toucher le RSA, vous devez r\u00e9sider en France de mani\u00e8re stable et effective. Vous devez \u00eatre \u00e2g\u00e9 de 18 ans au minimum et de 25 ans au maximum. Si vous \u00eates \u00e9tranger, vous devez aussi remplir des conditions de s\u00e9jour.<\/p>\n<p style=\"text-align: justify;\"><strong>Si vous \u00eates europ\u00e9en, vous devez respecter au moins une de ces conditions :<\/strong><\/p>\n<ul style=\"text-align: justify;\">\n<li>Avoir un droit de s\u00e9jour en France et y vivre depuis au moins 3 mois lors de votre demande,<\/li>\n<li>avoir eu un travail d\u00e9clar\u00e9 en France et \u00eatre sans emploi (inscrit \u00e0 P\u00f4le emploi) lors de votre demande,<\/li>\n<li>poss\u00e9der un emploi d\u00e9clar\u00e9 en France et \u00eatre en arr\u00eat maladie au moment de la demande,<\/li>\n<li>avoir un emploi d\u00e9clar\u00e9 en France et \u00eatre en en formation professionnelle au moment de la demande.<\/li>\n<\/ul>\n<p style=\"text-align: justify;\"><strong>Si vous \u00eates \u00e9tranger d&rsquo;un autre pays, vous devez respecter la condition suivante :<\/strong><\/p>\n<ul>\n<li style=\"text-align: justify;\">Avoir depuis au moins 5 ans un titre de s\u00e9jour permettant de travailler en France (sauf pour les personnes de nationalit\u00e9 alg\u00e9rienne)<\/li>\n<\/ul>\n<p>Vous devez \u00e9galement respecter l&rsquo;une des conditions suivantes :<\/p>\n<ul>\n<li>\u00eatre titulaire de la carte de r\u00e9sident ou d&rsquo;un titre de s\u00e9jour \u00e9quivalent<\/li>\n<li>avoir le statut de r\u00e9fugi\u00e9<\/li>\n<li>\u00eatre d\u00e9clar\u00e9 apatride<\/li>\n<li>b\u00e9n\u00e9ficier de la protection subsidiaire<\/li>\n<\/ul>\n<p>La <strong data-start=\"277\" data-end=\"321\">d\u00e9claration trimestrielle est simplifi\u00e9e<\/strong> gr\u00e2ce \u00e0 un <strong data-start=\"333\" data-end=\"358\">formulaire pr\u00e9-rempli<\/strong>, int\u00e9grant automatiquement certains revenus avec la possibilit\u00e9 de corrections. Par ailleurs, les <strong data-start=\"457\" data-end=\"495\">p\u00e9riodes de d\u00e9claration ont chang\u00e9<\/strong>: depuis mars, il faut d\u00e9clarer les revenus de <strong data-start=\"543\" data-end=\"576\">novembre, d\u00e9cembre et janvier<\/strong>, au lieu de <strong data-start=\"589\" data-end=\"621\">d\u00e9cembre, janvier et f\u00e9vrier <\/strong>auparavant. Cette modification vise \u00e0 <strong data-start=\"660\" data-end=\"723\">r\u00e9duire les erreurs et acc\u00e9l\u00e9rer le traitement des dossiers <\/strong>pour un versement plus fluide.<\/p>\n<p><span style=\"font-weight: 400;\"><div class='cta-block'><div class='text'>Simulez votre RSA en 2 min. Gratuit.<\/div><a href='https:\/\/www.mes-allocs.fr\/ab-app?origin=guides\/wp-json\/wp\/v2\/posts\/18927' class='app-button fit'>Simulation gratuite<\/a><\/div><\/span><\/p>\n","protected":false},"excerpt":{"rendered":"<p>[Mis \u00e0 jour le 03\/04\/2026] Le Revenu de Solidarit\u00e9 Active (RSA) permet aux personnes \u00e0 tr\u00e8s faibles revenus d&rsquo;avoir un minima social. Il est vers\u00e9 par le Pr\u00e9sident du Conseil D\u00e9partemental (ou Conseil g\u00e9n\u00e9ral). Les allocataires du RSA doivent respecter certaines conditions afin de conserver leurs droits. Quelles sont ces conditions ? Pourquoi faut-il assister [&hellip;]<\/p>\n","protected":false},"author":10,"featured_media":18939,"comment_status":"open","ping_status":"open","sticky":false,"template":"","format":"standard","meta":{"amp_status":"","footnotes":""},"categories":[14],"tags":[],"class_list":["post-18927","post","type-post","status-publish","format-standard","has-post-thumbnail","hentry","category-rsa"],"yoast_head":"<!-- This site is optimized with the Yoast SEO plugin v14.9 - https:\/\/yoast.com\/wordpress\/plugins\/seo\/ -->\n<title>Convocation RSA : pourquoi faut-il s&#039;y pr\u00e9senter ? | Mes-Allocs.fr<\/title>\n<meta name=\"description\" content=\"Les allocataires du RSA doivent respecter des conditions pour conserver leurs droits, et doivent se pr\u00e9senter en cas de convocation.\" \/>\n<meta name=\"robots\" content=\"index, follow, max-snippet:-1, max-image-preview:large, max-video-preview:-1\" \/>\n<link rel=\"canonical\" href=\"https:\/\/www.mes-allocs.fr\/guides\/rsa\/convocation-rsa\/\" \/>\n<meta property=\"og:locale\" content=\"fr_FR\" \/>\n<meta property=\"og:type\" content=\"article\" \/>\n<meta property=\"og:title\" content=\"Convocation RSA : pourquoi faut-il s&#039;y pr\u00e9senter ? | Mes-Allocs.fr\" \/>\n<meta property=\"og:description\" content=\"Les allocataires du RSA doivent respecter des conditions pour conserver leurs droits, et doivent se pr\u00e9senter en cas de convocation.\" \/>\n<meta property=\"og:url\" content=\"https:\/\/www.mes-allocs.fr\/guides\/rsa\/convocation-rsa\/\" \/>\n<meta property=\"og:site_name\" content=\"Mes-Allocs.fr\" \/>\n<meta property=\"article:published_time\" content=\"2021-02-03T14:31:35+00:00\" \/>\n<meta property=\"article:modified_time\" content=\"2026-04-03T12:53:03+00:00\" \/>\n<meta property=\"og:image\" content=\"https:\/\/www.mes-allocs.fr\/guides\/wp-content\/uploads\/2021\/02\/pexels-christina-morillo-1181605-1.jpg?wsr\" \/>\n\t<meta property=\"og:image:width\" content=\"1280\" \/>\n\t<meta property=\"og:image:height\" content=\"854\" \/>\n<meta name=\"twitter:card\" content=\"summary_large_image\" \/>\n<script type=\"application\/ld+json\" class=\"yoast-schema-graph\">{\"@context\":\"https:\/\/schema.org\",\"@graph\":[{\"@type\":\"WebSite\",\"@id\":\"https:\/\/www.mes-allocs.fr\/guides\/#website\",\"url\":\"https:\/\/www.mes-allocs.fr\/guides\/\",\"name\":\"Mes-Allocs.fr\",\"description\":\"\",\"potentialAction\":[{\"@type\":\"SearchAction\",\"target\":\"https:\/\/www.mes-allocs.fr\/guides\/?s={search_term_string}\",\"query-input\":\"required name=search_term_string\"}],\"inLanguage\":\"fr-FR\"},{\"@type\":\"ImageObject\",\"@id\":\"https:\/\/www.mes-allocs.fr\/guides\/rsa\/convocation-rsa\/#primaryimage\",\"inLanguage\":\"fr-FR\",\"url\":\"https:\/\/www.mes-allocs.fr\/guides\/wp-content\/uploads\/2021\/02\/pexels-christina-morillo-1181605-1.jpg?wsr\",\"width\":1280,\"height\":854,\"caption\":\"convocation-rsa\"},{\"@type\":\"WebPage\",\"@id\":\"https:\/\/www.mes-allocs.fr\/guides\/rsa\/convocation-rsa\/#webpage\",\"url\":\"https:\/\/www.mes-allocs.fr\/guides\/rsa\/convocation-rsa\/\",\"name\":\"Convocation RSA : pourquoi faut-il s'y pr\\u00e9senter ? | Mes-Allocs.fr\",\"isPartOf\":{\"@id\":\"https:\/\/www.mes-allocs.fr\/guides\/#website\"},\"primaryImageOfPage\":{\"@id\":\"https:\/\/www.mes-allocs.fr\/guides\/rsa\/convocation-rsa\/#primaryimage\"},\"datePublished\":\"2021-02-03T14:31:35+00:00\",\"dateModified\":\"2026-04-03T12:53:03+00:00\",\"author\":{\"@id\":\"https:\/\/www.mes-allocs.fr\/guides\/#\/schema\/person\/8d47b912c0ad15f379df96b4e4e33f58\"},\"description\":\"Les allocataires du RSA doivent respecter des conditions pour conserver leurs droits, et doivent se pr\\u00e9senter en cas de convocation.\",\"inLanguage\":\"fr-FR\"},{\"@type\":\"Person\",\"@id\":\"https:\/\/www.mes-allocs.fr\/guides\/#\/schema\/person\/8d47b912c0ad15f379df96b4e4e33f58\",\"name\":\"Constance de Cagny\",\"image\":{\"@type\":\"ImageObject\",\"@id\":\"https:\/\/www.mes-allocs.fr\/guides\/#personlogo\",\"inLanguage\":\"fr-FR\",\"url\":\"https:\/\/www.mes-allocs.fr\/guides\/wp-content\/uploads\/2021\/06\/Constance.2e8ee0b.png\",\"caption\":\"Constance de Cagny\"},\"description\":\"Constance est r\\u00e9dactrice au sein de l'\\u00e9quipe Mes Allocs. Elle a l'habitude d'\\u00e9crire sur les sujets conso, bons plans et \\u00e9conomies. Dipl\\u00f4m\\u00e9e de l'ENACO, elle rejoint Mes Allocs apr\\u00e8s une premi\\u00e8re exp\\u00e9rience en cabinet notarial.\",\"sameAs\":[\"https:\/\/www.linkedin.com\/in\/constance-de-cagny-mayeur-bbb414135\"]}]}<\/script>\n<!-- \/ Yoast SEO plugin. -->","amp_validity":null,"acf":{"faq":{"1":{"question":"Qu'est-ce que le RSA socle ?","answer":"Le revenu de solidarit\u00e9 active (RSA) socle, permet aux personnes sans ressources d'avoir un revenu minimum.\r\n"},"2":{"question":"Est-ce que les \u00e9trangers ont droit au RSA ?","answer":"Les \u00e9trangers ont le droit de toucher le RSA. Des conditions suppl\u00e9mentaires peuvent s'ajouter (titre de s\u00e9jour, etc.)"},"3":{"question":"Qui ne peut pas acc\u00e9der au RSA ?","answer":"Vous ne pourrez pas b\u00e9n\u00e9ficier du RSA (sauf si vous \u00eates parent isol\u00e9) si vous \u00eates : en cong\u00e9 parental ou sabbatique, en cong\u00e9 sans solde ou en disponibilit\u00e9.\r\n"},"4":{"question":"Quand s'arr\u00eate le versement du RSA ?","answer":"Le RSA ne vous est plus vers\u00e9 si : vous ne respectez pas vos obligations, vous \u00eates hospitalis\u00e9, ou si vous \u00eates incarc\u00e9r\u00e9. \r\n"},"5":{"question":"Quel est le montant du RSA ?","answer":"Le montant du RSA pour une personne seule est de 651,69 \u20ac. Ce montant est applicable jusqu'au 31 mars 2027 et sera revaloris\u00e9 le 1er avril 2027.\r\n"},"6":{"question":"Quelles sont les ressources prises en compte pour le RSA ?","answer":"Les ressources prises en compte sont les indemnit\u00e9s journali\u00e8res, allocations logement, prestations familiales, revenus de placement, allocations ch\u00f4mage, etc.\r\n"},"7":{"question":"","answer":""},"8":{"question":"","answer":""},"9":{"question":"","answer":""},"10":{"question":"","answer":""},"11":{"question":"","answer":""},"12":{"question":"","answer":""},"13":{"question":"","answer":""},"14":{"question":"","answer":""},"15":{"question":"","answer":""},"16":{"question":"","answer":""}}},"_links":{"self":[{"href":"https:\/\/www.mes-allocs.fr\/guides\/wp-json\/wp\/v2\/posts\/18927","targetHints":{"allow":["GET"]}}],"collection":[{"href":"https:\/\/www.mes-allocs.fr\/guides\/wp-json\/wp\/v2\/posts"}],"about":[{"href":"https:\/\/www.mes-allocs.fr\/guides\/wp-json\/wp\/v2\/types\/post"}],"author":[{"embeddable":true,"href":"https:\/\/www.mes-allocs.fr\/guides\/wp-json\/wp\/v2\/users\/10"}],"replies":[{"embeddable":true,"href":"https:\/\/www.mes-allocs.fr\/guides\/wp-json\/wp\/v2\/comments?post=18927"}],"version-history":[{"count":35,"href":"https:\/\/www.mes-allocs.fr\/guides\/wp-json\/wp\/v2\/posts\/18927\/revisions"}],"predecessor-version":[{"id":111520,"href":"https:\/\/www.mes-allocs.fr\/guides\/wp-json\/wp\/v2\/posts\/18927\/revisions\/111520"}],"wp:featuredmedia":[{"embeddable":true,"href":"https:\/\/www.mes-allocs.fr\/guides\/wp-json\/wp\/v2\/media\/18939"}],"wp:attachment":[{"href":"https:\/\/www.mes-allocs.fr\/guides\/wp-json\/wp\/v2\/media?parent=18927"}],"wp:term":[{"taxonomy":"category","embeddable":true,"href":"https:\/\/www.mes-allocs.fr\/guides\/wp-json\/wp\/v2\/categories?post=18927"},{"taxonomy":"post_tag","embeddable":true,"href":"https:\/\/www.mes-allocs.fr\/guides\/wp-json\/wp\/v2\/tags?post=18927"}],"curies":[{"name":"wp","href":"https:\/\/api.w.org\/{rel}","templated":true}]}}