{"id":18868,"date":"2021-02-05T13:51:04","date_gmt":"2021-02-05T13:51:04","guid":{"rendered":"https:\/\/www.mes-allocs.fr\/guides\/?p=18868"},"modified":"2026-04-02T10:40:34","modified_gmt":"2026-04-02T09:40:34","slug":"prime-activite-et-prime-panier","status":"publish","type":"post","link":"https:\/\/www.mes-allocs.fr\/guides\/prime-d-activite\/prime-activite-et-prime-panier\/","title":{"rendered":"Prime d&rsquo;activit\u00e9 et prime de panier : diff\u00e9rences et calcul en 2026"},"content":{"rendered":"<p><img loading=\"lazy\" decoding=\"async\" class=\"alignnone wp-image-19032 size-full\" src=\"https:\/\/www.mes-allocs.fr\/guides\/wp-content\/uploads\/2021\/02\/pexels-fauxels-3182759-3-2-e1684921121561.jpg\" alt=\"Prime d'activit\u00e9 et prime de panier : que faut-il savoir ?\" width=\"1280\" height=\"204\" srcset=\"https:\/\/www.mes-allocs.fr\/guides\/wp-content\/uploads\/2021\/02\/pexels-fauxels-3182759-3-2-e1684921121561.jpg 1280w, https:\/\/www.mes-allocs.fr\/guides\/wp-content\/uploads\/2021\/02\/pexels-fauxels-3182759-3-2-e1684921121561-300x48.jpg 300w, https:\/\/www.mes-allocs.fr\/guides\/wp-content\/uploads\/2021\/02\/pexels-fauxels-3182759-3-2-e1684921121561-1024x163.jpg 1024w, https:\/\/www.mes-allocs.fr\/guides\/wp-content\/uploads\/2021\/02\/pexels-fauxels-3182759-3-2-e1684921121561-768x122.jpg 768w, https:\/\/www.mes-allocs.fr\/guides\/wp-content\/uploads\/2021\/02\/pexels-fauxels-3182759-3-2-e1684921121561-600x96.jpg 600w\" sizes=\"auto, (max-width: 1280px) 100vw, 1280px\" \/><\/p>\n<p style=\"text-align: justify;\"><span style=\"font-weight: 400;\">[Mis \u00e0 jour le 02\/04\/2026]<\/span> La <a href=\"https:\/\/www.mes-allocs.fr\/guides\/prime-d-activite\/\">prime d&rsquo;activit\u00e9<\/a> et la prime de panier sont deux aides sociales mises en place par le gouvernement et destin\u00e9es aux salari\u00e9s. L&rsquo;une constituant un compl\u00e9ment de revenus et l&rsquo;autre \u00e9tant vers\u00e9e \u00e0 titre d&rsquo;indemnit\u00e9. Il est donc parfois difficile de comprendre les caract\u00e9ristiques de ces deux primes. L&rsquo;\u00e9quipe de Mes-Allocs, vous \u00e9claire sur le sujet.<\/p>\n<div class='cta-block'><div class='text'>Simulez votre prime d&rsquo;activit\u00e9 en 2 min. <\/div><a href='https:\/\/www.mes-allocs.fr\/ab-app?origin=guides\/wp-json\/wp\/v2\/posts\/18868' class='app-button fit'>Simulation gratuite<\/a><\/div>\n<h1>La prime d&rsquo;activit\u00e9\u00a0: qu&rsquo;est-ce que c&rsquo;est\u00a0?<\/h1>\n<p style=\"text-align: justify;\">Entr\u00e9e en vigueur depuis 2016, elle vient compl\u00e9ter les revenus des personnes exer\u00e7ant une activit\u00e9 professionnelle. Assurant la s\u00e9curit\u00e9 sociale des travailleurs, la prime a vu son nombre de b\u00e9n\u00e9ficiaires augmenter de mani\u00e8re consid\u00e9rable en 2019, selon une \u00e9tude de l&rsquo;INSEE publi\u00e9e au mois de janvier 2021.<\/p>\n<p>&nbsp;<\/p>\n<p style=\"text-align: center;\"><iframe loading=\"lazy\" src=\"\/\/www.youtube.com\/embed\/uavbovK5ZXc\" width=\"560\" height=\"314\" allowfullscreen=\"allowfullscreen\"><\/iframe><\/p>\n<p>&nbsp;<\/p>\n<p style=\"text-align: left;\">Cette <a href=\"https:\/\/www.mes-allocs.fr\/guides\/prime-d-activite\/simulation-prime-d-activite\/\">aide<\/a> est calcul\u00e9e \u00e0 partir de vos d\u00e9clarations de ressources trimestrielles. La formule suivante permet de calculer le montant de cette prime :<\/p>\n<p style=\"text-align: justify;\"><strong>Prime d\u2019activit\u00e9 = (montant forfaitaire + une \u00e9ventuelle bonification individuelle suppl\u00e9mentaire + 59,85% du montant des revenus professionnels) &#8211; les ressources du foyer<\/strong><\/p>\n<p>Le versement de la prime est mensuel, pour toute personne remplissant les conditions suivantes :<\/p>\n<ul>\n<li><span style=\"font-size: medium;\">\u00catre \u00e2g\u00e9.e de 18 ans,<\/span><\/li>\n<li><span style=\"font-size: medium;\">R\u00e9sider en France de fa\u00e7on stable, c\u2019est-\u00e0-dire ne pas s\u00e9journer plus de 3 mois par ann\u00e9e civile, hors de France,<\/span><\/li>\n<li><span style=\"font-size: medium;\">\u00catre fran\u00e7ais ou citoyen de l\u2019Espace \u00e9conomique europ\u00e9en,<\/span><\/li>\n<li><span style=\"font-size: medium;\">Ou \u00eatre suisse <\/span><span style=\"font-size: medium;\">Ou r\u00e9sider de fa\u00e7on r\u00e9guli\u00e8re en France depuis au moins 5 ans,<\/span><\/li>\n<li><span style=\"font-size: medium;\">\u00catre salari\u00e9 ou travailleur ind\u00e9pendant,<\/span><\/li>\n<li style=\"text-align: justify;\"><span style=\"font-size: medium;\">Percevoir des revenus modestes,<\/span><\/li>\n<\/ul>\n<p style=\"text-align: justify;\">\u00c0 l&rsquo;exception des personnes se trouvant dans l&rsquo;une de ces situations :<\/p>\n<ul style=\"text-align: justify;\">\n<li><span style=\"font-size: medium;\">En cong\u00e9 parental, sabbatique, sans solde,<\/span><\/li>\n<li><span style=\"font-size: medium;\">Travailleurs d\u00e9tach\u00e9s exer\u00e7ant de fa\u00e7on temporaire en France,<\/span><\/li>\n<li><span style=\"font-size: medium;\">\u00c9tudiants ou apprentis percevant mensuellement un revenu inf\u00e9rieur ou \u00e9gal \u00e0 78\u00a0% du Smic net.<\/span><\/li>\n<\/ul>\n<h1>La prime de panier : qu&rsquo;est-ce que c&rsquo;est ?<\/h1>\n<p style=\"text-align: justify;\">Diff\u00e9rente de la prime d&rsquo;activit\u00e9 vers\u00e9e, au 1er janvier, par la CAF ou la MSA. La prime de panier (ou indemnit\u00e9 de repas ou panier repas), constitue un frais professionnel pris en charge par l&#8217;employeur. En effet, elle vise \u00e0 compenser une contrainte li\u00e9e \u00e0 vos conditions de travail.<\/p>\n<p>Diff\u00e9rente du ticket restaurant, cette aide est vers\u00e9e \u00e0 tout salari\u00e9 :<\/p>\n<ul>\n<li dir=\"ltr\" style=\"text-align: justify;\">Contraint de prendre son repas sur son lieu de travail<\/li>\n<li dir=\"ltr\" style=\"text-align: justify;\">Ne disposant pas d\u2019une cantine sur son lieu de travail<\/li>\n<li dir=\"ltr\" style=\"text-align: justify;\">Dont le temps de pause est insuffisant pour rentrer prendre son repas \u00e0 son domicile.<\/li>\n<\/ul>\n<p style=\"text-align: justify;\">L&rsquo;indemnit\u00e9 de repas n&rsquo;est pas soumise \u00e0 l&rsquo;imp\u00f4t. Elle peut \u00eatre d\u00e9ductible et exon\u00e9r\u00e9e de cotisations sociales, suivant ce qui est \u00e9tabli par votre convention collective.<\/p>\n<p style=\"text-align: justify;\">Cette prime peut \u00eatre pr\u00e9vue dans votre contrat de travail, par un accord d&rsquo;entreprise, ou simplement par usage. Si elle est effectivement pr\u00e9vue par votre contrat de travail, mais que vous n&rsquo;en b\u00e9n\u00e9ficiez pas, vous pouvez en faire la demande aupr\u00e8s de votre employeur.<\/p>\n<p>Quelle que soit votre fonction (salari\u00e9, cadre, etc.), vous devez percevoir le m\u00eame montant que vos coll\u00e8gues. Le nombre de paniers et le montant de la prime doivent \u00eatre pr\u00e9cis\u00e9s sur votre bulletin de salaire.<\/p>\n<div class='cta-block'><div class='text'>Simulez votre prime d&rsquo;activit\u00e9 en 2 min. <\/div><a href='https:\/\/www.mes-allocs.fr\/ab-app?origin=guides\/wp-json\/wp\/v2\/posts\/18868' class='app-button fit'>Simulation gratuite<\/a><\/div>\n<h1>Le lien entre prime d&rsquo;activit\u00e9 et prime de panier ?<\/h1>\n<p>Pour votre demande de prime d&rsquo;activit\u00e9, vous devez d\u00e9clarer vos revenus des trois derniers mois. Lors de cette d\u00e9claration, vous devez indiquer votre salaire net et non votre salaire brut. Vous devez donc renseigner le montant per\u00e7u avant retenues, saisies ou pr\u00e9l\u00e8vement de l&rsquo;imp\u00f4t \u00e0 la source.<br \/>\nL&rsquo;\u00e9quipe de Mes-Allocs peut, d&rsquo;ailleurs, vous aider dans ces d\u00e9marches.<\/p>\n<p><strong>\u00c0 noter :<\/strong> tout b\u00e9n\u00e9ficiaire de ce compl\u00e9ment de salaire doit se rapprocher des services comp\u00e9tents, s&rsquo;il change de situation.<\/p>\n<p>Dans le calcul de la prime d&rsquo;activit\u00e9, certaines sommes ne sont pas prises en compte. Vous devrez donc d\u00e9duire du\u00a0montant de votre salaire net :<\/p>\n<ul>\n<li>Prime de cr\u00e8che<\/li>\n<li>Le remboursement de frais professionnels li\u00e9s au transport (frais kilom\u00e9triques ou de grand d\u00e9placement)<\/li>\n<li><strong>Prime de panier<\/strong><\/li>\n<li>Indemnit\u00e9s de repas sur lieu de travail ou de vos repas hors locaux<\/li>\n<li>Vos frais de repas<\/li>\n<li>Les indemnit\u00e9s de salissures<\/li>\n<li>Indemnit\u00e9s repr\u00e9sentatives de frais<\/li>\n<li>Et vos indemnit\u00e9s de d\u00e9fraiement<\/li>\n<\/ul>\n<p>La prime de <a href=\"https:\/\/www.mes-allocs.fr\/guides\/prime-d-activite\/prime-dactivite-et-prime-de-panier\/panier-repas-prime-d-activite\/\">panier<\/a> n&rsquo;est donc pas \u00e0 renseigner dans votre d\u00e9claration pour la prime d&rsquo;activit\u00e9. Toutefois, vous pouvez tr\u00e8s bien b\u00e9n\u00e9ficier de la prime de panier sans forc\u00e9ment b\u00e9n\u00e9ficier de la prime d&rsquo;activit\u00e9. Les deux primes n&rsquo;\u00e9tant pas li\u00e9es.<\/p>\n<h2>Cas pratique 1<\/h2>\n<div class=\"page\" title=\"Page 1\">\n<div class=\"section\">\n<div class=\"layoutArea\">\n<div class=\"column\">\n<p>Vous effectuez votre d\u00e9claration de ressources trimestrielles (DTR). Au montant de votre salaire (net \u00e0 payer), vous devrez :<\/p>\n<\/div>\n<\/div>\n<div class=\"layoutArea\">\n<div class=\"column\">\n<p style=\"text-align: justify;\">\n<div class=\"wpdt-c row wpDataTableContainerSimpleTable wpDataTables wpDataTablesWrapper\n\"\n    >\n    <table id=\"wpdtSimpleTable-96\"\n           class=\"wpdtSimpleTable wpDataTable\"\n           data-column=\"2\"\n           data-rows=\"4\"\n           data-wpID=\"96\"\n           data-responsive=\"0\"\n           data-has-header=\"1\">\n\n                    <thead>        <tr class=\"wpdt-cell-row \" >\n                            <th class=\"wpdt-cell wpdt-bc-F3F9FE wpdt-bold\"\n                                    data-cell-id=\"A1\"\n                data-col-index=\"0\"\n                data-row-index=\"0\"\n                style=\" width:31.279620853081%;                padding:10px;\"\n                >\n                                Ajouter                <\/th>\n                                            <th class=\"wpdt-cell wpdt-bc-F3F9FE wpdt-wrap-text wpdt-bold\"\n                                    data-cell-id=\"B1\"\n                data-col-index=\"1\"\n                data-row-index=\"0\"\n                style=\" width:68.720379146919%;                padding:10px;\"\n                >\n                                D\u00e9duire                <\/th>\n                                        <\/tr>\n                    <tbody>        <tr class=\"wpdt-cell-row \" >\n                            <td class=\"wpdt-cell \"\n                                    data-cell-id=\"A2\"\n                data-col-index=\"0\"\n                data-row-index=\"1\"\n                style=\"                padding:10px;\"\n                >\n                                Acomptes                <\/td>\n                                            <td class=\"wpdt-cell wpdt-bc-FFFFFF\"\n                                    data-cell-id=\"B2\"\n                data-col-index=\"1\"\n                data-row-index=\"1\"\n                style=\"                padding:10px;\"\n                >\n                                Prime de cr\u00e8che et prime de panier                <\/td>\n                                        <\/tr>\n                            <tr class=\"wpdt-cell-row \" >\n                            <td class=\"wpdt-cell \"\n                                    data-cell-id=\"A3\"\n                data-col-index=\"0\"\n                data-row-index=\"2\"\n                style=\"                padding:10px;\"\n                >\n                                Retenues pour pr\u00eats (CE, ch\u00e8ques vacances...)                <\/td>\n                                            <td class=\"wpdt-cell \"\n                                    data-cell-id=\"B3\"\n                data-col-index=\"1\"\n                data-row-index=\"2\"\n                style=\"                padding:10px;\"\n                >\n                                Le remboursement de votre abonnement de transport, de vos frais kilom\u00e9triques, ou de grand d\u00e9placement\u00a0                <\/td>\n                                        <\/tr>\n                            <tr class=\"wpdt-cell-row \" >\n                            <td class=\"wpdt-cell \"\n                                    data-cell-id=\"A4\"\n                data-col-index=\"0\"\n                data-row-index=\"3\"\n                style=\"                padding:10px;\"\n                >\n                                Saisies sur salaire                <\/td>\n                                            <td class=\"wpdt-cell \"\n                                    data-cell-id=\"B4\"\n                data-col-index=\"1\"\n                data-row-index=\"3\"\n                style=\"                padding:10px;\"\n                >\n                                Indemnit\u00e9s de salissures,\u00a0repr\u00e9sentatives de frais et Indemnit\u00e9s de d\u00e9fraiement                <\/td>\n                                        <\/tr>\n                    <\/table>\n<\/div><style id='wpdt-custom-style-96'>\ntable#wpdtSimpleTable-96{ table-layout: fixed !important; }\n.wpdt-bc-F3F9FE { background-color: #F3F9FE !important;}\n.wpdt-bc-FFFFFF { background-color: #FFFFFF !important;}\n<\/style>\n<\/p>\n<p>&nbsp;<\/p>\n<p><strong>\u00c0 noter :<\/strong>\u00a0Le montant de salaire qu&rsquo;il faut ici prendre en compte est celui du net \u00e0 payer. Il correspond \u00e0 la somme due avant le pr\u00e9l\u00e8vement \u00e0 la source qui sert au paiement de votre imp\u00f4t sur le revenu.<br \/>\nLe montant du net imposable n&rsquo;est donc pas \u00e0 utiliser.<\/p>\n<p>&nbsp;<\/p>\n<h2>Cas pratique 2<\/h2>\n<p>Si par exemple, vous \u00eates un parent isol\u00e9 qui re\u00e7oit 180\u00a0euros de prime de cr\u00e8che. Et que vous touchez un salaire net (comprenant la prime de cr\u00e8che) de 1.400 euros.<\/p>\n<\/div>\n<\/div>\n<\/div>\n<\/div>\n<ul class=\"list-1\">\n<li>Vous devez alors effectuer\u00a0le calcul suivant\u00a0:\u00a01.400 \u2013 180 = 1.220 euros<\/li>\n<\/ul>\n<p>Dans ce cas pr\u00e9cis, vous devrez donc inscrire 1.220 euros dans la case salaire de votre d\u00e9claration.<\/p>\n<h2>Cas pratique 3<\/h2>\n<div class=\"page\" title=\"Page 1\">\n<div class=\"section\">\n<div class=\"layoutArea\">\n<div class=\"column\">\n<p>Si par exemple, vous avez eu une saisie sur salaire de 300 euros et 130 euros de prime de panier. Sachant que votre salaire net (apr\u00e8s saisie et prime comprise) de 1.000 euros.<\/p>\n<\/div>\n<\/div>\n<\/div>\n<\/div>\n<ul class=\"list-1\">\n<li>Vous devez alors effectuer\u00a0le calcul suivant\u00a0: 1.000 + 300 \u2013 130 = 1.170 euros<\/li>\n<\/ul>\n<p>Dans ce cas pr\u00e9cis, vous devrez donc inscrire 1.170 euros dans la case salaire de votre d\u00e9claration.<\/p>\n<p align=\"justify\"><span style=\"font-size: medium;\">Cela vous para\u00eet laborieux ? Pas de panique, le site Mes Allocs, peut vous accompagner non seulement durant tout le processus de demande mais aussi apr\u00e8s cette \u00e9tape, pour la mise \u00e0 jour de vos informations, notamment.<\/span><\/p>\n<p data-start=\"0\" data-end=\"164\">Depuis le 1\u1d49\u02b3 mars 2025, la d\u00e9claration trimestrielle de l<strong>a prime d\u2019activit\u00e9 devient pr\u00e9-remplie<\/strong>, ce qui simplifie le processus. La CAF reprend automatiquement certaines informations \u00e0 partir des revenus d\u00e9clar\u00e9s auparavant, r\u00e9duisant ainsi les erreurs et acc\u00e9l\u00e9rant le traitement de votre demande. Toutefois, il reste important de v\u00e9rifier et de valider les informations pour \u00e9viter toute erreur qui pourrait affecter le montant de l\u2019aide.<\/p>\n<p data-start=\"0\" data-end=\"164\">Depuis mars 2025, la p\u00e9riode \u00e0 d\u00e9clarer correspond aux tr<strong>ois mois pr\u00e9c\u00e9dant la demande : par exemple, en mars, vous devez d\u00e9clarer vos revenus des mois de novembre, d\u00e9cembre et janvier (et non plus d\u00e9cembre, janvier, f\u00e9vrier)<\/strong>. Cette nouvelle organisation facilite la gestion de votre dossier et rend la d\u00e9claration plus pr\u00e9cise.<\/p>\n<p data-start=\"0\" data-end=\"164\"><div class='cta-block'><div class='text'>Simulez votre prime d&rsquo;activit\u00e9 en 2 min. <\/div><a href='https:\/\/www.mes-allocs.fr\/ab-app?origin=guides\/wp-json\/wp\/v2\/posts\/18868' class='app-button fit'>Simulation gratuite<\/a><\/div><\/p>\n","protected":false},"excerpt":{"rendered":"<p>[Mis \u00e0 jour le 02\/04\/2026] La prime d&rsquo;activit\u00e9 et la prime de panier sont deux aides sociales mises en place par le gouvernement et destin\u00e9es aux salari\u00e9s. L&rsquo;une constituant un compl\u00e9ment de revenus et l&rsquo;autre \u00e9tant vers\u00e9e \u00e0 titre d&rsquo;indemnit\u00e9. Il est donc parfois difficile de comprendre les caract\u00e9ristiques de ces deux primes. L&rsquo;\u00e9quipe de [&hellip;]<\/p>\n","protected":false},"author":7,"featured_media":46452,"comment_status":"open","ping_status":"open","sticky":false,"template":"","format":"standard","meta":{"amp_status":"","footnotes":""},"categories":[20],"tags":[],"class_list":["post-18868","post","type-post","status-publish","format-standard","has-post-thumbnail","hentry","category-prime-d-activite"],"yoast_head":"<!-- This site is optimized with the Yoast SEO plugin v14.9 - https:\/\/yoast.com\/wordpress\/plugins\/seo\/ -->\n<title>Prime d&#039;activit\u00e9 et prime de panier : diff\u00e9rences et calcul en 2026 | Mes-Allocs.fr<\/title>\n<meta name=\"description\" content=\"La prime d&#039;activit\u00e9\u00a0et la prime de panier viennent en aide aux salari\u00e9s. D\u00e9cou vrez si vous pouvez en b\u00e9n\u00e9ficier en 2026.\" \/>\n<meta name=\"robots\" content=\"index, follow, max-snippet:-1, max-image-preview:large, max-video-preview:-1\" \/>\n<link rel=\"canonical\" href=\"https:\/\/www.mes-allocs.fr\/guides\/prime-d-activite\/prime-activite-et-prime-panier\/\" \/>\n<meta property=\"og:locale\" content=\"fr_FR\" \/>\n<meta property=\"og:type\" content=\"article\" \/>\n<meta property=\"og:title\" content=\"Prime d&#039;activit\u00e9 et prime de panier : diff\u00e9rences et calcul en 2026 | Mes-Allocs.fr\" \/>\n<meta property=\"og:description\" content=\"La prime d&#039;activit\u00e9\u00a0et la prime de panier viennent en aide aux salari\u00e9s. D\u00e9cou vrez si vous pouvez en b\u00e9n\u00e9ficier en 2026.\" \/>\n<meta property=\"og:url\" content=\"https:\/\/www.mes-allocs.fr\/guides\/prime-d-activite\/prime-activite-et-prime-panier\/\" \/>\n<meta property=\"og:site_name\" content=\"Mes-Allocs.fr\" \/>\n<meta property=\"article:published_time\" content=\"2021-02-05T13:51:04+00:00\" \/>\n<meta property=\"article:modified_time\" content=\"2026-04-02T09:40:34+00:00\" \/>\n<meta property=\"og:image\" content=\"https:\/\/www.mes-allocs.fr\/guides\/wp-content\/uploads\/2021\/02\/marvin-meyer-SYTO3xs06fU-unsplash-1-scaled.jpg?wsr\" \/>\n\t<meta property=\"og:image:width\" content=\"2560\" \/>\n\t<meta property=\"og:image:height\" content=\"1707\" \/>\n<meta name=\"twitter:card\" content=\"summary_large_image\" \/>\n<script type=\"application\/ld+json\" class=\"yoast-schema-graph\">{\"@context\":\"https:\/\/schema.org\",\"@graph\":[{\"@type\":\"WebSite\",\"@id\":\"https:\/\/www.mes-allocs.fr\/guides\/#website\",\"url\":\"https:\/\/www.mes-allocs.fr\/guides\/\",\"name\":\"Mes-Allocs.fr\",\"description\":\"\",\"potentialAction\":[{\"@type\":\"SearchAction\",\"target\":\"https:\/\/www.mes-allocs.fr\/guides\/?s={search_term_string}\",\"query-input\":\"required name=search_term_string\"}],\"inLanguage\":\"fr-FR\"},{\"@type\":\"ImageObject\",\"@id\":\"https:\/\/www.mes-allocs.fr\/guides\/prime-d-activite\/prime-activite-et-prime-panier\/#primaryimage\",\"inLanguage\":\"fr-FR\",\"url\":\"https:\/\/www.mes-allocs.fr\/guides\/wp-content\/uploads\/2021\/02\/marvin-meyer-SYTO3xs06fU-unsplash-1-scaled.jpg?wsr\",\"width\":2560,\"height\":1707,\"caption\":\"prime activit\\u00e9 prime panier\"},{\"@type\":\"WebPage\",\"@id\":\"https:\/\/www.mes-allocs.fr\/guides\/prime-d-activite\/prime-activite-et-prime-panier\/#webpage\",\"url\":\"https:\/\/www.mes-allocs.fr\/guides\/prime-d-activite\/prime-activite-et-prime-panier\/\",\"name\":\"Prime d'activit\\u00e9 et prime de panier : diff\\u00e9rences et calcul en 2026 | Mes-Allocs.fr\",\"isPartOf\":{\"@id\":\"https:\/\/www.mes-allocs.fr\/guides\/#website\"},\"primaryImageOfPage\":{\"@id\":\"https:\/\/www.mes-allocs.fr\/guides\/prime-d-activite\/prime-activite-et-prime-panier\/#primaryimage\"},\"datePublished\":\"2021-02-05T13:51:04+00:00\",\"dateModified\":\"2026-04-02T09:40:34+00:00\",\"author\":{\"@id\":\"https:\/\/www.mes-allocs.fr\/guides\/#\/schema\/person\/1c4837d5703727cb02ce84583b5a44aa\"},\"description\":\"La prime d'activit\\u00e9\\u00a0et la prime de panier viennent en aide aux salari\\u00e9s. D\\u00e9cou vrez si vous pouvez en b\\u00e9n\\u00e9ficier en 2026.\",\"inLanguage\":\"fr-FR\"},{\"@type\":\"Person\",\"@id\":\"https:\/\/www.mes-allocs.fr\/guides\/#\/schema\/person\/1c4837d5703727cb02ce84583b5a44aa\",\"name\":\"Fabiola\",\"image\":{\"@type\":\"ImageObject\",\"@id\":\"https:\/\/www.mes-allocs.fr\/guides\/#personlogo\",\"inLanguage\":\"fr-FR\",\"url\":\"https:\/\/www.mes-allocs.fr\/guides\/wp-content\/uploads\/2021\/06\/fabiola-150x150.png\",\"caption\":\"Fabiola\"},\"description\":\"Fabiola est r\\u00e9dactrice au sein de l'\\u00e9quipe Mes Allocs, sp\\u00e9cialis\\u00e9e en sciences politiques et affaires publiques. Dipl\\u00f4m\\u00e9e de l'HEIP, elle rejoint Mes Allocs apr\\u00e8s une premi\\u00e8re exp\\u00e9rience \\u00e0 l'Assembl\\u00e9e Nationale.\",\"sameAs\":[\"https:\/\/www.linkedin.com\/in\/cecilia-philippe-b-8a8085195\"]}]}<\/script>\n<!-- \/ Yoast SEO plugin. -->","amp_validity":null,"acf":{"faq":{"1":{"question":"Qui a droit \u00e0 la prime de panier ?","answer":"Tout salari\u00e9 peut b\u00e9n\u00e9ficier de cette prime. "},"2":{"question":"Comment se calcule la prime de panier ?","answer":"La montant de la prime de panier est fix\u00e9 r\u00e9gionalement. Ainsi, chaque r\u00e9gion fixe le prix de remboursement d'un repas ou d'un panier et le salari\u00e9 opte ou non pour l'abattement de 10% pour frais professionnels."},"3":{"question":"Est-ce que la prime de panier est obligatoire ?","answer":"Le contrat de travail, le bulletin de salaire ou encore la convention collective de l'entreprise, d\u00e9terminent le caract\u00e8re obligatoire ou non de la prime de panier."},"4":{"question":"Quand une prime devient obligatoire ?","answer":"Une prime devient obligatoire, selon la jurisprudence, lorsqu'elle est constante et donc vers\u00e9e durant trois ann\u00e9es cons\u00e9cutives. En effet, si la p\u00e9riode de versement ne s'\u00e9tale que sur deux ans, la jurisprudence, ne consid\u00e8re pas qu'il s'agit d'un versement constant."},"5":{"question":"","answer":""},"6":{"question":"","answer":""},"7":{"question":"","answer":""},"8":{"question":"","answer":""},"9":{"question":"","answer":""},"10":{"question":"","answer":""},"11":{"question":"","answer":""},"12":{"question":"","answer":""},"13":{"question":"","answer":""},"14":{"question":"","answer":""},"15":{"question":"","answer":""},"16":{"question":"","answer":""}}},"_links":{"self":[{"href":"https:\/\/www.mes-allocs.fr\/guides\/wp-json\/wp\/v2\/posts\/18868","targetHints":{"allow":["GET"]}}],"collection":[{"href":"https:\/\/www.mes-allocs.fr\/guides\/wp-json\/wp\/v2\/posts"}],"about":[{"href":"https:\/\/www.mes-allocs.fr\/guides\/wp-json\/wp\/v2\/types\/post"}],"author":[{"embeddable":true,"href":"https:\/\/www.mes-allocs.fr\/guides\/wp-json\/wp\/v2\/users\/7"}],"replies":[{"embeddable":true,"href":"https:\/\/www.mes-allocs.fr\/guides\/wp-json\/wp\/v2\/comments?post=18868"}],"version-history":[{"count":42,"href":"https:\/\/www.mes-allocs.fr\/guides\/wp-json\/wp\/v2\/posts\/18868\/revisions"}],"predecessor-version":[{"id":111340,"href":"https:\/\/www.mes-allocs.fr\/guides\/wp-json\/wp\/v2\/posts\/18868\/revisions\/111340"}],"wp:featuredmedia":[{"embeddable":true,"href":"https:\/\/www.mes-allocs.fr\/guides\/wp-json\/wp\/v2\/media\/46452"}],"wp:attachment":[{"href":"https:\/\/www.mes-allocs.fr\/guides\/wp-json\/wp\/v2\/media?parent=18868"}],"wp:term":[{"taxonomy":"category","embeddable":true,"href":"https:\/\/www.mes-allocs.fr\/guides\/wp-json\/wp\/v2\/categories?post=18868"},{"taxonomy":"post_tag","embeddable":true,"href":"https:\/\/www.mes-allocs.fr\/guides\/wp-json\/wp\/v2\/tags?post=18868"}],"curies":[{"name":"wp","href":"https:\/\/api.w.org\/{rel}","templated":true}]}}