{"id":18657,"date":"2021-03-08T09:29:11","date_gmt":"2021-03-08T09:29:11","guid":{"rendered":"https:\/\/www.mes-allocs.fr\/guides\/?p=18657"},"modified":"2025-07-18T16:11:33","modified_gmt":"2025-07-18T14:11:33","slug":"bilan-de-competences-a-paris","status":"publish","type":"post","link":"https:\/\/www.mes-allocs.fr\/guides\/reconversion-professionnelle\/bilan-de-competences\/ou-faire-un-bilan-de-competences\/bilan-de-competences-a-paris\/","title":{"rendered":"Comment faire un bilan de comp\u00e9tences \u00e0 Paris ?"},"content":{"rendered":"<p><a href=\"https:\/\/www.mes-allocs.fr\/guides\/wp-content\/uploads\/2021\/02\/paris-415476_1280.jpg\"><img loading=\"lazy\" decoding=\"async\" class=\"aligncenter wp-image-18887 size-full\" title=\"bilan de comp\u00e9tences paris\" src=\"https:\/\/www.mes-allocs.fr\/guides\/wp-content\/uploads\/2021\/02\/paris-415476_1280-e1612214721925.jpg\" alt=\"bilan de comp\u00e9tences paris\" width=\"1280\" height=\"371\" srcset=\"https:\/\/www.mes-allocs.fr\/guides\/wp-content\/uploads\/2021\/02\/paris-415476_1280-e1612214721925.jpg 1280w, https:\/\/www.mes-allocs.fr\/guides\/wp-content\/uploads\/2021\/02\/paris-415476_1280-e1612214721925-300x87.jpg 300w, https:\/\/www.mes-allocs.fr\/guides\/wp-content\/uploads\/2021\/02\/paris-415476_1280-e1612214721925-1024x297.jpg 1024w, https:\/\/www.mes-allocs.fr\/guides\/wp-content\/uploads\/2021\/02\/paris-415476_1280-e1612214721925-768x223.jpg 768w, https:\/\/www.mes-allocs.fr\/guides\/wp-content\/uploads\/2021\/02\/paris-415476_1280-e1612214721925-600x174.jpg 600w\" sizes=\"auto, (max-width: 1280px) 100vw, 1280px\" \/><\/a><\/p>\n<p style=\"text-align: justify;\"><strong>Un bilan de comp\u00e9tences vous permet de faire un point sur votre carri\u00e8re professionnelle. Vous pouvez le r\u00e9aliser dans le cadre d&rsquo;une \u00e9volution de poste, ou bien d&rsquo;une <a href=\"https:\/\/www.mes-allocs.fr\/guides\/reconversion-professionnelle\/\">reconversion professionnelle<\/a>. Mes Allocs vous explique comment se passe le bilan de comp\u00e9tences \u00e0 Paris.<\/strong><\/p>\n<h1>Comment faire un bilan de comp\u00e9tences \u00e0 Paris ?<\/h1>\n<p>Vous pouvez r\u00e9aliser un <a href=\"https:\/\/www.mes-allocs.fr\/guides\/reconversion-professionnelle\/bilan-de-competences\/\">bilan de comp\u00e9tences<\/a> avec Mes Allocs. Que vous soyez sur Paris ou une autre ville, Mes Allocs accompagne les salari\u00e9s et des demandeurs d&rsquo; emploi pour les guider pour une reconversion professionnelle, ou simplement pour une \u00e9volution professionnelle.<\/p>\n<div class='cta-block'><div class='text'>Bilan de comp\u00e9tences pay\u00e9 par vos aides.<\/div><a href='https:\/\/www.formademia.fr\/formulaire\/coaching' class='app-button fit'>V\u00e9rifier votre \u00e9ligibilit\u00e9<\/a><\/div>\n<h1>Qu&rsquo;est-ce que le bilan de comp\u00e9tences ?<\/h1>\n<p>Le bilan de comp\u00e9tences est un dispositif qui vous permet de faire un point sur votre parcours professionnel, mais \u00e9galement de faire une analyse de vos comp\u00e9tences, vos aptitudes et vos motivations.<\/p>\n<p>Vous pouvez r\u00e9aliser un bilan pendant votre temps de travail, dans un <a href=\"https:\/\/www.mes-allocs.fr\/guides\/reconversion-professionnelle\/bilan-de-competences\/ou-faire-un-bilan-de-competences\/\">centre de bilan agr\u00e9\u00e9<\/a>.<\/p>\n<p>Vous avez \u00e9galement la possibilit\u00e9 de le r\u00e9aliser en dehors de vos heures de travail sans avoir \u00e0 en informer votre employeur. Dans le cas contraire, vous devrez faire une demande de cong\u00e9 de bilan de comp\u00e9tences. Vous devrez alors respecter certaines conditions, \u00e0 savoir :<\/p>\n<ul>\n<li>Pour un salari\u00e9 en CDI : il faut justifier de 5 ann\u00e9es de salariat (cons\u00e9cutives ou non) dont 12 mois au sein de l\u2019entreprise dans laquelle le salari\u00e9 effectue la demande. A noter qu\u2019un d\u00e9lai de franchise de 5 ans doit \u00eatre respect\u00e9 entre deux bilans ;<\/li>\n<\/ul>\n<ul>\n<li>Pour un salari\u00e9 en CDD : il faut justifier de 24 mois de salariat (cons\u00e9cutifs ou non) au cours des 5 derni\u00e8res ann\u00e9es dont 4 mois (cons\u00e9cutifs ou non) au cours des 12 derniers mois.<\/li>\n<\/ul>\n<p><iframe loading=\"lazy\" title=\"La reconversion professionnelle\" width=\"500\" height=\"281\" src=\"https:\/\/www.youtube.com\/embed\/EiVUthswxl0?feature=oembed\" frameborder=\"0\" allow=\"accelerometer; autoplay; clipboard-write; encrypted-media; gyroscope; picture-in-picture; web-share\" referrerpolicy=\"strict-origin-when-cross-origin\" allowfullscreen><\/iframe><\/p>\n<h1>Bilan de comp\u00e9tences en 3 \u00e9tapes<\/h1>\n<p>Le bilan de comp\u00e9tences se divise en 3 \u00e9tapes, il s&rsquo;agit d&rsquo; entretiens individuels qui sont r\u00e9alis\u00e9s par un consultant sp\u00e9cialis\u00e9 en gestion de carri\u00e8re. La dur\u00e9e maximum du bilan est de 24 heures \u00e0 r\u00e9aliser en plusieurs s\u00e9ances de 2 \u00e0 3 heures espac\u00e9es.<\/p>\n<div>\n<h2 class=\"fiche-title-1\">Phase pr\u00e9liminaire<\/h2>\n<p>La phase pr\u00e9liminaire a pour objet les actions suivantes\u00a0:<\/p>\n<ul>\n<li>Analyser la demande et le besoin du b\u00e9n\u00e9ficiaire<\/li>\n<li>Analyser vos points forts et vos centres d&rsquo; int\u00e9r\u00eat<\/li>\n<li>D\u00e9terminer le format le plus adapt\u00e9 \u00e0 la situation et au besoin<\/li>\n<li>D\u00e9finir conjointement la proc\u00e9dure de d\u00e9roulement du bilan<\/li>\n<\/ul>\n<\/div>\n<div>\n<h2 class=\"fiche-title-1\">Phase d&rsquo;investigation<\/h2>\n<p>La phase d&rsquo; investigation permet au b\u00e9n\u00e9ficiaire soit de construire son projet pour un nouvel avenir professionnel et d&rsquo;en v\u00e9rifier la pertinence, soit d&rsquo;\u00e9laborer une ou plusieurs alternatives.<\/p>\n<\/div>\n<div>\n<h2 class=\"fiche-title-1\">Phase de conclusion<\/h2>\n<p>La phase de conclusion permet au b\u00e9n\u00e9ficiaire, au moyen d&rsquo;entretiens personnalis\u00e9s, d\u2019effectuer les actions suivantes :<\/p>\n<ul>\n<li>S&rsquo;approprier les r\u00e9sultats d\u00e9taill\u00e9s de la phase d&rsquo;investigation<\/li>\n<li>Recenser les conditions et moyens favorisant la r\u00e9alisation du ou des projets professionnels<\/li>\n<li>Pr\u00e9voir les principales \u00e9tapes du ou des projets professionnels, dont la possibilit\u00e9 de b\u00e9n\u00e9ficier d&rsquo;un entretien de suivi avec le prestataire de bilan de comp\u00e9tences.<\/li>\n<\/ul>\n<p>\u00c0 la fin du programme, le formateur vous remettra un document de synth\u00e8se r\u00e9sumant votre bilan, vos comp\u00e9tences, ainsi que des pistes pour votre projet de formation.<\/p>\n<div class='cta-block'><div class='text'>Bilan de comp\u00e9tences pay\u00e9 par vos aides.<\/div><a href='https:\/\/www.formademia.fr\/formulaire\/coaching' class='app-button fit'>V\u00e9rifier votre \u00e9ligibilit\u00e9<\/a><\/div>\n<\/div>\n<h1>Conditions \u00e0 respecter pour b\u00e9n\u00e9ficier du bilan de comp\u00e9tences<\/h1>\n<p>Comme nous l&rsquo;avons expliqu\u00e9, un bilan de comp\u00e9tences est \u00e0 r\u00e9aliser \u00e0 votre initiative, si vous le r\u00e9alisez en dehors de votre temps de travail vous n&rsquo;\u00eates pas tenu d&rsquo;en informer pour employeur.<\/p>\n<p>Dans le cas contraire, vous devez faire une demande de cong\u00e9 de bilan de comp\u00e9tences, mais vous aurez un certain nombre de conditions \u00e0 respecter.<\/p>\n<h2>Salari\u00e9 en CDI<\/h2>\n<p>Le salari\u00e9 doit justifier de 5 ans d\u2019activit\u00e9 salariale, cons\u00e9cutifs ou non, dont 12 mois dans l\u2019entreprise.Un d\u00e9lai de 5 ans apr\u00e8s un cong\u00e9 de bilan de comp\u00e9tences doit \u00eatre respect\u00e9. La demande est alors effectu\u00e9e aupr\u00e8s d\u2019un OPACIF.<\/p>\n<h2>Salari\u00e9 en CDD<\/h2>\n<p>Le salari\u00e9 doit obligatoirement justifier de 24 mois d\u2019activit\u00e9 au sein d&rsquo;une entreprise et avoir le statut de salari\u00e9, au cours des 5 derni\u00e8res ann\u00e9es, dont 4 mois, cons\u00e9cutifs ou non, sous contrat de travail \u00e0 dur\u00e9e d\u00e9termin\u00e9e, au cours des 12 derniers mois civils.<\/p>\n<p><strong>Ne sont pas pris en compte pour le calcul des 4 mois en CDD :<\/strong><\/p>\n<ul>\n<li>Les CDD qui se poursuivent par un CDI<\/li>\n<li>Les contrats d\u2019apprentissage et de professionnalisation<\/li>\n<li>Les CDD conclus avec un jeune au cours de son cursus scolaire<\/li>\n<li>Les contrats d\u2019Avenir et les contrats d\u2019Accompagnement dans l\u2019emploi.<\/li>\n<li>La r\u00e9alisation du bilan de comp\u00e9tences doit intervenir dans les 12 mois suivant la fin du contrat qui a ouvert le droit \u00e0 cong\u00e9.<\/li>\n<li>On peut utiliser son droit \u00e0 bilan \u00e0 l\u2019issue d\u2019un CDD.<\/li>\n<li>Un d\u00e9lai de 5 ans apr\u00e8s un cong\u00e9 de bilan de comp\u00e9tences doit \u00eatre respect\u00e9.<\/li>\n<li>Vous devez alors effectuer votre demande aupr\u00e8s de votre OPACIF.<\/li>\n<\/ul>\n<h1>Combien co\u00fbte un bilan de comp\u00e9tences ?<\/h1>\n<p>Le bilan de comp\u00e9tences est accessible pour les demandeurs d&#8217;emploi, mais \u00e9galement les salari\u00e9s du secteur priv\u00e9, vous pouvez le financer par votre CPF. Si vous r\u00e9alisez le bilan sur votre temps de travail, vous conservez votre r\u00e9mun\u00e9ration.<\/p>\n<p>La demande de bilan peut \u00eatre faite \u00e0 la demande de votre employeur, en revanche vous devez donner votre consentement.<\/p>\n<p>Certains sites internet proposent \u00e9galement de r\u00e9aliser des bilans gratuits et sans engagement. C&rsquo;est \u00e9galement de cas de cabinet sp\u00e9cialis\u00e9 en ressources humaines en Ile de France.<\/p>\n<div class='cta-block'><div class='text'>Bilan de comp\u00e9tences pay\u00e9 par vos aides.<\/div><a href='https:\/\/www.formademia.fr\/formulaire\/coaching' class='app-button fit'>V\u00e9rifier votre \u00e9ligibilit\u00e9<\/a><\/div>\n","protected":false},"excerpt":{"rendered":"<p>Un bilan de comp\u00e9tences vous permet de faire un point sur votre carri\u00e8re professionnelle. Vous pouvez le r\u00e9aliser dans le cadre d&rsquo;une \u00e9volution de poste, ou bien d&rsquo;une reconversion professionnelle. Mes Allocs vous explique comment se passe le bilan de comp\u00e9tences \u00e0 Paris. Comment faire un bilan de comp\u00e9tences \u00e0 Paris ? Vous pouvez r\u00e9aliser [&hellip;]<\/p>\n","protected":false},"author":7,"featured_media":18887,"comment_status":"open","ping_status":"open","sticky":false,"template":"","format":"standard","meta":{"amp_status":"","footnotes":""},"categories":[5093,5245,5081],"tags":[],"class_list":["post-18657","post","type-post","status-publish","format-standard","has-post-thumbnail","hentry","category-bilan-de-competences","category-ou-faire-un-bilan-de-competences","category-reconversion-professionnelle"],"yoast_head":"<!-- This site is optimized with the Yoast SEO plugin v14.9 - https:\/\/yoast.com\/wordpress\/plugins\/seo\/ -->\n<title>Comment faire un bilan de comp\u00e9tences \u00e0 Paris ? | Mes-Allocs.fr<\/title>\n<meta name=\"description\" content=\"Le bilan de comp\u00e9tences vous permet de faire un point sur votre carri\u00e8re. Mes Allocs vous explique comment \u00e7a se passe \u00e0 Paris !\" \/>\n<meta name=\"robots\" content=\"index, follow, max-snippet:-1, max-image-preview:large, max-video-preview:-1\" \/>\n<link rel=\"canonical\" href=\"https:\/\/www.mes-allocs.fr\/guides\/reconversion-professionnelle\/bilan-de-competences\/ou-faire-un-bilan-de-competences\/bilan-de-competences-a-paris\/\" \/>\n<meta property=\"og:locale\" content=\"fr_FR\" \/>\n<meta property=\"og:type\" content=\"article\" \/>\n<meta property=\"og:title\" content=\"Comment faire un bilan de comp\u00e9tences \u00e0 Paris ? | Mes-Allocs.fr\" \/>\n<meta property=\"og:description\" content=\"Le bilan de comp\u00e9tences vous permet de faire un point sur votre carri\u00e8re. Mes Allocs vous explique comment \u00e7a se passe \u00e0 Paris !\" \/>\n<meta property=\"og:url\" content=\"https:\/\/www.mes-allocs.fr\/guides\/reconversion-professionnelle\/bilan-de-competences\/ou-faire-un-bilan-de-competences\/bilan-de-competences-a-paris\/\" \/>\n<meta property=\"og:site_name\" content=\"Mes-Allocs.fr\" \/>\n<meta property=\"article:published_time\" content=\"2021-03-08T09:29:11+00:00\" \/>\n<meta property=\"article:modified_time\" content=\"2025-07-18T14:11:33+00:00\" \/>\n<meta property=\"og:image\" content=\"https:\/\/www.mes-allocs.fr\/guides\/wp-content\/uploads\/2021\/02\/paris-415476_1280-e1612214721925.jpg?wsr\" \/>\n\t<meta property=\"og:image:width\" content=\"1280\" \/>\n\t<meta property=\"og:image:height\" content=\"371\" \/>\n<meta name=\"twitter:card\" content=\"summary_large_image\" \/>\n<script type=\"application\/ld+json\" class=\"yoast-schema-graph\">{\"@context\":\"https:\/\/schema.org\",\"@graph\":[{\"@type\":\"WebSite\",\"@id\":\"https:\/\/www.mes-allocs.fr\/guides\/#website\",\"url\":\"https:\/\/www.mes-allocs.fr\/guides\/\",\"name\":\"Mes-Allocs.fr\",\"description\":\"\",\"potentialAction\":[{\"@type\":\"SearchAction\",\"target\":\"https:\/\/www.mes-allocs.fr\/guides\/?s={search_term_string}\",\"query-input\":\"required name=search_term_string\"}],\"inLanguage\":\"fr-FR\"},{\"@type\":\"ImageObject\",\"@id\":\"https:\/\/www.mes-allocs.fr\/guides\/reconversion-professionnelle\/bilan-de-competences\/ou-faire-un-bilan-de-competences\/bilan-de-competences-a-paris\/#primaryimage\",\"inLanguage\":\"fr-FR\",\"url\":\"https:\/\/www.mes-allocs.fr\/guides\/wp-content\/uploads\/2021\/02\/paris-415476_1280-e1612214721925.jpg?wsr\",\"width\":1280,\"height\":371,\"caption\":\"bilan de comp\\u00e9tences paris\"},{\"@type\":\"WebPage\",\"@id\":\"https:\/\/www.mes-allocs.fr\/guides\/reconversion-professionnelle\/bilan-de-competences\/ou-faire-un-bilan-de-competences\/bilan-de-competences-a-paris\/#webpage\",\"url\":\"https:\/\/www.mes-allocs.fr\/guides\/reconversion-professionnelle\/bilan-de-competences\/ou-faire-un-bilan-de-competences\/bilan-de-competences-a-paris\/\",\"name\":\"Comment faire un bilan de comp\\u00e9tences \\u00e0 Paris ? | Mes-Allocs.fr\",\"isPartOf\":{\"@id\":\"https:\/\/www.mes-allocs.fr\/guides\/#website\"},\"primaryImageOfPage\":{\"@id\":\"https:\/\/www.mes-allocs.fr\/guides\/reconversion-professionnelle\/bilan-de-competences\/ou-faire-un-bilan-de-competences\/bilan-de-competences-a-paris\/#primaryimage\"},\"datePublished\":\"2021-03-08T09:29:11+00:00\",\"dateModified\":\"2025-07-18T14:11:33+00:00\",\"author\":{\"@id\":\"https:\/\/www.mes-allocs.fr\/guides\/#\/schema\/person\/1c4837d5703727cb02ce84583b5a44aa\"},\"description\":\"Le bilan de comp\\u00e9tences vous permet de faire un point sur votre carri\\u00e8re. Mes Allocs vous explique comment \\u00e7a se passe \\u00e0 Paris !\",\"inLanguage\":\"fr-FR\"},{\"@type\":\"Person\",\"@id\":\"https:\/\/www.mes-allocs.fr\/guides\/#\/schema\/person\/1c4837d5703727cb02ce84583b5a44aa\",\"name\":\"Fabiola\",\"image\":{\"@type\":\"ImageObject\",\"@id\":\"https:\/\/www.mes-allocs.fr\/guides\/#personlogo\",\"inLanguage\":\"fr-FR\",\"url\":\"https:\/\/www.mes-allocs.fr\/guides\/wp-content\/uploads\/2021\/06\/fabiola-150x150.png\",\"caption\":\"Fabiola\"},\"description\":\"Fabiola est r\\u00e9dactrice au sein de l'\\u00e9quipe Mes Allocs, sp\\u00e9cialis\\u00e9e en sciences politiques et affaires publiques. Dipl\\u00f4m\\u00e9e de l'HEIP, elle rejoint Mes Allocs apr\\u00e8s une premi\\u00e8re exp\\u00e9rience \\u00e0 l'Assembl\\u00e9e Nationale.\",\"sameAs\":[\"https:\/\/www.linkedin.com\/in\/cecilia-philippe-b-8a8085195\"]}]}<\/script>\n<!-- \/ Yoast SEO plugin. -->","amp_validity":null,"acf":{"faq":{"1":{"question":"Un fonctionnaire peut-il faire un bilan de comp\u00e9tences ? ","answer":"Les agents de la fonction publique d'\u00c9tat peuvent b\u00e9n\u00e9ficier d'un cong\u00e9 r\u00e9mun\u00e9r\u00e9 pour r\u00e9aliser un bilan de comp\u00e9tences."},"2":{"question":"Comment faire un bilan de comp\u00e9tence avec P\u00f4le emploi ?","answer":"Pour b\u00e9n\u00e9ficier d'un cong\u00e9 de bilan de comp\u00e9tences, vous devez adresser une demande \u00e0 votre employeur au moins 60 jours avant la date de votre premier entretien. "},"3":{"question":"Qui peut faire un bilan de comp\u00e9tences ?","answer":"Le bilan de comp\u00e9tences ne peut \u00eatre r\u00e9alis\u00e9 qu'avec le consentement du salari\u00e9."},"4":{"question":" Qui a le droit au CPF ?","answer":"Le compte personnel de formation (CPF) est utilisable par tout salari\u00e9, tout au long de sa vie active, y compris en p\u00e9riode de ch\u00f4mage, pour suivre une formation qualifiante ou certifiante."},"5":{"question":"Comment fonctionne le CPF ?","answer":"Que ce soit \u00e0 titre individuel ou avec l'accord de son employeur, un salari\u00e9 peut b\u00e9n\u00e9ficier de son compte de formation de fa\u00e7on autonome."},"6":{"question":"Qui prend en charge le bilan de comp\u00e9tence ?","answer":"Votre bilan de comp\u00e9tences peut \u00eatre pris en charge par P\u00f4le emploi : parlez-en \u00e0 votre conseiller."},"7":{"question":"","answer":""},"8":{"question":"","answer":""},"9":{"question":"","answer":""},"10":{"question":"","answer":""},"11":{"question":"","answer":""},"12":{"question":"","answer":""},"13":{"question":"","answer":""},"14":{"question":"","answer":""},"15":{"question":"","answer":""},"16":{"question":"","answer":""}}},"_links":{"self":[{"href":"https:\/\/www.mes-allocs.fr\/guides\/wp-json\/wp\/v2\/posts\/18657","targetHints":{"allow":["GET"]}}],"collection":[{"href":"https:\/\/www.mes-allocs.fr\/guides\/wp-json\/wp\/v2\/posts"}],"about":[{"href":"https:\/\/www.mes-allocs.fr\/guides\/wp-json\/wp\/v2\/types\/post"}],"author":[{"embeddable":true,"href":"https:\/\/www.mes-allocs.fr\/guides\/wp-json\/wp\/v2\/users\/7"}],"replies":[{"embeddable":true,"href":"https:\/\/www.mes-allocs.fr\/guides\/wp-json\/wp\/v2\/comments?post=18657"}],"version-history":[{"count":16,"href":"https:\/\/www.mes-allocs.fr\/guides\/wp-json\/wp\/v2\/posts\/18657\/revisions"}],"predecessor-version":[{"id":102706,"href":"https:\/\/www.mes-allocs.fr\/guides\/wp-json\/wp\/v2\/posts\/18657\/revisions\/102706"}],"wp:featuredmedia":[{"embeddable":true,"href":"https:\/\/www.mes-allocs.fr\/guides\/wp-json\/wp\/v2\/media\/18887"}],"wp:attachment":[{"href":"https:\/\/www.mes-allocs.fr\/guides\/wp-json\/wp\/v2\/media?parent=18657"}],"wp:term":[{"taxonomy":"category","embeddable":true,"href":"https:\/\/www.mes-allocs.fr\/guides\/wp-json\/wp\/v2\/categories?post=18657"},{"taxonomy":"post_tag","embeddable":true,"href":"https:\/\/www.mes-allocs.fr\/guides\/wp-json\/wp\/v2\/tags?post=18657"}],"curies":[{"name":"wp","href":"https:\/\/api.w.org\/{rel}","templated":true}]}}