{"id":18646,"date":"2021-03-31T14:36:43","date_gmt":"2021-03-31T14:36:43","guid":{"rendered":"https:\/\/www.mes-allocs.fr\/guides\/?p=18646"},"modified":"2025-10-20T15:20:25","modified_gmt":"2025-10-20T13:20:25","slug":"exemple-de-bilan-de-competences","status":"publish","type":"post","link":"https:\/\/www.mes-allocs.fr\/guides\/reconversion-professionnelle\/bilan-de-competences\/exemple-de-bilan-de-competences\/","title":{"rendered":"Exemple de bilan de comp\u00e9tences"},"content":{"rendered":"<p><a href=\"https:\/\/www.mes-allocs.fr\/guides\/wp-content\/uploads\/2021\/01\/work-5382501_1280-1.jpg\"><img loading=\"lazy\" decoding=\"async\" class=\"aligncenter wp-image-18650 size-large\" title=\"exemple de bilan de comp\u00e9tences\" src=\"https:\/\/www.mes-allocs.fr\/guides\/wp-content\/uploads\/2021\/01\/work-5382501_1280-1-e1611825580312-1024x386.jpg\" alt=\"exemple de bilan de comp\u00e9tences\" width=\"1024\" height=\"386\" \/><\/a><\/p>\n<p style=\"text-align: justify;\"><strong>Vous pouvez r\u00e9aliser un bilan de comp\u00e9tences \u00e0 n&rsquo;importe quel moment de votre vie. Il est souvent r\u00e9alis\u00e9 pour faire un point sur sa carri\u00e8re professionnelle, dans le cadre d&rsquo;une <a href=\"https:\/\/www.mes-allocs.fr\/guides\/reconversion-professionnelle\/\">reconversion professionnelle<\/a>. Un bilan de comp\u00e9tences est personnalis\u00e9, les s\u00e9ances s&rsquo;adaptent \u00e0 vos besoins. Mes Allocs vous explique tout en d\u00e9tail.<\/strong><\/p>\n<div class='cta-block'><div class='text'>Bilan de comp\u00e9tences pay\u00e9 par vos aides.<\/div><a href='https:\/\/www.formademia.fr\/formulaire\/coaching' class='app-button fit'>V\u00e9rifier votre \u00e9ligibilit\u00e9<\/a><\/div>\n<h1>Comment se d\u00e9roule un bilan de comp\u00e9tences ?<\/h1>\n<p>Un <a href=\"https:\/\/www.mes-allocs.fr\/guides\/reconversion-professionnelle\/bilan-de-competences\/\">bilan de comp\u00e9tences<\/a> est personnalis\u00e9, les s\u00e9ances s&rsquo;adaptent \u00e0 votre situation professionnelle et vos attentes. Mais dans tous les cas il se d\u00e9roulera en 3 grandes phases.<\/p>\n<h2>Une phase pr\u00e9liminaire<\/h2>\n<ul class=\"spip\">\n<li>d\u2019analyser votre demande, mais \u00e9galement vos besoins<\/li>\n<li>de d\u00e9terminer la forme la plus adapt\u00e9e \u00e0 votre situation avant une prise en charge<\/li>\n<li>de faire le point et de d\u00e9terminer le plan d&rsquo; action du bilan<\/li>\n<\/ul>\n<p>Un premier rendez-vous avec un consultant sp\u00e9cialis\u00e9 dans le centre de bilan que vous aurez choisi.<\/p>\n<h2>Une phase d&rsquo;investigation<\/h2>\n<ul class=\"spip\">\n<li>soit de construire votre plan de formation et d\u2019en v\u00e9rifier la pertinence,<\/li>\n<li>soit d\u2019\u00e9laborer une ou plusieurs alternatives \u00e0 votre reconversion professionnelle<\/li>\n<\/ul>\n<h2>Une phase de conclusion<\/h2>\n<ul class=\"spip\">\n<li>s\u2019approprier les r\u00e9sultats d\u00e9taill\u00e9s de la phase d\u2019investigation,<\/li>\n<li>recenser les conditions et moyens favorisant la r\u00e9alisation votre d\u00e9sir de changer de m\u00e9tier<\/li>\n<li>pr\u00e9voir les principales modalit\u00e9s et \u00e9tapes de votre projet professionnel<\/li>\n<\/ul>\n<p>\u00c0 la fin, le <a href=\"https:\/\/www.mes-allocs.fr\/guides\/reconversion-professionnelle\/consultant-bilan-de-competences\/\">consultant<\/a> du centre de bilan qui vous a suivi vous remettra un document synth\u00e8se. Ce dernier est un document confidentiel qui recense toutes les \u00e9tapes du bilan effectu\u00e9, ainsi que vos comp\u00e9tences professionnelles.<\/p>\n<p><iframe loading=\"lazy\" title=\"La reconversion professionnelle\" width=\"500\" height=\"281\" src=\"https:\/\/www.youtube.com\/embed\/EiVUthswxl0?feature=oembed\" frameborder=\"0\" allow=\"accelerometer; autoplay; clipboard-write; encrypted-media; gyroscope; picture-in-picture; web-share\" referrerpolicy=\"strict-origin-when-cross-origin\" allowfullscreen><\/iframe><\/p>\n<h1>Qu&rsquo;est-ce que le bilan de comp\u00e9tences ?<\/h1>\n<p style=\"text-align: justify;\">Un bilan de comp\u00e9tences vous permet de faire un point sur votre vie professionnelle, d&rsquo;analyser vos comp\u00e9tences actuelles. Cette d\u00e9marche n&rsquo;est pas obligatoire, mais permet de mieux se pr\u00e9parer soit dans le cadre d&rsquo;une reconversion, soit dans le cadre d&rsquo;une \u00e9volution professionnelle.<\/p>\n<p style=\"text-align: justify;\">Vous pouvez r\u00e9alise un bilan de comp\u00e9tences \u00e0 votre demande, que vous soyez salari\u00e9 ou demandeur d&#8217;emploi. Si vous le r\u00e9alisez pendant votre temps de travail, vous devrez demander un cong\u00e9 sp\u00e9cifique pr\u00e9vu \u00e0 cet effet (sans perte de r\u00e9mun\u00e9ration). En revanche, s&rsquo;il est r\u00e9alis\u00e9 pendant votre temps libre, vous n&rsquo;\u00eates pas oblig\u00e9 d&rsquo;en informer votre employeur.<\/p>\n<h1>Qui peut faire un bilan de comp\u00e9tences ?<\/h1>\n<h2>Salari\u00e9 en CDI<\/h2>\n<p style=\"text-align: justify;\">Le salari\u00e9 doit justifier de 5 ans d\u2019activit\u00e9 salariale, cons\u00e9cutifs ou non, dont 12 mois dans l\u2019entreprise.Un d\u00e9lai de 5 ans apr\u00e8s un cong\u00e9 de bilan de comp\u00e9tences doit \u00eatre respect\u00e9. La demande est alors effectu\u00e9e aupr\u00e8s d\u2019un OPACIF.<\/p>\n<h2>Salari\u00e9 en CDD<\/h2>\n<p style=\"text-align: justify;\">Le salari\u00e9 doit obligatoirement justifier de 24 mois d\u2019activit\u00e9 au sein d&rsquo;une entreprise et avoir le statut de salari\u00e9, au cours des 5 derni\u00e8res ann\u00e9es, dont 4 mois, cons\u00e9cutifs ou non, sous contrat de travail \u00e0 dur\u00e9e d\u00e9termin\u00e9e, au cours des 12 derniers mois civils.<\/p>\n<p><strong>Ne sont pas pris en compte pour le calcul des 4 mois en CDD :<\/strong><\/p>\n<ul>\n<li>Les CDD qui se poursuivent par un CDI<\/li>\n<li>Les contrats d\u2019apprentissage et de professionnalisation<\/li>\n<li>Les CDD conclus avec un jeune au cours de son cursus scolaire<\/li>\n<li>Les contrats d\u2019Avenir et les contrats d\u2019Accompagnement dans l\u2019emploi.<\/li>\n<li>La r\u00e9alisation du bilan de comp\u00e9tences doit intervenir dans les 12 mois suivant la fin du contrat qui a ouvert le droit \u00e0 cong\u00e9.<\/li>\n<li>On peut utiliser son droit \u00e0 bilan \u00e0 l\u2019issue d\u2019un CDD.<\/li>\n<li>Un d\u00e9lai de 5 ans apr\u00e8s un cong\u00e9 de bilan de comp\u00e9tences doit \u00eatre respect\u00e9.<\/li>\n<li>Vous devez alors effectuer votre demande aupr\u00e8s de votre OPACIF.<\/li>\n<\/ul>\n<h1>Comment financer votre bilan de comp\u00e9tences ?<\/h1>\n<p>Il existe plusieurs dispositifs que vous pourrez utiliser pour financer votre bilan, selon votre situation professionnelle.<\/p>\n<h2>Le CPF<\/h2>\n<p style=\"text-align: justify;\">Il est d\u00e9sormais possible d&rsquo;<a href=\"https:\/\/www.mes-allocs.fr\/guides\/reconversion-professionnelle\/bilan-de-competences\/bilan-de-competences-cpf\/\">utiliser votre CPF dans le cadre du bilan de comp\u00e9tences<\/a>. Ce dernier qui \u00e9tait exclusivement ouvert aux salari\u00e9s est maintenant accessible par tous les titulaires d\u2019un compte CPF. Les demandeurs d\u2019emploi peuvent mobiliser leur CPF, acquis en poste, pour faire un Bilan durant leur p\u00e9riode de ch\u00f4mage.<\/p>\n<h2>P\u00f4le Emploi<\/h2>\n<p style=\"text-align: justify;\">Si vous \u00eates demandeur d&#8217;emploi, vous pouvez d\u00e9sormais financer votre bilan de comp\u00e9tences avec P\u00f4le Emploi qui propose et g\u00e8re des Bilans de Comp\u00e9tences approfondis (BCA). Sur prescription de votre conseiller P\u00f4le Emploi, vous pouvez b\u00e9n\u00e9ficier de cette prestation, en partenariat avec des organismes de formation et des cabinets de bilan de comp\u00e9tences, afin de construire, r\u00e9orienter ou confirmer votre projet de retour \u00e0 l\u2019emploi<\/p>\n<h2>Le Fongecif<\/h2>\n<p style=\"text-align: justify;\">Vous pouvez \u00e9galement faire une demande de financement aupr\u00e8s du Fongecif. Si la demande est accept\u00e9e, le Fongecif s\u2019engage \u00e0 prendre en charge une partie, voire la totalit\u00e9 du co\u00fbt du Bilan. En revanche, le financement du Fongecif ne peut pas d\u00e9passer 24 heures de prestations.<\/p>\n<p>Pour donner un exemple concret,\u00a0 en Ile-de-France, le Fongecif finance le Bilan de comp\u00e9tences pour un montant maximum de 1 750 \u20ac HT.<\/p>\n<div class='cta-block'><div class='text'>Bilan de comp\u00e9tences pay\u00e9 par vos aides.<\/div><a href='https:\/\/www.formademia.fr\/formulaire\/coaching' class='app-button fit'>V\u00e9rifier votre \u00e9ligibilit\u00e9<\/a><\/div>\n","protected":false},"excerpt":{"rendered":"<p>Vous pouvez r\u00e9aliser un bilan de comp\u00e9tences \u00e0 n&rsquo;importe quel moment de votre vie. Il est souvent r\u00e9alis\u00e9 pour faire un point sur sa carri\u00e8re professionnelle, dans le cadre d&rsquo;une reconversion professionnelle. Un bilan de comp\u00e9tences est personnalis\u00e9, les s\u00e9ances s&rsquo;adaptent \u00e0 vos besoins. Mes Allocs vous explique tout en d\u00e9tail. Comment se d\u00e9roule un [&hellip;]<\/p>\n","protected":false},"author":6,"featured_media":18650,"comment_status":"open","ping_status":"open","sticky":false,"template":"","format":"standard","meta":{"amp_status":"","footnotes":""},"categories":[5093,5081],"tags":[],"class_list":["post-18646","post","type-post","status-publish","format-standard","has-post-thumbnail","hentry","category-bilan-de-competences","category-reconversion-professionnelle"],"yoast_head":"<!-- This site is optimized with the Yoast SEO plugin v14.9 - https:\/\/yoast.com\/wordpress\/plugins\/seo\/ -->\n<title>Exemple de bilan de comp\u00e9tences | Mes-Allocs.fr<\/title>\n<meta name=\"description\" content=\"Un bilan de comp\u00e9tences vous permet de faire un point sur votre carri\u00e8re. Mais comment se d\u00e9roule-t-il ? Mes Allocs vous donne des exemples.\" \/>\n<meta name=\"robots\" content=\"index, follow, max-snippet:-1, max-image-preview:large, max-video-preview:-1\" \/>\n<link rel=\"canonical\" href=\"https:\/\/www.mes-allocs.fr\/guides\/reconversion-professionnelle\/bilan-de-competences\/exemple-de-bilan-de-competences\/\" \/>\n<meta property=\"og:locale\" content=\"fr_FR\" \/>\n<meta property=\"og:type\" content=\"article\" \/>\n<meta property=\"og:title\" content=\"Exemple de bilan de comp\u00e9tences | Mes-Allocs.fr\" \/>\n<meta property=\"og:description\" content=\"Un bilan de comp\u00e9tences vous permet de faire un point sur votre carri\u00e8re. Mais comment se d\u00e9roule-t-il ? Mes Allocs vous donne des exemples.\" \/>\n<meta property=\"og:url\" content=\"https:\/\/www.mes-allocs.fr\/guides\/reconversion-professionnelle\/bilan-de-competences\/exemple-de-bilan-de-competences\/\" \/>\n<meta property=\"og:site_name\" content=\"Mes-Allocs.fr\" \/>\n<meta property=\"article:published_time\" content=\"2021-03-31T14:36:43+00:00\" \/>\n<meta property=\"article:modified_time\" content=\"2025-10-20T13:20:25+00:00\" \/>\n<meta property=\"og:image\" content=\"https:\/\/www.mes-allocs.fr\/guides\/wp-content\/uploads\/2021\/01\/work-5382501_1280-1.jpg?wsr\" \/>\n\t<meta property=\"og:image:width\" content=\"1280\" \/>\n\t<meta property=\"og:image:height\" content=\"771\" \/>\n<meta name=\"twitter:card\" content=\"summary_large_image\" \/>\n<script type=\"application\/ld+json\" class=\"yoast-schema-graph\">{\"@context\":\"https:\/\/schema.org\",\"@graph\":[{\"@type\":\"WebSite\",\"@id\":\"https:\/\/www.mes-allocs.fr\/guides\/#website\",\"url\":\"https:\/\/www.mes-allocs.fr\/guides\/\",\"name\":\"Mes-Allocs.fr\",\"description\":\"\",\"potentialAction\":[{\"@type\":\"SearchAction\",\"target\":\"https:\/\/www.mes-allocs.fr\/guides\/?s={search_term_string}\",\"query-input\":\"required name=search_term_string\"}],\"inLanguage\":\"fr-FR\"},{\"@type\":\"ImageObject\",\"@id\":\"https:\/\/www.mes-allocs.fr\/guides\/reconversion-professionnelle\/bilan-de-competences\/exemple-de-bilan-de-competences\/#primaryimage\",\"inLanguage\":\"fr-FR\",\"url\":\"https:\/\/www.mes-allocs.fr\/guides\/wp-content\/uploads\/2021\/01\/work-5382501_1280-1.jpg?wsr\",\"width\":1280,\"height\":771,\"caption\":\"exemple de bilan de comp\\u00e9tences\"},{\"@type\":\"WebPage\",\"@id\":\"https:\/\/www.mes-allocs.fr\/guides\/reconversion-professionnelle\/bilan-de-competences\/exemple-de-bilan-de-competences\/#webpage\",\"url\":\"https:\/\/www.mes-allocs.fr\/guides\/reconversion-professionnelle\/bilan-de-competences\/exemple-de-bilan-de-competences\/\",\"name\":\"Exemple de bilan de comp\\u00e9tences | Mes-Allocs.fr\",\"isPartOf\":{\"@id\":\"https:\/\/www.mes-allocs.fr\/guides\/#website\"},\"primaryImageOfPage\":{\"@id\":\"https:\/\/www.mes-allocs.fr\/guides\/reconversion-professionnelle\/bilan-de-competences\/exemple-de-bilan-de-competences\/#primaryimage\"},\"datePublished\":\"2021-03-31T14:36:43+00:00\",\"dateModified\":\"2025-10-20T13:20:25+00:00\",\"author\":{\"@id\":\"https:\/\/www.mes-allocs.fr\/guides\/#\/schema\/person\/0ecd61a8600573914d00d970a588c024\"},\"description\":\"Un bilan de comp\\u00e9tences vous permet de faire un point sur votre carri\\u00e8re. Mais comment se d\\u00e9roule-t-il ? Mes Allocs vous donne des exemples.\",\"inLanguage\":\"fr-FR\"},{\"@type\":\"Person\",\"@id\":\"https:\/\/www.mes-allocs.fr\/guides\/#\/schema\/person\/0ecd61a8600573914d00d970a588c024\",\"name\":\"Jonathan\",\"image\":{\"@type\":\"ImageObject\",\"@id\":\"https:\/\/www.mes-allocs.fr\/guides\/#personlogo\",\"inLanguage\":\"fr-FR\",\"url\":\"https:\/\/www.mes-allocs.fr\/guides\/wp-content\/uploads\/2021\/06\/jonathan-150x150.png\",\"caption\":\"Jonathan\"},\"description\":\"Jonathan est r\\u00e9dacteur au sein de l'\\u00e9quipe Mes Allocs, sp\\u00e9cialis\\u00e9 sur les sujets li\\u00e9s au handicap. Dipl\\u00f4m\\u00e9e de l'UPEM, il rejoint Mes Allocs apr\\u00e8s avoir travaill\\u00e9 \\u00e0 l'association AEDE qui accompagne les adultes en situation de handicap. Quand il n'\\u00e9crit pas, on peut le retrouver sur un terrain de basket.\",\"sameAs\":[\"https:\/\/www.linkedin.com\/in\/jonathan-bambela-8637861b7\"]}]}<\/script>\n<!-- \/ Yoast SEO plugin. -->","amp_validity":null,"acf":{"faq":{"1":{"question":"Comment se d\u00e9roule le bilan de comp\u00e9tence ?","answer":"Votre bilan de comp\u00e9tences s'organise sous la forme d'entretiens individuels avec votre consultant. Ce sont des entretiens de 2 \u00e0 3 heures chacun, r\u00e9partis sur plusieurs semaines en fonction de votre disponibilit\u00e9. I"},"2":{"question":"Quelle est la dur\u00e9e d'un bilan de comp\u00e9tences ? ","answer":"Un bilan de comp\u00e9tences a une dur\u00e9e de 24 heures sur plusieurs s\u00e9ances."},"3":{"question":" Peut-on faire un bilan de comp\u00e9tences en ligne ? ","answer":"Oui tout \u00e0 fait. Certains sites internet propose des bilans de comp\u00e9tences en ligne."},"4":{"question":"Quand faire un bilan de comp\u00e9tences ? ","answer":"Il n'y a pas de moment pr\u00e9cis. Vous pouvez le r\u00e9aliser si vous en ressentez le besoin, au moment d'une reconversion professionnelle par exemple. "},"5":{"question":"Quel est le prix d'un bilan de comp\u00e9tence ?","answer":"Le co\u00fbt d'un bilan de comp\u00e9tences : un tarif variable\r\n\r\nIl n'existe aucune r\u00e8glementation et chaque organisme peut librement fixer ses prix, lesquels s'\u00e9chelonnent entre 1 500 et 3 000 euros, avec un co\u00fbt moyen d'environ 2 000 euros."},"6":{"question":"Activ'Projet, qu'est-ce que c'est ? ","answer":"Activ'projet est d\u00e9livr\u00e9 dans le cadre du conseil en \u00e9volution professionnelle de P\u00f4le emploi."},"7":{"question":"","answer":""},"8":{"question":"","answer":""},"9":{"question":"","answer":""},"10":{"question":"","answer":""},"11":{"question":"","answer":""},"12":{"question":"","answer":""},"13":{"question":"","answer":""},"14":{"question":"","answer":""},"15":{"question":"","answer":""},"16":{"question":"","answer":""}}},"_links":{"self":[{"href":"https:\/\/www.mes-allocs.fr\/guides\/wp-json\/wp\/v2\/posts\/18646","targetHints":{"allow":["GET"]}}],"collection":[{"href":"https:\/\/www.mes-allocs.fr\/guides\/wp-json\/wp\/v2\/posts"}],"about":[{"href":"https:\/\/www.mes-allocs.fr\/guides\/wp-json\/wp\/v2\/types\/post"}],"author":[{"embeddable":true,"href":"https:\/\/www.mes-allocs.fr\/guides\/wp-json\/wp\/v2\/users\/6"}],"replies":[{"embeddable":true,"href":"https:\/\/www.mes-allocs.fr\/guides\/wp-json\/wp\/v2\/comments?post=18646"}],"version-history":[{"count":12,"href":"https:\/\/www.mes-allocs.fr\/guides\/wp-json\/wp\/v2\/posts\/18646\/revisions"}],"predecessor-version":[{"id":102699,"href":"https:\/\/www.mes-allocs.fr\/guides\/wp-json\/wp\/v2\/posts\/18646\/revisions\/102699"}],"wp:featuredmedia":[{"embeddable":true,"href":"https:\/\/www.mes-allocs.fr\/guides\/wp-json\/wp\/v2\/media\/18650"}],"wp:attachment":[{"href":"https:\/\/www.mes-allocs.fr\/guides\/wp-json\/wp\/v2\/media?parent=18646"}],"wp:term":[{"taxonomy":"category","embeddable":true,"href":"https:\/\/www.mes-allocs.fr\/guides\/wp-json\/wp\/v2\/categories?post=18646"},{"taxonomy":"post_tag","embeddable":true,"href":"https:\/\/www.mes-allocs.fr\/guides\/wp-json\/wp\/v2\/tags?post=18646"}],"curies":[{"name":"wp","href":"https:\/\/api.w.org\/{rel}","templated":true}]}}