{"id":18605,"date":"2021-03-31T14:39:34","date_gmt":"2021-03-31T14:39:34","guid":{"rendered":"https:\/\/www.mes-allocs.fr\/guides\/?p=18605"},"modified":"2025-07-18T16:09:49","modified_gmt":"2025-07-18T14:09:49","slug":"consultant-bilan-de-competences","status":"publish","type":"post","link":"https:\/\/www.mes-allocs.fr\/guides\/reconversion-professionnelle\/bilan-de-competences\/consultant-bilan-de-competences\/","title":{"rendered":"Qu&rsquo;est-ce qu&rsquo;un consultant de bilan de comp\u00e9tences ?"},"content":{"rendered":"<p><a href=\"https:\/\/www.mes-allocs.fr\/guides\/wp-content\/uploads\/2021\/01\/laptop-3196481_1280-1.jpg\"><img loading=\"lazy\" decoding=\"async\" class=\"aligncenter wp-image-18608 size-large\" title=\"consultant bilan de comp\u00e9tences\" src=\"https:\/\/www.mes-allocs.fr\/guides\/wp-content\/uploads\/2021\/01\/laptop-3196481_1280-1-e1611749252611-1024x406.jpg\" alt=\"consultant bilan de comp\u00e9tences\" width=\"1024\" height=\"406\" srcset=\"https:\/\/www.mes-allocs.fr\/guides\/wp-content\/uploads\/2021\/01\/laptop-3196481_1280-1-e1611749252611-1024x406.jpg 1024w, https:\/\/www.mes-allocs.fr\/guides\/wp-content\/uploads\/2021\/01\/laptop-3196481_1280-1-e1611749252611-300x119.jpg 300w, https:\/\/www.mes-allocs.fr\/guides\/wp-content\/uploads\/2021\/01\/laptop-3196481_1280-1-e1611749252611-768x305.jpg 768w, https:\/\/www.mes-allocs.fr\/guides\/wp-content\/uploads\/2021\/01\/laptop-3196481_1280-1-e1611749252611-600x238.jpg 600w, https:\/\/www.mes-allocs.fr\/guides\/wp-content\/uploads\/2021\/01\/laptop-3196481_1280-1-e1611749252611.jpg 1280w\" sizes=\"auto, (max-width: 1024px) 100vw, 1024px\" \/><\/a><\/p>\n<p style=\"text-align: justify;\"><strong>G\u00e9n\u00e9ralement un bilan de comp\u00e9tences est r\u00e9alis\u00e9 \u00e0 votre initiative dans un centre de bilan agr\u00e9\u00e9. Pour cela, vous \u00eates accompagn\u00e9 tout du long par un consultant sp\u00e9cialis\u00e9 pour vous aider dans votre <a href=\"https:\/\/www.mes-allocs.fr\/guides\/reconversion-professionnelle\/\">reconversion professionnelle<\/a>. Mais quel est son r\u00f4le ? Mes Allocs vous explique tout en d\u00e9tail ici.<\/strong><\/p>\n<div class='cta-block'><div class='text'>Bilan de comp\u00e9tences pay\u00e9 par vos aides.<\/div><a href='https:\/\/www.formademia.fr\/formulaire\/coaching' class='app-button fit'>V\u00e9rifier votre \u00e9ligibilit\u00e9<\/a><\/div>\n<h1>Qu&rsquo;est-ce que le bilan de comp\u00e9tences ?<\/h1>\n<p>Faire un <a href=\"https:\/\/www.mes-allocs.fr\/guides\/reconversion-professionnelle\/bilan-de-competences\/\">bilan de comp\u00e9tences<\/a> vous permet de faire un point sur votre vie, vos comp\u00e9tences professionnelles et personnelles. Cela permet d&rsquo;analyser vos motivations, vos ambitions, mais surtout vos comp\u00e9tences. Souvent r\u00e9alis\u00e9 dans le cadre d&rsquo;une formation professionnelle, d&rsquo;une \u00e9volution professionnelle ou encore d&rsquo;une reconversion professionnelle, sa dur\u00e9e est au maximum de 24 heures. Cela sur des s\u00e9ances de 2 \u00e0 3 heures. Que vous ayez une activit\u00e9 salari\u00e9e ou que vous soyez demandeur d&#8217;emploi, vous pouvez faire une demande de bilan.<\/p>\n<p>Le Bilan de comp\u00e9tences est un dispositif, une prise en charge de formation inscrite dans le Code du travail.<\/p>\n<p>Si vous \u00eates salari\u00e9, vous pouvez r\u00e9aliser votre bilan pendant vos heures de travail sans perte de r\u00e9mun\u00e9ration. Vous devrez faire une demande de cong\u00e9 individuel de formation dans votre entreprise actuelle et le r\u00e9aliser dans un centre de bilan agr\u00e9\u00e9 de plan de formation.<\/p>\n<p>\u00c0 noter : Certains cabinets de conseil de ressources humaines (service RH) vous propose \u00e9galement de r\u00e9aliser un bilan de comp\u00e9tences.<\/p>\n<p><iframe loading=\"lazy\" title=\"La reconversion professionnelle\" width=\"500\" height=\"281\" src=\"https:\/\/www.youtube.com\/embed\/EiVUthswxl0?feature=oembed\" frameborder=\"0\" allow=\"accelerometer; autoplay; clipboard-write; encrypted-media; gyroscope; picture-in-picture; web-share\" referrerpolicy=\"strict-origin-when-cross-origin\" allowfullscreen><\/iframe><\/p>\n<h1>Quel est le r\u00f4le d&rsquo;un consultant de bilan de comp\u00e9tences ?<\/h1>\n<p>Un consultant de centre de bilan de comp\u00e9tences vous accompagne tout au long de ce programme. C&rsquo;est \u00e0 lui que vous ferez part de votre projet professionnel, de vos exp\u00e9riences professionnelles ainsi que de vos envies. Ce m\u00e9tier de consultant est avant tout un m\u00e9tier d&rsquo;\u00e9coute et d&rsquo;analyse des besoins des salari\u00e9s ou demandeurs d&#8217;emploi qui souhaitent simplement faire un point sur leurs comp\u00e9tences ou bien changer de parcours professionnel.<\/p>\n<h1>Quelles sont les \u00e9tapes d&rsquo;un bilan de comp\u00e9tences ?<\/h1>\n<p>Pendant la r\u00e9alisation de votre bilan, le consultant va dresser un tableau de vos comp\u00e9tences acquises au cours de votre carri\u00e8re professionnelle. Vos faiblesses sont \u00e9galement analys\u00e9es afin de prendre en compte tous les param\u00e8tres. Gr\u00e2ce \u00e0 cela, il sera possible de d\u00e9finir un projet professionnel, un projet de formation qui vous convient.<\/p>\n<ul>\n<li><strong>1 \u00e0 2 s\u00e9ances<\/strong>\u00a0consacr\u00e9es \u00e0 la clarification de votre besoin et l\u2019analyse de votre parcours professionnel et personnel. Il s\u2019agit d\u2019un \u00e9clairage sur\u00a0 votre\u00a0 profil professionnel, vos valeurs, vos crit\u00e8res de motivations, vos int\u00e9r\u00eats professionnels\u00a0 et votre personnalit\u00e9. Ainsi le but est de vous permettre de mieux tirer parti de vos potentiels et renouveler l\u2019image de vous-m\u00eame.<\/li>\n<li><strong>1 \u00e0 2 s\u00e9ances<\/strong>\u00a0d\u00e9di\u00e9es \u00e0 l\u2019analyse des comp\u00e9tences li\u00e9es \u00e0 votre exp\u00e9rience, de vos comp\u00e9tences transf\u00e9rables et de vos activit\u00e9s extra-professionnelles. Tout ceci contribue\u00a0 \u00e0 la construction de votre portefeuille de comp\u00e9tences.<\/li>\n<li><strong>2 \u00e0 3 s\u00e9ances<\/strong>\u00a0consacr\u00e9es \u00e0 la construction de votre (vos) projet(s) professionnel(s) et \u00e0 l\u2019identification de vos besoins compl\u00e9mentaires.<\/li>\n<li><strong>1 s\u00e9ance<\/strong> de validation de votre projet professionnel prioritaire\u00a0 et de son plan d\u2019action.\u00a0 Formalisation\u00a0 des moyens \u00e0 mettre en \u0153uvre : \u00e9tapes cl\u00e9s, planning, outils techniques ou autre support pratique au projet.<\/li>\n<\/ul>\n<p>Vient ensuite la phase de conclusion, le consultant vous remet un document de synth\u00e8se relatant vos comp\u00e9tences, vos motivations et votre plan d&rsquo; avenir professionnel.<\/p>\n<h1>\u00c0 quoi sert un bilan de comp\u00e9tences ?<\/h1>\n<p><b>R\u00e9aliser un bilan de comp\u00e9tences offre de nombreux avantages, \u00e0 savoir :<\/b><\/p>\n<ul>\n<li>prendre du recul sur votre situation professionnelle, la d\u00e9bloquer, la relancer, ou tout simplement la conforter\u00a0;<\/li>\n<li>r\u00e9fl\u00e9chir \u00e0 vos envies et \u00e0 votre avenir\u00a0;<\/li>\n<li>d\u00e9velopper votre confiance en vous par une meilleure connaissance\u00a0 et acceptation de vos forces et de vos faiblesses\u00a0;<\/li>\n<li>vous d\u00e9couvrir de nouveaux int\u00e9r\u00eats, motivations ou perspectives professionnelles ;<\/li>\n<li>prendre en main votre carri\u00e8re et anticiper son \u00e9volution \u00a0sans la subir ni vous laisser surprendre par le cours des \u00e9v\u00e8nements\u00a0;<\/li>\n<li>vous \u00e9panouir au travail et r\u00e9ussir avec un projet professionnel concret et un plan d&rsquo;action pr\u00e9cis.<\/li>\n<\/ul>\n<div class='cta-block'><div class='text'>Bilan de comp\u00e9tences pay\u00e9 par vos aides.<\/div><a href='https:\/\/www.formademia.fr\/formulaire\/coaching' class='app-button fit'>V\u00e9rifier votre \u00e9ligibilit\u00e9<\/a><\/div>\n<h1>Qui peut r\u00e9aliser un bilan se comp\u00e9tences ?<\/h1>\n<p>Le bilan de comp\u00e9tences peut \u00eatre demand\u00e9 \u00e0 l&rsquo;initiative d&rsquo;un salari\u00e9, ou d&rsquo;une personne en recherche d&rsquo; emploi s&rsquo;il est inscrit chez P\u00f4le Emploi dans le cadre d&rsquo;une formation professionnelle.<\/p>\n<h2>Salari\u00e9 en CDI<\/h2>\n<p>Le salari\u00e9, ou salari\u00e9 du secteur priv\u00e9 doit justifier de 5 ans d\u2019activit\u00e9 salariale, cons\u00e9cutifs ou non, dont 12 mois dans l\u2019entreprise.Un d\u00e9lai de 5 ans apr\u00e8s un cong\u00e9 de bilan de comp\u00e9tences doit \u00eatre respect\u00e9. La demande est alors effectu\u00e9e aupr\u00e8s d\u2019un OPACIF.<\/p>\n<h2>Salari\u00e9 en CDD<\/h2>\n<p>Le salari\u00e9 doit obligatoirement justifier de 24 mois d\u2019activit\u00e9 au sein d&rsquo;une entreprise et avoir le statut de salari\u00e9, au cours des 5 derni\u00e8res ann\u00e9es, dont 4 mois, cons\u00e9cutifs ou non, sous contrat de travail \u00e0 dur\u00e9e d\u00e9termin\u00e9e, au cours des 12 derniers mois civils.<\/p>\n<p><strong>Ne sont pas pris en compte pour le calcul des 4 mois en CDD :<\/strong><\/p>\n<ul>\n<li style=\"list-style-type: none;\">\n<ul>\n<li>Les CDD qui se poursuivent par un CDI<\/li>\n<li>Les contrats d\u2019apprentissage et de professionnalisation<\/li>\n<li>Les CDD conclus avec un jeune au cours de son cursus scolaire<\/li>\n<li>Les contrats d\u2019Avenir et les contrats d\u2019Accompagnement dans l\u2019emploi.<\/li>\n<li>La r\u00e9alisation du bilan de comp\u00e9tences doit intervenir dans les 12 mois suivant la fin du contrat qui a ouvert le droit \u00e0 cong\u00e9.<\/li>\n<li>On peut utiliser son droit \u00e0 bilan \u00e0 l\u2019issue d\u2019un CDD.<\/li>\n<li>Un d\u00e9lai de 5 ans apr\u00e8s un cong\u00e9 de bilan de comp\u00e9tences doit \u00eatre respect\u00e9.<\/li>\n<li>Vous devez alors effectuer votre demande aupr\u00e8s de votre OPACIF.<\/li>\n<\/ul>\n<\/li>\n<\/ul>\n<h1>Qui finance un bilan de comp\u00e9tences ?<\/h1>\n<p>Le <a href=\"https:\/\/www.mes-allocs.fr\/guides\/reconversion-professionnelle\/bilan-de-competences\/faire-un-bilan-de-competences\/financer-un-bilan-de-competences\/\">financement<\/a> d\u00e9pend de votre situation, cela peut \u00eatre pris en charge si vous \u00eates salari\u00e9 ou entrepreneur.<\/p>\n<p><strong>Si vous \u00eates salari\u00e9, vous pouvez :<\/strong><\/p>\n<ul>\n<li>b\u00e9n\u00e9ficier du financement par le Plan de D\u00e9veloppement des Comp\u00e9tencesde l&rsquo;entreprise dont vous d\u00e9pendez, par exemple le Plan de Formation.<\/li>\n<li>utiliser<strong>\u00a0<\/strong>votreCPF (compte personnel de formation sur le site\u00a0 moncompteformation).<br \/>\nSi l&rsquo;argent cumul\u00e9 sur votre CPF est inf\u00e9rieur au co\u00fbt de la formation choisie, vous pouvez b\u00e9n\u00e9ficier d\u2019un versement volontaire par votre employeur.<\/li>\n<\/ul>\n<p><strong>\u00c0 noter : si vous \u00eates ind\u00e9pendant, contactez la FIFPL afin de connaitre les modalit\u00e9s de financement du bilan de comp\u00e9tences.<\/strong><\/p>\n<div class='cta-block'><div class='text'>Bilan de comp\u00e9tences pay\u00e9 par vos aides.<\/div><a href='https:\/\/www.formademia.fr\/formulaire\/coaching' class='app-button fit'>V\u00e9rifier votre \u00e9ligibilit\u00e9<\/a><\/div>\n","protected":false},"excerpt":{"rendered":"<p>G\u00e9n\u00e9ralement un bilan de comp\u00e9tences est r\u00e9alis\u00e9 \u00e0 votre initiative dans un centre de bilan agr\u00e9\u00e9. Pour cela, vous \u00eates accompagn\u00e9 tout du long par un consultant sp\u00e9cialis\u00e9 pour vous aider dans votre reconversion professionnelle. Mais quel est son r\u00f4le ? Mes Allocs vous explique tout en d\u00e9tail ici. Qu&rsquo;est-ce que le bilan de comp\u00e9tences [&hellip;]<\/p>\n","protected":false},"author":7,"featured_media":18608,"comment_status":"open","ping_status":"open","sticky":false,"template":"","format":"standard","meta":{"amp_status":"","footnotes":""},"categories":[5093,5081],"tags":[],"class_list":["post-18605","post","type-post","status-publish","format-standard","has-post-thumbnail","hentry","category-bilan-de-competences","category-reconversion-professionnelle"],"yoast_head":"<!-- This site is optimized with the Yoast SEO plugin v14.9 - https:\/\/yoast.com\/wordpress\/plugins\/seo\/ -->\n<title>Qu&#039;est-ce qu&#039;un consultant de bilan de comp\u00e9tences ? | Mes-Allocs.fr<\/title>\n<meta name=\"description\" content=\"Lors de votre bilan de comp\u00e9tences, vous \u00eates accompagn\u00e9 par un consultant externe. Mes Allocs vous explique tout en d\u00e9tail ici !\" \/>\n<meta name=\"robots\" content=\"index, follow, max-snippet:-1, max-image-preview:large, max-video-preview:-1\" \/>\n<link rel=\"canonical\" href=\"https:\/\/www.mes-allocs.fr\/guides\/reconversion-professionnelle\/bilan-de-competences\/consultant-bilan-de-competences\/\" \/>\n<meta property=\"og:locale\" content=\"fr_FR\" \/>\n<meta property=\"og:type\" content=\"article\" \/>\n<meta property=\"og:title\" content=\"Qu&#039;est-ce qu&#039;un consultant de bilan de comp\u00e9tences ? | Mes-Allocs.fr\" \/>\n<meta property=\"og:description\" content=\"Lors de votre bilan de comp\u00e9tences, vous \u00eates accompagn\u00e9 par un consultant externe. Mes Allocs vous explique tout en d\u00e9tail ici !\" \/>\n<meta property=\"og:url\" content=\"https:\/\/www.mes-allocs.fr\/guides\/reconversion-professionnelle\/bilan-de-competences\/consultant-bilan-de-competences\/\" \/>\n<meta property=\"og:site_name\" content=\"Mes-Allocs.fr\" \/>\n<meta property=\"article:published_time\" content=\"2021-03-31T14:39:34+00:00\" \/>\n<meta property=\"article:modified_time\" content=\"2025-07-18T14:09:49+00:00\" \/>\n<meta property=\"og:image\" content=\"https:\/\/www.mes-allocs.fr\/guides\/wp-content\/uploads\/2021\/01\/laptop-3196481_1280-1-e1611749252611.jpg?wsr\" \/>\n\t<meta property=\"og:image:width\" content=\"1280\" \/>\n\t<meta property=\"og:image:height\" content=\"508\" \/>\n<meta name=\"twitter:card\" content=\"summary_large_image\" \/>\n<script type=\"application\/ld+json\" class=\"yoast-schema-graph\">{\"@context\":\"https:\/\/schema.org\",\"@graph\":[{\"@type\":\"WebSite\",\"@id\":\"https:\/\/www.mes-allocs.fr\/guides\/#website\",\"url\":\"https:\/\/www.mes-allocs.fr\/guides\/\",\"name\":\"Mes-Allocs.fr\",\"description\":\"\",\"potentialAction\":[{\"@type\":\"SearchAction\",\"target\":\"https:\/\/www.mes-allocs.fr\/guides\/?s={search_term_string}\",\"query-input\":\"required name=search_term_string\"}],\"inLanguage\":\"fr-FR\"},{\"@type\":\"ImageObject\",\"@id\":\"https:\/\/www.mes-allocs.fr\/guides\/reconversion-professionnelle\/bilan-de-competences\/consultant-bilan-de-competences\/#primaryimage\",\"inLanguage\":\"fr-FR\",\"url\":\"https:\/\/www.mes-allocs.fr\/guides\/wp-content\/uploads\/2021\/01\/laptop-3196481_1280-1-e1611749252611.jpg?wsr\",\"width\":1280,\"height\":508,\"caption\":\"consultant bilan de comp\\u00e9tences\"},{\"@type\":\"WebPage\",\"@id\":\"https:\/\/www.mes-allocs.fr\/guides\/reconversion-professionnelle\/bilan-de-competences\/consultant-bilan-de-competences\/#webpage\",\"url\":\"https:\/\/www.mes-allocs.fr\/guides\/reconversion-professionnelle\/bilan-de-competences\/consultant-bilan-de-competences\/\",\"name\":\"Qu'est-ce qu'un consultant de bilan de comp\\u00e9tences ? | Mes-Allocs.fr\",\"isPartOf\":{\"@id\":\"https:\/\/www.mes-allocs.fr\/guides\/#website\"},\"primaryImageOfPage\":{\"@id\":\"https:\/\/www.mes-allocs.fr\/guides\/reconversion-professionnelle\/bilan-de-competences\/consultant-bilan-de-competences\/#primaryimage\"},\"datePublished\":\"2021-03-31T14:39:34+00:00\",\"dateModified\":\"2025-07-18T14:09:49+00:00\",\"author\":{\"@id\":\"https:\/\/www.mes-allocs.fr\/guides\/#\/schema\/person\/1c4837d5703727cb02ce84583b5a44aa\"},\"description\":\"Lors de votre bilan de comp\\u00e9tences, vous \\u00eates accompagn\\u00e9 par un consultant externe. Mes Allocs vous explique tout en d\\u00e9tail ici !\",\"inLanguage\":\"fr-FR\"},{\"@type\":\"Person\",\"@id\":\"https:\/\/www.mes-allocs.fr\/guides\/#\/schema\/person\/1c4837d5703727cb02ce84583b5a44aa\",\"name\":\"Fabiola\",\"image\":{\"@type\":\"ImageObject\",\"@id\":\"https:\/\/www.mes-allocs.fr\/guides\/#personlogo\",\"inLanguage\":\"fr-FR\",\"url\":\"https:\/\/www.mes-allocs.fr\/guides\/wp-content\/uploads\/2021\/06\/fabiola-150x150.png\",\"caption\":\"Fabiola\"},\"description\":\"Fabiola est r\\u00e9dactrice au sein de l'\\u00e9quipe Mes Allocs, sp\\u00e9cialis\\u00e9e en sciences politiques et affaires publiques. Dipl\\u00f4m\\u00e9e de l'HEIP, elle rejoint Mes Allocs apr\\u00e8s une premi\\u00e8re exp\\u00e9rience \\u00e0 l'Assembl\\u00e9e Nationale.\",\"sameAs\":[\"https:\/\/www.linkedin.com\/in\/cecilia-philippe-b-8a8085195\"]}]}<\/script>\n<!-- \/ Yoast SEO plugin. -->","amp_validity":null,"acf":{"faq":{"1":{"question":"Qui peut faire passer un bilan de comp\u00e9tences ?","answer":"Le bilan de comp\u00e9tences est obligatoirement r\u00e9alis\u00e9 par un prestataire ext\u00e9rieur \u00e0 l'entreprise, qui ne peut organiser en interne le bilan pour ses salari\u00e9s. "},"2":{"question":"Quelle est la dur\u00e9e d'un bilan de comp\u00e9tences ?","answer":"La dur\u00e9e du bilan de comp\u00e9tences est de 24 heures maximum. Ces heures se r\u00e9partissent g\u00e9n\u00e9ralement sur plusieurs semaines."},"3":{"question":"Qui peut faire un bilan de comp\u00e9tences ?","answer":"Le bilan de comp\u00e9tences ne peut \u00eatre r\u00e9alis\u00e9 qu'avec le consentement du salari\u00e9. Il fait l'objet d'une convention tripartite sign\u00e9e par le salari\u00e9, l'employeur et l'organisme prestataire de bilan."},"4":{"question":"Comment financer une VAE ? ","answer":"Les frais li\u00e9s \u00e0 la VAE sont pris en charge par P\u00f4le Emploi, gr\u00e2ce \u00e0 un financement sp\u00e9cifique, dans la limite des droits acquis figurant sur votre compte CPF. "},"5":{"question":"O\u00f9 s'adresser pour faire une VAE ?","answer":"La demande de VAE doit \u00eatre adress\u00e9e au minist\u00e8re ou \u00e0 l'organisme qui d\u00e9livre la certification Certification C'est le terme officiel qui recouvre des appellations diff\u00e9rentes : dipl\u00f4me, titre ou certificat de qualification professionnelle. "},"6":{"question":" Quel est le co\u00fbt d'une VAE ?","answer":"Cet accompagnement est payant, entre 700 et 2500 \u20ac en fonction du dipl\u00f4me, pour 24 heures maximum. "},"7":{"question":"","answer":""},"8":{"question":"","answer":""},"9":{"question":"","answer":""},"10":{"question":"","answer":""},"11":{"question":"","answer":""},"12":{"question":"","answer":""},"13":{"question":"","answer":""},"14":{"question":"","answer":""},"15":{"question":"","answer":""},"16":{"question":"","answer":""}}},"_links":{"self":[{"href":"https:\/\/www.mes-allocs.fr\/guides\/wp-json\/wp\/v2\/posts\/18605","targetHints":{"allow":["GET"]}}],"collection":[{"href":"https:\/\/www.mes-allocs.fr\/guides\/wp-json\/wp\/v2\/posts"}],"about":[{"href":"https:\/\/www.mes-allocs.fr\/guides\/wp-json\/wp\/v2\/types\/post"}],"author":[{"embeddable":true,"href":"https:\/\/www.mes-allocs.fr\/guides\/wp-json\/wp\/v2\/users\/7"}],"replies":[{"embeddable":true,"href":"https:\/\/www.mes-allocs.fr\/guides\/wp-json\/wp\/v2\/comments?post=18605"}],"version-history":[{"count":12,"href":"https:\/\/www.mes-allocs.fr\/guides\/wp-json\/wp\/v2\/posts\/18605\/revisions"}],"predecessor-version":[{"id":102700,"href":"https:\/\/www.mes-allocs.fr\/guides\/wp-json\/wp\/v2\/posts\/18605\/revisions\/102700"}],"wp:featuredmedia":[{"embeddable":true,"href":"https:\/\/www.mes-allocs.fr\/guides\/wp-json\/wp\/v2\/media\/18608"}],"wp:attachment":[{"href":"https:\/\/www.mes-allocs.fr\/guides\/wp-json\/wp\/v2\/media?parent=18605"}],"wp:term":[{"taxonomy":"category","embeddable":true,"href":"https:\/\/www.mes-allocs.fr\/guides\/wp-json\/wp\/v2\/categories?post=18605"},{"taxonomy":"post_tag","embeddable":true,"href":"https:\/\/www.mes-allocs.fr\/guides\/wp-json\/wp\/v2\/tags?post=18605"}],"curies":[{"name":"wp","href":"https:\/\/api.w.org\/{rel}","templated":true}]}}