{"id":18589,"date":"2021-03-31T14:32:40","date_gmt":"2021-03-31T14:32:40","guid":{"rendered":"https:\/\/www.mes-allocs.fr\/guides\/?p=18589"},"modified":"2025-07-18T16:09:29","modified_gmt":"2025-07-18T14:09:29","slug":"test-bilan-de-competences","status":"publish","type":"post","link":"https:\/\/www.mes-allocs.fr\/guides\/reconversion-professionnelle\/bilan-de-competences\/test-bilan-de-competences\/","title":{"rendered":"Comment se d\u00e9roule le test de bilan de comp\u00e9tences ?"},"content":{"rendered":"<p><a href=\"https:\/\/www.mes-allocs.fr\/guides\/wp-content\/uploads\/2021\/01\/pexels-sora-shimazaki-5668869.jpg\"><img loading=\"lazy\" decoding=\"async\" class=\"aligncenter wp-image-18595 size-large\" title=\"test bilan de comp\u00e9tences\" src=\"https:\/\/www.mes-allocs.fr\/guides\/wp-content\/uploads\/2021\/01\/pexels-sora-shimazaki-5668869-e1611741977723-1024x376.jpg\" alt=\"test bilan de comp\u00e9tences\" width=\"1024\" height=\"376\" srcset=\"https:\/\/www.mes-allocs.fr\/guides\/wp-content\/uploads\/2021\/01\/pexels-sora-shimazaki-5668869-e1611741977723-1024x376.jpg 1024w, https:\/\/www.mes-allocs.fr\/guides\/wp-content\/uploads\/2021\/01\/pexels-sora-shimazaki-5668869-e1611741977723-300x110.jpg 300w, https:\/\/www.mes-allocs.fr\/guides\/wp-content\/uploads\/2021\/01\/pexels-sora-shimazaki-5668869-e1611741977723-768x282.jpg 768w, https:\/\/www.mes-allocs.fr\/guides\/wp-content\/uploads\/2021\/01\/pexels-sora-shimazaki-5668869-e1611741977723-600x220.jpg 600w, https:\/\/www.mes-allocs.fr\/guides\/wp-content\/uploads\/2021\/01\/pexels-sora-shimazaki-5668869-e1611741977723.jpg 1280w\" sizes=\"auto, (max-width: 1024px) 100vw, 1024px\" \/><\/a><\/p>\n<p style=\"text-align: justify;\"><strong>Un bilan de comp\u00e9tences vous permet de faire un point sur votre vie professionnelle, notamment dans le cadre d&rsquo;une <a href=\"https:\/\/www.mes-allocs.fr\/guides\/reconversion-professionnelle\/\">reconversion professionnelle<\/a>. Il permet d&rsquo;analyser vos comp\u00e9tences, mais \u00e9galement vos motivations. Mes Allocs vous explique en d\u00e9tail comment se d\u00e9roule le test du bilan de comp\u00e9tences.<\/strong><\/p>\n<div class='cta-block'><div class='text'>Bilan de comp\u00e9tences pay\u00e9 par vos aides.<\/div><a href='https:\/\/www.formademia.fr\/formulaire\/coaching' class='app-button fit'>V\u00e9rifier votre \u00e9ligibilit\u00e9<\/a><\/div>\n<h1>Qu&rsquo;est-ce que le bilan de comp\u00e9tences ?<\/h1>\n<h2>Quel est l&rsquo;objectif du bilan de comp\u00e9tences ?<\/h2>\n<p>Le <a href=\"https:\/\/www.mes-allocs.fr\/guides\/reconversion-professionnelle\/bilan-de-competences\/\">bilan de comp\u00e9tences<\/a> est un dispositif qui vous permet de faire un point sur votre carri\u00e8re. L&rsquo;objectif du bilan est de faire une analyse de vos comp\u00e9tences professionnelles, vos aptitudes et vos motivations, et de mieux vous conna\u00eetre. Le <a href=\"https:\/\/www.mes-allocs.fr\/guides\/reconversion-professionnelle\/bilan-de-competences\/consultant-bilan-de-competences\/\">consultant<\/a> en charge de votre bilan dressera ainsi votre profil professionnel. Vous avez \u00e9galement la possibilit\u00e9 de r\u00e9aliser un test de personnalit\u00e9.<\/p>\n<p>Souvent r\u00e9alis\u00e9 dans le cadre d&rsquo;une formation professionnelle ou d&rsquo;une reconversion professionnelle, sa dur\u00e9e est au maximum de 24 heures. Cela sur des s\u00e9ances de 2 \u00e0 3 heures. Que vous ayez une activit\u00e9 salari\u00e9e ou que vous soyez demandeur d&#8217;emploi vous pouvez faire une demande de bilan.<\/p>\n<p>Le Bilan de comp\u00e9tences est un dispositif, une prise en charge de formation inscrite dans le Code du travail. Il existe certains sites internet permettant de r\u00e9aliser des bilans de comp\u00e9tences gratuit.<\/p>\n<p><iframe loading=\"lazy\" title=\"La reconversion professionnelle\" width=\"500\" height=\"281\" src=\"https:\/\/www.youtube.com\/embed\/EiVUthswxl0?feature=oembed\" frameborder=\"0\" allow=\"accelerometer; autoplay; clipboard-write; encrypted-media; gyroscope; picture-in-picture; web-share\" referrerpolicy=\"strict-origin-when-cross-origin\" allowfullscreen><\/iframe><\/p>\n<h2>Qui peut faire un bilan de comp\u00e9tences ?<\/h2>\n<p><strong>Vous pouvez b\u00e9n\u00e9ficier d&rsquo;un bilan de comp\u00e9tences, si vous \u00eates :<\/strong><\/p>\n<ul>\n<li>salari\u00e9 du secteur priv\u00e9, fonction publique, en contrat \u00e0 dur\u00e9e ind\u00e9termin\u00e9e ou d\u00e9termin\u00e9e pendant ou en dehors du temps de travail<\/li>\n<li>demandeur d\u2019emploi : la demande doit \u00eatre faite aupr\u00e8s de P\u00f4le emploi, de l\u2019APEC ou de Cap emploi ;<\/li>\n<li>salari\u00e9 du secteur public (fonctionnaires, agents non titulaires\u2026) : textes sp\u00e9cifiques mais dans des conditions similaires aux salari\u00e9s (cong\u00e9 de 24h, etc.).<\/li>\n<\/ul>\n<h1>Comment se d\u00e9roule un bilan de comp\u00e9tences ?<\/h1>\n<h2>Le nombre de s\u00e9ances<\/h2>\n<p style=\"text-align: justify;\">Votre bilan de comp\u00e9tences se d\u00e9roule sur plusieurs s\u00e9ances de 2 \u00e0 3 heures pour une dur\u00e9e maximum de 24 heures. Vous pouvez effectuer votre bilan pendant votre temps de travail sans perte de r\u00e9mun\u00e9ration. En revanche vous devrez faire une demande de cong\u00e9 pour r\u00e9aliser le bilan de comp\u00e9tences. Si vous d\u00e9cidez de faire un bilan en dehors de vos heures de travail, vous n&rsquo;\u00eates pas oblig\u00e9 d&rsquo;en informer votre employeur.<\/p>\n<h2>Un bilan de comp\u00e9tences est divis\u00e9 en 3 grandes \u00e9tapes<\/h2>\n<p>Ces \u00e9tapes vous permettront de <a href=\"https:\/\/www.mes-allocs.fr\/guides\/reconversion-professionnelle\/bilan-de-competences\/questionnaire-de-bilan-de-competences\/\">r\u00e9pondre \u00e0 de nombreuses questions<\/a>, ce qui vous aidera \u00e0 affiner votre projet professionnel.<\/p>\n<p><strong>Phase pr\u00e9liminaire, elle a pour objet de<\/strong> :<\/p>\n<ul class=\"spip\">\n<li>d\u2019analyser votre demande, mais \u00e9galement vos besoins<\/li>\n<li>de d\u00e9terminer la forme la plus adapt\u00e9e \u00e0 votre situation avant une prise en charge<\/li>\n<li>de faire le point et de d\u00e9terminer le plan d&rsquo; action du bilan<\/li>\n<\/ul>\n<p><strong>Phase d\u2019investigation, elle permet au b\u00e9n\u00e9ficiaire<\/strong>\u00a0:<\/p>\n<ul class=\"spip\">\n<li>soit de construire votre plan de formation et d\u2019en v\u00e9rifier la pertinence,<\/li>\n<li>soit d\u2019\u00e9laborer une ou plusieurs alternatives \u00e0 votre reconversion professionnelle<\/li>\n<\/ul>\n<p><strong>Phase de conclusion, permet au b\u00e9n\u00e9ficiaire de<\/strong>\u00a0:<\/p>\n<ul class=\"spip\">\n<li>s\u2019approprier les r\u00e9sultats d\u00e9taill\u00e9s de la phase d\u2019investigation,<\/li>\n<li>recenser les conditions et moyens favorisant la r\u00e9alisation votre d\u00e9sir de changer de m\u00e9tier<\/li>\n<li>pr\u00e9voir les principales modalit\u00e9s et \u00e9tapes de votre projet professionnel<\/li>\n<\/ul>\n<p>\u00c0 la fin, le consultant du centre de bilan qui vous a suivi vous remettra un document synth\u00e8se. Ce dernier est un document confidentiel qui recense toutes les \u00e9tapes du bilan effectu\u00e9, ainsi que vos comp\u00e9tences professionnelles.<\/p>\n<div class='cta-block'><div class='text'>Bilan de comp\u00e9tences pay\u00e9 par vos aides.<\/div><a href='https:\/\/www.formademia.fr\/formulaire\/coaching' class='app-button fit'>V\u00e9rifier votre \u00e9ligibilit\u00e9<\/a><\/div>\n","protected":false},"excerpt":{"rendered":"<p>Un bilan de comp\u00e9tences vous permet de faire un point sur votre vie professionnelle, notamment dans le cadre d&rsquo;une reconversion professionnelle. Il permet d&rsquo;analyser vos comp\u00e9tences, mais \u00e9galement vos motivations. Mes Allocs vous explique en d\u00e9tail comment se d\u00e9roule le test du bilan de comp\u00e9tences. Qu&rsquo;est-ce que le bilan de comp\u00e9tences ? Quel est l&rsquo;objectif [&hellip;]<\/p>\n","protected":false},"author":6,"featured_media":18595,"comment_status":"open","ping_status":"open","sticky":false,"template":"","format":"standard","meta":{"amp_status":"","footnotes":""},"categories":[5093,5081],"tags":[29672],"class_list":["post-18589","post","type-post","status-publish","format-standard","has-post-thumbnail","hentry","category-bilan-de-competences","category-reconversion-professionnelle","tag-nc"],"yoast_head":"<!-- This site is optimized with the Yoast SEO plugin v14.9 - https:\/\/yoast.com\/wordpress\/plugins\/seo\/ -->\n<title>Comment se d\u00e9roule le test de bilan de comp\u00e9tences ? | Mes-Allocs.fr<\/title>\n<meta name=\"description\" content=\"Un bilan de comp\u00e9tences vous permet de faire un point sur votre vie professionnelle. Mes Allocs vous explique tout sur les \u00e9tapes de ce test.\" \/>\n<meta name=\"robots\" content=\"index, follow, max-snippet:-1, max-image-preview:large, max-video-preview:-1\" \/>\n<link rel=\"canonical\" href=\"https:\/\/www.mes-allocs.fr\/guides\/reconversion-professionnelle\/bilan-de-competences\/test-bilan-de-competences\/\" \/>\n<meta property=\"og:locale\" content=\"fr_FR\" \/>\n<meta property=\"og:type\" content=\"article\" \/>\n<meta property=\"og:title\" content=\"Comment se d\u00e9roule le test de bilan de comp\u00e9tences ? | Mes-Allocs.fr\" \/>\n<meta property=\"og:description\" content=\"Un bilan de comp\u00e9tences vous permet de faire un point sur votre vie professionnelle. Mes Allocs vous explique tout sur les \u00e9tapes de ce test.\" \/>\n<meta property=\"og:url\" content=\"https:\/\/www.mes-allocs.fr\/guides\/reconversion-professionnelle\/bilan-de-competences\/test-bilan-de-competences\/\" \/>\n<meta property=\"og:site_name\" content=\"Mes-Allocs.fr\" \/>\n<meta property=\"article:published_time\" content=\"2021-03-31T14:32:40+00:00\" \/>\n<meta property=\"article:modified_time\" content=\"2025-07-18T14:09:29+00:00\" \/>\n<meta property=\"og:image\" content=\"https:\/\/www.mes-allocs.fr\/guides\/wp-content\/uploads\/2021\/01\/pexels-sora-shimazaki-5668869-e1611741977723.jpg?wsr\" \/>\n\t<meta property=\"og:image:width\" content=\"1280\" \/>\n\t<meta property=\"og:image:height\" content=\"470\" \/>\n<meta name=\"twitter:card\" content=\"summary_large_image\" \/>\n<script type=\"application\/ld+json\" class=\"yoast-schema-graph\">{\"@context\":\"https:\/\/schema.org\",\"@graph\":[{\"@type\":\"WebSite\",\"@id\":\"https:\/\/www.mes-allocs.fr\/guides\/#website\",\"url\":\"https:\/\/www.mes-allocs.fr\/guides\/\",\"name\":\"Mes-Allocs.fr\",\"description\":\"\",\"potentialAction\":[{\"@type\":\"SearchAction\",\"target\":\"https:\/\/www.mes-allocs.fr\/guides\/?s={search_term_string}\",\"query-input\":\"required name=search_term_string\"}],\"inLanguage\":\"fr-FR\"},{\"@type\":\"ImageObject\",\"@id\":\"https:\/\/www.mes-allocs.fr\/guides\/reconversion-professionnelle\/bilan-de-competences\/test-bilan-de-competences\/#primaryimage\",\"inLanguage\":\"fr-FR\",\"url\":\"https:\/\/www.mes-allocs.fr\/guides\/wp-content\/uploads\/2021\/01\/pexels-sora-shimazaki-5668869-e1611741977723.jpg?wsr\",\"width\":1280,\"height\":470,\"caption\":\"test bilan de comp\\u00e9tences\"},{\"@type\":\"WebPage\",\"@id\":\"https:\/\/www.mes-allocs.fr\/guides\/reconversion-professionnelle\/bilan-de-competences\/test-bilan-de-competences\/#webpage\",\"url\":\"https:\/\/www.mes-allocs.fr\/guides\/reconversion-professionnelle\/bilan-de-competences\/test-bilan-de-competences\/\",\"name\":\"Comment se d\\u00e9roule le test de bilan de comp\\u00e9tences ? | Mes-Allocs.fr\",\"isPartOf\":{\"@id\":\"https:\/\/www.mes-allocs.fr\/guides\/#website\"},\"primaryImageOfPage\":{\"@id\":\"https:\/\/www.mes-allocs.fr\/guides\/reconversion-professionnelle\/bilan-de-competences\/test-bilan-de-competences\/#primaryimage\"},\"datePublished\":\"2021-03-31T14:32:40+00:00\",\"dateModified\":\"2025-07-18T14:09:29+00:00\",\"author\":{\"@id\":\"https:\/\/www.mes-allocs.fr\/guides\/#\/schema\/person\/0ecd61a8600573914d00d970a588c024\"},\"description\":\"Un bilan de comp\\u00e9tences vous permet de faire un point sur votre vie professionnelle. Mes Allocs vous explique tout sur les \\u00e9tapes de ce test.\",\"inLanguage\":\"fr-FR\"},{\"@type\":\"Person\",\"@id\":\"https:\/\/www.mes-allocs.fr\/guides\/#\/schema\/person\/0ecd61a8600573914d00d970a588c024\",\"name\":\"Jonathan\",\"image\":{\"@type\":\"ImageObject\",\"@id\":\"https:\/\/www.mes-allocs.fr\/guides\/#personlogo\",\"inLanguage\":\"fr-FR\",\"url\":\"https:\/\/www.mes-allocs.fr\/guides\/wp-content\/uploads\/2021\/06\/jonathan-150x150.png\",\"caption\":\"Jonathan\"},\"description\":\"Jonathan est r\\u00e9dacteur au sein de l'\\u00e9quipe Mes Allocs, sp\\u00e9cialis\\u00e9 sur les sujets li\\u00e9s au handicap. Dipl\\u00f4m\\u00e9e de l'UPEM, il rejoint Mes Allocs apr\\u00e8s avoir travaill\\u00e9 \\u00e0 l'association AEDE qui accompagne les adultes en situation de handicap. Quand il n'\\u00e9crit pas, on peut le retrouver sur un terrain de basket.\",\"sameAs\":[\"https:\/\/www.linkedin.com\/in\/jonathan-bambela-8637861b7\"]}]}<\/script>\n<!-- \/ Yoast SEO plugin. -->","amp_validity":null,"acf":{"faq":{"1":{"question":"Comment faire un bilan de ses comp\u00e9tences ?","answer":"Si vous \u00eates salari\u00e9 vous devez faire une demande de cong\u00e9 pour bilan de comp\u00e9tences si ce dernier est r\u00e9alis\u00e9 pendant votre temps de travail. S'il est r\u00e9alis\u00e9 en dehors de votre temps de travail vous n'\u00eates pas oblig\u00e9 d'en informer votre employeur."},"2":{"question":"Combien co\u00fbte un bilan de comp\u00e9tences ? ","answer":"Son prix est variable. Cela d\u00e9pend de l'organisme ou vous allez le r\u00e9aliser, vos demandes et votre situation professionnelle."},"3":{"question":"Quel est l'int\u00e9r\u00eat de faire un bilan de comp\u00e9tences ? ","answer":"Le bilan de comp\u00e9tences permet de faire le point sur son parcours, sa personnalit\u00e9, ses atouts et ses int\u00e9r\u00eats, dans l'objectif de faire \u00e9merger un projet professionnel motivant et r\u00e9aliste."},"4":{"question":"Comment fonctionne le CPF ?","answer":"Que ce soit \u00e0 titre individuel ou avec l'accord de son employeur, un salari\u00e9 peut b\u00e9n\u00e9ficier de son compte de formation de fa\u00e7on autonome."},"5":{"question":"Qui prend en charge le bilan de comp\u00e9tence ?","answer":"Votre bilan de comp\u00e9tences peut \u00eatre pris en charge par P\u00f4le emploi : parlez-en \u00e0 votre conseiller."},"6":{"question":"Quelles sont les \u00e9tapes d'un bilan de comp\u00e9tence ?","answer":"Conform\u00e9ment au Code du travail, le bilan de comp\u00e9tences comprend trois grandes \u00e9tapes : une phase pr\u00e9liminaire, une phase d'investigation et une phase de conclusion."},"7":{"question":"","answer":""},"8":{"question":"","answer":""},"9":{"question":"","answer":""},"10":{"question":"","answer":""},"11":{"question":"","answer":""},"12":{"question":"","answer":""},"13":{"question":"","answer":""},"14":{"question":"","answer":""},"15":{"question":"","answer":""},"16":{"question":"","answer":""}}},"_links":{"self":[{"href":"https:\/\/www.mes-allocs.fr\/guides\/wp-json\/wp\/v2\/posts\/18589","targetHints":{"allow":["GET"]}}],"collection":[{"href":"https:\/\/www.mes-allocs.fr\/guides\/wp-json\/wp\/v2\/posts"}],"about":[{"href":"https:\/\/www.mes-allocs.fr\/guides\/wp-json\/wp\/v2\/types\/post"}],"author":[{"embeddable":true,"href":"https:\/\/www.mes-allocs.fr\/guides\/wp-json\/wp\/v2\/users\/6"}],"replies":[{"embeddable":true,"href":"https:\/\/www.mes-allocs.fr\/guides\/wp-json\/wp\/v2\/comments?post=18589"}],"version-history":[{"count":13,"href":"https:\/\/www.mes-allocs.fr\/guides\/wp-json\/wp\/v2\/posts\/18589\/revisions"}],"predecessor-version":[{"id":102698,"href":"https:\/\/www.mes-allocs.fr\/guides\/wp-json\/wp\/v2\/posts\/18589\/revisions\/102698"}],"wp:featuredmedia":[{"embeddable":true,"href":"https:\/\/www.mes-allocs.fr\/guides\/wp-json\/wp\/v2\/media\/18595"}],"wp:attachment":[{"href":"https:\/\/www.mes-allocs.fr\/guides\/wp-json\/wp\/v2\/media?parent=18589"}],"wp:term":[{"taxonomy":"category","embeddable":true,"href":"https:\/\/www.mes-allocs.fr\/guides\/wp-json\/wp\/v2\/categories?post=18589"},{"taxonomy":"post_tag","embeddable":true,"href":"https:\/\/www.mes-allocs.fr\/guides\/wp-json\/wp\/v2\/tags?post=18589"}],"curies":[{"name":"wp","href":"https:\/\/api.w.org\/{rel}","templated":true}]}}