{"id":18579,"date":"2021-03-08T16:29:11","date_gmt":"2021-03-08T16:29:11","guid":{"rendered":"https:\/\/www.mes-allocs.fr\/guides\/?p=18579"},"modified":"2025-10-22T16:31:43","modified_gmt":"2025-10-22T14:31:43","slug":"bilan-de-competences-pole-emploi","status":"publish","type":"post","link":"https:\/\/www.mes-allocs.fr\/guides\/reconversion-professionnelle\/bilan-de-competences\/ou-faire-un-bilan-de-competences\/bilan-de-competences-pole-emploi\/","title":{"rendered":"Comment faire un bilan de comp\u00e9tences avec P\u00f4le Emploi ?"},"content":{"rendered":"<p><a href=\"https:\/\/www.mes-allocs.fr\/guides\/wp-content\/uploads\/2021\/01\/pexels-fauxels-3183197-1.jpg\"><img loading=\"lazy\" decoding=\"async\" class=\"aligncenter wp-image-18584 size-large\" title=\"bilan de comp\u00e9tences pole emploi \" src=\"https:\/\/www.mes-allocs.fr\/guides\/wp-content\/uploads\/2021\/01\/pexels-fauxels-3183197-1-e1611740567316-1024x389.jpg\" alt=\"bilan de comp\u00e9tences pole emploi \" width=\"1024\" height=\"389\" \/><\/a><\/p>\n<p style=\"text-align: justify;\"><strong>Vous pouvez r\u00e9aliser un bilan de comp\u00e9tences afin d&rsquo;analyser vos comp\u00e9tences et vos aptitudes. Si vous \u00eates demandeur d&#8217;emploi, il est possible de faire un bilan avec P\u00f4le Emploi, notamment dans le cadre d&rsquo;une <a href=\"https:\/\/www.mes-allocs.fr\/guides\/reconversion-professionnelle\/\">reconversion professionnelle<\/a>. d\u00e9couvrez comment faire votre bilan de comp\u00e9tences avec France Travail (P\u00f4le Emploi).\u00a0<\/strong><\/p>\n<div class='cta-block'><div class='text'>Bilan de comp\u00e9tences pay\u00e9 par vos aides.<\/div><a href='https:\/\/www.formademia.fr\/formulaire\/coaching' class='app-button fit'>V\u00e9rifier votre \u00e9ligibilit\u00e9<\/a><\/div>\n<h1>Comment faire un bilan de comp\u00e9tences avec P\u00f4le Emploi ?<\/h1>\n<p style=\"text-align: justify;\">Si vous \u00eates demandeur d&#8217;emploi, vous vous demandez s\u00fbrement si vous pouvez r\u00e9aliser un <a href=\"https:\/\/www.mes-allocs.fr\/guides\/reconversion-professionnelle\/bilan-de-competences\/\">bilan de comp\u00e9tences<\/a>. La r\u00e9ponse est oui. Le bilan de comp\u00e9tences est un dispositif qui vous permet de faire un point sur votre carri\u00e8re. L&rsquo;objectif du bilan est de faire une analyse de vos comp\u00e9tences professionnelles, vos aptitudes et vos motivations, cela dans le cadre d&rsquo;une \u00e9volution professionnelle ou d&rsquo;une reconversion.<\/p>\n<p>Mais alors, <a href=\"https:\/\/www.mes-allocs.fr\/guides\/reconversion-professionnelle\/bilan-de-competences\/ou-faire-un-bilan-de-competences\/\">o\u00f9 faire son bilan de comp\u00e9tences<\/a> ? <span style=\"text-align: justify;\">P\u00f4le Emploi figure parmi l&rsquo;un des organismes en charge de vous accompagner dans la r\u00e9alisation de ce bilan. <\/span>Le bilan de que vous allez r\u00e9aliser vous permettra d&rsquo;analyser vos comp\u00e9tences professionnelles et personnelles, mais \u00e9galement de vous aider \u00e0 vous r\u00e9ins\u00e9rer sur le march\u00e9 du travail avec des possibilit\u00e9s d&rsquo; \u00e9volution.<\/p>\n<p><strong>Comme les bilans de comp\u00e9tences r\u00e9alis\u00e9s dans des centres d\u00e9di\u00e9s, le bilan r\u00e9alis\u00e9 avec P\u00f4le Emploi comprend 3 phases : <\/strong><\/p>\n<ul>\n<li>Une phase pr\u00e9liminaire d&rsquo;analyse de votre demande<\/li>\n<li>Une phase d&rsquo;investigation d&rsquo;analyse de votre projet et evaluation des comp\u00e9tences<\/li>\n<li>Une phase de conclusion avec validation de votre projet<\/li>\n<\/ul>\n<p>\u00c0 la suite de ce bilan, un document synth\u00e8se vous sera remis.<\/p>\n<p><iframe loading=\"lazy\" title=\"La reconversion professionnelle\" width=\"500\" height=\"281\" src=\"https:\/\/www.youtube.com\/embed\/EiVUthswxl0?feature=oembed\" frameborder=\"0\" allow=\"accelerometer; autoplay; clipboard-write; encrypted-media; gyroscope; picture-in-picture; web-share\" referrerpolicy=\"strict-origin-when-cross-origin\" allowfullscreen><\/iframe><\/p>\n<h1>Pourquoi r\u00e9aliser un bilan de comp\u00e9tences ?<\/h1>\n<p>Un bilan de comp\u00e9tences n&rsquo;est pas obligatoire, mais peut s&rsquo;av\u00e9rer tr\u00e8s utile. L&rsquo;objectif premier du bilan de comp\u00e9tences est de d\u00e9finir un projet, votre projet ainsi bien personnel que professionnel. Choisir un nouveau m\u00e9tier ou \u00e9voluer dans sa carri\u00e8re c&rsquo;est aussi quelque part, changer de vie. Souvent, derri\u00e8re le bilan de comp\u00e9tences, il y a un fort d\u00e9sir de changement, d&rsquo;\u00eatre plus \u00e9panoui dans son travail, mieux dans sa peau.<\/p>\n<p><b>R\u00e9aliser un bilan de comp\u00e9tences offre de nombreux avantages, \u00e0 savoir :<\/b><\/p>\n<ul>\n<li>prendre du recul sur votre situation professionnelle, la d\u00e9bloquer, la relancer, ou tout simplement la conforter\u00a0;<\/li>\n<li>r\u00e9fl\u00e9chir \u00e0 vos envies et \u00e0 votre avenir\u00a0;<\/li>\n<li>d\u00e9velopper votre confiance en vous par une meilleure connaissance\u00a0 et acceptation de vos forces et de vos faiblesses\u00a0;<\/li>\n<li>vous d\u00e9couvrir de nouveaux int\u00e9r\u00eats, motivations ou perspectives professionnelles ;<\/li>\n<li>prendre en main votre carri\u00e8re et anticiper son \u00e9volution \u00a0sans la subir ni vous laisser surprendre par le cours des \u00e9v\u00e8nements\u00a0;<\/li>\n<li>vous \u00e9panouir au travail et r\u00e9ussir avec un projet professionnel concret et un plan d&rsquo;action pr\u00e9cis.<\/li>\n<\/ul>\n<h1>Qui peut faire un bilan de comp\u00e9tences ?<\/h1>\n<p><strong>Vous pouvez faire un bilan si vous \u00eates :<\/strong><\/p>\n<ul>\n<li>salari\u00e9 du secteur priv\u00e9, fonction publique, en contrat \u00e0 dur\u00e9e ind\u00e9termin\u00e9e ou d\u00e9termin\u00e9e ;<\/li>\n<li>demandeur d&#8217;emploi : la demande doit \u00eatre faite aupr\u00e8s de P\u00f4le emploi, de l\u2019APEC ou de Cap emploi ;<\/li>\n<li>salari\u00e9 du secteur public (fonctionnaires, agents non titulaires\u2026) : textes sp\u00e9cifiques mais dans des conditions similaires aux salari\u00e9s (cong\u00e9 de 24h, cong\u00e9 individuel de formation, etc.).<\/li>\n<\/ul>\n<h1>Quelle est la dur\u00e9e du bilan de comp\u00e9tences ?<\/h1>\n<p>La dur\u00e9e du bilan de comp\u00e9tences ne peut exc\u00e9der 24 heures. Vous allez r\u00e9aliser votre bilan sur plusieurs s\u00e9ances de 2 \u00e0 3 heures. En revanche il est conseill\u00e9 d&rsquo;espacer un peu les s\u00e9ances pour faire le point et r\u00e9fl\u00e9chir de votre c\u00f4t\u00e9.<\/p>\n<p><strong>Le bilan se d\u00e9roule de la mani\u00e8re suivante :\u00a0<\/strong><\/p>\n<h2>Phase pr\u00e9liminaire<\/h2>\n<ul>\n<li><strong>1 \u00e0 2 s\u00e9ances<\/strong>\u00a0consacr\u00e9es \u00e0 la clarification de votre besoin et l\u2019analyse de votre parcours professionnel et personnel. Il s\u2019agit d\u2019un \u00e9clairage sur\u00a0 votre\u00a0 profil professionnel, vos valeurs, vos crit\u00e8res de motivations, vos int\u00e9r\u00eats professionnels\u00a0 et votre personnalit\u00e9. Ainsi le but est de vous permettre de mieux tirer parti de vos potentiels et renouveler l\u2019image de vous-m\u00eame.<\/li>\n<\/ul>\n<h2>Phase d&rsquo; investigation<\/h2>\n<ul>\n<li><strong>1 \u00e0 2 s\u00e9ances<\/strong>\u00a0d\u00e9di\u00e9es \u00e0 l\u2019analyse des comp\u00e9tences li\u00e9es \u00e0 votre exp\u00e9rience, de vos comp\u00e9tences transf\u00e9rables et de vos activit\u00e9s extra-professionnelles. Tout ceci contribue\u00a0 \u00e0 la construction de votre portefeuille de comp\u00e9tences.<\/li>\n<li><strong>2 \u00e0 3 s\u00e9ances<\/strong>\u00a0consacr\u00e9es \u00e0 la construction de votre (vos) projet(s) professionnel(s) et \u00e0 l\u2019identification de vos besoins compl\u00e9mentaires.<\/li>\n<\/ul>\n<h2>Phase de conclusion<\/h2>\n<ul>\n<li><strong>1 s\u00e9ance<\/strong> de validation de votre projet professionnel prioritaire\u00a0 et de son plan d\u2019action.\u00a0 Formalisation\u00a0 des moyens \u00e0 mettre en \u0153uvre : \u00e9tapes cl\u00e9s, planning, outils techniques ou autre support pratique au projet.<\/li>\n<\/ul>\n<h1>Combien co\u00fbte un bilan de comp\u00e9tences ?<\/h1>\n<h2>Un co\u00fbt variable<\/h2>\n<p>Le co\u00fbt d&rsquo;un bilan est variable. Cela d\u00e9pend de l&rsquo;organisme ou vous allez le faire, de votre situation professionnelle mais \u00e9galement de vos besoins et de votre zone g\u00e9ographique. Il a \u00e9t\u00e9 constat\u00e9 que les prix \u00e9taient plus \u00e9lev\u00e9s dans les grandes villes.<\/p>\n<h2>Financez votre bilan de comp\u00e9tences<\/h2>\n<p>Un bilan de comp\u00e9tences peut \u00eatre pris en charge par P\u00f4le Emploi, mais il existe d&rsquo;autres dispositifs vous permettant de la financer.<\/p>\n<ul>\n<li><strong>Les salari\u00e9s peuvent financer leur bilan de comp\u00e9tences<\/strong><br \/>\n&#8211; dans le cadre du\u00a0plan de formation\u00a0de votre entreprise (\u00e0 l\u2019initiative de l\u2019employeur qui fiance le bilan de comp\u00e9tences, et avec l\u2019accord du salari\u00e9),<br \/>\n&#8211; en prenant un\u00a0cong\u00e9 de bilan de comp\u00e9tences (\u00e0 l\u2019initiative du salari\u00e9 : la r\u00e9mun\u00e9ration est maintenue si le bilan de comp\u00e9tences est effectu\u00e9 pendant votre temps de travail).<br \/>\n&#8211;\u00a0depuis le 1<sup>er<\/sup> janvier 2017, vous pouvez financer votre bilan de comp\u00e9tences en activant votre Compte personnel de Formation (CPF).<\/li>\n<li><strong>Les demandeurs d&#8217;emploi peuvent financer leur bilan de comp\u00e9tences<\/strong><br \/>\n&#8211; gr\u00e2ce \u00e0 P\u00f4le Emploi qui propose et g\u00e8re des Bilans de Comp\u00e9tences approfondis (BCA). Sur prescription de votre conseiller P\u00f4le Emploi, vous pouvez b\u00e9n\u00e9ficier de cette prestation, en partenariat avec des organismes de formation et des cabinets de bilan de comp\u00e9tences, afin de construire, r\u00e9orienter ou confirmer votre projet de retour \u00e0 l\u2019emploi<\/li>\n<\/ul>\n<div class='cta-block'><div class='text'>Bilan de comp\u00e9tences pay\u00e9 par vos aides.<\/div><a href='https:\/\/www.formademia.fr\/formulaire\/coaching' class='app-button fit'>V\u00e9rifier votre \u00e9ligibilit\u00e9<\/a><\/div>\n","protected":false},"excerpt":{"rendered":"<p>Vous pouvez r\u00e9aliser un bilan de comp\u00e9tences afin d&rsquo;analyser vos comp\u00e9tences et vos aptitudes. Si vous \u00eates demandeur d&#8217;emploi, il est possible de faire un bilan avec P\u00f4le Emploi, notamment dans le cadre d&rsquo;une reconversion professionnelle. d\u00e9couvrez comment faire votre bilan de comp\u00e9tences avec France Travail (P\u00f4le Emploi).\u00a0 Comment faire un bilan de comp\u00e9tences avec [&hellip;]<\/p>\n","protected":false},"author":6,"featured_media":18584,"comment_status":"open","ping_status":"open","sticky":false,"template":"","format":"standard","meta":{"amp_status":"","footnotes":""},"categories":[5093,5245,5081],"tags":[],"class_list":["post-18579","post","type-post","status-publish","format-standard","has-post-thumbnail","hentry","category-bilan-de-competences","category-ou-faire-un-bilan-de-competences","category-reconversion-professionnelle"],"yoast_head":"<!-- This site is optimized with the Yoast SEO plugin v14.9 - https:\/\/yoast.com\/wordpress\/plugins\/seo\/ -->\n<title>Comment faire un bilan de comp\u00e9tences avec P\u00f4le Emploi ? | Mes-Allocs.fr<\/title>\n<meta name=\"description\" content=\"Un bilan de comp\u00e9tences peut \u00eatre r\u00e9alis\u00e9 par un demandeur d&#039;emploi. Mes Allocs vous explique comment le faire aupr\u00e8s de P\u00f4le Emploi.\" \/>\n<meta name=\"robots\" content=\"index, follow, max-snippet:-1, max-image-preview:large, max-video-preview:-1\" \/>\n<link rel=\"canonical\" href=\"https:\/\/www.mes-allocs.fr\/guides\/reconversion-professionnelle\/bilan-de-competences\/ou-faire-un-bilan-de-competences\/bilan-de-competences-pole-emploi\/\" \/>\n<meta property=\"og:locale\" content=\"fr_FR\" \/>\n<meta property=\"og:type\" content=\"article\" \/>\n<meta property=\"og:title\" content=\"Comment faire un bilan de comp\u00e9tences avec P\u00f4le Emploi ? | Mes-Allocs.fr\" \/>\n<meta property=\"og:description\" content=\"Un bilan de comp\u00e9tences peut \u00eatre r\u00e9alis\u00e9 par un demandeur d&#039;emploi. Mes Allocs vous explique comment le faire aupr\u00e8s de P\u00f4le Emploi.\" \/>\n<meta property=\"og:url\" content=\"https:\/\/www.mes-allocs.fr\/guides\/reconversion-professionnelle\/bilan-de-competences\/ou-faire-un-bilan-de-competences\/bilan-de-competences-pole-emploi\/\" \/>\n<meta property=\"og:site_name\" content=\"Mes-Allocs.fr\" \/>\n<meta property=\"article:published_time\" content=\"2021-03-08T16:29:11+00:00\" \/>\n<meta property=\"article:modified_time\" content=\"2025-10-22T14:31:43+00:00\" \/>\n<meta property=\"og:image\" content=\"https:\/\/www.mes-allocs.fr\/guides\/wp-content\/uploads\/2021\/01\/pexels-fauxels-3183197-1.jpg?wsr\" \/>\n\t<meta property=\"og:image:width\" content=\"1280\" \/>\n\t<meta property=\"og:image:height\" content=\"854\" \/>\n<meta name=\"twitter:card\" content=\"summary_large_image\" \/>\n<script type=\"application\/ld+json\" class=\"yoast-schema-graph\">{\"@context\":\"https:\/\/schema.org\",\"@graph\":[{\"@type\":\"WebSite\",\"@id\":\"https:\/\/www.mes-allocs.fr\/guides\/#website\",\"url\":\"https:\/\/www.mes-allocs.fr\/guides\/\",\"name\":\"Mes-Allocs.fr\",\"description\":\"\",\"potentialAction\":[{\"@type\":\"SearchAction\",\"target\":\"https:\/\/www.mes-allocs.fr\/guides\/?s={search_term_string}\",\"query-input\":\"required name=search_term_string\"}],\"inLanguage\":\"fr-FR\"},{\"@type\":\"ImageObject\",\"@id\":\"https:\/\/www.mes-allocs.fr\/guides\/reconversion-professionnelle\/bilan-de-competences\/ou-faire-un-bilan-de-competences\/bilan-de-competences-pole-emploi\/#primaryimage\",\"inLanguage\":\"fr-FR\",\"url\":\"https:\/\/www.mes-allocs.fr\/guides\/wp-content\/uploads\/2021\/01\/pexels-fauxels-3183197-1.jpg?wsr\",\"width\":1280,\"height\":854,\"caption\":\"bilan de comp\\u00e9tences pole emploi\"},{\"@type\":\"WebPage\",\"@id\":\"https:\/\/www.mes-allocs.fr\/guides\/reconversion-professionnelle\/bilan-de-competences\/ou-faire-un-bilan-de-competences\/bilan-de-competences-pole-emploi\/#webpage\",\"url\":\"https:\/\/www.mes-allocs.fr\/guides\/reconversion-professionnelle\/bilan-de-competences\/ou-faire-un-bilan-de-competences\/bilan-de-competences-pole-emploi\/\",\"name\":\"Comment faire un bilan de comp\\u00e9tences avec P\\u00f4le Emploi ? | Mes-Allocs.fr\",\"isPartOf\":{\"@id\":\"https:\/\/www.mes-allocs.fr\/guides\/#website\"},\"primaryImageOfPage\":{\"@id\":\"https:\/\/www.mes-allocs.fr\/guides\/reconversion-professionnelle\/bilan-de-competences\/ou-faire-un-bilan-de-competences\/bilan-de-competences-pole-emploi\/#primaryimage\"},\"datePublished\":\"2021-03-08T16:29:11+00:00\",\"dateModified\":\"2025-10-22T14:31:43+00:00\",\"author\":{\"@id\":\"https:\/\/www.mes-allocs.fr\/guides\/#\/schema\/person\/0ecd61a8600573914d00d970a588c024\"},\"description\":\"Un bilan de comp\\u00e9tences peut \\u00eatre r\\u00e9alis\\u00e9 par un demandeur d'emploi. Mes Allocs vous explique comment le faire aupr\\u00e8s de P\\u00f4le Emploi.\",\"inLanguage\":\"fr-FR\"},{\"@type\":\"Person\",\"@id\":\"https:\/\/www.mes-allocs.fr\/guides\/#\/schema\/person\/0ecd61a8600573914d00d970a588c024\",\"name\":\"Jonathan\",\"image\":{\"@type\":\"ImageObject\",\"@id\":\"https:\/\/www.mes-allocs.fr\/guides\/#personlogo\",\"inLanguage\":\"fr-FR\",\"url\":\"https:\/\/www.mes-allocs.fr\/guides\/wp-content\/uploads\/2021\/06\/jonathan-150x150.png\",\"caption\":\"Jonathan\"},\"description\":\"Jonathan est r\\u00e9dacteur au sein de l'\\u00e9quipe Mes Allocs, sp\\u00e9cialis\\u00e9 sur les sujets li\\u00e9s au handicap. Dipl\\u00f4m\\u00e9e de l'UPEM, il rejoint Mes Allocs apr\\u00e8s avoir travaill\\u00e9 \\u00e0 l'association AEDE qui accompagne les adultes en situation de handicap. Quand il n'\\u00e9crit pas, on peut le retrouver sur un terrain de basket.\",\"sameAs\":[\"https:\/\/www.linkedin.com\/in\/jonathan-bambela-8637861b7\"]}]}<\/script>\n<!-- \/ Yoast SEO plugin. -->","amp_validity":null,"acf":{"faq":{"1":{"question":" Qui prend en charge le bilan de comp\u00e9tence ?","answer":"Votre bilan de comp\u00e9tences peut \u00eatre pris en charge par P\u00f4le emploi : parlez-en \u00e0 votre conseiller."},"2":{"question":"Comment faire un bilan de comp\u00e9tences P\u00f4le emploi ?","answer":"Un bilan de comp\u00e9tences est compos\u00e9 en 3 \u00e9tapes. Phase une phase pr\u00e9liminaire, une phase d'investigation et une phase de conclusion."},"3":{"question":"Quand faire un bilan de comp\u00e9tences ?","answer":"Le bilan de comp\u00e9tences se fait \u00e0 votre initiative lorsque vous ressentez le besoin de faire un point dans votre carri\u00e8re. "},"4":{"question":"Comment faire un bilan de comp\u00e9tence dans la fonction publique ?","answer":"Un bilan de comp\u00e9tences peut \u00eatre demand\u00e9 par un agent public ou propos\u00e9 par l'administration."},"5":{"question":"Comment consulter votre CPF ?","answer":"Vous pouvez consulter votre compte CPF sur le site https:\/\/moncompteformation.gouv.fr ou bien sur l'application Mon Compte Formation. "},"6":{"question":" \u00c0 quoi sert un bilan de comp\u00e9tences ? ","answer":"Le bilan permet d'analyser vos comp\u00e9tences personnelles et professionnelles, mais \u00e9galement vos aptitudes et vos motivations. "},"7":{"question":"","answer":""},"8":{"question":"","answer":""},"9":{"question":"","answer":""},"10":{"question":"","answer":""},"11":{"question":"","answer":""},"12":{"question":"","answer":""},"13":{"question":"","answer":""},"14":{"question":"","answer":""},"15":{"question":"","answer":""},"16":{"question":"","answer":""}}},"_links":{"self":[{"href":"https:\/\/www.mes-allocs.fr\/guides\/wp-json\/wp\/v2\/posts\/18579","targetHints":{"allow":["GET"]}}],"collection":[{"href":"https:\/\/www.mes-allocs.fr\/guides\/wp-json\/wp\/v2\/posts"}],"about":[{"href":"https:\/\/www.mes-allocs.fr\/guides\/wp-json\/wp\/v2\/types\/post"}],"author":[{"embeddable":true,"href":"https:\/\/www.mes-allocs.fr\/guides\/wp-json\/wp\/v2\/users\/6"}],"replies":[{"embeddable":true,"href":"https:\/\/www.mes-allocs.fr\/guides\/wp-json\/wp\/v2\/comments?post=18579"}],"version-history":[{"count":12,"href":"https:\/\/www.mes-allocs.fr\/guides\/wp-json\/wp\/v2\/posts\/18579\/revisions"}],"predecessor-version":[{"id":102704,"href":"https:\/\/www.mes-allocs.fr\/guides\/wp-json\/wp\/v2\/posts\/18579\/revisions\/102704"}],"wp:featuredmedia":[{"embeddable":true,"href":"https:\/\/www.mes-allocs.fr\/guides\/wp-json\/wp\/v2\/media\/18584"}],"wp:attachment":[{"href":"https:\/\/www.mes-allocs.fr\/guides\/wp-json\/wp\/v2\/media?parent=18579"}],"wp:term":[{"taxonomy":"category","embeddable":true,"href":"https:\/\/www.mes-allocs.fr\/guides\/wp-json\/wp\/v2\/categories?post=18579"},{"taxonomy":"post_tag","embeddable":true,"href":"https:\/\/www.mes-allocs.fr\/guides\/wp-json\/wp\/v2\/tags?post=18579"}],"curies":[{"name":"wp","href":"https:\/\/api.w.org\/{rel}","templated":true}]}}