{"id":18557,"date":"2021-03-31T14:31:38","date_gmt":"2021-03-31T14:31:38","guid":{"rendered":"https:\/\/www.mes-allocs.fr\/guides\/?p=18557"},"modified":"2025-10-22T16:34:19","modified_gmt":"2025-10-22T14:34:19","slug":"financement-bilan-de-competences","status":"publish","type":"post","link":"https:\/\/www.mes-allocs.fr\/guides\/reconversion-professionnelle\/bilan-de-competences\/financement-bilan-de-competences\/","title":{"rendered":"Financement du bilan de comp\u00e9tences : quelles sont les aides ?"},"content":{"rendered":"<p><a href=\"https:\/\/www.mes-allocs.fr\/guides\/wp-content\/uploads\/2021\/01\/writing-828911_1280.jpg\"><img loading=\"lazy\" decoding=\"async\" class=\"aligncenter wp-image-18564 size-large\" title=\"financement bilan de comp\u00e9tences\" src=\"https:\/\/www.mes-allocs.fr\/guides\/wp-content\/uploads\/2021\/01\/writing-828911_1280-e1611675345492-1024x397.jpg\" alt=\"financement bilan de comp\u00e9tences\" width=\"1024\" height=\"397\" \/><\/a><\/p>\n<p style=\"text-align: justify;\"><strong>Un bilan de comp\u00e9tences est une d\u00e9marche qui permet \u00e0 un demandeur d&#8217;emploi ou \u00e0 un salari\u00e9 de faire le point sur sa vie professionnelle. Il est possible de le r\u00e9aliser dans le cadre d&rsquo;une <a href=\"https:\/\/www.mes-allocs.fr\/guides\/reconversion-professionnelle\/\">reconversion professionnelle<\/a> ou d&rsquo;un changement de poste. Mes Allocs vous explique quelles sont les solutions de financement.<\/strong><\/p>\n<div class='cta-block'><div class='text'>Bilan de comp\u00e9tences pay\u00e9 par vos aides.<\/div><a href='https:\/\/www.formademia.fr\/formulaire\/coaching' class='app-button fit'>V\u00e9rifier votre \u00e9ligibilit\u00e9<\/a><\/div>\n<h1>Qu&rsquo;est-ce que le bilan de comp\u00e9tences ?<\/h1>\n<p>Le <a href=\"https:\/\/www.mes-allocs.fr\/guides\/reconversion-professionnelle\/bilan-de-competences\/\">bilan de comp\u00e9tences<\/a> est un dispositif qui vous permet de faire un point sur votre carri\u00e8re, mais \u00e9galement de faire une analyse de vos comp\u00e9tences professionnelles, vos aptitudes et vos motivations. Vous pouvez choisir de le r\u00e9aliser pendant vos heures de travail sans perte de r\u00e9mun\u00e9ration dans un centre de bilan agr\u00e9\u00e9, ou bien le faire en dehors de votre temps de travail.<\/p>\n<p>Un bilan de comp\u00e9tences est une \u00e9valuation de vos comp\u00e9tences que vous avez sur votre poste actuel au poste que vous occupez. Il a pour objectif d&rsquo;analyser vos motivations, et de voir le m\u00e9tier qui vous conviendrait le mieux.<\/p>\n<p>Le bilan a une dur\u00e9e de 24 heures, sur une p\u00e9riode de 2 \u00e0 3 mois, continu ou discontinu.<\/p>\n<p><iframe loading=\"lazy\" title=\"La reconversion professionnelle\" width=\"500\" height=\"281\" src=\"https:\/\/www.youtube.com\/embed\/EiVUthswxl0?feature=oembed\" frameborder=\"0\" allow=\"accelerometer; autoplay; clipboard-write; encrypted-media; gyroscope; picture-in-picture; web-share\" referrerpolicy=\"strict-origin-when-cross-origin\" allowfullscreen><\/iframe><\/p>\n<h2>Comment se d\u00e9roule un bilan de comp\u00e9tences ?<\/h2>\n<p>Un bilan de comp\u00e9tences peut \u00eatre r\u00e9alis\u00e9 dans le cadre d&rsquo;une formation professionnelle, ou dans le cadre du plan de d\u00e9veloppement des comp\u00e9tences.<\/p>\n<h3>La phase pr\u00e9liminaire<\/h3>\n<ul>\n<li>Permet d&rsquo;analyser vos besoins, vos motivations<\/li>\n<li>Analyser le pan de formation le mieux adapt\u00e9<\/li>\n<li>D\u00e9finir les modalit\u00e9s du bilan<\/li>\n<\/ul>\n<h3><strong>Une phase d\u2019investigation<\/strong><\/h3>\n<ul>\n<li>Construire votre projet de formation et en analyser la pertinence<\/li>\n<li>Ou bien imaginer d&rsquo;autres alternatives \u00e0 votre plan de formation<\/li>\n<\/ul>\n<h3><strong>Une phase de conclusion<\/strong><\/h3>\n<ul>\n<li>Comprendre les r\u00e9sultats obtenus<\/li>\n<li>Faire un point sur les moyens \u00e0 mettre en oeuvre pour r\u00e9aliser votre projet<\/li>\n<li>Pr\u00e9voir les principales modalit\u00e9s et \u00e9tapes du ou des projets professionnels, dont la possibilit\u00e9 de b\u00e9n\u00e9ficier d\u2019un entretien de suivi avec le prestataire de bilan.<\/li>\n<\/ul>\n<h1>Comment peut-on financer son bilan de comp\u00e9tences ?<\/h1>\n<p style=\"text-align: justify;\">Faire un bilan de comp\u00e9tences permet de faire un point dans votre vie professionnelle, d&rsquo;analyser vos motivations, mais \u00e9galement vos comp\u00e9tences acquises. Vous pouvez le r\u00e9aliser dans le cadre d&rsquo;une reconversion professionnelle, ou dans le cadre d&rsquo;un plan de formation. Selon votre statut, diff\u00e9rents dispositifs peuvent prendre en charge les frais li\u00e9s \u00e0 votre bilan<\/p>\n<h2>Le CPF<\/h2>\n<p>Le <a href=\"https:\/\/www.mes-allocs.fr\/guides\/reconversion-professionnelle\/bilan-de-competences\/bilan-de-competences-cpf\/\">compte personnel de formation<\/a> (CPF) a depuis quelques ann\u00e9es remplac\u00e9 le DIF. Il permet \u00e0 un salari\u00e9, mais \u00e9galement \u00e0 un demandeur d&rsquo; emploi et travailleur ind\u00e9pendant d\u2019acqu\u00e9rir des droits \u00e0 la formation et de pouvoir ainsi se former r\u00e9guli\u00e8rement, tout au long de son parcours professionnel.<\/p>\n<p>Vous pouvez utiliser le CPF pendant une p\u00e9riode de ch\u00f4mage par exemple, dans le cadre d\u2019un contrat de s\u00e9curisation professionnelle (CSP) ou chez votre employeur. Il n\u2019est pas utile d\u2019obtenir l\u2019accord de l\u2019employeur pour mettre en place une formation financ\u00e9e par le CPF, sauf pour les formations qui seraient effectu\u00e9es sur le temps de travail.<\/p>\n<p>Depuis le 1er janvier 2019 le CPF est comptabilis\u00e9 en euros, et non plus en heures, comme c&rsquo;\u00e9tait le cas depuis sa cr\u00e9ation en 2014. Le taux de conversion des heures en euros a \u00e9t\u00e9 fix\u00e9 par d\u00e9cret \u00e0\u00a0<strong>15 euros<\/strong><\/p>\n<p><strong>500 euros par an sont cr\u00e9dit\u00e9s sur le CPF avec un plafond de 5 000 euros<\/strong>. Pour les salari\u00e9s peu ou pas qualifi\u00e9s (niveau infra V), ce sera 800 euros pour un plafond de 8 000 euros.<br \/>\nCes montants s\u2019appliquent \u00e0 tous les salari\u00e9s \u00ab\u00a0ayant effectu\u00e9 une dur\u00e9e de travail sup\u00e9rieure ou \u00e9gale \u00e0 la moiti\u00e9 de la dur\u00e9e l\u00e9gale ou conventionnelle de travail sur l\u2019ensemble de l\u2019ann\u00e9e\u00a0\u00bb. Pour les salari\u00e9s ayant travaill\u00e9 moins d\u2019un mi-temps, l\u2019alimentation du CPF est proratis\u00e9e.<\/p>\n<p><strong>\u00a0Les personnes suivantes peuvent b\u00e9n\u00e9ficier de cette prise en charge :<\/strong><\/p>\n<ul>\n<li><strong>Salari\u00e9s en CDI<br \/>\n<\/strong><\/li>\n<\/ul>\n<p>Vous devez justifier de 5 ann\u00e9es d&rsquo;activit\u00e9 professionnelle salari\u00e9e, cons\u00e9cutive ou non, dont 12 mois dans l&rsquo;entreprise actuelle.<\/p>\n<ul>\n<li><strong>Salari\u00e9s en CDD<\/strong><\/li>\n<\/ul>\n<p>Vous devez justifier de 24 mois d&rsquo;activit\u00e9 salari\u00e9e, cons\u00e9cutifs ou non, au cours des 5 derni\u00e8res ann\u00e9es, dont 4 mois de CDD dans les 12 derniers mois.<\/p>\n<ul>\n<li><strong>Salari\u00e9s int\u00e9rimaires<\/strong><\/li>\n<\/ul>\n<p>Vous devez justifier de 5 ans d&rsquo;anciennet\u00e9, cons\u00e9cutifs ou non, en qualit\u00e9 de salari\u00e9.<\/p>\n<h2>Le Fongecif<\/h2>\n<p>Fongecif peut financer le bilan de comp\u00e9tences pour les salari\u00e9s du secteur priv\u00e9 et les demandeurs d&#8217;emploi sous certaines conditions.<\/p>\n<p><strong>Les personnes suivantes peuvent b\u00e9n\u00e9ficier du Fongecif :\u00a0<\/strong><\/p>\n<ul>\n<li>Salari\u00e9 en CDI, justifiant d\u2019au moins 1 an d\u2019anciennet\u00e9 dans l\u2019entreprise et de 2 ans d\u2019exp\u00e9rience professionnelle ;<\/li>\n<li>Salari\u00e9 ou Demandeur d\u2019emploi justifiant de 24 mois d\u2019activit\u00e9 au cours des 5 derni\u00e8res ann\u00e9es dont 4 mois en CDD (cons\u00e9cutifs ou non) au cours des 12 derniers mois ;<\/li>\n<li>Jeune de moins de 26 ans, justifiant de 12 mois d\u2019activit\u00e9 au cours des 5 derni\u00e8res ann\u00e9es dont 4 mois de CDD (cons\u00e9cutifs ou non) au cours des 12 derniers mois.<\/li>\n<\/ul>\n<p><strong>\u00c0 noter : le Fongecif n\u2019est pas accessible pour les salari\u00e9s et demandeurs d\u2019emploi de la fonction publique. Seuls les CDI et CDD de droit priv\u00e9 sont concern\u00e9s.\u00a0<\/strong><\/p>\n<h2>Financement par P\u00f4le Emploi<\/h2>\n<p style=\"text-align: justify;\">Si vous \u00eates demandeur d&#8217;emploi, vous pouvez b\u00e9n\u00e9ficier de l&rsquo;aide de P\u00f4le Emploi, ce dernier propose et g\u00e8re le Bilan de Comp\u00e9tences approfondis (BCA). C&rsquo;est \u00e0 votre conseill\u00e9 P\u00f4le Emploi de vous prescrire cette formation qui est \u00e0 r\u00e9aliser avec des organismes de formation et des cabinets de bilan de comp\u00e9tences, afin de construire, r\u00e9orienter ou confirmer votre projet de retour \u00e0 l\u2019emploi. Sinon, vous pouvez \u00e9galement utiliser votre CPF.<\/p>\n<div class='cta-block'><div class='text'>Bilan de comp\u00e9tences pay\u00e9 par vos aides.<\/div><a href='https:\/\/www.formademia.fr\/formulaire\/coaching' class='app-button fit'>V\u00e9rifier votre \u00e9ligibilit\u00e9<\/a><\/div>\n","protected":false},"excerpt":{"rendered":"<p>Un bilan de comp\u00e9tences est une d\u00e9marche qui permet \u00e0 un demandeur d&#8217;emploi ou \u00e0 un salari\u00e9 de faire le point sur sa vie professionnelle. Il est possible de le r\u00e9aliser dans le cadre d&rsquo;une reconversion professionnelle ou d&rsquo;un changement de poste. Mes Allocs vous explique quelles sont les solutions de financement. Qu&rsquo;est-ce que le [&hellip;]<\/p>\n","protected":false},"author":6,"featured_media":18564,"comment_status":"open","ping_status":"open","sticky":false,"template":"","format":"standard","meta":{"amp_status":"","footnotes":""},"categories":[5093,5081],"tags":[],"class_list":["post-18557","post","type-post","status-publish","format-standard","has-post-thumbnail","hentry","category-bilan-de-competences","category-reconversion-professionnelle"],"yoast_head":"<!-- This site is optimized with the Yoast SEO plugin v14.9 - https:\/\/yoast.com\/wordpress\/plugins\/seo\/ -->\n<title>Financement du bilan de comp\u00e9tences : quelles sont les aides ?<\/title>\n<meta name=\"description\" content=\"Plusieurs dispositifs vous aident pour le financement de votre bilan de comp\u00e9tences. Mes Allocs vous explique tout en d\u00e9tail ici !\" \/>\n<meta name=\"robots\" content=\"index, follow, max-snippet:-1, max-image-preview:large, max-video-preview:-1\" \/>\n<link rel=\"canonical\" href=\"https:\/\/www.mes-allocs.fr\/guides\/reconversion-professionnelle\/bilan-de-competences\/financement-bilan-de-competences\/\" \/>\n<meta property=\"og:locale\" content=\"fr_FR\" \/>\n<meta property=\"og:type\" content=\"article\" \/>\n<meta property=\"og:title\" content=\"Financement du bilan de comp\u00e9tences : quelles sont les aides ?\" \/>\n<meta property=\"og:description\" content=\"Plusieurs dispositifs vous aident pour le financement de votre bilan de comp\u00e9tences. Mes Allocs vous explique tout en d\u00e9tail ici !\" \/>\n<meta property=\"og:url\" content=\"https:\/\/www.mes-allocs.fr\/guides\/reconversion-professionnelle\/bilan-de-competences\/financement-bilan-de-competences\/\" \/>\n<meta property=\"og:site_name\" content=\"Mes-Allocs.fr\" \/>\n<meta property=\"article:published_time\" content=\"2021-03-31T14:31:38+00:00\" \/>\n<meta property=\"article:modified_time\" content=\"2025-10-22T14:34:19+00:00\" \/>\n<meta property=\"og:image\" content=\"https:\/\/www.mes-allocs.fr\/guides\/wp-content\/uploads\/2021\/01\/writing-828911_1280.jpg?wsr\" \/>\n\t<meta property=\"og:image:width\" content=\"1280\" \/>\n\t<meta property=\"og:image:height\" content=\"853\" \/>\n<meta name=\"twitter:card\" content=\"summary_large_image\" \/>\n<script type=\"application\/ld+json\" class=\"yoast-schema-graph\">{\"@context\":\"https:\/\/schema.org\",\"@graph\":[{\"@type\":\"WebSite\",\"@id\":\"https:\/\/www.mes-allocs.fr\/guides\/#website\",\"url\":\"https:\/\/www.mes-allocs.fr\/guides\/\",\"name\":\"Mes-Allocs.fr\",\"description\":\"\",\"potentialAction\":[{\"@type\":\"SearchAction\",\"target\":\"https:\/\/www.mes-allocs.fr\/guides\/?s={search_term_string}\",\"query-input\":\"required name=search_term_string\"}],\"inLanguage\":\"fr-FR\"},{\"@type\":\"ImageObject\",\"@id\":\"https:\/\/www.mes-allocs.fr\/guides\/reconversion-professionnelle\/bilan-de-competences\/financement-bilan-de-competences\/#primaryimage\",\"inLanguage\":\"fr-FR\",\"url\":\"https:\/\/www.mes-allocs.fr\/guides\/wp-content\/uploads\/2021\/01\/writing-828911_1280.jpg?wsr\",\"width\":1280,\"height\":853,\"caption\":\"financement bilan de comp\\u00e9tences\"},{\"@type\":\"WebPage\",\"@id\":\"https:\/\/www.mes-allocs.fr\/guides\/reconversion-professionnelle\/bilan-de-competences\/financement-bilan-de-competences\/#webpage\",\"url\":\"https:\/\/www.mes-allocs.fr\/guides\/reconversion-professionnelle\/bilan-de-competences\/financement-bilan-de-competences\/\",\"name\":\"Financement du bilan de comp\\u00e9tences : quelles sont les aides ?\",\"isPartOf\":{\"@id\":\"https:\/\/www.mes-allocs.fr\/guides\/#website\"},\"primaryImageOfPage\":{\"@id\":\"https:\/\/www.mes-allocs.fr\/guides\/reconversion-professionnelle\/bilan-de-competences\/financement-bilan-de-competences\/#primaryimage\"},\"datePublished\":\"2021-03-31T14:31:38+00:00\",\"dateModified\":\"2025-10-22T14:34:19+00:00\",\"author\":{\"@id\":\"https:\/\/www.mes-allocs.fr\/guides\/#\/schema\/person\/0ecd61a8600573914d00d970a588c024\"},\"description\":\"Plusieurs dispositifs vous aident pour le financement de votre bilan de comp\\u00e9tences. Mes Allocs vous explique tout en d\\u00e9tail ici !\",\"inLanguage\":\"fr-FR\"},{\"@type\":\"Person\",\"@id\":\"https:\/\/www.mes-allocs.fr\/guides\/#\/schema\/person\/0ecd61a8600573914d00d970a588c024\",\"name\":\"Jonathan\",\"image\":{\"@type\":\"ImageObject\",\"@id\":\"https:\/\/www.mes-allocs.fr\/guides\/#personlogo\",\"inLanguage\":\"fr-FR\",\"url\":\"https:\/\/www.mes-allocs.fr\/guides\/wp-content\/uploads\/2021\/06\/jonathan-150x150.png\",\"caption\":\"Jonathan\"},\"description\":\"Jonathan est r\\u00e9dacteur au sein de l'\\u00e9quipe Mes Allocs, sp\\u00e9cialis\\u00e9 sur les sujets li\\u00e9s au handicap. Dipl\\u00f4m\\u00e9e de l'UPEM, il rejoint Mes Allocs apr\\u00e8s avoir travaill\\u00e9 \\u00e0 l'association AEDE qui accompagne les adultes en situation de handicap. Quand il n'\\u00e9crit pas, on peut le retrouver sur un terrain de basket.\",\"sameAs\":[\"https:\/\/www.linkedin.com\/in\/jonathan-bambela-8637861b7\"]}]}<\/script>\n<!-- \/ Yoast SEO plugin. -->","amp_validity":null,"acf":{"faq":{"1":{"question":"Qui peut faire un bilan de comp\u00e9tences ?","answer":"Le bilan de comp\u00e9tences ne peut \u00eatre r\u00e9alis\u00e9 qu'avec le consentement du salari\u00e9. "},"2":{"question":"Quelle est la dur\u00e9e d'un bilan de comp\u00e9tences ?","answer":"La dur\u00e9e du bilan de comp\u00e9tences est de 24 heures maximum. Ces heures se r\u00e9partissent g\u00e9n\u00e9ralement sur plusieurs semaines."},"3":{"question":"Comment faire pour faire un bilan de comp\u00e9tences ?","answer":"Vous pouvez vous adresser \u00e0 P\u00f4le Emploi et demander une prise en charge via l'AIF (Aide Individuelle \u00e0 la Formation) afin effectuer votre bilan de comp\u00e9tences. "},"4":{"question":"Comment faire un bilan de comp\u00e9tence dans la fonction publique ?","answer":"Un bilan de comp\u00e9tences peut \u00eatre demand\u00e9 par un agent public ou propos\u00e9 par l'administration. "},"5":{"question":"Comment se faire financer un bilan de comp\u00e9tences ?","answer":"Le Bilan de comp\u00e9tences peut \u00eatre financ\u00e9 par vos heures CPF. Pour monter un dossier de formation vous devez vous connecter \u00e0 votre compte sur le site moncompteformation.gouv.fr."},"6":{"question":"Comment se faire financer une VAE ?","answer":"Les frais li\u00e9s \u00e0 la VAE sont pris en charge par P\u00f4le Emploi, gr\u00e2ce \u00e0 un financement sp\u00e9cifique, dans la limite des droits acquis figurant sur votre compte CPF."},"7":{"question":"","answer":""},"8":{"question":"","answer":""},"9":{"question":"","answer":""},"10":{"question":"","answer":""},"11":{"question":"","answer":""},"12":{"question":"","answer":""},"13":{"question":"","answer":""},"14":{"question":"","answer":""},"15":{"question":"","answer":""},"16":{"question":"","answer":""}}},"_links":{"self":[{"href":"https:\/\/www.mes-allocs.fr\/guides\/wp-json\/wp\/v2\/posts\/18557","targetHints":{"allow":["GET"]}}],"collection":[{"href":"https:\/\/www.mes-allocs.fr\/guides\/wp-json\/wp\/v2\/posts"}],"about":[{"href":"https:\/\/www.mes-allocs.fr\/guides\/wp-json\/wp\/v2\/types\/post"}],"author":[{"embeddable":true,"href":"https:\/\/www.mes-allocs.fr\/guides\/wp-json\/wp\/v2\/users\/6"}],"replies":[{"embeddable":true,"href":"https:\/\/www.mes-allocs.fr\/guides\/wp-json\/wp\/v2\/comments?post=18557"}],"version-history":[{"count":13,"href":"https:\/\/www.mes-allocs.fr\/guides\/wp-json\/wp\/v2\/posts\/18557\/revisions"}],"predecessor-version":[{"id":102697,"href":"https:\/\/www.mes-allocs.fr\/guides\/wp-json\/wp\/v2\/posts\/18557\/revisions\/102697"}],"wp:featuredmedia":[{"embeddable":true,"href":"https:\/\/www.mes-allocs.fr\/guides\/wp-json\/wp\/v2\/media\/18564"}],"wp:attachment":[{"href":"https:\/\/www.mes-allocs.fr\/guides\/wp-json\/wp\/v2\/media?parent=18557"}],"wp:term":[{"taxonomy":"category","embeddable":true,"href":"https:\/\/www.mes-allocs.fr\/guides\/wp-json\/wp\/v2\/categories?post=18557"},{"taxonomy":"post_tag","embeddable":true,"href":"https:\/\/www.mes-allocs.fr\/guides\/wp-json\/wp\/v2\/tags?post=18557"}],"curies":[{"name":"wp","href":"https:\/\/api.w.org\/{rel}","templated":true}]}}