{"id":18535,"date":"2021-03-31T14:29:48","date_gmt":"2021-03-31T14:29:48","guid":{"rendered":"https:\/\/www.mes-allocs.fr\/guides\/?p=18535"},"modified":"2025-07-18T16:08:51","modified_gmt":"2025-07-18T14:08:51","slug":"tarif-bilan-de-competences","status":"publish","type":"post","link":"https:\/\/www.mes-allocs.fr\/guides\/reconversion-professionnelle\/bilan-de-competences\/tarif-bilan-de-competences\/","title":{"rendered":"Quel est le tarif d&rsquo;un bilan de comp\u00e9tences ?"},"content":{"rendered":"<p><strong><a href=\"https:\/\/www.mes-allocs.fr\/guides\/wp-content\/uploads\/2021\/01\/laptop-3196481_1280.jpg\"><img loading=\"lazy\" decoding=\"async\" class=\"aligncenter wp-image-18551 size-large\" title=\"tarif bilan de comp\u00e9tences\" src=\"https:\/\/www.mes-allocs.fr\/guides\/wp-content\/uploads\/2021\/01\/laptop-3196481_1280-e1611605614297-1024x397.jpg\" alt=\"tarif bilan de comp\u00e9tences\" width=\"1024\" height=\"397\" srcset=\"https:\/\/www.mes-allocs.fr\/guides\/wp-content\/uploads\/2021\/01\/laptop-3196481_1280-e1611605614297-1024x397.jpg 1024w, https:\/\/www.mes-allocs.fr\/guides\/wp-content\/uploads\/2021\/01\/laptop-3196481_1280-e1611605614297-300x116.jpg 300w, https:\/\/www.mes-allocs.fr\/guides\/wp-content\/uploads\/2021\/01\/laptop-3196481_1280-e1611605614297-768x298.jpg 768w, https:\/\/www.mes-allocs.fr\/guides\/wp-content\/uploads\/2021\/01\/laptop-3196481_1280-e1611605614297-600x233.jpg 600w, https:\/\/www.mes-allocs.fr\/guides\/wp-content\/uploads\/2021\/01\/laptop-3196481_1280-e1611605614297.jpg 1280w\" sizes=\"auto, (max-width: 1024px) 100vw, 1024px\" \/><\/a><\/strong><\/p>\n<p style=\"text-align: left;\"><strong>Un bilan de comp\u00e9tences vous permet de mieux connaitre vos motivations, vos faiblesses et de faire un point sur votre vie professionnelle dans le cadre d&rsquo;un plan de formation ou encore d&rsquo;une <a href=\"https:\/\/www.mes-allocs.fr\/guides\/reconversion-professionnelle\/\">reconversion professionnelle<\/a>. Mes Allocs vous dit tout sur le tarif d&rsquo;un bilan de comp\u00e9tences.<\/strong><\/p>\n<h1>Combien co\u00fbte un bilan de comp\u00e9tences ?<\/h1>\n<p style=\"text-align: justify;\">Le prix d&rsquo;un <a href=\"https:\/\/www.mes-allocs.fr\/guides\/reconversion-professionnelle\/bilan-de-competences\/\">bilan de comp\u00e9tence<\/a> n&rsquo;est pas fixe. Son montant varie en fonction de plusieurs crit\u00e8res. Notamment le centre de bilan de comp\u00e9tences o\u00f9 vous allez le r\u00e9aliser, votre situation professionnelle, vos besoins, mais \u00e9galement votre zone g\u00e9ographique.<\/p>\n<p style=\"text-align: justify;\">Chaque organisme paritaire, organisme de formation est libre de fixer lui-m\u00eame le prix pour faire un bilan. G\u00e9n\u00e9ralement il varie entre 1.500 euros et 3.000 euros.<\/p>\n<p style=\"text-align: justify;\">Avant de vous inscrire pour r\u00e9aliser un bilan, v\u00e9rifier que l&rsquo;organisme choisi est s\u00e9rieux. Ce n&rsquo;est pas parce que le prix propos\u00e9 est \u00e9lev\u00e9 que la qualit\u00e9 de la prestation fournie par l&rsquo;organisme prestataire est l\u00e0.<\/p>\n<div class='cta-block'><div class='text'>Bilan de comp\u00e9tences pay\u00e9 par vos aides.<\/div><a href='https:\/\/www.formademia.fr\/formulaire\/coaching' class='app-button fit'>V\u00e9rifier votre \u00e9ligibilit\u00e9<\/a><\/div>\n<h1>Comment financer son bilan de comp\u00e9tences ?<\/h1>\n<p>Vous cherchez une solution pour <a href=\"https:\/\/www.mes-allocs.fr\/guides\/reconversion-professionnelle\/bilan-de-competences\/faire-un-bilan-de-competences\/financer-un-bilan-de-competences\/\">financer votre bilan de comp\u00e9tences<\/a> ? Sachez qu&rsquo;il peut \u00eatre pris en charge de diff\u00e9rentes fa\u00e7ons :<\/p>\n<ul>\n<li>Par votre employeur, si le bilan de comp\u00e9tences est int\u00e9gr\u00e9 au\u00a0plan de d\u00e9veloppement des comp\u00e9tences de l\u2019entreprise ou effectu\u00e9 avant un cong\u00e9 de reclassement<\/li>\n<li>Par P\u00f4le Emploi gr\u00e2ce \u00e0 l\u2019aide individuelle \u00e0 la formation (AIF) pour les demandeurs d&rsquo; emploi<\/li>\n<li>Avec votre CPF que vous soyez en activit\u00e9 salari\u00e9e ou demandeur d&#8217;emploi<\/li>\n<li>Par votre propre moyen si vous n&rsquo;\u00eates \u00e9ligible \u00e0 aucune des solutions cit\u00e9es au-dessus<\/li>\n<\/ul>\n<p><strong>\u00c0 noter : si vous \u00eates fonctionnaire ou agent public,\u00a0vous relevez alors de dispositifs sp\u00e9cifiques aux fonctions publiques. Votre administration pourra vous renseigner sur les possibilit\u00e9s qui vous sont offertes dans ce cadre.<\/strong><\/p>\n<p><iframe loading=\"lazy\" title=\"La reconversion professionnelle\" width=\"500\" height=\"281\" src=\"https:\/\/www.youtube.com\/embed\/EiVUthswxl0?feature=oembed\" frameborder=\"0\" allow=\"accelerometer; autoplay; clipboard-write; encrypted-media; gyroscope; picture-in-picture; web-share\" referrerpolicy=\"strict-origin-when-cross-origin\" allowfullscreen><\/iframe><\/p>\n<h1>Qu&rsquo;est-ce qu&rsquo;un bilan de comp\u00e9tences ?<\/h1>\n<p>Le bilan de comp\u00e9tences est un dispositif qui vous permet de faire un point sur votre carri\u00e8re, mais \u00e9galement de faire une analyse de vos comp\u00e9tences professionnelles, vos aptitudes et vos motivations. Il est souvent r\u00e9alis\u00e9 dans le cadre d&rsquo;une \u00e9volution professionnelle ou d&rsquo;une reconversion professionnelle.<\/p>\n<p>Un bilan de comp\u00e9tences permet de faire le point sur sa carri\u00e8re, vous r\u00e9alisez un bilan pendant votre temps de travail, dans un organisme prestataire agr\u00e9\u00e9 de votre choix. Il ne peut durer plus de 24 heures r\u00e9parties sur plusieurs s\u00e9ances de 2 \u00e0 3 heures.<\/p>\n<h2>Qui sont les personnes \u00e9ligibles ?<\/h2>\n<p>Si vous \u00eates dans l&rsquo;une des situations suivantes, vous pouvez faire une demande de bilan de comp\u00e9tences :<\/p>\n<ul>\n<li>Si vous \u00eates salari\u00e9 en CDI, il faut justifier de 5 ann\u00e9es de travail, cons\u00e9cutives ou non, dont 1 an au sein de l\u2019entreprise dans laquelle la demande est effectu\u00e9e. De plus, un d\u00e9lai de 5 ans doit \u00eatre respect\u00e9 entre deux demandes de cong\u00e9 Bilan.<\/li>\n<li>Si vous \u00eates salari\u00e9 en CDD, il doit justifier de 24 mois de travail, cons\u00e9cutifs ou non, dont 4 mois au cours des \u00a012 derniers mois.<\/li>\n<\/ul>\n<h2>\u00c0 quoi sert un bilan de comp\u00e9tences ?<\/h2>\n<p>Le fait de r\u00e9aliser un bilan de comp\u00e9tences repr\u00e9sente de nombreux avantages, que ce soit pour votre vie professionnelle que personnelle. Cela permet de :<\/p>\n<ul>\n<li>prendre du recul sur votre situation professionnelle actuelle, la d\u00e9bloquer, la relancer, ou tout simplement la conforter ;<\/li>\n<li>r\u00e9fl\u00e9chir \u00e0 vos envies et \u00e0 votre avenir professionnel et personnel ;<\/li>\n<li>d\u00e9velopper votre confiance en vous gr\u00e2ce \u00e0 une meilleure connaissance\u00a0 et acceptation de vos forces, mais \u00e9galement de vos faiblesses ;<\/li>\n<li>vous d\u00e9couvrir de nouveaux int\u00e9r\u00eats, motivations ou perspectives professionnelles ;<\/li>\n<li>prendre en main votre carri\u00e8re et anticiper son \u00e9volution \u00a0sans la subir ni vous laisser surprendre par le cours des \u00e9v\u00e8nements\u00a0;<\/li>\n<li>vous \u00e9panouir au travail et r\u00e9ussir avec un projet professionnel concret et un plan d&rsquo;action pr\u00e9cis.<\/li>\n<\/ul>\n<div class='cta-block'><div class='text'>Bilan de comp\u00e9tences pay\u00e9 par vos aides.<\/div><a href='https:\/\/www.formademia.fr\/formulaire\/coaching' class='app-button fit'>V\u00e9rifier votre \u00e9ligibilit\u00e9<\/a><\/div>\n","protected":false},"excerpt":{"rendered":"<p>Un bilan de comp\u00e9tences vous permet de mieux connaitre vos motivations, vos faiblesses et de faire un point sur votre vie professionnelle dans le cadre d&rsquo;un plan de formation ou encore d&rsquo;une reconversion professionnelle. Mes Allocs vous dit tout sur le tarif d&rsquo;un bilan de comp\u00e9tences. Combien co\u00fbte un bilan de comp\u00e9tences ? Le prix [&hellip;]<\/p>\n","protected":false},"author":6,"featured_media":18551,"comment_status":"open","ping_status":"open","sticky":false,"template":"","format":"standard","meta":{"amp_status":"","footnotes":""},"categories":[5093,5081],"tags":[],"class_list":["post-18535","post","type-post","status-publish","format-standard","has-post-thumbnail","hentry","category-bilan-de-competences","category-reconversion-professionnelle"],"yoast_head":"<!-- This site is optimized with the Yoast SEO plugin v14.9 - https:\/\/yoast.com\/wordpress\/plugins\/seo\/ -->\n<title>Quel est le tarif d&#039;un bilan de comp\u00e9tences ? | Mes-Allocs.fr<\/title>\n<meta name=\"description\" content=\"Le bilan de comp\u00e9tences vous permet de faire un point professionnellement. Mes Allocs vous \u00e9claire sur le tarif de ce bilan !\" \/>\n<meta name=\"robots\" content=\"index, follow, max-snippet:-1, max-image-preview:large, max-video-preview:-1\" \/>\n<link rel=\"canonical\" href=\"https:\/\/www.mes-allocs.fr\/guides\/reconversion-professionnelle\/bilan-de-competences\/tarif-bilan-de-competences\/\" \/>\n<meta property=\"og:locale\" content=\"fr_FR\" \/>\n<meta property=\"og:type\" content=\"article\" \/>\n<meta property=\"og:title\" content=\"Quel est le tarif d&#039;un bilan de comp\u00e9tences ? | Mes-Allocs.fr\" \/>\n<meta property=\"og:description\" content=\"Le bilan de comp\u00e9tences vous permet de faire un point professionnellement. Mes Allocs vous \u00e9claire sur le tarif de ce bilan !\" \/>\n<meta property=\"og:url\" content=\"https:\/\/www.mes-allocs.fr\/guides\/reconversion-professionnelle\/bilan-de-competences\/tarif-bilan-de-competences\/\" \/>\n<meta property=\"og:site_name\" content=\"Mes-Allocs.fr\" \/>\n<meta property=\"article:published_time\" content=\"2021-03-31T14:29:48+00:00\" \/>\n<meta property=\"article:modified_time\" content=\"2025-07-18T14:08:51+00:00\" \/>\n<meta property=\"og:image\" content=\"https:\/\/www.mes-allocs.fr\/guides\/wp-content\/uploads\/2021\/01\/laptop-3196481_1280-e1611605614297.jpg?wsr\" \/>\n\t<meta property=\"og:image:width\" content=\"1280\" \/>\n\t<meta property=\"og:image:height\" content=\"496\" \/>\n<meta name=\"twitter:card\" content=\"summary_large_image\" \/>\n<script type=\"application\/ld+json\" class=\"yoast-schema-graph\">{\"@context\":\"https:\/\/schema.org\",\"@graph\":[{\"@type\":\"WebSite\",\"@id\":\"https:\/\/www.mes-allocs.fr\/guides\/#website\",\"url\":\"https:\/\/www.mes-allocs.fr\/guides\/\",\"name\":\"Mes-Allocs.fr\",\"description\":\"\",\"potentialAction\":[{\"@type\":\"SearchAction\",\"target\":\"https:\/\/www.mes-allocs.fr\/guides\/?s={search_term_string}\",\"query-input\":\"required name=search_term_string\"}],\"inLanguage\":\"fr-FR\"},{\"@type\":\"ImageObject\",\"@id\":\"https:\/\/www.mes-allocs.fr\/guides\/reconversion-professionnelle\/bilan-de-competences\/tarif-bilan-de-competences\/#primaryimage\",\"inLanguage\":\"fr-FR\",\"url\":\"https:\/\/www.mes-allocs.fr\/guides\/wp-content\/uploads\/2021\/01\/laptop-3196481_1280-e1611605614297.jpg?wsr\",\"width\":1280,\"height\":496,\"caption\":\"tarif bilan de comp\\u00e9tences\"},{\"@type\":\"WebPage\",\"@id\":\"https:\/\/www.mes-allocs.fr\/guides\/reconversion-professionnelle\/bilan-de-competences\/tarif-bilan-de-competences\/#webpage\",\"url\":\"https:\/\/www.mes-allocs.fr\/guides\/reconversion-professionnelle\/bilan-de-competences\/tarif-bilan-de-competences\/\",\"name\":\"Quel est le tarif d'un bilan de comp\\u00e9tences ? | Mes-Allocs.fr\",\"isPartOf\":{\"@id\":\"https:\/\/www.mes-allocs.fr\/guides\/#website\"},\"primaryImageOfPage\":{\"@id\":\"https:\/\/www.mes-allocs.fr\/guides\/reconversion-professionnelle\/bilan-de-competences\/tarif-bilan-de-competences\/#primaryimage\"},\"datePublished\":\"2021-03-31T14:29:48+00:00\",\"dateModified\":\"2025-07-18T14:08:51+00:00\",\"author\":{\"@id\":\"https:\/\/www.mes-allocs.fr\/guides\/#\/schema\/person\/0ecd61a8600573914d00d970a588c024\"},\"description\":\"Le bilan de comp\\u00e9tences vous permet de faire un point professionnellement. Mes Allocs vous \\u00e9claire sur le tarif de ce bilan !\",\"inLanguage\":\"fr-FR\"},{\"@type\":\"Person\",\"@id\":\"https:\/\/www.mes-allocs.fr\/guides\/#\/schema\/person\/0ecd61a8600573914d00d970a588c024\",\"name\":\"Jonathan\",\"image\":{\"@type\":\"ImageObject\",\"@id\":\"https:\/\/www.mes-allocs.fr\/guides\/#personlogo\",\"inLanguage\":\"fr-FR\",\"url\":\"https:\/\/www.mes-allocs.fr\/guides\/wp-content\/uploads\/2021\/06\/jonathan-150x150.png\",\"caption\":\"Jonathan\"},\"description\":\"Jonathan est r\\u00e9dacteur au sein de l'\\u00e9quipe Mes Allocs, sp\\u00e9cialis\\u00e9 sur les sujets li\\u00e9s au handicap. Dipl\\u00f4m\\u00e9e de l'UPEM, il rejoint Mes Allocs apr\\u00e8s avoir travaill\\u00e9 \\u00e0 l'association AEDE qui accompagne les adultes en situation de handicap. Quand il n'\\u00e9crit pas, on peut le retrouver sur un terrain de basket.\",\"sameAs\":[\"https:\/\/www.linkedin.com\/in\/jonathan-bambela-8637861b7\"]}]}<\/script>\n<!-- \/ Yoast SEO plugin. -->","amp_validity":null,"acf":{"faq":{"1":{"question":"Combien co\u00fbte un bilan de comp\u00e9tences ? ","answer":"Il n'y a pas de prix fixe. Cela d\u00e9pendra de vos besoins mais \u00e9galement du centre de bilan de comp\u00e9tences."},"2":{"question":"Qui peut prendre en charge les frais d'un bilan de comp\u00e9tences ? ","answer":"Les salari\u00e9s du secteur priv\u00e9 et les demandeurs d'emploi peuvent b\u00e9n\u00e9ficier d'un bilan de comp\u00e9tences afin d'analyser ses comp\u00e9tences professionnelles et personnelles. Le financement passe par le compte personnel de formation (CPF)"},"3":{"question":"Quelles sont les \u00e9tapes d'un bilan de comp\u00e9tence ?","answer":"Le bilan de comp\u00e9tences est divis\u00e9 en 3 grandes \u00e9tapes, \u00e0 savoir : Le bilan de comp\u00e9tences comprend trois grandes \u00e9tapes : une phase pr\u00e9liminaire, une phase d'investigation et une phase de conclusion."},"4":{"question":" Quel est le prix d'un bilan de comp\u00e9tence ?","answer":"Il n'existe aucune r\u00e8glementation et chaque organisme peut librement fixer ses prix, lesquels s'\u00e9chelonnent entre 1 500 et 3 000 euros, avec un co\u00fbt moyen d'environ 2 000 euros."},"5":{"question":" Quel est le prix d'un bilan de comp\u00e9tence ?","answer":"Son prix est variable. "},"6":{"question":" Le bilan de comp\u00e9tences ne peut \u00eatre r\u00e9alis\u00e9 qu'avec le consentement du salari\u00e9.","answer":"Vous pouvez vous adresser \u00e0 P\u00f4le Emploi et demander une prise en charge via l'AIF (Aide Individuelle \u00e0 la Formation) afin effectuer votre bilan de comp\u00e9tences."},"7":{"question":"","answer":""},"8":{"question":"","answer":""},"9":{"question":"","answer":""},"10":{"question":"","answer":""},"11":{"question":"","answer":""},"12":{"question":"","answer":""},"13":{"question":"","answer":""},"14":{"question":"","answer":""},"15":{"question":"","answer":""},"16":{"question":"","answer":""}}},"_links":{"self":[{"href":"https:\/\/www.mes-allocs.fr\/guides\/wp-json\/wp\/v2\/posts\/18535","targetHints":{"allow":["GET"]}}],"collection":[{"href":"https:\/\/www.mes-allocs.fr\/guides\/wp-json\/wp\/v2\/posts"}],"about":[{"href":"https:\/\/www.mes-allocs.fr\/guides\/wp-json\/wp\/v2\/types\/post"}],"author":[{"embeddable":true,"href":"https:\/\/www.mes-allocs.fr\/guides\/wp-json\/wp\/v2\/users\/6"}],"replies":[{"embeddable":true,"href":"https:\/\/www.mes-allocs.fr\/guides\/wp-json\/wp\/v2\/comments?post=18535"}],"version-history":[{"count":14,"href":"https:\/\/www.mes-allocs.fr\/guides\/wp-json\/wp\/v2\/posts\/18535\/revisions"}],"predecessor-version":[{"id":102696,"href":"https:\/\/www.mes-allocs.fr\/guides\/wp-json\/wp\/v2\/posts\/18535\/revisions\/102696"}],"wp:featuredmedia":[{"embeddable":true,"href":"https:\/\/www.mes-allocs.fr\/guides\/wp-json\/wp\/v2\/media\/18551"}],"wp:attachment":[{"href":"https:\/\/www.mes-allocs.fr\/guides\/wp-json\/wp\/v2\/media?parent=18535"}],"wp:term":[{"taxonomy":"category","embeddable":true,"href":"https:\/\/www.mes-allocs.fr\/guides\/wp-json\/wp\/v2\/categories?post=18535"},{"taxonomy":"post_tag","embeddable":true,"href":"https:\/\/www.mes-allocs.fr\/guides\/wp-json\/wp\/v2\/tags?post=18535"}],"curies":[{"name":"wp","href":"https:\/\/api.w.org\/{rel}","templated":true}]}}