{"id":18508,"date":"2021-03-31T14:22:40","date_gmt":"2021-03-31T14:22:40","guid":{"rendered":"https:\/\/www.mes-allocs.fr\/guides\/?p=18508"},"modified":"2025-07-18T16:08:39","modified_gmt":"2025-07-18T14:08:39","slug":"bilan-de-competences-en-ligne","status":"publish","type":"post","link":"https:\/\/www.mes-allocs.fr\/guides\/reconversion-professionnelle\/bilan-de-competences\/bilan-de-competences-en-ligne\/","title":{"rendered":"Le bilan de comp\u00e9tences en ligne !"},"content":{"rendered":"<p><a href=\"https:\/\/www.mes-allocs.fr\/guides\/wp-content\/uploads\/2021\/01\/student-849824_1280.jpg\"><img loading=\"lazy\" decoding=\"async\" class=\"aligncenter wp-image-18569 size-large\" title=\"bilan de comp\u00e9tences en ligne\" src=\"https:\/\/www.mes-allocs.fr\/guides\/wp-content\/uploads\/2021\/01\/student-849824_1280-e1611677408675-1024x342.jpg\" alt=\"bilan de comp\u00e9tences en ligne\" width=\"1024\" height=\"342\" srcset=\"https:\/\/www.mes-allocs.fr\/guides\/wp-content\/uploads\/2021\/01\/student-849824_1280-e1611677408675-1024x342.jpg 1024w, https:\/\/www.mes-allocs.fr\/guides\/wp-content\/uploads\/2021\/01\/student-849824_1280-e1611677408675-300x100.jpg 300w, https:\/\/www.mes-allocs.fr\/guides\/wp-content\/uploads\/2021\/01\/student-849824_1280-e1611677408675-768x257.jpg 768w, https:\/\/www.mes-allocs.fr\/guides\/wp-content\/uploads\/2021\/01\/student-849824_1280-e1611677408675-600x201.jpg 600w, https:\/\/www.mes-allocs.fr\/guides\/wp-content\/uploads\/2021\/01\/student-849824_1280-e1611677408675.jpg 1280w\" sizes=\"auto, (max-width: 1024px) 100vw, 1024px\" \/><\/a><\/p>\n<p><strong>Faire un bilan de comp\u00e9tences n&rsquo;est pas obligatoire, mais il est tout de m\u00eame recommand\u00e9, surtout en cas de <a href=\"https:\/\/www.mes-allocs.fr\/guides\/reconversion-professionnelle\/\">reconversion professionnelle<\/a>. \u00c0 r\u00e9aliser dans des centres de bilan agr\u00e9es, il est \u00e9galement possible d&rsquo;en r\u00e9aliser en ligne. Mes Allocs vous explique comment faire votre bilan de comp\u00e9tences en ligne.<\/strong><\/p>\n<div class='cta-block'><div class='text'>Bilan de comp\u00e9tences pay\u00e9 par vos aides.<\/div><a href='https:\/\/www.formademia.fr\/formulaire\/coaching' class='app-button fit'>V\u00e9rifier votre \u00e9ligibilit\u00e9<\/a><\/div>\n<h1>Qu&rsquo;est-ce que le bilan de comp\u00e9tences ?<\/h1>\n<p>Le <a href=\"https:\/\/www.mes-allocs.fr\/guides\/reconversion-professionnelle\/bilan-de-competences\/\">bilan de comp\u00e9tences<\/a> est un dispositif qui vous permet de faire un point sur votre carri\u00e8re, mais \u00e9galement de faire une analyse de vos comp\u00e9tences professionnelles, vos aptitudes et vos motivations. G\u00e9n\u00e9ralement r\u00e9alis\u00e9 dans le cadre d&rsquo;une reconversion professionnelle, un vous permet de d\u00e9finir un plan d&rsquo; action, de construire votre projet pour votre nouvel avenir professionnel.<\/p>\n<p>Un bilan de comp\u00e9tences \u00e0 une dur\u00e9e qui ne peut exc\u00e9der 24 heures qui sont r\u00e9parties sur plusieurs s\u00e9ances de 2 \u00e0 3 heures chacune.<\/p>\n<p>Vous pouvez r\u00e9aliser un bilan, mais \u00e9galement un test de personnalit\u00e9 pour compl\u00e9ter votre d\u00e9marche.<\/p>\n<p>Si vous \u00eates demandeur d&#8217;emploi ou bien salari\u00e9, vous pouvez b\u00e9n\u00e9ficier d&rsquo;une <a href=\"https:\/\/www.mes-allocs.fr\/guides\/reconversion-professionnelle\/bilan-de-competences\/bilan-de-competences-cpf\/\">prise en charge par votre CPF<\/a>.<\/p>\n<p><iframe loading=\"lazy\" title=\"La reconversion professionnelle\" width=\"500\" height=\"281\" src=\"https:\/\/www.youtube.com\/embed\/EiVUthswxl0?feature=oembed\" frameborder=\"0\" allow=\"accelerometer; autoplay; clipboard-write; encrypted-media; gyroscope; picture-in-picture; web-share\" referrerpolicy=\"strict-origin-when-cross-origin\" allowfullscreen><\/iframe><\/p>\n<h1>\u00c0 quoi sert un bilan de comp\u00e9tences ?<\/h1>\n<p>Un bilan de comp\u00e9tences vous permet de faire un point sur votre carri\u00e8re, de d\u00e9finir un projet professionnel si vous souhaitez changer de m\u00e9tier, mais il s&rsquo;agit \u00e9galement d&rsquo;un travail personnel.<\/p>\n<p>En g\u00e9n\u00e9ral, un bilan de comp\u00e9tences est r\u00e9alis\u00e9 par un organisme sp\u00e9cialis\u00e9 et agr\u00e9e par l\u2019ANFH suivant sa propre initiative ou celle de son entreprise. En effet, il est capital d\u2019\u00e9valuer ses points forts avant de proc\u00e9der \u00e0 un changement de m\u00e9tier. Et ce, dans le but de mieux se pr\u00e9parer pour son test orientation m\u00e9tier.<\/p>\n<h1>O\u00f9 faire son bilan de comp\u00e9tences en ligne ?<\/h1>\n<p>Certains sites internet vous permettent de faire un bilan de comp\u00e9tences gratuit en ligne. Vous devrez r\u00e9pondre \u00e0 un questionnaire en ligne. Question \u00e0 propos de votre poste actuel, de vos motivations, de votre projet professionnel, etc.<\/p>\n<p>\u00c0 la fin un document de synth\u00e8se vous sera remis, comme lorsque vous r\u00e9alisez un bilan en centre agr\u00e9\u00e9.<\/p>\n<p><strong>Vous pourrez r\u00e9aliser un bilan de comp\u00e9tences sur les sites suivants :<\/strong><\/p>\n<ul>\n<li>https:\/\/kledou.fr\/adulte\/<\/li>\n<li>https:\/\/www.ouestfrance-emploi.com\/testsmetiers\/<\/li>\n<li>https:\/\/www.orientation-carriere.com\/test.php<\/li>\n<li>https:\/\/www.timeto.fr\/test_orientation_gratuit.php<\/li>\n<\/ul>\n<h1>Qui peut faire un bilan de comp\u00e9tences ?<\/h1>\n<p><strong>Vous pouvez b\u00e9n\u00e9ficier d&rsquo;un bilan de comp\u00e9tences, si vous \u00eates :<\/strong><\/p>\n<ul>\n<li>salari\u00e9 du secteur priv\u00e9, fonction publique, en contrat \u00e0 dur\u00e9e ind\u00e9termin\u00e9e ou d\u00e9termin\u00e9e ;<\/li>\n<li>demandeur d\u2019emploi : la demande doit \u00eatre faite aupr\u00e8s de P\u00f4le emploi, de l\u2019APEC ou de Cap emploi ;<\/li>\n<li>salari\u00e9 du secteur public (fonctionnaires, agents non titulaires\u2026) : textes sp\u00e9cifiques mais dans des conditions similaires aux salari\u00e9s (cong\u00e9 de 24h, etc.).<\/li>\n<\/ul>\n<h1>Test d&rsquo;orientation de m\u00e9tier<\/h1>\n<p>Avant de changer de m\u00e9tier, il est indispensable d&rsquo;en avoir les comp\u00e9tences n\u00e9cessaires. Il faut en avoir les qualit\u00e9s, mais \u00e9galement les aptitudes demand\u00e9es. \u00a0Le test orientation professionnelle m\u00e9tier est un questionnaire impos\u00e9 par des professionnels qui permet de d\u00e9terminer comp\u00e9tences pour ce nouveau m\u00e9tier.<\/p>\n<div class='cta-block'><div class='text'>Bilan de comp\u00e9tences pay\u00e9 par vos aides.<\/div><a href='https:\/\/www.formademia.fr\/formulaire\/coaching' class='app-button fit'>V\u00e9rifier votre \u00e9ligibilit\u00e9<\/a><\/div>\n","protected":false},"excerpt":{"rendered":"<p>Faire un bilan de comp\u00e9tences n&rsquo;est pas obligatoire, mais il est tout de m\u00eame recommand\u00e9, surtout en cas de reconversion professionnelle. \u00c0 r\u00e9aliser dans des centres de bilan agr\u00e9es, il est \u00e9galement possible d&rsquo;en r\u00e9aliser en ligne. Mes Allocs vous explique comment faire votre bilan de comp\u00e9tences en ligne. Qu&rsquo;est-ce que le bilan de comp\u00e9tences [&hellip;]<\/p>\n","protected":false},"author":6,"featured_media":18569,"comment_status":"open","ping_status":"open","sticky":false,"template":"","format":"standard","meta":{"amp_status":"","footnotes":""},"categories":[5093,5081],"tags":[],"class_list":["post-18508","post","type-post","status-publish","format-standard","has-post-thumbnail","hentry","category-bilan-de-competences","category-reconversion-professionnelle"],"yoast_head":"<!-- This site is optimized with the Yoast SEO plugin v14.9 - https:\/\/yoast.com\/wordpress\/plugins\/seo\/ -->\n<title>Le bilan de comp\u00e9tences en ligne ! | Mes-Allocs.fr<\/title>\n<meta name=\"description\" content=\"Il existe certains sites internet permettant de faire des bilans de comp\u00e9tences en ligne. Mes Allocs vous explique tout ici !\" \/>\n<meta name=\"robots\" content=\"index, follow, max-snippet:-1, max-image-preview:large, max-video-preview:-1\" \/>\n<link rel=\"canonical\" href=\"https:\/\/www.mes-allocs.fr\/guides\/reconversion-professionnelle\/bilan-de-competences\/bilan-de-competences-en-ligne\/\" \/>\n<meta property=\"og:locale\" content=\"fr_FR\" \/>\n<meta property=\"og:type\" content=\"article\" \/>\n<meta property=\"og:title\" content=\"Le bilan de comp\u00e9tences en ligne ! | Mes-Allocs.fr\" \/>\n<meta property=\"og:description\" content=\"Il existe certains sites internet permettant de faire des bilans de comp\u00e9tences en ligne. Mes Allocs vous explique tout ici !\" \/>\n<meta property=\"og:url\" content=\"https:\/\/www.mes-allocs.fr\/guides\/reconversion-professionnelle\/bilan-de-competences\/bilan-de-competences-en-ligne\/\" \/>\n<meta property=\"og:site_name\" content=\"Mes-Allocs.fr\" \/>\n<meta property=\"article:published_time\" content=\"2021-03-31T14:22:40+00:00\" \/>\n<meta property=\"article:modified_time\" content=\"2025-07-18T14:08:39+00:00\" \/>\n<meta property=\"og:image\" content=\"https:\/\/www.mes-allocs.fr\/guides\/wp-content\/uploads\/2021\/01\/student-849824_1280-e1611677408675.jpg?wsr\" \/>\n\t<meta property=\"og:image:width\" content=\"1280\" \/>\n\t<meta property=\"og:image:height\" content=\"428\" \/>\n<meta name=\"twitter:card\" content=\"summary_large_image\" \/>\n<script type=\"application\/ld+json\" class=\"yoast-schema-graph\">{\"@context\":\"https:\/\/schema.org\",\"@graph\":[{\"@type\":\"WebSite\",\"@id\":\"https:\/\/www.mes-allocs.fr\/guides\/#website\",\"url\":\"https:\/\/www.mes-allocs.fr\/guides\/\",\"name\":\"Mes-Allocs.fr\",\"description\":\"\",\"potentialAction\":[{\"@type\":\"SearchAction\",\"target\":\"https:\/\/www.mes-allocs.fr\/guides\/?s={search_term_string}\",\"query-input\":\"required name=search_term_string\"}],\"inLanguage\":\"fr-FR\"},{\"@type\":\"ImageObject\",\"@id\":\"https:\/\/www.mes-allocs.fr\/guides\/reconversion-professionnelle\/bilan-de-competences\/bilan-de-competences-en-ligne\/#primaryimage\",\"inLanguage\":\"fr-FR\",\"url\":\"https:\/\/www.mes-allocs.fr\/guides\/wp-content\/uploads\/2021\/01\/student-849824_1280-e1611677408675.jpg?wsr\",\"width\":1280,\"height\":428,\"caption\":\"bilan de comp\\u00e9tences en ligne\"},{\"@type\":\"WebPage\",\"@id\":\"https:\/\/www.mes-allocs.fr\/guides\/reconversion-professionnelle\/bilan-de-competences\/bilan-de-competences-en-ligne\/#webpage\",\"url\":\"https:\/\/www.mes-allocs.fr\/guides\/reconversion-professionnelle\/bilan-de-competences\/bilan-de-competences-en-ligne\/\",\"name\":\"Le bilan de comp\\u00e9tences en ligne ! | Mes-Allocs.fr\",\"isPartOf\":{\"@id\":\"https:\/\/www.mes-allocs.fr\/guides\/#website\"},\"primaryImageOfPage\":{\"@id\":\"https:\/\/www.mes-allocs.fr\/guides\/reconversion-professionnelle\/bilan-de-competences\/bilan-de-competences-en-ligne\/#primaryimage\"},\"datePublished\":\"2021-03-31T14:22:40+00:00\",\"dateModified\":\"2025-07-18T14:08:39+00:00\",\"author\":{\"@id\":\"https:\/\/www.mes-allocs.fr\/guides\/#\/schema\/person\/0ecd61a8600573914d00d970a588c024\"},\"description\":\"Il existe certains sites internet permettant de faire des bilans de comp\\u00e9tences en ligne. Mes Allocs vous explique tout ici !\",\"inLanguage\":\"fr-FR\"},{\"@type\":\"Person\",\"@id\":\"https:\/\/www.mes-allocs.fr\/guides\/#\/schema\/person\/0ecd61a8600573914d00d970a588c024\",\"name\":\"Jonathan\",\"image\":{\"@type\":\"ImageObject\",\"@id\":\"https:\/\/www.mes-allocs.fr\/guides\/#personlogo\",\"inLanguage\":\"fr-FR\",\"url\":\"https:\/\/www.mes-allocs.fr\/guides\/wp-content\/uploads\/2021\/06\/jonathan-150x150.png\",\"caption\":\"Jonathan\"},\"description\":\"Jonathan est r\\u00e9dacteur au sein de l'\\u00e9quipe Mes Allocs, sp\\u00e9cialis\\u00e9 sur les sujets li\\u00e9s au handicap. Dipl\\u00f4m\\u00e9e de l'UPEM, il rejoint Mes Allocs apr\\u00e8s avoir travaill\\u00e9 \\u00e0 l'association AEDE qui accompagne les adultes en situation de handicap. Quand il n'\\u00e9crit pas, on peut le retrouver sur un terrain de basket.\",\"sameAs\":[\"https:\/\/www.linkedin.com\/in\/jonathan-bambela-8637861b7\"]}]}<\/script>\n<!-- \/ Yoast SEO plugin. -->","amp_validity":null,"acf":{"faq":{"1":{"question":"Quel est le prix d'un bilan de comp\u00e9tence ?","answer":"Il n'existe aucune r\u00e8glementation et chaque organisme peut librement fixer ses prix, lesquels s'\u00e9chelonnent entre 1 500 et 3 000 euros, avec un co\u00fbt moyen d'environ 2 000 euros"},"2":{"question":"Quel int\u00e9r\u00eat de faire un bilan de comp\u00e9tence ?","answer":"Le bilan de comp\u00e9tences permet de faire le point sur son parcours, sa personnalit\u00e9, ses atouts et ses int\u00e9r\u00eats, dans l'objectif de faire \u00e9merger un projet professionnel motivant et r\u00e9aliste, qui concilie ce que l'on est, ce que l'on aime, ce que l'on peut, et les exigences du march\u00e9 du travail."},"3":{"question":"Quand faire un bilan de comp\u00e9tences ?","answer":"Le bilan de comp\u00e9tences se fait \u00e0 votre initiative lorsque vous ressentez le besoin de faire un point dans votre carri\u00e8re. "},"4":{"question":"Comment acc\u00e9der \u00e0 son compte personnel de formation ?","answer":"Pour vous inscrire, cliquez sur le bouton \u201cj'acc\u00e8de \u00e0 mon compte\u201d situ\u00e9 en haut \u00e0 droite du site public https:\/\/www.moncompteformation.gouv.fr. "},"5":{"question":"Qui prend en charge le bilan de comp\u00e9tence ?","answer":"Votre bilan de comp\u00e9tences peut \u00eatre pris en charge par P\u00f4le emploi."},"6":{"question":" Comment faire un bilan de comp\u00e9tence dans la fonction publique ?","answer":"Un bilan de comp\u00e9tences peut \u00eatre demand\u00e9 par un agent public ou propos\u00e9 par l'administration. "},"7":{"question":"","answer":""},"8":{"question":"","answer":""},"9":{"question":"","answer":""},"10":{"question":"","answer":""},"11":{"question":"","answer":""},"12":{"question":"","answer":""},"13":{"question":"","answer":""},"14":{"question":"","answer":""},"15":{"question":"","answer":""},"16":{"question":"","answer":""}}},"_links":{"self":[{"href":"https:\/\/www.mes-allocs.fr\/guides\/wp-json\/wp\/v2\/posts\/18508","targetHints":{"allow":["GET"]}}],"collection":[{"href":"https:\/\/www.mes-allocs.fr\/guides\/wp-json\/wp\/v2\/posts"}],"about":[{"href":"https:\/\/www.mes-allocs.fr\/guides\/wp-json\/wp\/v2\/types\/post"}],"author":[{"embeddable":true,"href":"https:\/\/www.mes-allocs.fr\/guides\/wp-json\/wp\/v2\/users\/6"}],"replies":[{"embeddable":true,"href":"https:\/\/www.mes-allocs.fr\/guides\/wp-json\/wp\/v2\/comments?post=18508"}],"version-history":[{"count":13,"href":"https:\/\/www.mes-allocs.fr\/guides\/wp-json\/wp\/v2\/posts\/18508\/revisions"}],"predecessor-version":[{"id":102695,"href":"https:\/\/www.mes-allocs.fr\/guides\/wp-json\/wp\/v2\/posts\/18508\/revisions\/102695"}],"wp:featuredmedia":[{"embeddable":true,"href":"https:\/\/www.mes-allocs.fr\/guides\/wp-json\/wp\/v2\/media\/18569"}],"wp:attachment":[{"href":"https:\/\/www.mes-allocs.fr\/guides\/wp-json\/wp\/v2\/media?parent=18508"}],"wp:term":[{"taxonomy":"category","embeddable":true,"href":"https:\/\/www.mes-allocs.fr\/guides\/wp-json\/wp\/v2\/categories?post=18508"},{"taxonomy":"post_tag","embeddable":true,"href":"https:\/\/www.mes-allocs.fr\/guides\/wp-json\/wp\/v2\/tags?post=18508"}],"curies":[{"name":"wp","href":"https:\/\/api.w.org\/{rel}","templated":true}]}}