{"id":18495,"date":"2021-03-29T15:14:57","date_gmt":"2021-03-29T15:14:57","guid":{"rendered":"https:\/\/www.mes-allocs.fr\/guides\/?p=18495"},"modified":"2025-10-14T18:03:01","modified_gmt":"2025-10-14T16:03:01","slug":"questionnaire-de-bilan-de-competences","status":"publish","type":"post","link":"https:\/\/www.mes-allocs.fr\/guides\/reconversion-professionnelle\/bilan-de-competences\/questionnaire-de-bilan-de-competences\/","title":{"rendered":"Quel est le questionnaire du bilan de comp\u00e9tences ?"},"content":{"rendered":"<p><a href=\"https:\/\/www.mes-allocs.fr\/guides\/wp-content\/uploads\/2021\/01\/pexels-alex-green-5699432.jpg\"><img loading=\"lazy\" decoding=\"async\" class=\"aligncenter wp-image-18500 size-large\" title=\"questionnaire de bilan de comp\u00e9tences\" src=\"https:\/\/www.mes-allocs.fr\/guides\/wp-content\/uploads\/2021\/01\/pexels-alex-green-5699432-e1611416542187-1024x340.jpg\" alt=\"questionnaire de bilan de comp\u00e9tences\" width=\"1024\" height=\"340\" \/><\/a><\/p>\n<p style=\"text-align: justify;\"><strong>Le bilan de comp\u00e9tences vous permet de faire un point sur votre carri\u00e8re professionnelle, mais \u00e9galement de d\u00e9terminer vos comp\u00e9tences et vos ambitions. Lors des s\u00e9ances d&rsquo;entretien, un certain nombre de questions vous sera pos\u00e9 pour dresser un profil et mettre en place votre projet de <a href=\"https:\/\/www.mes-allocs.fr\/guides\/reconversion-professionnelle\/\">reconversion professionnelle<\/a>. Mes Allocs vous explique comment est fait le questionnaire du bilan de comp\u00e9tences.<\/strong><\/p>\n<div class='cta-block'><div class='text'>Bilan de comp\u00e9tences pay\u00e9 par vos aides.<\/div><a href='https:\/\/www.formademia.fr\/formulaire\/coaching' class='app-button fit'>V\u00e9rifier votre \u00e9ligibilit\u00e9<\/a><\/div>\n<h1>Quelles sont les questions pos\u00e9es dans un bilan de comp\u00e9tences ?<\/h1>\n<p>Pour r\u00e9aliser un <a href=\"https:\/\/www.mes-allocs.fr\/guides\/reconversion-professionnelle\/bilan-de-competences\/\">bilan de comp\u00e9tences<\/a>, des informations sont n\u00e9cessaires. Des questions qui concernent aussi bien votre vie professionnelle que votre vie personnelle (hobbies, motivations, traits de personnalit\u00e9, etc.)<\/p>\n<h2>Votre m\u00e9tier et votre formation initiale<\/h2>\n<ul>\n<li>Quel est votre parcours professionnel ?<\/li>\n<li>Quel est votre m\u00e9tier ?<\/li>\n<li>Qu&rsquo;est-ce qui vous a amen\u00e9 \u00e0 choisir votre m\u00e9tier ?<\/li>\n<\/ul>\n<h2>Conditions de travail et environnement<\/h2>\n<ul>\n<li>Quelles sont les conditions d&rsquo;exercice ? ( horaires, d\u00e9placements, travail en \u00e9quipe, p\u00e9riode d&rsquo;accroissement d&rsquo;activit\u00e9.)<\/li>\n<li>Quel est l&rsquo;environnement de travail type du m\u00e9tier ? (Lieux, type d&rsquo;entreprise, ambiance, relations, etc.)<\/li>\n<li>Quel \u00e9quipement ?<\/li>\n<\/ul>\n<h2>Le m\u00e9tier souhait\u00e9<\/h2>\n<ul>\n<li>Quelle est la formation n\u00e9cessaire pour y acc\u00e9der, quel dipl\u00f4me ?<\/li>\n<li>Quel est le parcours recommand\u00e9 pour une reconversion ?<\/li>\n<\/ul>\n<p><iframe loading=\"lazy\" title=\"La reconversion professionnelle\" width=\"500\" height=\"281\" src=\"https:\/\/www.youtube.com\/embed\/EiVUthswxl0?feature=oembed\" frameborder=\"0\" allow=\"accelerometer; autoplay; clipboard-write; encrypted-media; gyroscope; picture-in-picture; web-share\" referrerpolicy=\"strict-origin-when-cross-origin\" allowfullscreen><\/iframe><\/p>\n<h2>Comp\u00e9tences n\u00e9cessaires pour votre nouveau m\u00e9tier ?<\/h2>\n<ul>\n<li>Quelles sont les comp\u00e9tences demand\u00e9es ?<\/li>\n<li>Quelles sont les qualit\u00e9s indispensables ?<\/li>\n<\/ul>\n<h2>Niveau de r\u00e9mun\u00e9ration<\/h2>\n<ul>\n<li>Quel est le niveau de r\u00e9mun\u00e9ration ?<\/li>\n<li>Pour un d\u00e9butant ?<\/li>\n<li>Apr\u00e8s plusieurs ann\u00e9es d&rsquo;exp\u00e9rience ?<\/li>\n<li>Y aura-t-il des primes ?<\/li>\n<li>Des perspectives d&rsquo;\u00e9volution ?<\/li>\n<\/ul>\n<h2>Les perspectives d&#8217;emploi dans le secteur<\/h2>\n<ul>\n<li>Quelles sont les perspectives d&#8217;emploi actuelles dans ce secteur ?<\/li>\n<li>Comment voyez-vous l&rsquo;avenir du m\u00e9tier ?<\/li>\n<li>Quelles sont les perspectives d&rsquo;\u00e9volution de carri\u00e8re lorsqu&rsquo;on exerce ce m\u00e9tier<\/li>\n<li>Connaissez-vous des entreprises qui recrutent pour ce type de poste ? Il convient de faire des enqu\u00eates de m\u00e9tiers.<\/li>\n<\/ul>\n<p><strong>Le Bilan de comp\u00e9tences dure 24 heures et est compos\u00e9 de 3 \u00e9tapes :<\/strong><\/p>\n<ol>\n<li>Un entretien permet de vous exposer les modalit\u00e9s de d\u00e9roulement du Bilan et de cerner vos besoins ;<\/li>\n<li>Une deuxi\u00e8me \u00e9tape consiste \u00e0 analyser vos comp\u00e9tences et vos centres d\u2019int\u00e9r\u00eat ;<\/li>\n<li>Une phase de conclusion reprend votre projet et les \u00e9tapes \u00e0 suivre pour sa mise en \u0153uvre.<\/li>\n<\/ol>\n<p>D\u00e9couvrez des <a href=\"https:\/\/www.mes-allocs.fr\/guides\/reconversion-professionnelle\/bilan-de-competences\/faire-un-bilan-de-competences\/exemple-de-bilan-de-competences\/\">exemples de bilan de comp\u00e9tences<\/a> !<\/p>\n<h1>Qu&rsquo;est-ce qu&rsquo;un bilan de comp\u00e9tences ?<\/h1>\n<p>Faire un bilan de comp\u00e9tences vous permet de faire le point sur votre vie professionnelle et votre vie personnelle. Souvent r\u00e9aliser dans le cadre d&rsquo;un changement de m\u00e9tier, cela peut vous permettre de mieux d\u00e9finir votre projet professionnel.<\/p>\n<p>Un bilan peut \u00eatre demand\u00e9 par le salari\u00e9 lui-m\u00eame. S&rsquo;il est r\u00e9alis\u00e9 pendant les heures de travail, il faudra demander un cong\u00e9 pour bilan de comp\u00e9tences, mais sans perte de r\u00e9mun\u00e9ration. En revanche si vous prenez la d\u00e9cision de le faire en dehors de vos heures de travail, vous n&rsquo;\u00eates pas oblig\u00e9 d&rsquo;en informer votre employeur.<\/p>\n<h1>Qui peut r\u00e9aliser un bilan de comp\u00e9tences ?<\/h1>\n<p><strong>Vous pouvez r\u00e9aliser un bilan de comp\u00e9tences, si vous \u00eates :<\/strong><\/p>\n<ul>\n<li>salari\u00e9 du secteur priv\u00e9, fonction publique, en contrat \u00e0 dur\u00e9e ind\u00e9termin\u00e9e ou d\u00e9termin\u00e9e ;<\/li>\n<li>demandeur d\u2019emploi : la demande doit \u00eatre faite aupr\u00e8s de P\u00f4le emploi, de l\u2019APEC ou de Cap emploi ;<\/li>\n<li>salari\u00e9 du secteur public (fonctionnaires, agents non titulaires\u2026) : textes sp\u00e9cifiques mais dans des conditions similaires aux salari\u00e9s (cong\u00e9 de 24h, etc.).<\/li>\n<\/ul>\n<h1>Le CPF pour financer votre bilan !<\/h1>\n<p>D\u00e9sormais il est possible de <a href=\"https:\/\/www.mes-allocs.fr\/guides\/reconversion-professionnelle\/bilan-de-competences\/faire-un-bilan-de-competences\/financer-un-bilan-de-competences\/\">financer votre bilan de comp\u00e9tences<\/a> avec le CPF compte personnel de formation. Le Bilan de comp\u00e9tences qui \u00e9tait exclusivement ouvert aux salari\u00e9s est maintenant accessible par tous les titulaires d\u2019un compte CPF. Les demandeurs d\u2019emploi peuvent mobiliser leur CPF, acquis en poste, pour\u00a0faire un Bilan durant leur p\u00e9riode de ch\u00f4mage.<\/p>\n<p>Vous \u00eates int\u00e9ress\u00e9 ? D\u00e9couvrez <a href=\"https:\/\/www.mes-allocs.fr\/guides\/reconversion-professionnelle\/bilan-de-competences\/test-bilan-de-competences\/\">comment le bilan de comp\u00e9tences se d\u00e9roule<\/a>.<\/p>\n<div class='cta-block'><div class='text'>Bilan de comp\u00e9tences pay\u00e9 par vos aides.<\/div><a href='https:\/\/www.formademia.fr\/formulaire\/coaching' class='app-button fit'>V\u00e9rifier votre \u00e9ligibilit\u00e9<\/a><\/div>\n","protected":false},"excerpt":{"rendered":"<p>Le bilan de comp\u00e9tences vous permet de faire un point sur votre carri\u00e8re professionnelle, mais \u00e9galement de d\u00e9terminer vos comp\u00e9tences et vos ambitions. Lors des s\u00e9ances d&rsquo;entretien, un certain nombre de questions vous sera pos\u00e9 pour dresser un profil et mettre en place votre projet de reconversion professionnelle. Mes Allocs vous explique comment est fait [&hellip;]<\/p>\n","protected":false},"author":6,"featured_media":18500,"comment_status":"open","ping_status":"open","sticky":false,"template":"","format":"standard","meta":{"amp_status":"","footnotes":""},"categories":[5093,5081],"tags":[],"class_list":["post-18495","post","type-post","status-publish","format-standard","has-post-thumbnail","hentry","category-bilan-de-competences","category-reconversion-professionnelle"],"yoast_head":"<!-- This site is optimized with the Yoast SEO plugin v14.9 - https:\/\/yoast.com\/wordpress\/plugins\/seo\/ -->\n<title>Quel est le questionnaire du bilan de comp\u00e9tences ? | Mes-Allocs.fr<\/title>\n<meta name=\"description\" content=\"Le bilan de comp\u00e9tences vous permet de faire un point sur votre vie professionnelle. Mes Allocs vous en dit plus sur le questionnaire !\" \/>\n<meta name=\"robots\" content=\"index, follow, max-snippet:-1, max-image-preview:large, max-video-preview:-1\" \/>\n<link rel=\"canonical\" href=\"https:\/\/www.mes-allocs.fr\/guides\/reconversion-professionnelle\/bilan-de-competences\/questionnaire-de-bilan-de-competences\/\" \/>\n<meta property=\"og:locale\" content=\"fr_FR\" \/>\n<meta property=\"og:type\" content=\"article\" \/>\n<meta property=\"og:title\" content=\"Quel est le questionnaire du bilan de comp\u00e9tences ? | Mes-Allocs.fr\" \/>\n<meta property=\"og:description\" content=\"Le bilan de comp\u00e9tences vous permet de faire un point sur votre vie professionnelle. Mes Allocs vous en dit plus sur le questionnaire !\" \/>\n<meta property=\"og:url\" content=\"https:\/\/www.mes-allocs.fr\/guides\/reconversion-professionnelle\/bilan-de-competences\/questionnaire-de-bilan-de-competences\/\" \/>\n<meta property=\"og:site_name\" content=\"Mes-Allocs.fr\" \/>\n<meta property=\"article:published_time\" content=\"2021-03-29T15:14:57+00:00\" \/>\n<meta property=\"article:modified_time\" content=\"2025-10-14T16:03:01+00:00\" \/>\n<meta property=\"og:image\" content=\"https:\/\/www.mes-allocs.fr\/guides\/wp-content\/uploads\/2021\/01\/pexels-alex-green-5699432.jpg?wsr\" \/>\n\t<meta property=\"og:image:width\" content=\"1280\" \/>\n\t<meta property=\"og:image:height\" content=\"853\" \/>\n<meta name=\"twitter:card\" content=\"summary_large_image\" \/>\n<script type=\"application\/ld+json\" class=\"yoast-schema-graph\">{\"@context\":\"https:\/\/schema.org\",\"@graph\":[{\"@type\":\"WebSite\",\"@id\":\"https:\/\/www.mes-allocs.fr\/guides\/#website\",\"url\":\"https:\/\/www.mes-allocs.fr\/guides\/\",\"name\":\"Mes-Allocs.fr\",\"description\":\"\",\"potentialAction\":[{\"@type\":\"SearchAction\",\"target\":\"https:\/\/www.mes-allocs.fr\/guides\/?s={search_term_string}\",\"query-input\":\"required name=search_term_string\"}],\"inLanguage\":\"fr-FR\"},{\"@type\":\"ImageObject\",\"@id\":\"https:\/\/www.mes-allocs.fr\/guides\/reconversion-professionnelle\/bilan-de-competences\/questionnaire-de-bilan-de-competences\/#primaryimage\",\"inLanguage\":\"fr-FR\",\"url\":\"https:\/\/www.mes-allocs.fr\/guides\/wp-content\/uploads\/2021\/01\/pexels-alex-green-5699432.jpg?wsr\",\"width\":1280,\"height\":853,\"caption\":\"questionnaire de bilan de comp\\u00e9tences\"},{\"@type\":\"WebPage\",\"@id\":\"https:\/\/www.mes-allocs.fr\/guides\/reconversion-professionnelle\/bilan-de-competences\/questionnaire-de-bilan-de-competences\/#webpage\",\"url\":\"https:\/\/www.mes-allocs.fr\/guides\/reconversion-professionnelle\/bilan-de-competences\/questionnaire-de-bilan-de-competences\/\",\"name\":\"Quel est le questionnaire du bilan de comp\\u00e9tences ? | Mes-Allocs.fr\",\"isPartOf\":{\"@id\":\"https:\/\/www.mes-allocs.fr\/guides\/#website\"},\"primaryImageOfPage\":{\"@id\":\"https:\/\/www.mes-allocs.fr\/guides\/reconversion-professionnelle\/bilan-de-competences\/questionnaire-de-bilan-de-competences\/#primaryimage\"},\"datePublished\":\"2021-03-29T15:14:57+00:00\",\"dateModified\":\"2025-10-14T16:03:01+00:00\",\"author\":{\"@id\":\"https:\/\/www.mes-allocs.fr\/guides\/#\/schema\/person\/0ecd61a8600573914d00d970a588c024\"},\"description\":\"Le bilan de comp\\u00e9tences vous permet de faire un point sur votre vie professionnelle. Mes Allocs vous en dit plus sur le questionnaire !\",\"inLanguage\":\"fr-FR\"},{\"@type\":\"Person\",\"@id\":\"https:\/\/www.mes-allocs.fr\/guides\/#\/schema\/person\/0ecd61a8600573914d00d970a588c024\",\"name\":\"Jonathan\",\"image\":{\"@type\":\"ImageObject\",\"@id\":\"https:\/\/www.mes-allocs.fr\/guides\/#personlogo\",\"inLanguage\":\"fr-FR\",\"url\":\"https:\/\/www.mes-allocs.fr\/guides\/wp-content\/uploads\/2021\/06\/jonathan-150x150.png\",\"caption\":\"Jonathan\"},\"description\":\"Jonathan est r\\u00e9dacteur au sein de l'\\u00e9quipe Mes Allocs, sp\\u00e9cialis\\u00e9 sur les sujets li\\u00e9s au handicap. Dipl\\u00f4m\\u00e9e de l'UPEM, il rejoint Mes Allocs apr\\u00e8s avoir travaill\\u00e9 \\u00e0 l'association AEDE qui accompagne les adultes en situation de handicap. Quand il n'\\u00e9crit pas, on peut le retrouver sur un terrain de basket.\",\"sameAs\":[\"https:\/\/www.linkedin.com\/in\/jonathan-bambela-8637861b7\"]}]}<\/script>\n<!-- \/ Yoast SEO plugin. -->","amp_validity":null,"acf":{"faq":{"1":{"question":" Qui a droit \u00e0 un bilan de comp\u00e9tence ?","answer":"Toute personne active, notamment : les salari\u00e9s du secteur priv\u00e9, les demandeurs d'emploi"},"2":{"question":"  Comment se pr\u00e9sente un bilan de comp\u00e9tences ?","answer":"Le bilan de comp\u00e9tences se d\u00e9roule en 3 \u00e9tapes principales : comprendre vos besoins, d\u00e9finir votre projet, vous mettre en action.\r\nUne phase pr\u00e9liminaire, pour comprendre vos besoins. Analyser votre demande et votre contexte actuel. ...\r\nUne phase d'investigation, un parcours sur mesure. ...\r\nUne phase de conclusion."},"3":{"question":"Quelle est la dur\u00e9e d'un bilan de comp\u00e9tences ?","answer":"La dur\u00e9e du bilan de comp\u00e9tences est de 24 heures maximum. Ces heures se r\u00e9partissent g\u00e9n\u00e9ralement sur plusieurs semaines."},"4":{"question":" Quel est le prix d'un bilan de comp\u00e9tence ?","answer":"Son prix est variable. "},"5":{"question":" Quand faire un bilan de comp\u00e9tences ?","answer":"Le bilan de comp\u00e9tences se fait \u00e0 votre initiative lorsque vous ressentez le besoin de faire un point dans votre carri\u00e8re. Souvent \u00e0 des \u00e2ges fatidiques, 40 ou 50 ans."},"6":{"question":"Qui a le droit au CPF ?","answer":"Le compte personnel de formation (CPF) est utilisable par tout salari\u00e9, tout au long de sa vie active, y compris en p\u00e9riode de ch\u00f4mage, pour suivre une formation qualifiante ou certifiante. "},"7":{"question":"","answer":""},"8":{"question":"","answer":""},"9":{"question":"","answer":""},"10":{"question":"","answer":""},"11":{"question":"","answer":""},"12":{"question":"","answer":""},"13":{"question":"","answer":""},"14":{"question":"","answer":""},"15":{"question":"","answer":""},"16":{"question":"","answer":""}}},"_links":{"self":[{"href":"https:\/\/www.mes-allocs.fr\/guides\/wp-json\/wp\/v2\/posts\/18495","targetHints":{"allow":["GET"]}}],"collection":[{"href":"https:\/\/www.mes-allocs.fr\/guides\/wp-json\/wp\/v2\/posts"}],"about":[{"href":"https:\/\/www.mes-allocs.fr\/guides\/wp-json\/wp\/v2\/types\/post"}],"author":[{"embeddable":true,"href":"https:\/\/www.mes-allocs.fr\/guides\/wp-json\/wp\/v2\/users\/6"}],"replies":[{"embeddable":true,"href":"https:\/\/www.mes-allocs.fr\/guides\/wp-json\/wp\/v2\/comments?post=18495"}],"version-history":[{"count":14,"href":"https:\/\/www.mes-allocs.fr\/guides\/wp-json\/wp\/v2\/posts\/18495\/revisions"}],"predecessor-version":[{"id":102693,"href":"https:\/\/www.mes-allocs.fr\/guides\/wp-json\/wp\/v2\/posts\/18495\/revisions\/102693"}],"wp:featuredmedia":[{"embeddable":true,"href":"https:\/\/www.mes-allocs.fr\/guides\/wp-json\/wp\/v2\/media\/18500"}],"wp:attachment":[{"href":"https:\/\/www.mes-allocs.fr\/guides\/wp-json\/wp\/v2\/media?parent=18495"}],"wp:term":[{"taxonomy":"category","embeddable":true,"href":"https:\/\/www.mes-allocs.fr\/guides\/wp-json\/wp\/v2\/categories?post=18495"},{"taxonomy":"post_tag","embeddable":true,"href":"https:\/\/www.mes-allocs.fr\/guides\/wp-json\/wp\/v2\/tags?post=18495"}],"curies":[{"name":"wp","href":"https:\/\/api.w.org\/{rel}","templated":true}]}}