{"id":18486,"date":"2021-03-29T15:17:13","date_gmt":"2021-03-29T15:17:13","guid":{"rendered":"https:\/\/www.mes-allocs.fr\/guides\/?p=18486"},"modified":"2025-07-18T16:08:33","modified_gmt":"2025-07-18T14:08:33","slug":"bilan-de-competences-gratuit","status":"publish","type":"post","link":"https:\/\/www.mes-allocs.fr\/guides\/reconversion-professionnelle\/bilan-de-competences\/bilan-de-competences-gratuit\/","title":{"rendered":"Comment faire un bilan de comp\u00e9tences gratuitement ?"},"content":{"rendered":"<p><a href=\"https:\/\/www.mes-allocs.fr\/guides\/wp-content\/uploads\/2021\/01\/startup-593296_1280.jpg\"><img loading=\"lazy\" decoding=\"async\" class=\"aligncenter wp-image-18490 size-large\" title=\"bilan de comp\u00e9tences gratuit\" src=\"https:\/\/www.mes-allocs.fr\/guides\/wp-content\/uploads\/2021\/01\/startup-593296_1280-e1611407923109-1024x406.jpg\" alt=\"bilan de comp\u00e9tences gratuit\" width=\"1024\" height=\"406\" srcset=\"https:\/\/www.mes-allocs.fr\/guides\/wp-content\/uploads\/2021\/01\/startup-593296_1280-e1611407923109-1024x406.jpg 1024w, https:\/\/www.mes-allocs.fr\/guides\/wp-content\/uploads\/2021\/01\/startup-593296_1280-e1611407923109-300x119.jpg 300w, https:\/\/www.mes-allocs.fr\/guides\/wp-content\/uploads\/2021\/01\/startup-593296_1280-e1611407923109-768x305.jpg 768w, https:\/\/www.mes-allocs.fr\/guides\/wp-content\/uploads\/2021\/01\/startup-593296_1280-e1611407923109-600x238.jpg 600w, https:\/\/www.mes-allocs.fr\/guides\/wp-content\/uploads\/2021\/01\/startup-593296_1280-e1611407923109.jpg 1280w\" sizes=\"auto, (max-width: 1024px) 100vw, 1024px\" \/><\/a><\/p>\n<p style=\"text-align: justify;\"><strong>Un bilan de comp\u00e9tences vous permet de faire un point sur votre vie professionnelle. Mais \u00e9galement analyser vos comp\u00e9tences et vos motivations. Il est \u00e9galement possible de r\u00e9aliser un test de personnalit\u00e9 pour \u00e9tudier l&rsquo;activit\u00e9 qui vous conviendrait le mieux dans le cadre d&rsquo;une <a href=\"https:\/\/www.mes-allocs.fr\/guides\/reconversion-professionnelle\/\">reconversion professionnelle<\/a>. Mes Allocs vous explique comment r\u00e9aliser un bilan de comp\u00e9tences gratuitement.<\/strong><\/p>\n<div class='cta-block'><div class='text'>Bilan de comp\u00e9tences pay\u00e9 par vos aides.<\/div><a href='https:\/\/www.formademia.fr\/formulaire\/coaching' class='app-button fit'>V\u00e9rifier votre \u00e9ligibilit\u00e9<\/a><\/div>\n<h1>Qu&rsquo;est-ce qu&rsquo;un bilan de comp\u00e9tences ?<\/h1>\n<p>Un <a href=\"https:\/\/www.mes-allocs.fr\/guides\/reconversion-professionnelle\/bilan-de-competences\/\">bilan de comp\u00e9tences<\/a> vous permet de faire un point sur votre vie personnelle et professionnelle. Cela permet \u00e0 un salari\u00e9 de faire le point sur ses comp\u00e9tences. Mais \u00e9galement ses aptitudes et ses motivations professionnelles afin de d\u00e9finir un projet professionnel. Il est compos\u00e9 de 3 phases : une phase pr\u00e9liminaire, une phase d&rsquo; investigation et une phase de conclusion.<\/p>\n<p>Vous \u00eates accompagn\u00e9 par un <a href=\"https:\/\/www.mes-allocs.fr\/guides\/reconversion-professionnelle\/bilan-de-competences\/faire-un-bilan-de-competences\/consultant-de-bilan-de-competences\/\">consultant<\/a> qui dressera une liste de vos comp\u00e9tences acquises pendant votre carri\u00e8re professionnelle. Il \u00e9value \u00e9galement vos aptitudes et vos points faibles. Ainsi, selon votre profil, il est en charge de vous proposer un projet de formation. Cela dans le cadre d&rsquo;une \u00e9volution professionnelle ou d&rsquo;une reconversion professionnelle.<\/p>\n<p>Une fois le bilan de comp\u00e9tences termin\u00e9, le consultant vous remettra un document de synth\u00e8se qui r\u00e9sumera les s\u00e9ances r\u00e9alis\u00e9es.<\/p>\n<p>Notez qu&rsquo;un bilan de comp\u00e9tences a g\u00e9n\u00e9ralement une dur\u00e9e de 24 heures, r\u00e9parties sur plusieurs s\u00e9ances de 2 \u00e0 3 heures. Vous devez le r\u00e9aliser dans un organisme de formation agr\u00e9\u00e9.<\/p>\n<p>Les bilans de comp\u00e9tences payants r\u00e9alis\u00e9s dans des centres sp\u00e9cialis\u00e9s peuvent \u00eatre <a href=\"https:\/\/www.mes-allocs.fr\/guides\/reconversion-professionnelle\/bilan-de-competences\/bilan-de-competences-cpf\/\">financ\u00e9 par votre CPF<\/a>.<\/p>\n<p><iframe loading=\"lazy\" title=\"La reconversion professionnelle\" width=\"500\" height=\"281\" src=\"https:\/\/www.youtube.com\/embed\/EiVUthswxl0?feature=oembed\" frameborder=\"0\" allow=\"accelerometer; autoplay; clipboard-write; encrypted-media; gyroscope; picture-in-picture; web-share\" referrerpolicy=\"strict-origin-when-cross-origin\" allowfullscreen><\/iframe><\/p>\n<h1>Comment r\u00e9aliser un bilan de comp\u00e9tences gratuitement ?<\/h1>\n<p>G\u00e9n\u00e9ralement un bilan de comp\u00e9tences est r\u00e9alis\u00e9 par un organisme sp\u00e9cialis\u00e9 et agr\u00e9e par l\u2019ANFH. Suivant sa propre initiative ou celle de son entreprise. En effet, il est capital d\u2019\u00e9valuer ses points forts avant de proc\u00e9der \u00e0 un changement de m\u00e9tier. Et ce, dans le but de mieux se pr\u00e9parer pour son test orientation m\u00e9tier.<\/p>\n<p>Les tests d&rsquo;orientation sont en g\u00e9n\u00e9ral demand\u00e9s par un salari\u00e9 dans le cadre d&rsquo;une reconversion professionnelle. Mais il existe des sites internet vous permettant de r\u00e9aliser des bilans gratuitement. C&rsquo;est notamment le cas de :<\/p>\n<ul>\n<li>https:\/\/kledou.fr\/adulte\/<\/li>\n<li>https:\/\/www.ouestfrance-emploi.com\/testsmetiers\/<\/li>\n<li>https:\/\/www.orientation-carriere.com\/test.php<\/li>\n<li>https:\/\/www.timeto.fr\/test_orientation_gratuit.php<\/li>\n<\/ul>\n<h1>Qui peut b\u00e9n\u00e9ficier du bilan de comp\u00e9tences ?<\/h1>\n<p><strong>Vous pouvez b\u00e9n\u00e9ficier d&rsquo;un bilan de comp\u00e9tences, si vous \u00eates :<\/strong><\/p>\n<ul>\n<li>salari\u00e9 du secteur priv\u00e9, fonction publique, en contrat \u00e0 dur\u00e9e ind\u00e9termin\u00e9e ou d\u00e9termin\u00e9e pendant ou en dehors du temps de travail<\/li>\n<li>demandeur d\u2019emploi : la demande doit \u00eatre faite aupr\u00e8s de P\u00f4le emploi, de l\u2019APEC ou de Cap emploi ;<\/li>\n<li>salari\u00e9 du secteur public (fonctionnaires, agents non titulaires\u2026) : textes sp\u00e9cifiques mais dans des conditions similaires aux salari\u00e9s (cong\u00e9 de 24h, etc.).<\/li>\n<\/ul>\n<h2>Salari\u00e9 en CDI<\/h2>\n<p style=\"text-align: justify;\">Le salari\u00e9 doit justifier de 5 ans d\u2019activit\u00e9 salariale. Cons\u00e9cutifs ou non, dont 12 mois dans l\u2019entreprise.Un d\u00e9lai de 5 ans apr\u00e8s un cong\u00e9 de bilan de comp\u00e9tences doit \u00eatre respect\u00e9. La demande est alors effectu\u00e9e aupr\u00e8s d\u2019un OPACIF.<\/p>\n<h2>Salari\u00e9 en CDD<\/h2>\n<p style=\"text-align: justify;\">Le salari\u00e9 doit obligatoirement justifier de 24 mois d\u2019activit\u00e9 au sein d&rsquo;une entreprise. Et avoir le statut de salari\u00e9, au cours des 5 derni\u00e8res ann\u00e9es. Dont 4 mois, cons\u00e9cutifs ou non, sous contrat de travail \u00e0 dur\u00e9e d\u00e9termin\u00e9e, au cours des 12 derniers mois civils.<\/p>\n<h2>Test d&rsquo;orientation de m\u00e9tier<\/h2>\n<p style=\"text-align: justify;\">Avant de changer de m\u00e9tier, il est indispensable d&rsquo;en avoir les comp\u00e9tences n\u00e9cessaires. Il faut en avoir les qualit\u00e9s, mais \u00e9galement les aptitudes demand\u00e9es. \u00a0Le test orientation professionnelle m\u00e9tier est un questionnaire impos\u00e9 par des professionnels qui permet de d\u00e9terminer comp\u00e9tences pour ce nouveau m\u00e9tier.<\/p>\n<div class='cta-block'><div class='text'>Bilan de comp\u00e9tences pay\u00e9 par vos aides.<\/div><a href='https:\/\/www.formademia.fr\/formulaire\/coaching' class='app-button fit'>V\u00e9rifier votre \u00e9ligibilit\u00e9<\/a><\/div>\n","protected":false},"excerpt":{"rendered":"<p>Un bilan de comp\u00e9tences vous permet de faire un point sur votre vie professionnelle. Mais \u00e9galement analyser vos comp\u00e9tences et vos motivations. Il est \u00e9galement possible de r\u00e9aliser un test de personnalit\u00e9 pour \u00e9tudier l&rsquo;activit\u00e9 qui vous conviendrait le mieux dans le cadre d&rsquo;une reconversion professionnelle. Mes Allocs vous explique comment r\u00e9aliser un bilan de [&hellip;]<\/p>\n","protected":false},"author":6,"featured_media":18490,"comment_status":"open","ping_status":"open","sticky":false,"template":"","format":"standard","meta":{"amp_status":"","footnotes":""},"categories":[5093,5081],"tags":[],"class_list":["post-18486","post","type-post","status-publish","format-standard","has-post-thumbnail","hentry","category-bilan-de-competences","category-reconversion-professionnelle"],"yoast_head":"<!-- This site is optimized with the Yoast SEO plugin v14.9 - https:\/\/yoast.com\/wordpress\/plugins\/seo\/ -->\n<title>Comment faire un bilan de comp\u00e9tences gratuitement ? | Mes-Allocs.fr<\/title>\n<meta name=\"description\" content=\"Un bilan de comp\u00e9tences permet de faire un point sur votre vie professionnelle. Mes Allocs vous explique comment en r\u00e9aliser un gratuitement.\" \/>\n<meta name=\"robots\" content=\"index, follow, max-snippet:-1, max-image-preview:large, max-video-preview:-1\" \/>\n<link rel=\"canonical\" href=\"https:\/\/www.mes-allocs.fr\/guides\/reconversion-professionnelle\/bilan-de-competences\/bilan-de-competences-gratuit\/\" \/>\n<meta property=\"og:locale\" content=\"fr_FR\" \/>\n<meta property=\"og:type\" content=\"article\" \/>\n<meta property=\"og:title\" content=\"Comment faire un bilan de comp\u00e9tences gratuitement ? | Mes-Allocs.fr\" \/>\n<meta property=\"og:description\" content=\"Un bilan de comp\u00e9tences permet de faire un point sur votre vie professionnelle. Mes Allocs vous explique comment en r\u00e9aliser un gratuitement.\" \/>\n<meta property=\"og:url\" content=\"https:\/\/www.mes-allocs.fr\/guides\/reconversion-professionnelle\/bilan-de-competences\/bilan-de-competences-gratuit\/\" \/>\n<meta property=\"og:site_name\" content=\"Mes-Allocs.fr\" \/>\n<meta property=\"article:published_time\" content=\"2021-03-29T15:17:13+00:00\" \/>\n<meta property=\"article:modified_time\" content=\"2025-07-18T14:08:33+00:00\" \/>\n<meta property=\"og:image\" content=\"https:\/\/www.mes-allocs.fr\/guides\/wp-content\/uploads\/2021\/01\/startup-593296_1280-e1611407923109.jpg?wsr\" \/>\n\t<meta property=\"og:image:width\" content=\"1280\" \/>\n\t<meta property=\"og:image:height\" content=\"508\" \/>\n<meta name=\"twitter:card\" content=\"summary_large_image\" \/>\n<script type=\"application\/ld+json\" class=\"yoast-schema-graph\">{\"@context\":\"https:\/\/schema.org\",\"@graph\":[{\"@type\":\"WebSite\",\"@id\":\"https:\/\/www.mes-allocs.fr\/guides\/#website\",\"url\":\"https:\/\/www.mes-allocs.fr\/guides\/\",\"name\":\"Mes-Allocs.fr\",\"description\":\"\",\"potentialAction\":[{\"@type\":\"SearchAction\",\"target\":\"https:\/\/www.mes-allocs.fr\/guides\/?s={search_term_string}\",\"query-input\":\"required name=search_term_string\"}],\"inLanguage\":\"fr-FR\"},{\"@type\":\"ImageObject\",\"@id\":\"https:\/\/www.mes-allocs.fr\/guides\/reconversion-professionnelle\/bilan-de-competences\/bilan-de-competences-gratuit\/#primaryimage\",\"inLanguage\":\"fr-FR\",\"url\":\"https:\/\/www.mes-allocs.fr\/guides\/wp-content\/uploads\/2021\/01\/startup-593296_1280-e1611407923109.jpg?wsr\",\"width\":1280,\"height\":508,\"caption\":\"bilan de comp\\u00e9tences gratuit\"},{\"@type\":\"WebPage\",\"@id\":\"https:\/\/www.mes-allocs.fr\/guides\/reconversion-professionnelle\/bilan-de-competences\/bilan-de-competences-gratuit\/#webpage\",\"url\":\"https:\/\/www.mes-allocs.fr\/guides\/reconversion-professionnelle\/bilan-de-competences\/bilan-de-competences-gratuit\/\",\"name\":\"Comment faire un bilan de comp\\u00e9tences gratuitement ? | Mes-Allocs.fr\",\"isPartOf\":{\"@id\":\"https:\/\/www.mes-allocs.fr\/guides\/#website\"},\"primaryImageOfPage\":{\"@id\":\"https:\/\/www.mes-allocs.fr\/guides\/reconversion-professionnelle\/bilan-de-competences\/bilan-de-competences-gratuit\/#primaryimage\"},\"datePublished\":\"2021-03-29T15:17:13+00:00\",\"dateModified\":\"2025-07-18T14:08:33+00:00\",\"author\":{\"@id\":\"https:\/\/www.mes-allocs.fr\/guides\/#\/schema\/person\/0ecd61a8600573914d00d970a588c024\"},\"description\":\"Un bilan de comp\\u00e9tences permet de faire un point sur votre vie professionnelle. Mes Allocs vous explique comment en r\\u00e9aliser un gratuitement.\",\"inLanguage\":\"fr-FR\"},{\"@type\":\"Person\",\"@id\":\"https:\/\/www.mes-allocs.fr\/guides\/#\/schema\/person\/0ecd61a8600573914d00d970a588c024\",\"name\":\"Jonathan\",\"image\":{\"@type\":\"ImageObject\",\"@id\":\"https:\/\/www.mes-allocs.fr\/guides\/#personlogo\",\"inLanguage\":\"fr-FR\",\"url\":\"https:\/\/www.mes-allocs.fr\/guides\/wp-content\/uploads\/2021\/06\/jonathan-150x150.png\",\"caption\":\"Jonathan\"},\"description\":\"Jonathan est r\\u00e9dacteur au sein de l'\\u00e9quipe Mes Allocs, sp\\u00e9cialis\\u00e9 sur les sujets li\\u00e9s au handicap. Dipl\\u00f4m\\u00e9e de l'UPEM, il rejoint Mes Allocs apr\\u00e8s avoir travaill\\u00e9 \\u00e0 l'association AEDE qui accompagne les adultes en situation de handicap. Quand il n'\\u00e9crit pas, on peut le retrouver sur un terrain de basket.\",\"sameAs\":[\"https:\/\/www.linkedin.com\/in\/jonathan-bambela-8637861b7\"]}]}<\/script>\n<!-- \/ Yoast SEO plugin. -->","amp_validity":null,"acf":{"faq":{"1":{"question":"Quelle est la dur\u00e9e d'un bilan de comp\u00e9tences ?","answer":"La dur\u00e9e du bilan de comp\u00e9tences est de 24 heures maximum. Ces heures se r\u00e9partissent g\u00e9n\u00e9ralement sur plusieurs semaines."},"2":{"question":"Comment faire un bilan de comp\u00e9tences gratuit ?","answer":"Un bilan de comp\u00e9tences est g\u00e9n\u00e9ralement payant. Mais vous pouvez en r\u00e9alisez gratuitement sur internet."},"3":{"question":"Qui peut faire un bilan de comp\u00e9tences ?","answer":"Le bilan de comp\u00e9tences ne peut \u00eatre r\u00e9alis\u00e9 qu'avec le consentement du salari\u00e9."},"4":{"question":" Le bilan de comp\u00e9tences ne peut \u00eatre r\u00e9alis\u00e9 qu'avec le consentement du salari\u00e9.","answer":"Vous pouvez vous adresser \u00e0 P\u00f4le Emploi et demander une prise en charge via l'AIF (Aide Individuelle \u00e0 la Formation) afin effectuer votre bilan de comp\u00e9tences."},"5":{"question":"Pourquoi et comment faire un bilan de comp\u00e9tences ?","answer":"Le bilan de comp\u00e9tences permet de faire le point sur son parcours, sa personnalit\u00e9, ses atouts et ses int\u00e9r\u00eats."},"6":{"question":"","answer":""},"7":{"question":"","answer":""},"8":{"question":"","answer":""},"9":{"question":"","answer":""},"10":{"question":"","answer":""},"11":{"question":"","answer":""},"12":{"question":"","answer":""},"13":{"question":"","answer":""},"14":{"question":"","answer":""},"15":{"question":"","answer":""},"16":{"question":"","answer":""}}},"_links":{"self":[{"href":"https:\/\/www.mes-allocs.fr\/guides\/wp-json\/wp\/v2\/posts\/18486","targetHints":{"allow":["GET"]}}],"collection":[{"href":"https:\/\/www.mes-allocs.fr\/guides\/wp-json\/wp\/v2\/posts"}],"about":[{"href":"https:\/\/www.mes-allocs.fr\/guides\/wp-json\/wp\/v2\/types\/post"}],"author":[{"embeddable":true,"href":"https:\/\/www.mes-allocs.fr\/guides\/wp-json\/wp\/v2\/users\/6"}],"replies":[{"embeddable":true,"href":"https:\/\/www.mes-allocs.fr\/guides\/wp-json\/wp\/v2\/comments?post=18486"}],"version-history":[{"count":15,"href":"https:\/\/www.mes-allocs.fr\/guides\/wp-json\/wp\/v2\/posts\/18486\/revisions"}],"predecessor-version":[{"id":102694,"href":"https:\/\/www.mes-allocs.fr\/guides\/wp-json\/wp\/v2\/posts\/18486\/revisions\/102694"}],"wp:featuredmedia":[{"embeddable":true,"href":"https:\/\/www.mes-allocs.fr\/guides\/wp-json\/wp\/v2\/media\/18490"}],"wp:attachment":[{"href":"https:\/\/www.mes-allocs.fr\/guides\/wp-json\/wp\/v2\/media?parent=18486"}],"wp:term":[{"taxonomy":"category","embeddable":true,"href":"https:\/\/www.mes-allocs.fr\/guides\/wp-json\/wp\/v2\/categories?post=18486"},{"taxonomy":"post_tag","embeddable":true,"href":"https:\/\/www.mes-allocs.fr\/guides\/wp-json\/wp\/v2\/tags?post=18486"}],"curies":[{"name":"wp","href":"https:\/\/api.w.org\/{rel}","templated":true}]}}