{"id":18445,"date":"2021-03-29T14:58:59","date_gmt":"2021-03-29T14:58:59","guid":{"rendered":"https:\/\/www.mes-allocs.fr\/guides\/?p=18445"},"modified":"2026-03-04T15:37:41","modified_gmt":"2026-03-04T14:37:41","slug":"lettre-de-motivation-reconversion-professionnelle","status":"publish","type":"post","link":"https:\/\/www.mes-allocs.fr\/guides\/reconversion-professionnelle\/reussir-sa-reconversion-professionnelle\/lettre-de-motivation-reconversion-professionnelle\/","title":{"rendered":"Lettre de motivation pour une reconversion professionnelle"},"content":{"rendered":"<p><a href=\"https:\/\/www.mes-allocs.fr\/guides\/wp-content\/uploads\/2021\/01\/pexels-armin-rimoldi-5553926.jpg\"><img loading=\"lazy\" decoding=\"async\" class=\"aligncenter wp-image-18461 size-large\" title=\"lettre de motivation reconversion professionnelle\" src=\"https:\/\/www.mes-allocs.fr\/guides\/wp-content\/uploads\/2021\/01\/pexels-armin-rimoldi-5553926-e1611319654803-1024x442.jpg\" alt=\"lettre de motivation reconversion professionnelle\" width=\"1024\" height=\"442\" \/><\/a><\/p>\n<p style=\"text-align: justify;\">[Mis \u00e0 jour le 04\/03\/2026] Si vous avez entrepris une reconversion professionnelle, vous devez mettre \u00e0 jour votre lettre de motivation. De mani\u00e8re g\u00e9n\u00e9rale, vous savez comment cela se pr\u00e9sente. Mais dans le cadre d&rsquo;une reconversion, certains \u00e9l\u00e9ments sont \u00e0 mettre en avant. Vous devrez \u00e9galement vous justifier : pourquoi vouloir changer de m\u00e9tier, de secteur d&rsquo;activit\u00e9 ? Mes Allocs vous explique \u00e9tape par \u00e9tape comment r\u00e9diger votre <strong>lettre de motivation pour votre <a href=\"https:\/\/www.mes-allocs.fr\/guides\/reconversion-professionnelle\/\">reconversion professionnelle<\/a><\/strong>.<\/p>\n<div class='cta-block'><div class='text'>Besoin d\u2019aide dans votre reconversion ?<\/div><a href='https:\/\/www.formademia.fr\/formulaire\/coaching' class='app-button fit'>Simuler mon \u00e9ligibilit\u00e9 au coaching<\/a><\/div>\n<h1>Comment r\u00e9ussir votre lettre de motivation ?<\/h1>\n<p>Pour <a href=\"https:\/\/www.mes-allocs.fr\/guides\/reconversion-professionnelle\/reussir-sa-reconversion-professionnelle\/\">r\u00e9ussir votre reconversion professionnelle<\/a>, vous devrez, comme pour un candidat classique, passer par la r\u00e9daction d&rsquo;une lettre de motivation, et bien insister sur votre formation professionnelle ainsi que votre changement de carri\u00e8re.<\/p>\n<p><strong>Votre lettre peut se composer en 3 parties, c&rsquo;est-\u00e0-dire :<\/strong><\/p>\n<ul>\n<li>2 \u00e0 3 lignes sur l&rsquo;entreprise o\u00f9 vous souhaitez entreprendre une carri\u00e8re professionnelle.<\/li>\n<li>Parler de vous, en mettant en avant les comp\u00e9tences que vous avez acquises. C&rsquo;est \u00e9galement \u00e0 cet endroit que vous devez parler de votre r\u00e9orientation professionnelle<\/li>\n<li>Enfin, parler de vos exp\u00e9riences pr\u00e9c\u00e9dentes et acquises<\/li>\n<\/ul>\n<p>Pour conclure votre lettre de motivation dans le cadre de votre reconversion professionnelle, n\u2019oubliez pas de conclure avec une\u00a0formule de politesse et une proposition de rencontre. Sans oublier bien s\u00fbr de joindre votre <a href=\"https:\/\/www.mes-allocs.fr\/guides\/reconversion-professionnelle\/reussir-sa-reconversion-professionnelle\/cv-reconversion-professionnelle\/\">CV<\/a> et d&rsquo;\u00e9crire \u00ab\u00a0Madame, Monsieur\u00a0\u00bb.<\/p>\n<p><iframe loading=\"lazy\" title=\"La reconversion professionnelle\" width=\"500\" height=\"281\" src=\"https:\/\/www.youtube.com\/embed\/EiVUthswxl0?feature=oembed\" frameborder=\"0\" allow=\"accelerometer; autoplay; clipboard-write; encrypted-media; gyroscope; picture-in-picture; web-share\" referrerpolicy=\"strict-origin-when-cross-origin\" allowfullscreen><\/iframe><\/p>\n<h2>Expliquez pourquoi vous avez envie de changer de m\u00e9tier<\/h2>\n<p>C&rsquo;est important d&rsquo;expliquer pourquoi vous voulez changer de m\u00e9tier ou de secteur d&rsquo; activit\u00e9. Vous devez d\u00e9montrer au recruteur que votre reconversion est n\u00e9cessairement r\u00e9fl\u00e9chie et audacieuse.<\/p>\n<p><strong>Vous souhaitez changer de m\u00e9tier, car :<\/strong><\/p>\n<ul>\n<li>Vous souhaitez donner un autre sens \u00e0 votre activit\u00e9 professionnelle.<\/li>\n<li>Elle suit une logique de carri\u00e8re\u00a0: par exemple, vous aviez un poste op\u00e9rationnel et vous souhaitez passer recruteur.<\/li>\n<li>Vous avez d\u00e9velopp\u00e9 les comp\u00e9tences n\u00e9cessaires \u00e0 l\u2019exercice de ce nouvel emploi et vous souhaitez les mettre en application.<\/li>\n<li>Etc\u2026<\/li>\n<\/ul>\n<p>Il existe beaucoup d&rsquo; exemples de lettres de motivation pour postuler \u00e0 des offres d&#8217;emploi que vous pouvez trouver sur internet. Ne faites pas de copie, mais vous pouvez vous en inspirer. L&rsquo;important est de mettre en avant les comp\u00e9tences acquises.<\/p>\n<h2>Mettez vos qualit\u00e9s en avant<\/h2>\n<p style=\"text-align: justify;\">Si vous souhaitez changer d\u2019orientation professionnelle, vous devrez \u00eatre capable d\u2019expliquer tr\u00e8s clairement les motivations qui vous poussent vers un nouveau secteur ou un nouveau m\u00e9tier. Vous devrez mettre en avant les d\u00e9marches que vous avez entreprises pour changer de carri\u00e8re. Notamment formation, stages d\u2019observation ou de travail, rencontres avec des professionnels, etc.<\/p>\n<p style=\"text-align: justify;\">Vous pourrez \u00e9galement valoriser les comp\u00e9tences transf\u00e9rables acquises pendant votre parcours qui pourront int\u00e9resser l\u2019entreprise que vous avez choisie. Par exemple la gestion de projet, les comp\u00e9tences relationnelles, la ma\u00eetrise d\u2019outils informatiques ou encore l&rsquo;aide \u00e0 la personne dans le cas d&rsquo;une <a href=\"https:\/\/www.mes-allocs.fr\/guides\/reconversion-professionnelle\/reussir-sa-reconversion-professionnelle\/lettre-de-motivation-reconversion-professionnelle\/lettre-motivation-reconversion-professionnelle-aide-soignante\/\">lettre de motivation pour une reconversion en tant qu&rsquo;aide-soignant<\/a>.<\/p>\n<h2>Montrez votre motivation<\/h2>\n<p style=\"text-align: justify;\"><strong>Pour une lettre de motivation parfaite, n\u2019oubliez pas de montrer votre volont\u00e9.<\/strong> Tout comme aux entretiens d&rsquo; embauche. Montrez aux recruteurs que vous avez envie de r\u00e9ussir, dans cette nouvelle vie et qu\u2019ils peuvent vous faire confiance. Expliquez que vous \u00eatre pr\u00eat \u00e0 vous former d\u00e8s votre arriv\u00e9e dans la soci\u00e9t\u00e9 afin de comprendre les outils de l\u2019entreprise, les r\u00e8gles, les mentions l\u00e9gales et politique de confidentialit\u00e9.<\/p>\n<p>Citez les d\u00e9marches effectu\u00e9es pour parfaire votre inexp\u00e9rience professionnelle. Cela peut \u00eatre une formation, un stage, une immersion en entreprise ou bien une rencontre avec des professionnels qui vous ont expliqu\u00e9 les d\u00e9tails et les enjeux du poste.<\/p>\n<p class=\"p1\"><div class='cta-block'><div class='text'>Besoin d\u2019aide dans votre reconversion ?<\/div><a href='https:\/\/www.formademia.fr\/formulaire\/coaching' class='app-button fit'>Simuler mon \u00e9ligibilit\u00e9 au coaching<\/a><\/div><\/p>\n","protected":false},"excerpt":{"rendered":"<p>[Mis \u00e0 jour le 04\/03\/2026] Si vous avez entrepris une reconversion professionnelle, vous devez mettre \u00e0 jour votre lettre de motivation. De mani\u00e8re g\u00e9n\u00e9rale, vous savez comment cela se pr\u00e9sente. Mais dans le cadre d&rsquo;une reconversion, certains \u00e9l\u00e9ments sont \u00e0 mettre en avant. Vous devrez \u00e9galement vous justifier : pourquoi vouloir changer de m\u00e9tier, de [&hellip;]<\/p>\n","protected":false},"author":7,"featured_media":18461,"comment_status":"open","ping_status":"open","sticky":false,"template":"","format":"standard","meta":{"amp_status":"","footnotes":""},"categories":[5081,5380],"tags":[],"class_list":["post-18445","post","type-post","status-publish","format-standard","has-post-thumbnail","hentry","category-reconversion-professionnelle","category-reussir-sa-reconversion-professionnelle"],"yoast_head":"<!-- This site is optimized with the Yoast SEO plugin v14.9 - https:\/\/yoast.com\/wordpress\/plugins\/seo\/ -->\n<title>Lettre de motivation pour une reconversion professionnelle | Mes-Allocs.fr<\/title>\n<meta name=\"description\" content=\"La r\u00e9daction d&#039;une lettre de motivation est une \u00e9tape indispensable, d&#039;autant plus s&#039;il s&#039;agit d&#039;une reconversion professionnelle !\" \/>\n<meta name=\"robots\" content=\"index, follow, max-snippet:-1, max-image-preview:large, max-video-preview:-1\" \/>\n<link rel=\"canonical\" href=\"https:\/\/www.mes-allocs.fr\/guides\/reconversion-professionnelle\/reussir-sa-reconversion-professionnelle\/lettre-de-motivation-reconversion-professionnelle\/\" \/>\n<meta property=\"og:locale\" content=\"fr_FR\" \/>\n<meta property=\"og:type\" content=\"article\" \/>\n<meta property=\"og:title\" content=\"Lettre de motivation pour une reconversion professionnelle | Mes-Allocs.fr\" \/>\n<meta property=\"og:description\" content=\"La r\u00e9daction d&#039;une lettre de motivation est une \u00e9tape indispensable, d&#039;autant plus s&#039;il s&#039;agit d&#039;une reconversion professionnelle !\" \/>\n<meta property=\"og:url\" content=\"https:\/\/www.mes-allocs.fr\/guides\/reconversion-professionnelle\/reussir-sa-reconversion-professionnelle\/lettre-de-motivation-reconversion-professionnelle\/\" \/>\n<meta property=\"og:site_name\" content=\"Mes-Allocs.fr\" \/>\n<meta property=\"article:published_time\" content=\"2021-03-29T14:58:59+00:00\" \/>\n<meta property=\"article:modified_time\" content=\"2026-03-04T14:37:41+00:00\" \/>\n<meta property=\"og:image\" content=\"https:\/\/www.mes-allocs.fr\/guides\/wp-content\/uploads\/2021\/01\/pexels-armin-rimoldi-5553926.jpg?wsr\" \/>\n\t<meta property=\"og:image:width\" content=\"1280\" \/>\n\t<meta property=\"og:image:height\" content=\"853\" \/>\n<meta name=\"twitter:card\" content=\"summary_large_image\" \/>\n<script type=\"application\/ld+json\" class=\"yoast-schema-graph\">{\"@context\":\"https:\/\/schema.org\",\"@graph\":[{\"@type\":\"WebSite\",\"@id\":\"https:\/\/www.mes-allocs.fr\/guides\/#website\",\"url\":\"https:\/\/www.mes-allocs.fr\/guides\/\",\"name\":\"Mes-Allocs.fr\",\"description\":\"\",\"potentialAction\":[{\"@type\":\"SearchAction\",\"target\":\"https:\/\/www.mes-allocs.fr\/guides\/?s={search_term_string}\",\"query-input\":\"required name=search_term_string\"}],\"inLanguage\":\"fr-FR\"},{\"@type\":\"ImageObject\",\"@id\":\"https:\/\/www.mes-allocs.fr\/guides\/reconversion-professionnelle\/reussir-sa-reconversion-professionnelle\/lettre-de-motivation-reconversion-professionnelle\/#primaryimage\",\"inLanguage\":\"fr-FR\",\"url\":\"https:\/\/www.mes-allocs.fr\/guides\/wp-content\/uploads\/2021\/01\/pexels-armin-rimoldi-5553926.jpg?wsr\",\"width\":1280,\"height\":853,\"caption\":\"lettre de motivation reconversion professionnelle\"},{\"@type\":\"WebPage\",\"@id\":\"https:\/\/www.mes-allocs.fr\/guides\/reconversion-professionnelle\/reussir-sa-reconversion-professionnelle\/lettre-de-motivation-reconversion-professionnelle\/#webpage\",\"url\":\"https:\/\/www.mes-allocs.fr\/guides\/reconversion-professionnelle\/reussir-sa-reconversion-professionnelle\/lettre-de-motivation-reconversion-professionnelle\/\",\"name\":\"Lettre de motivation pour une reconversion professionnelle | Mes-Allocs.fr\",\"isPartOf\":{\"@id\":\"https:\/\/www.mes-allocs.fr\/guides\/#website\"},\"primaryImageOfPage\":{\"@id\":\"https:\/\/www.mes-allocs.fr\/guides\/reconversion-professionnelle\/reussir-sa-reconversion-professionnelle\/lettre-de-motivation-reconversion-professionnelle\/#primaryimage\"},\"datePublished\":\"2021-03-29T14:58:59+00:00\",\"dateModified\":\"2026-03-04T14:37:41+00:00\",\"author\":{\"@id\":\"https:\/\/www.mes-allocs.fr\/guides\/#\/schema\/person\/1c4837d5703727cb02ce84583b5a44aa\"},\"description\":\"La r\\u00e9daction d'une lettre de motivation est une \\u00e9tape indispensable, d'autant plus s'il s'agit d'une reconversion professionnelle !\",\"inLanguage\":\"fr-FR\"},{\"@type\":\"Person\",\"@id\":\"https:\/\/www.mes-allocs.fr\/guides\/#\/schema\/person\/1c4837d5703727cb02ce84583b5a44aa\",\"name\":\"Fabiola\",\"image\":{\"@type\":\"ImageObject\",\"@id\":\"https:\/\/www.mes-allocs.fr\/guides\/#personlogo\",\"inLanguage\":\"fr-FR\",\"url\":\"https:\/\/www.mes-allocs.fr\/guides\/wp-content\/uploads\/2021\/06\/fabiola-150x150.png\",\"caption\":\"Fabiola\"},\"description\":\"Fabiola est r\\u00e9dactrice au sein de l'\\u00e9quipe Mes Allocs, sp\\u00e9cialis\\u00e9e en sciences politiques et affaires publiques. Dipl\\u00f4m\\u00e9e de l'HEIP, elle rejoint Mes Allocs apr\\u00e8s une premi\\u00e8re exp\\u00e9rience \\u00e0 l'Assembl\\u00e9e Nationale.\",\"sameAs\":[\"https:\/\/www.linkedin.com\/in\/cecilia-philippe-b-8a8085195\"]}]}<\/script>\n<!-- \/ Yoast SEO plugin. -->","amp_validity":null,"acf":{"faq":{"1":{"question":"Comment r\u00e9diger une lettre de motivation pour une reconversion ?","answer":"Aborder concr\u00e8tement la reconversion professionnelle dans la lettre de motivation\r\nR\u00e9digez d'abord deux lignes sur les points saillants de l'entreprise vis\u00e9e.\r\nPuis parlez de vous. C'est \u00e0 cet endroit que la r\u00e9orientation doit figurer dans la lettre de motivation. ...\r\nEt enfin de votre valeur ajout\u00e9e pour le recruteur."},"2":{"question":" Comment expliquer sa motivation pour une formation ?","answer":"Dans un premier temps, le candidat doit expliquer son projet professionnel en \u00e9voquant les raisons pour lesquelles il a choisi la formation. Il insistera ensuite sur les qualit\u00e9s qui peuvent l'aider dans la r\u00e9ussite de la formation. "},"3":{"question":"Pourquoi une reconversion ?","answer":"Changer de secteur d'activit\u00e9 ou entreprendre une reconversion professionnelle permet d'aborder de nouveaux horizons. "},"4":{"question":"Qu'est-ce que la reconversion professionnelle ?","answer":"La Reconversion Professionnelle est une d\u00e9marche qui vise \u00e0 changer de m\u00e9tier ou de statut professionnel."},"5":{"question":"Quel organisme pour une reconversion professionnelle ?","answer":"France Travail est l'interlocuteur formation des demandeurs d'emploi. Il peut aider et accompagner les personnes en reconversion inscrites \u00e0 France Travail, et faire le point avec le demandeur sur ses besoins en formation \u00e0 travers diff\u00e9rents ateliers."},"6":{"question":"Qui a le droit au CPF ?","answer":"Le compte personnel de formation (CPF) est utilisable par tout salari\u00e9, tout au long de sa vie active, y compris en p\u00e9riode de ch\u00f4mage, pour suivre une formation qualifiante ou certifiante. Le CPF a remplac\u00e9 le droit individuel \u00e0 la formation (Dif)."},"7":{"question":"","answer":""},"8":{"question":"","answer":""},"9":{"question":"","answer":""},"10":{"question":"","answer":""},"11":{"question":"","answer":""},"12":{"question":"","answer":""},"13":{"question":"","answer":""},"14":{"question":"","answer":""},"15":{"question":"","answer":""},"16":{"question":"","answer":""}}},"_links":{"self":[{"href":"https:\/\/www.mes-allocs.fr\/guides\/wp-json\/wp\/v2\/posts\/18445","targetHints":{"allow":["GET"]}}],"collection":[{"href":"https:\/\/www.mes-allocs.fr\/guides\/wp-json\/wp\/v2\/posts"}],"about":[{"href":"https:\/\/www.mes-allocs.fr\/guides\/wp-json\/wp\/v2\/types\/post"}],"author":[{"embeddable":true,"href":"https:\/\/www.mes-allocs.fr\/guides\/wp-json\/wp\/v2\/users\/7"}],"replies":[{"embeddable":true,"href":"https:\/\/www.mes-allocs.fr\/guides\/wp-json\/wp\/v2\/comments?post=18445"}],"version-history":[{"count":19,"href":"https:\/\/www.mes-allocs.fr\/guides\/wp-json\/wp\/v2\/posts\/18445\/revisions"}],"predecessor-version":[{"id":110075,"href":"https:\/\/www.mes-allocs.fr\/guides\/wp-json\/wp\/v2\/posts\/18445\/revisions\/110075"}],"wp:featuredmedia":[{"embeddable":true,"href":"https:\/\/www.mes-allocs.fr\/guides\/wp-json\/wp\/v2\/media\/18461"}],"wp:attachment":[{"href":"https:\/\/www.mes-allocs.fr\/guides\/wp-json\/wp\/v2\/media?parent=18445"}],"wp:term":[{"taxonomy":"category","embeddable":true,"href":"https:\/\/www.mes-allocs.fr\/guides\/wp-json\/wp\/v2\/categories?post=18445"},{"taxonomy":"post_tag","embeddable":true,"href":"https:\/\/www.mes-allocs.fr\/guides\/wp-json\/wp\/v2\/tags?post=18445"}],"curies":[{"name":"wp","href":"https:\/\/api.w.org\/{rel}","templated":true}]}}